{"id":10098,"date":"2023-09-29T09:53:47","date_gmt":"2023-09-29T12:53:47","guid":{"rendered":"https:\/\/revistaautobus.com.br\/?p=10098"},"modified":"2023-09-29T09:59:14","modified_gmt":"2023-09-29T12:59:14","slug":"no-espirito-da-governanca","status":"publish","type":"post","link":"https:\/\/revistaautobus.com.br\/?p=10098","title":{"rendered":"No esp\u00edrito da Governan\u00e7a"},"content":{"rendered":"<p>Tendo como objetivo aprimorar sua vis\u00e3o corporativa, a Via\u00e7\u00e3o \u00c1guia Branca lan\u00e7ou o Programa Academia de \u00c1guias, um projeto completo de capacita\u00e7\u00e3o voltado para o p\u00fablico interno, que tem como objetivo minimizar o desafio de contrata\u00e7\u00e3o de m\u00e3o de obra especializada e valoriza\u00e7\u00e3o dos talentos que j\u00e1 fazem parte da organiza\u00e7\u00e3o.<\/p>\n<p>Em nota, a transportadora informou que, a primeira etapa, chamada de \u2018Ninho das \u00c1guias\u2019, tem foco no desenvolvimento de novos l\u00edderes em m\u00faltiplos setores da empresa, incluindo comercial, operacional e administrativo. A expectativa \u00e9 formar cerca de 30 profissionais, de diversas \u00e1reas, j\u00e1 no primeiro ciclo do programa.<\/p>\n<p>A valoriza\u00e7\u00e3o profissional n\u00e3o se atenta apenas \u00e0s \u00e1reas administrativas. Motoristas e outros funcion\u00e1rios que atuam nas opera\u00e7\u00f5es tamb\u00e9m tem incentivo para avan\u00e7ar na carreira, seja passando para cargos superiores ou conhecendo setores diferentes. Desse modo, a empresa trabalha com uma trilha de desenvolvimento que permeia todos os n\u00edveis da organiza\u00e7\u00e3o, oferecendo para todos os colaboradores interessados a\u00e7\u00f5es de desenvolvimento t\u00e9cnico e comportamental. E, segundo informa\u00e7\u00f5es, o trabalho tem como objetivo principal identificar potenciais l\u00edderes e alimentar o nosso ciclo de promo\u00e7\u00f5es dos talentos profissionais que j\u00e1 est\u00e3o dentro da empresa.<\/p>\n<p>Veja alguns exemplos: Michel Matos, que entrou na \u00c1guia Branca como estagi\u00e1rio, passou por diversos setores, incluindo a Ger\u00eancia Comercial do Esp\u00edrito Santo, e hoje atua como gerente-executivo de Encomendas da empresa. \u201cA \u00c1guia Branca sempre me incentivou a crescer na empresa conforme os desafios que fui assumindo ao longo da minha carreira. Esse apoio \u00e9 essencial nesse processo\u201d, comentou ele.<\/p>\n<p>Thamyris Louren\u00e7o, que entrou na empresa como menor aprendiz, se tornou coordenadora de Planejamento. De acordo com ela, olhar para os cargos que teve e percebeu que o caminho \u00e9 poss\u00edvel, fez toda a diferen\u00e7a em seu processo de carreira. J\u00e1 Erick Xavier, que come\u00e7ou na Via\u00e7\u00e3o \u00c1guia Branca como cobrador de \u00f4nibus, hoje \u00e9 gerente-comercial do Esp\u00edrito Santo. \u201cOs desafios s\u00e3o grandes, mas n\u00f3s precisamos acreditar e seguir em frente. A empresa tem me dado um grande suporte nesse sentido, proporcionando a oportunidade de me desenvolver e me capacitar para novos desafios dentro e fora da organiza\u00e7\u00e3o\u201d, observou.<\/p>\n<p>Para Paula Correia, CEO da Via\u00e7\u00e3o \u00c1guia Branca, a empresa encara a sucess\u00e3o interna dentro das equipes como uma prioridade. \u201cO maior desafio de um l\u00edder na empresa \u00e9 formar novos profissionais que possam ampliar o trabalho desenvolvido e crescer dentro da organiza\u00e7\u00e3o. \u00c9 preciso estar atento para as demandas internas e criar espa\u00e7os de troca, desenvolvimento e aprendizado constante, s\u00f3 dessa forma a sucess\u00e3o pode acontecer valorizando as \u2018pratas da casa\u2019. Tenho muito orgulho de nossa gest\u00e3o e do time que formamos\u201d, destacou.<\/p>\n<p>Ela mesmo, construiu a sua carreira dentro da operadora desde o cargo de consultora externa, passando pelas diretorias Comercial e Marketing at\u00e9 chegar na lideran\u00e7a da empresa. Assim, se tornou um exemplo de valoriza\u00e7\u00e3o interna.<\/p>\n<p>Imagem &#8211; Divulga\u00e7\u00e3o<\/p>\n","protected":false},"excerpt":{"rendered":"<p>A forma\u00e7\u00e3o e a valoriza\u00e7\u00e3o do profissional representam muitos ganhos comerciais<\/p>\n","protected":false},"author":2,"featured_media":10099,"comment_status":"open","ping_status":"open","sticky":false,"template":"","format":"standard","meta":{"_et_pb_use_builder":"","_et_pb_old_content":"","_et_gb_content_width":"","_jetpack_memberships_contains_paid_content":false,"footnotes":""},"categories":[90,80],"tags":[394],"class_list":["post-10098","post","type-post","status-publish","format-standard","has-post-thumbnail","hentry","category-noticias","category-transporte-rodoviario","tag-viacao-aguia-branca","et-has-post-format-content","et_post_format-et-post-format-standard"],"yoast_head":"<!-- This site is optimized with the Yoast SEO plugin v27.2 - https:\/\/yoast.com\/product\/yoast-seo-wordpress\/ -->\n<title>No esp\u00edrito da Governan\u00e7a - Revista AutoBus<\/title>\n<meta name=\"robots\" content=\"index, follow, max-snippet:-1, max-image-preview:large, max-video-preview:-1\" \/>\n<link rel=\"canonical\" href=\"https:\/\/revistaautobus.com.br\/?p=10098\" \/>\n<meta property=\"og:locale\" content=\"pt_BR\" \/>\n<meta property=\"og:type\" content=\"article\" \/>\n<meta property=\"og:title\" content=\"No esp\u00edrito da Governan\u00e7a - Revista AutoBus\" \/>\n<meta property=\"og:description\" content=\"A forma\u00e7\u00e3o e a valoriza\u00e7\u00e3o do profissional representam muitos ganhos comerciais\" \/>\n<meta property=\"og:url\" content=\"https:\/\/revistaautobus.com.br\/?p=10098\" \/>\n<meta property=\"og:site_name\" content=\"Revista AutoBus\" \/>\n<meta property=\"article:publisher\" content=\"https:\/\/www.facebook.com\/antonio.ferro.3150\" \/>\n<meta property=\"article:published_time\" content=\"2023-09-29T12:53:47+00:00\" \/>\n<meta property=\"article:modified_time\" content=\"2023-09-29T12:59:14+00:00\" \/>\n<meta property=\"og:image\" content=\"https:\/\/revistaautobus.com.br\/wp-content\/uploads\/2023\/09\/Imagem-do-WhatsApp-de-2023-09-26-as-17.03.09-2.jpg\" \/>\n\t<meta property=\"og:image:width\" content=\"1600\" \/>\n\t<meta property=\"og:image:height\" content=\"1066\" \/>\n\t<meta property=\"og:image:type\" content=\"image\/jpeg\" \/>\n<meta name=\"author\" content=\"Antonio Ferro\" \/>\n<meta name=\"twitter:card\" content=\"summary_large_image\" \/>\n<meta name=\"twitter:label1\" content=\"Escrito por\" \/>\n\t<meta name=\"twitter:data1\" content=\"Antonio Ferro\" \/>\n\t<meta name=\"twitter:label2\" content=\"Est. tempo de leitura\" \/>\n\t<meta name=\"twitter:data2\" content=\"3 minutos\" \/>\n<script type=\"application\/ld+json\" class=\"yoast-schema-graph\">{\"@context\":\"https:\/\/schema.org\",\"@graph\":[{\"@type\":\"Article\",\"@id\":\"https:\/\/revistaautobus.com.br\/?p=10098#article\",\"isPartOf\":{\"@id\":\"https:\/\/revistaautobus.com.br\/?p=10098\"},\"author\":{\"name\":\"Antonio Ferro\",\"@id\":\"https:\/\/revistaautobus.com.br\/#\/schema\/person\/54af7c3eb83a310e42ef686ef6d16f50\"},\"headline\":\"No esp\u00edrito da Governan\u00e7a\",\"datePublished\":\"2023-09-29T12:53:47+00:00\",\"dateModified\":\"2023-09-29T12:59:14+00:00\",\"mainEntityOfPage\":{\"@id\":\"https:\/\/revistaautobus.com.br\/?p=10098\"},\"wordCount\":518,\"commentCount\":0,\"publisher\":{\"@id\":\"https:\/\/revistaautobus.com.br\/#organization\"},\"image\":{\"@id\":\"https:\/\/revistaautobus.com.br\/?p=10098#primaryimage\"},\"thumbnailUrl\":\"https:\/\/revistaautobus.com.br\/wp-content\/uploads\/2023\/09\/Imagem-do-WhatsApp-de-2023-09-26-as-17.03.09-2.jpg\",\"keywords\":[\"Via\u00e7\u00e3o \u00c1guia Branca\"],\"articleSection\":[\"Not\u00edcias\",\"Transporte rodovi\u00e1rio\"],\"inLanguage\":\"pt-BR\",\"potentialAction\":[{\"@type\":\"CommentAction\",\"name\":\"Comment\",\"target\":[\"https:\/\/revistaautobus.com.br\/?p=10098#respond\"]}]},{\"@type\":\"WebPage\",\"@id\":\"https:\/\/revistaautobus.com.br\/?p=10098\",\"url\":\"https:\/\/revistaautobus.com.br\/?p=10098\",\"name\":\"No esp\u00edrito da Governan\u00e7a - Revista AutoBus\",\"isPartOf\":{\"@id\":\"https:\/\/revistaautobus.com.br\/#website\"},\"primaryImageOfPage\":{\"@id\":\"https:\/\/revistaautobus.com.br\/?p=10098#primaryimage\"},\"image\":{\"@id\":\"https:\/\/revistaautobus.com.br\/?p=10098#primaryimage\"},\"thumbnailUrl\":\"https:\/\/revistaautobus.com.br\/wp-content\/uploads\/2023\/09\/Imagem-do-WhatsApp-de-2023-09-26-as-17.03.09-2.jpg\",\"datePublished\":\"2023-09-29T12:53:47+00:00\",\"dateModified\":\"2023-09-29T12:59:14+00:00\",\"breadcrumb\":{\"@id\":\"https:\/\/revistaautobus.com.br\/?p=10098#breadcrumb\"},\"inLanguage\":\"pt-BR\",\"potentialAction\":[{\"@type\":\"ReadAction\",\"target\":[\"https:\/\/revistaautobus.com.br\/?p=10098\"]}]},{\"@type\":\"ImageObject\",\"inLanguage\":\"pt-BR\",\"@id\":\"https:\/\/revistaautobus.com.br\/?p=10098#primaryimage\",\"url\":\"https:\/\/revistaautobus.com.br\/wp-content\/uploads\/2023\/09\/Imagem-do-WhatsApp-de-2023-09-26-as-17.03.09-2.jpg\",\"contentUrl\":\"https:\/\/revistaautobus.com.br\/wp-content\/uploads\/2023\/09\/Imagem-do-WhatsApp-de-2023-09-26-as-17.03.09-2.jpg\",\"width\":1600,\"height\":1066},{\"@type\":\"BreadcrumbList\",\"@id\":\"https:\/\/revistaautobus.com.br\/?p=10098#breadcrumb\",\"itemListElement\":[{\"@type\":\"ListItem\",\"position\":1,\"name\":\"In\u00edcio\",\"item\":\"https:\/\/revistaautobus.com.br\/\"},{\"@type\":\"ListItem\",\"position\":2,\"name\":\"No esp\u00edrito da Governan\u00e7a\"}]},{\"@type\":\"WebSite\",\"@id\":\"https:\/\/revistaautobus.com.br\/#website\",\"url\":\"https:\/\/revistaautobus.com.br\/\",\"name\":\"Revista AutoBus\",\"description\":\"\",\"publisher\":{\"@id\":\"https:\/\/revistaautobus.com.br\/#organization\"},\"potentialAction\":[{\"@type\":\"SearchAction\",\"target\":{\"@type\":\"EntryPoint\",\"urlTemplate\":\"https:\/\/revistaautobus.com.br\/?s={search_term_string}\"},\"query-input\":{\"@type\":\"PropertyValueSpecification\",\"valueRequired\":true,\"valueName\":\"search_term_string\"}}],\"inLanguage\":\"pt-BR\"},{\"@type\":\"Organization\",\"@id\":\"https:\/\/revistaautobus.com.br\/#organization\",\"name\":\"Revista AutoBus\",\"url\":\"https:\/\/revistaautobus.com.br\/\",\"logo\":{\"@type\":\"ImageObject\",\"inLanguage\":\"pt-BR\",\"@id\":\"https:\/\/revistaautobus.com.br\/#\/schema\/logo\/image\/\",\"url\":\"https:\/\/revistaautobus.com.br\/wp-content\/uploads\/2024\/11\/logo_revista_autobus_fb.png\",\"contentUrl\":\"https:\/\/revistaautobus.com.br\/wp-content\/uploads\/2024\/11\/logo_revista_autobus_fb.png\",\"width\":836,\"height\":227,\"caption\":\"Revista AutoBus\"},\"image\":{\"@id\":\"https:\/\/revistaautobus.com.br\/#\/schema\/logo\/image\/\"},\"sameAs\":[\"https:\/\/www.facebook.com\/antonio.ferro.3150\",\"https:\/\/www.instagram.com\/revistaautobus\/\"]},{\"@type\":\"Person\",\"@id\":\"https:\/\/revistaautobus.com.br\/#\/schema\/person\/54af7c3eb83a310e42ef686ef6d16f50\",\"name\":\"Antonio Ferro\",\"image\":{\"@type\":\"ImageObject\",\"inLanguage\":\"pt-BR\",\"@id\":\"https:\/\/revistaautobus.com.br\/wp-content\/uploads\/2025\/12\/editor_antonio_ferro-150x150.jpg\",\"url\":\"https:\/\/revistaautobus.com.br\/wp-content\/uploads\/2025\/12\/editor_antonio_ferro-150x150.jpg\",\"contentUrl\":\"https:\/\/revistaautobus.com.br\/wp-content\/uploads\/2025\/12\/editor_antonio_ferro-150x150.jpg\",\"caption\":\"Antonio Ferro\"},\"description\":\"infobus@uol.com.br\",\"url\":\"https:\/\/revistaautobus.com.br\/?author=2\"}]}<\/script>\n<!-- \/ Yoast SEO plugin. -->","yoast_head_json":{"title":"No esp\u00edrito da Governan\u00e7a - Revista AutoBus","robots":{"index":"index","follow":"follow","max-snippet":"max-snippet:-1","max-image-preview":"max-image-preview:large","max-video-preview":"max-video-preview:-1"},"canonical":"https:\/\/revistaautobus.com.br\/?p=10098","og_locale":"pt_BR","og_type":"article","og_title":"No esp\u00edrito da Governan\u00e7a - Revista AutoBus","og_description":"A forma\u00e7\u00e3o e a valoriza\u00e7\u00e3o do profissional representam muitos ganhos comerciais","og_url":"https:\/\/revistaautobus.com.br\/?p=10098","og_site_name":"Revista AutoBus","article_publisher":"https:\/\/www.facebook.com\/antonio.ferro.3150","article_published_time":"2023-09-29T12:53:47+00:00","article_modified_time":"2023-09-29T12:59:14+00:00","og_image":[{"width":1600,"height":1066,"url":"https:\/\/revistaautobus.com.br\/wp-content\/uploads\/2023\/09\/Imagem-do-WhatsApp-de-2023-09-26-as-17.03.09-2.jpg","type":"image\/jpeg"}],"author":"Antonio Ferro","twitter_card":"summary_large_image","twitter_misc":{"Escrito por":"Antonio Ferro","Est. tempo de leitura":"3 minutos"},"schema":{"@context":"https:\/\/schema.org","@graph":[{"@type":"Article","@id":"https:\/\/revistaautobus.com.br\/?p=10098#article","isPartOf":{"@id":"https:\/\/revistaautobus.com.br\/?p=10098"},"author":{"name":"Antonio Ferro","@id":"https:\/\/revistaautobus.com.br\/#\/schema\/person\/54af7c3eb83a310e42ef686ef6d16f50"},"headline":"No esp\u00edrito da Governan\u00e7a","datePublished":"2023-09-29T12:53:47+00:00","dateModified":"2023-09-29T12:59:14+00:00","mainEntityOfPage":{"@id":"https:\/\/revistaautobus.com.br\/?p=10098"},"wordCount":518,"commentCount":0,"publisher":{"@id":"https:\/\/revistaautobus.com.br\/#organization"},"image":{"@id":"https:\/\/revistaautobus.com.br\/?p=10098#primaryimage"},"thumbnailUrl":"https:\/\/revistaautobus.com.br\/wp-content\/uploads\/2023\/09\/Imagem-do-WhatsApp-de-2023-09-26-as-17.03.09-2.jpg","keywords":["Via\u00e7\u00e3o \u00c1guia Branca"],"articleSection":["Not\u00edcias","Transporte rodovi\u00e1rio"],"inLanguage":"pt-BR","potentialAction":[{"@type":"CommentAction","name":"Comment","target":["https:\/\/revistaautobus.com.br\/?p=10098#respond"]}]},{"@type":"WebPage","@id":"https:\/\/revistaautobus.com.br\/?p=10098","url":"https:\/\/revistaautobus.com.br\/?p=10098","name":"No esp\u00edrito da Governan\u00e7a - Revista AutoBus","isPartOf":{"@id":"https:\/\/revistaautobus.com.br\/#website"},"primaryImageOfPage":{"@id":"https:\/\/revistaautobus.com.br\/?p=10098#primaryimage"},"image":{"@id":"https:\/\/revistaautobus.com.br\/?p=10098#primaryimage"},"thumbnailUrl":"https:\/\/revistaautobus.com.br\/wp-content\/uploads\/2023\/09\/Imagem-do-WhatsApp-de-2023-09-26-as-17.03.09-2.jpg","datePublished":"2023-09-29T12:53:47+00:00","dateModified":"2023-09-29T12:59:14+00:00","breadcrumb":{"@id":"https:\/\/revistaautobus.com.br\/?p=10098#breadcrumb"},"inLanguage":"pt-BR","potentialAction":[{"@type":"ReadAction","target":["https:\/\/revistaautobus.com.br\/?p=10098"]}]},{"@type":"ImageObject","inLanguage":"pt-BR","@id":"https:\/\/revistaautobus.com.br\/?p=10098#primaryimage","url":"https:\/\/revistaautobus.com.br\/wp-content\/uploads\/2023\/09\/Imagem-do-WhatsApp-de-2023-09-26-as-17.03.09-2.jpg","contentUrl":"https:\/\/revistaautobus.com.br\/wp-content\/uploads\/2023\/09\/Imagem-do-WhatsApp-de-2023-09-26-as-17.03.09-2.jpg","width":1600,"height":1066},{"@type":"BreadcrumbList","@id":"https:\/\/revistaautobus.com.br\/?p=10098#breadcrumb","itemListElement":[{"@type":"ListItem","position":1,"name":"In\u00edcio","item":"https:\/\/revistaautobus.com.br\/"},{"@type":"ListItem","position":2,"name":"No esp\u00edrito da Governan\u00e7a"}]},{"@type":"WebSite","@id":"https:\/\/revistaautobus.com.br\/#website","url":"https:\/\/revistaautobus.com.br\/","name":"Revista AutoBus","description":"","publisher":{"@id":"https:\/\/revistaautobus.com.br\/#organization"},"potentialAction":[{"@type":"SearchAction","target":{"@type":"EntryPoint","urlTemplate":"https:\/\/revistaautobus.com.br\/?s={search_term_string}"},"query-input":{"@type":"PropertyValueSpecification","valueRequired":true,"valueName":"search_term_string"}}],"inLanguage":"pt-BR"},{"@type":"Organization","@id":"https:\/\/revistaautobus.com.br\/#organization","name":"Revista AutoBus","url":"https:\/\/revistaautobus.com.br\/","logo":{"@type":"ImageObject","inLanguage":"pt-BR","@id":"https:\/\/revistaautobus.com.br\/#\/schema\/logo\/image\/","url":"https:\/\/revistaautobus.com.br\/wp-content\/uploads\/2024\/11\/logo_revista_autobus_fb.png","contentUrl":"https:\/\/revistaautobus.com.br\/wp-content\/uploads\/2024\/11\/logo_revista_autobus_fb.png","width":836,"height":227,"caption":"Revista AutoBus"},"image":{"@id":"https:\/\/revistaautobus.com.br\/#\/schema\/logo\/image\/"},"sameAs":["https:\/\/www.facebook.com\/antonio.ferro.3150","https:\/\/www.instagram.com\/revistaautobus\/"]},{"@type":"Person","@id":"https:\/\/revistaautobus.com.br\/#\/schema\/person\/54af7c3eb83a310e42ef686ef6d16f50","name":"Antonio Ferro","image":{"@type":"ImageObject","inLanguage":"pt-BR","@id":"https:\/\/revistaautobus.com.br\/wp-content\/uploads\/2025\/12\/editor_antonio_ferro-150x150.jpg","url":"https:\/\/revistaautobus.com.br\/wp-content\/uploads\/2025\/12\/editor_antonio_ferro-150x150.jpg","contentUrl":"https:\/\/revistaautobus.com.br\/wp-content\/uploads\/2025\/12\/editor_antonio_ferro-150x150.jpg","caption":"Antonio Ferro"},"description":"infobus@uol.com.br","url":"https:\/\/revistaautobus.com.br\/?author=2"}]}},"jetpack_featured_media_url":"https:\/\/revistaautobus.com.br\/wp-content\/uploads\/2023\/09\/Imagem-do-WhatsApp-de-2023-09-26-as-17.03.09-2.jpg","jetpack_sharing_enabled":true,"_links":{"self":[{"href":"https:\/\/revistaautobus.com.br\/index.php?rest_route=\/wp\/v2\/posts\/10098","targetHints":{"allow":["GET"]}}],"collection":[{"href":"https:\/\/revistaautobus.com.br\/index.php?rest_route=\/wp\/v2\/posts"}],"about":[{"href":"https:\/\/revistaautobus.com.br\/index.php?rest_route=\/wp\/v2\/types\/post"}],"author":[{"embeddable":true,"href":"https:\/\/revistaautobus.com.br\/index.php?rest_route=\/wp\/v2\/users\/2"}],"replies":[{"embeddable":true,"href":"https:\/\/revistaautobus.com.br\/index.php?rest_route=%2Fwp%2Fv2%2Fcomments&post=10098"}],"version-history":[{"count":3,"href":"https:\/\/revistaautobus.com.br\/index.php?rest_route=\/wp\/v2\/posts\/10098\/revisions"}],"predecessor-version":[{"id":10108,"href":"https:\/\/revistaautobus.com.br\/index.php?rest_route=\/wp\/v2\/posts\/10098\/revisions\/10108"}],"wp:featuredmedia":[{"embeddable":true,"href":"https:\/\/revistaautobus.com.br\/index.php?rest_route=\/wp\/v2\/media\/10099"}],"wp:attachment":[{"href":"https:\/\/revistaautobus.com.br\/index.php?rest_route=%2Fwp%2Fv2%2Fmedia&parent=10098"}],"wp:term":[{"taxonomy":"category","embeddable":true,"href":"https:\/\/revistaautobus.com.br\/index.php?rest_route=%2Fwp%2Fv2%2Fcategories&post=10098"},{"taxonomy":"post_tag","embeddable":true,"href":"https:\/\/revistaautobus.com.br\/index.php?rest_route=%2Fwp%2Fv2%2Ftags&post=10098"}],"curies":[{"name":"wp","href":"https:\/\/api.w.org\/{rel}","templated":true}]}}