{"id":10109,"date":"2023-09-29T10:41:09","date_gmt":"2023-09-29T13:41:09","guid":{"rendered":"https:\/\/revistaautobus.com.br\/?p=10109"},"modified":"2023-09-29T10:41:53","modified_gmt":"2023-09-29T13:41:53","slug":"busscar-reforca-sua-presenca-nacional-e-internacional-com-o-modelo-dd","status":"publish","type":"post","link":"https:\/\/revistaautobus.com.br\/?p=10109","title":{"rendered":"Busscar refor\u00e7a sua presen\u00e7a nacional e internacional com o modelo DD"},"content":{"rendered":"<p>Recentemente, tr\u00eas entregas de novos \u00f4nibus pautaram os neg\u00f3cios da encarro\u00e7adora catarinense Busscar. Para o Brasil, a empresa produziu duas unidades do seu modelo Vissta Buss DD para a operadora Amatur Amaz\u00f4nia Turismo, que faz transporte de passageiros, fretamento e turismo em linhas intermunicipais entre os estados do Amazonas, Acre, Rond\u00f4nia e Roraima.<\/p>\n<p>Os ve\u00edculos contam com 48 poltronas Class Leito Turismo no sal\u00e3o superior e 9 poltronas Class Leito no sal\u00e3o inferior, todas com tomada USB individual. Al\u00e9m disso, t\u00eam sistema de ar-condicionado, elevador, sanit\u00e1rio, geladeira, itiner\u00e1rio e display de mensagem no sal\u00e3o.<\/p>\n<p>Este n\u00e3o foi o primeiro fornecimento de carro\u00e7arias para a transportadora. Outro neg\u00f3cio, h\u00e1 alguns meses, envolveu a entrega de outras quatro unidades do El Buss 340, vers\u00e3o com motoriza\u00e7\u00e3o dianteira, equipadas com 44 poltronas Class Superpullmann, sanit\u00e1rio, ar-condicionado, geladeira, itiner\u00e1rio eletr\u00f4nico e display de mensagem no sal\u00e3o. \u201cEsta \u00e9 a segunda entrega que fizemos a Amatur neste ano, mais uma parceria que est\u00e1 se firmando no norte do Brasil e que entrega o melhor do transporte rodovi\u00e1rio aos passageiros\u201d, disse Paulo Corso, diretor-comercial da Busscar.<\/p>\n<p><img loading=\"lazy\" decoding=\"async\" class=\"alignnone wp-image-10111 size-large\" src=\"https:\/\/revistaautobus.com.br\/wp-content\/uploads\/2023\/09\/DSC_0893-1-1024x682.jpg\" alt=\"\" width=\"1024\" height=\"682\" srcset=\"https:\/\/revistaautobus.com.br\/wp-content\/uploads\/2023\/09\/DSC_0893-1-1024x682.jpg 1024w, https:\/\/revistaautobus.com.br\/wp-content\/uploads\/2023\/09\/DSC_0893-1-300x200.jpg 300w, https:\/\/revistaautobus.com.br\/wp-content\/uploads\/2023\/09\/DSC_0893-1-768x512.jpg 768w, https:\/\/revistaautobus.com.br\/wp-content\/uploads\/2023\/09\/DSC_0893-1-1080x720.jpg 1080w, https:\/\/revistaautobus.com.br\/wp-content\/uploads\/2023\/09\/DSC_0893-1.jpg 1280w\" sizes=\"(max-width: 1024px) 100vw, 1024px\" \/><\/p>\n<p>Na Bol\u00edvia, a empresa Itabus, da cidade de Santa Cruz de la Sierra, tamb\u00e9m adquiriu quatro unidades da carro\u00e7aria Vissta Buss DD, com distribui\u00e7\u00f5es especiais das poltronas em dois tipos de configura\u00e7\u00f5es internas. No sal\u00e3o inferior, foram instaladas 12 poltronas Class Leito e no sal\u00e3o superior 20 poltronas CamaBuss. Em outra, s\u00e3o 30 poltronas Leito, organizadas em tr\u00eas fileiras, formando dois corredores (1x1x1).<\/p>\n<p>H\u00e1, ainda, portas USB e audiofones individual nas poltronas, ilumina\u00e7\u00e3o com cromoterapia, ar-condicionado e geladeira, al\u00e9m de seis monitores nos dois sal\u00f5es. A Busscar, tamb\u00e9m, preparou as poltronas para receberem monitores em seus anteparos. Paulo Corso comentou que j\u00e1 est\u00e1 nos planos da fabricante a conquista de novos mercados estrangeiros, ainda neste ano. \u201cQueremos estar cada vez mais presentes nos pa\u00edses da Am\u00e9rica do Sul, continuar buscando novos neg\u00f3cios no continente Africano e trilhar caminhos por todo o mundo\u201d, ressaltou.<\/p>\n<p><img loading=\"lazy\" decoding=\"async\" class=\"alignnone wp-image-10112 size-full\" src=\"https:\/\/revistaautobus.com.br\/wp-content\/uploads\/2023\/09\/DSC_0582.jpg\" alt=\"\" width=\"1024\" height=\"682\" srcset=\"https:\/\/revistaautobus.com.br\/wp-content\/uploads\/2023\/09\/DSC_0582.jpg 1024w, https:\/\/revistaautobus.com.br\/wp-content\/uploads\/2023\/09\/DSC_0582-300x200.jpg 300w, https:\/\/revistaautobus.com.br\/wp-content\/uploads\/2023\/09\/DSC_0582-768x512.jpg 768w\" sizes=\"(max-width: 1024px) 100vw, 1024px\" \/><\/p>\n<p>J\u00e1 no Uruguai, o Grupo Agencia, que atua no segmento rodovi\u00e1rio na regi\u00e3o de Montevid\u00e9u, recebeu suas primeiras duas unidades do modelo Vissta Buss DD, com 48 poltronas Class Superpullman no sal\u00e3o superior e 12 poltronas Class Leito no inferior, todas com entrada para cabo USB individual. Al\u00e9m disso, os ve\u00edculos trazem ar-condicionado, sanit\u00e1rio, bebedouro, display de mensagem no sal\u00e3o, itiner\u00e1rio e aparelho multim\u00eddia na cabine do motorista.<\/p>\n<p>Em ambos fornecimentos, os chassis s\u00e3o da marca Volvo, nas vers\u00f5es 8&#215;2.<\/p>\n<p>Imagens &#8211; Divulga\u00e7\u00e3o<\/p>\n","protected":false},"excerpt":{"rendered":"<p>A fabricante catarinense vai conquistando seu espa\u00e7o com o modelo Top de linha<\/p>\n","protected":false},"author":2,"featured_media":10110,"comment_status":"open","ping_status":"open","sticky":false,"template":"","format":"standard","meta":{"_et_pb_use_builder":"","_et_pb_old_content":"","_et_gb_content_width":"","_jetpack_memberships_contains_paid_content":false,"footnotes":""},"categories":[55,53,80],"tags":[56,363],"class_list":["post-10109","post","type-post","status-publish","format-standard","has-post-thumbnail","hentry","category-encarrocadora","category-internacional","category-transporte-rodoviario","tag-busscar","tag-vissta-buss-dd","et-has-post-format-content","et_post_format-et-post-format-standard"],"yoast_head":"<!-- This site is optimized with the Yoast SEO plugin v27.2 - https:\/\/yoast.com\/product\/yoast-seo-wordpress\/ -->\n<title>Busscar refor\u00e7a sua presen\u00e7a nacional e internacional com o modelo DD - Revista AutoBus<\/title>\n<meta name=\"robots\" content=\"index, follow, max-snippet:-1, max-image-preview:large, max-video-preview:-1\" \/>\n<link rel=\"canonical\" href=\"https:\/\/revistaautobus.com.br\/?p=10109\" \/>\n<meta property=\"og:locale\" content=\"pt_BR\" \/>\n<meta property=\"og:type\" content=\"article\" \/>\n<meta property=\"og:title\" content=\"Busscar refor\u00e7a sua presen\u00e7a nacional e internacional com o modelo DD - Revista AutoBus\" \/>\n<meta property=\"og:description\" content=\"A fabricante catarinense vai conquistando seu espa\u00e7o com o modelo Top de linha\" \/>\n<meta property=\"og:url\" content=\"https:\/\/revistaautobus.com.br\/?p=10109\" \/>\n<meta property=\"og:site_name\" content=\"Revista AutoBus\" \/>\n<meta property=\"article:publisher\" content=\"https:\/\/www.facebook.com\/antonio.ferro.3150\" \/>\n<meta property=\"article:published_time\" content=\"2023-09-29T13:41:09+00:00\" \/>\n<meta property=\"article:modified_time\" content=\"2023-09-29T13:41:53+00:00\" \/>\n<meta property=\"og:image\" content=\"https:\/\/revistaautobus.com.br\/wp-content\/uploads\/2023\/09\/Amatur_1-1.jpg\" \/>\n\t<meta property=\"og:image:width\" content=\"1280\" \/>\n\t<meta property=\"og:image:height\" content=\"853\" \/>\n\t<meta property=\"og:image:type\" content=\"image\/jpeg\" \/>\n<meta name=\"author\" content=\"Antonio Ferro\" \/>\n<meta name=\"twitter:card\" content=\"summary_large_image\" \/>\n<meta name=\"twitter:label1\" content=\"Escrito por\" \/>\n\t<meta name=\"twitter:data1\" content=\"Antonio Ferro\" \/>\n\t<meta name=\"twitter:label2\" content=\"Est. tempo de leitura\" \/>\n\t<meta name=\"twitter:data2\" content=\"2 minutos\" \/>\n<script type=\"application\/ld+json\" class=\"yoast-schema-graph\">{\"@context\":\"https:\/\/schema.org\",\"@graph\":[{\"@type\":\"Article\",\"@id\":\"https:\/\/revistaautobus.com.br\/?p=10109#article\",\"isPartOf\":{\"@id\":\"https:\/\/revistaautobus.com.br\/?p=10109\"},\"author\":{\"name\":\"Antonio Ferro\",\"@id\":\"https:\/\/revistaautobus.com.br\/#\/schema\/person\/54af7c3eb83a310e42ef686ef6d16f50\"},\"headline\":\"Busscar refor\u00e7a sua presen\u00e7a nacional e internacional com o modelo DD\",\"datePublished\":\"2023-09-29T13:41:09+00:00\",\"dateModified\":\"2023-09-29T13:41:53+00:00\",\"mainEntityOfPage\":{\"@id\":\"https:\/\/revistaautobus.com.br\/?p=10109\"},\"wordCount\":462,\"commentCount\":0,\"publisher\":{\"@id\":\"https:\/\/revistaautobus.com.br\/#organization\"},\"image\":{\"@id\":\"https:\/\/revistaautobus.com.br\/?p=10109#primaryimage\"},\"thumbnailUrl\":\"https:\/\/revistaautobus.com.br\/wp-content\/uploads\/2023\/09\/Amatur_1-1.jpg\",\"keywords\":[\"Busscar\",\"Vissta Buss DD\"],\"articleSection\":[\"Encarro\u00e7adora\",\"Internacional\",\"Transporte rodovi\u00e1rio\"],\"inLanguage\":\"pt-BR\",\"potentialAction\":[{\"@type\":\"CommentAction\",\"name\":\"Comment\",\"target\":[\"https:\/\/revistaautobus.com.br\/?p=10109#respond\"]}]},{\"@type\":\"WebPage\",\"@id\":\"https:\/\/revistaautobus.com.br\/?p=10109\",\"url\":\"https:\/\/revistaautobus.com.br\/?p=10109\",\"name\":\"Busscar refor\u00e7a sua presen\u00e7a nacional e internacional com o modelo DD - Revista AutoBus\",\"isPartOf\":{\"@id\":\"https:\/\/revistaautobus.com.br\/#website\"},\"primaryImageOfPage\":{\"@id\":\"https:\/\/revistaautobus.com.br\/?p=10109#primaryimage\"},\"image\":{\"@id\":\"https:\/\/revistaautobus.com.br\/?p=10109#primaryimage\"},\"thumbnailUrl\":\"https:\/\/revistaautobus.com.br\/wp-content\/uploads\/2023\/09\/Amatur_1-1.jpg\",\"datePublished\":\"2023-09-29T13:41:09+00:00\",\"dateModified\":\"2023-09-29T13:41:53+00:00\",\"breadcrumb\":{\"@id\":\"https:\/\/revistaautobus.com.br\/?p=10109#breadcrumb\"},\"inLanguage\":\"pt-BR\",\"potentialAction\":[{\"@type\":\"ReadAction\",\"target\":[\"https:\/\/revistaautobus.com.br\/?p=10109\"]}]},{\"@type\":\"ImageObject\",\"inLanguage\":\"pt-BR\",\"@id\":\"https:\/\/revistaautobus.com.br\/?p=10109#primaryimage\",\"url\":\"https:\/\/revistaautobus.com.br\/wp-content\/uploads\/2023\/09\/Amatur_1-1.jpg\",\"contentUrl\":\"https:\/\/revistaautobus.com.br\/wp-content\/uploads\/2023\/09\/Amatur_1-1.jpg\",\"width\":1280,\"height\":853},{\"@type\":\"BreadcrumbList\",\"@id\":\"https:\/\/revistaautobus.com.br\/?p=10109#breadcrumb\",\"itemListElement\":[{\"@type\":\"ListItem\",\"position\":1,\"name\":\"In\u00edcio\",\"item\":\"https:\/\/revistaautobus.com.br\/\"},{\"@type\":\"ListItem\",\"position\":2,\"name\":\"Busscar refor\u00e7a sua presen\u00e7a nacional e internacional com o modelo DD\"}]},{\"@type\":\"WebSite\",\"@id\":\"https:\/\/revistaautobus.com.br\/#website\",\"url\":\"https:\/\/revistaautobus.com.br\/\",\"name\":\"Revista AutoBus\",\"description\":\"\",\"publisher\":{\"@id\":\"https:\/\/revistaautobus.com.br\/#organization\"},\"potentialAction\":[{\"@type\":\"SearchAction\",\"target\":{\"@type\":\"EntryPoint\",\"urlTemplate\":\"https:\/\/revistaautobus.com.br\/?s={search_term_string}\"},\"query-input\":{\"@type\":\"PropertyValueSpecification\",\"valueRequired\":true,\"valueName\":\"search_term_string\"}}],\"inLanguage\":\"pt-BR\"},{\"@type\":\"Organization\",\"@id\":\"https:\/\/revistaautobus.com.br\/#organization\",\"name\":\"Revista AutoBus\",\"url\":\"https:\/\/revistaautobus.com.br\/\",\"logo\":{\"@type\":\"ImageObject\",\"inLanguage\":\"pt-BR\",\"@id\":\"https:\/\/revistaautobus.com.br\/#\/schema\/logo\/image\/\",\"url\":\"https:\/\/revistaautobus.com.br\/wp-content\/uploads\/2024\/11\/logo_revista_autobus_fb.png\",\"contentUrl\":\"https:\/\/revistaautobus.com.br\/wp-content\/uploads\/2024\/11\/logo_revista_autobus_fb.png\",\"width\":836,\"height\":227,\"caption\":\"Revista AutoBus\"},\"image\":{\"@id\":\"https:\/\/revistaautobus.com.br\/#\/schema\/logo\/image\/\"},\"sameAs\":[\"https:\/\/www.facebook.com\/antonio.ferro.3150\",\"https:\/\/www.instagram.com\/revistaautobus\/\"]},{\"@type\":\"Person\",\"@id\":\"https:\/\/revistaautobus.com.br\/#\/schema\/person\/54af7c3eb83a310e42ef686ef6d16f50\",\"name\":\"Antonio Ferro\",\"image\":{\"@type\":\"ImageObject\",\"inLanguage\":\"pt-BR\",\"@id\":\"https:\/\/revistaautobus.com.br\/wp-content\/uploads\/2025\/12\/editor_antonio_ferro-150x150.jpg\",\"url\":\"https:\/\/revistaautobus.com.br\/wp-content\/uploads\/2025\/12\/editor_antonio_ferro-150x150.jpg\",\"contentUrl\":\"https:\/\/revistaautobus.com.br\/wp-content\/uploads\/2025\/12\/editor_antonio_ferro-150x150.jpg\",\"caption\":\"Antonio Ferro\"},\"description\":\"infobus@uol.com.br\",\"url\":\"https:\/\/revistaautobus.com.br\/?author=2\"}]}<\/script>\n<!-- \/ Yoast SEO plugin. -->","yoast_head_json":{"title":"Busscar refor\u00e7a sua presen\u00e7a nacional e internacional com o modelo DD - Revista AutoBus","robots":{"index":"index","follow":"follow","max-snippet":"max-snippet:-1","max-image-preview":"max-image-preview:large","max-video-preview":"max-video-preview:-1"},"canonical":"https:\/\/revistaautobus.com.br\/?p=10109","og_locale":"pt_BR","og_type":"article","og_title":"Busscar refor\u00e7a sua presen\u00e7a nacional e internacional com o modelo DD - Revista AutoBus","og_description":"A fabricante catarinense vai conquistando seu espa\u00e7o com o modelo Top de linha","og_url":"https:\/\/revistaautobus.com.br\/?p=10109","og_site_name":"Revista AutoBus","article_publisher":"https:\/\/www.facebook.com\/antonio.ferro.3150","article_published_time":"2023-09-29T13:41:09+00:00","article_modified_time":"2023-09-29T13:41:53+00:00","og_image":[{"width":1280,"height":853,"url":"https:\/\/revistaautobus.com.br\/wp-content\/uploads\/2023\/09\/Amatur_1-1.jpg","type":"image\/jpeg"}],"author":"Antonio Ferro","twitter_card":"summary_large_image","twitter_misc":{"Escrito por":"Antonio Ferro","Est. tempo de leitura":"2 minutos"},"schema":{"@context":"https:\/\/schema.org","@graph":[{"@type":"Article","@id":"https:\/\/revistaautobus.com.br\/?p=10109#article","isPartOf":{"@id":"https:\/\/revistaautobus.com.br\/?p=10109"},"author":{"name":"Antonio Ferro","@id":"https:\/\/revistaautobus.com.br\/#\/schema\/person\/54af7c3eb83a310e42ef686ef6d16f50"},"headline":"Busscar refor\u00e7a sua presen\u00e7a nacional e internacional com o modelo DD","datePublished":"2023-09-29T13:41:09+00:00","dateModified":"2023-09-29T13:41:53+00:00","mainEntityOfPage":{"@id":"https:\/\/revistaautobus.com.br\/?p=10109"},"wordCount":462,"commentCount":0,"publisher":{"@id":"https:\/\/revistaautobus.com.br\/#organization"},"image":{"@id":"https:\/\/revistaautobus.com.br\/?p=10109#primaryimage"},"thumbnailUrl":"https:\/\/revistaautobus.com.br\/wp-content\/uploads\/2023\/09\/Amatur_1-1.jpg","keywords":["Busscar","Vissta Buss DD"],"articleSection":["Encarro\u00e7adora","Internacional","Transporte rodovi\u00e1rio"],"inLanguage":"pt-BR","potentialAction":[{"@type":"CommentAction","name":"Comment","target":["https:\/\/revistaautobus.com.br\/?p=10109#respond"]}]},{"@type":"WebPage","@id":"https:\/\/revistaautobus.com.br\/?p=10109","url":"https:\/\/revistaautobus.com.br\/?p=10109","name":"Busscar refor\u00e7a sua presen\u00e7a nacional e internacional com o modelo DD - Revista AutoBus","isPartOf":{"@id":"https:\/\/revistaautobus.com.br\/#website"},"primaryImageOfPage":{"@id":"https:\/\/revistaautobus.com.br\/?p=10109#primaryimage"},"image":{"@id":"https:\/\/revistaautobus.com.br\/?p=10109#primaryimage"},"thumbnailUrl":"https:\/\/revistaautobus.com.br\/wp-content\/uploads\/2023\/09\/Amatur_1-1.jpg","datePublished":"2023-09-29T13:41:09+00:00","dateModified":"2023-09-29T13:41:53+00:00","breadcrumb":{"@id":"https:\/\/revistaautobus.com.br\/?p=10109#breadcrumb"},"inLanguage":"pt-BR","potentialAction":[{"@type":"ReadAction","target":["https:\/\/revistaautobus.com.br\/?p=10109"]}]},{"@type":"ImageObject","inLanguage":"pt-BR","@id":"https:\/\/revistaautobus.com.br\/?p=10109#primaryimage","url":"https:\/\/revistaautobus.com.br\/wp-content\/uploads\/2023\/09\/Amatur_1-1.jpg","contentUrl":"https:\/\/revistaautobus.com.br\/wp-content\/uploads\/2023\/09\/Amatur_1-1.jpg","width":1280,"height":853},{"@type":"BreadcrumbList","@id":"https:\/\/revistaautobus.com.br\/?p=10109#breadcrumb","itemListElement":[{"@type":"ListItem","position":1,"name":"In\u00edcio","item":"https:\/\/revistaautobus.com.br\/"},{"@type":"ListItem","position":2,"name":"Busscar refor\u00e7a sua presen\u00e7a nacional e internacional com o modelo DD"}]},{"@type":"WebSite","@id":"https:\/\/revistaautobus.com.br\/#website","url":"https:\/\/revistaautobus.com.br\/","name":"Revista AutoBus","description":"","publisher":{"@id":"https:\/\/revistaautobus.com.br\/#organization"},"potentialAction":[{"@type":"SearchAction","target":{"@type":"EntryPoint","urlTemplate":"https:\/\/revistaautobus.com.br\/?s={search_term_string}"},"query-input":{"@type":"PropertyValueSpecification","valueRequired":true,"valueName":"search_term_string"}}],"inLanguage":"pt-BR"},{"@type":"Organization","@id":"https:\/\/revistaautobus.com.br\/#organization","name":"Revista AutoBus","url":"https:\/\/revistaautobus.com.br\/","logo":{"@type":"ImageObject","inLanguage":"pt-BR","@id":"https:\/\/revistaautobus.com.br\/#\/schema\/logo\/image\/","url":"https:\/\/revistaautobus.com.br\/wp-content\/uploads\/2024\/11\/logo_revista_autobus_fb.png","contentUrl":"https:\/\/revistaautobus.com.br\/wp-content\/uploads\/2024\/11\/logo_revista_autobus_fb.png","width":836,"height":227,"caption":"Revista AutoBus"},"image":{"@id":"https:\/\/revistaautobus.com.br\/#\/schema\/logo\/image\/"},"sameAs":["https:\/\/www.facebook.com\/antonio.ferro.3150","https:\/\/www.instagram.com\/revistaautobus\/"]},{"@type":"Person","@id":"https:\/\/revistaautobus.com.br\/#\/schema\/person\/54af7c3eb83a310e42ef686ef6d16f50","name":"Antonio Ferro","image":{"@type":"ImageObject","inLanguage":"pt-BR","@id":"https:\/\/revistaautobus.com.br\/wp-content\/uploads\/2025\/12\/editor_antonio_ferro-150x150.jpg","url":"https:\/\/revistaautobus.com.br\/wp-content\/uploads\/2025\/12\/editor_antonio_ferro-150x150.jpg","contentUrl":"https:\/\/revistaautobus.com.br\/wp-content\/uploads\/2025\/12\/editor_antonio_ferro-150x150.jpg","caption":"Antonio Ferro"},"description":"infobus@uol.com.br","url":"https:\/\/revistaautobus.com.br\/?author=2"}]}},"jetpack_featured_media_url":"https:\/\/revistaautobus.com.br\/wp-content\/uploads\/2023\/09\/Amatur_1-1.jpg","jetpack_sharing_enabled":true,"_links":{"self":[{"href":"https:\/\/revistaautobus.com.br\/index.php?rest_route=\/wp\/v2\/posts\/10109","targetHints":{"allow":["GET"]}}],"collection":[{"href":"https:\/\/revistaautobus.com.br\/index.php?rest_route=\/wp\/v2\/posts"}],"about":[{"href":"https:\/\/revistaautobus.com.br\/index.php?rest_route=\/wp\/v2\/types\/post"}],"author":[{"embeddable":true,"href":"https:\/\/revistaautobus.com.br\/index.php?rest_route=\/wp\/v2\/users\/2"}],"replies":[{"embeddable":true,"href":"https:\/\/revistaautobus.com.br\/index.php?rest_route=%2Fwp%2Fv2%2Fcomments&post=10109"}],"version-history":[{"count":4,"href":"https:\/\/revistaautobus.com.br\/index.php?rest_route=\/wp\/v2\/posts\/10109\/revisions"}],"predecessor-version":[{"id":10116,"href":"https:\/\/revistaautobus.com.br\/index.php?rest_route=\/wp\/v2\/posts\/10109\/revisions\/10116"}],"wp:featuredmedia":[{"embeddable":true,"href":"https:\/\/revistaautobus.com.br\/index.php?rest_route=\/wp\/v2\/media\/10110"}],"wp:attachment":[{"href":"https:\/\/revistaautobus.com.br\/index.php?rest_route=%2Fwp%2Fv2%2Fmedia&parent=10109"}],"wp:term":[{"taxonomy":"category","embeddable":true,"href":"https:\/\/revistaautobus.com.br\/index.php?rest_route=%2Fwp%2Fv2%2Fcategories&post=10109"},{"taxonomy":"post_tag","embeddable":true,"href":"https:\/\/revistaautobus.com.br\/index.php?rest_route=%2Fwp%2Fv2%2Ftags&post=10109"}],"curies":[{"name":"wp","href":"https:\/\/api.w.org\/{rel}","templated":true}]}}