{"id":10126,"date":"2023-09-29T11:39:09","date_gmt":"2023-09-29T14:39:09","guid":{"rendered":"https:\/\/revistaautobus.com.br\/?p=10126"},"modified":"2023-10-03T09:59:15","modified_gmt":"2023-10-03T12:59:15","slug":"do-ar-condicionado-para-outras-utilidades","status":"publish","type":"post","link":"https:\/\/revistaautobus.com.br\/?p=10126","title":{"rendered":"Do ar-condicionado para outras utilidades"},"content":{"rendered":"<p>Neste nosso mundo, um dos grandes desafios relacionados \u00e0 vida humana \u00e9 o uso inteligente da \u00e1gua, de forma a sabermos t\u00ea-la, pois esse elemento n\u00e3o \u00e9, como muitos pensam, algo infinito. E, pequenas atitudes s\u00e3o exemplos de como podemos utiliz\u00e1-la bem, sob o contexto da sustentabilidade.<\/p>\n<p>Veja o exemplo de algumas operadoras de \u00f4nibus rodovi\u00e1rios que usam um sistema relativamente simples, que capta a \u00e1gua do condensamento do sistema de climatiza\u00e7\u00e3o, que antes era descartada, e a redireciona para os reservat\u00f3rios do limpador de para-brisas e do sanit\u00e1rio do ve\u00edculo, por meio da instala\u00e7\u00e3o de um cano, apenas isso.<\/p>\n<p>Dentre as encarro\u00e7adoras brasileiras, a ga\u00facha Marcopolo vem utilizando e oferecendo aos seus clientes o opcional de \u201creaproveitamento de \u00e1gua&#8221; h\u00e1 mais de oito anos. Nesse per\u00edodo, foram produzidas 7.378 carro\u00e7arias com o sistema, sendo que nos \u00faltimos quatro anos houve uma grande procura pelos clientes, chegando a quase quatro mil unidades instaladas. Somente nos oito primeiros meses deste ano de 2023, j\u00e1 foram fornecidas 1.683 unidades, sendo que a linha com maior utiliza\u00e7\u00e3o \u00e9 a G8, com 800 produtos, seguida pela de urbano com motor dianteiro, com quase 500 unidades e os modelos de fretamento, com 200 unidades.<\/p>\n<div id=\"attachment_10127\" style=\"width: 661px\" class=\"wp-caption aligncenter\"><img loading=\"lazy\" decoding=\"async\" aria-describedby=\"caption-attachment-10127\" class=\"wp-image-10127 size-full\" src=\"https:\/\/revistaautobus.com.br\/wp-content\/uploads\/2023\/09\/Imagem-do-WhatsApp-de-2023-09-26-as-18.11.50.jpg\" alt=\"\" width=\"651\" height=\"908\" srcset=\"https:\/\/revistaautobus.com.br\/wp-content\/uploads\/2023\/09\/Imagem-do-WhatsApp-de-2023-09-26-as-18.11.50.jpg 651w, https:\/\/revistaautobus.com.br\/wp-content\/uploads\/2023\/09\/Imagem-do-WhatsApp-de-2023-09-26-as-18.11.50-215x300.jpg 215w\" sizes=\"(max-width: 651px) 100vw, 651px\" \/><p id=\"caption-attachment-10127\" class=\"wp-caption-text\"><span style=\"color: #808000;\"><em><strong>Sistema, relativamente simples, utiliza mangueiras para distribuir a \u00e1gua gerada no sistema de ar-condicionado ao WC e para-brisa<\/strong><\/em><\/span><\/p><\/div>\n<p>O mecanismo foi criado em 2013, na garagem da Via\u00e7\u00e3o \u00c1guia Branco, com um projeto que come\u00e7ou a ser implementado como adapta\u00e7\u00e3o em todos os seus \u00f4nibus. Em 2015, a operadora compartilhou o projeto com a Marcopolo.<\/p>\n<p>A implementa\u00e7\u00e3o do mecanismo \u00e9 capaz de produzir cerca de 1,5 litro de \u00e1gua a cada 50 km rodado, o que significa uma economia anual de aproximadamente 1 milh\u00e3o e 897 mil litros apenas na frota da empresa. E, desde 2015, j\u00e1 h\u00e1 uma economia de cerca de 13 milh\u00f5es de litros de \u00e1gua.<\/p>\n<p>No quesito ambiental, a transportadora capixaba ainda investiu em outras iniciativas, como por exemplo, a lavagem dos ve\u00edculos e ambientes da garagem com \u00e1gua captada da chuva. Ap\u00f3s cada limpeza, o recurso utilizado ainda passa por um m\u00e9todo de separa\u00e7\u00e3o do \u00f3leo e filtros para a retirada de impurezas e retorna para o uso na lavagem dos espa\u00e7os e dos \u00f4nibus.<\/p>\n<p>E, todos os equipamentos de ar-condicionado instalados em sua sede tamb\u00e9m s\u00e3o usados para fornecer a \u00e1gua utilizada para molhar plantas e lavar ve\u00edculos leves. Com todo o processo de reutiliza\u00e7\u00e3o da \u00e1gua, houve uma redu\u00e7\u00e3o de cerca de 40% em seu consumo. No total, s\u00e3o reaproveitados por volta de 31,2 milh\u00f5es de litros de \u00e1gua por ano, o que daria para encher 12 piscinas ol\u00edmpicas.<\/p>\n<p>Imagens &#8211; Revista AutoBus e Divulga\u00e7\u00e3o<\/p>\n<p>&nbsp;<\/p>\n","protected":false},"excerpt":{"rendered":"<p>A iniciativa pode trazer excelentes resultados<\/p>\n","protected":false},"author":2,"featured_media":10151,"comment_status":"open","ping_status":"open","sticky":false,"template":"","format":"standard","meta":{"_et_pb_use_builder":"","_et_pb_old_content":"","_et_gb_content_width":"","_jetpack_memberships_contains_paid_content":false,"footnotes":""},"categories":[55,80],"tags":[609,610],"class_list":["post-10126","post","type-post","status-publish","format-standard","has-post-thumbnail","hentry","category-encarrocadora","category-transporte-rodoviario","tag-agua","tag-agua-reutilizada-no-para-brisa","et-has-post-format-content","et_post_format-et-post-format-standard"],"yoast_head":"<!-- This site is optimized with the Yoast SEO plugin v27.2 - https:\/\/yoast.com\/product\/yoast-seo-wordpress\/ -->\n<title>Do ar-condicionado para outras utilidades - Revista AutoBus<\/title>\n<meta name=\"robots\" content=\"index, follow, max-snippet:-1, max-image-preview:large, max-video-preview:-1\" \/>\n<link rel=\"canonical\" href=\"https:\/\/revistaautobus.com.br\/?p=10126\" \/>\n<meta property=\"og:locale\" content=\"pt_BR\" \/>\n<meta property=\"og:type\" content=\"article\" \/>\n<meta property=\"og:title\" content=\"Do ar-condicionado para outras utilidades - Revista AutoBus\" \/>\n<meta property=\"og:description\" content=\"A iniciativa pode trazer excelentes resultados\" \/>\n<meta property=\"og:url\" content=\"https:\/\/revistaautobus.com.br\/?p=10126\" \/>\n<meta property=\"og:site_name\" content=\"Revista AutoBus\" \/>\n<meta property=\"article:publisher\" content=\"https:\/\/www.facebook.com\/antonio.ferro.3150\" \/>\n<meta property=\"article:published_time\" content=\"2023-09-29T14:39:09+00:00\" \/>\n<meta property=\"article:modified_time\" content=\"2023-10-03T12:59:15+00:00\" \/>\n<meta property=\"og:image\" content=\"https:\/\/revistaautobus.com.br\/wp-content\/uploads\/2023\/09\/Sistema-de-Ar-11.jpg\" \/>\n\t<meta property=\"og:image:width\" content=\"1000\" \/>\n\t<meta property=\"og:image:height\" content=\"666\" \/>\n\t<meta property=\"og:image:type\" content=\"image\/jpeg\" \/>\n<meta name=\"author\" content=\"Antonio Ferro\" \/>\n<meta name=\"twitter:card\" content=\"summary_large_image\" \/>\n<meta name=\"twitter:label1\" content=\"Escrito por\" \/>\n\t<meta name=\"twitter:data1\" content=\"Antonio Ferro\" \/>\n\t<meta name=\"twitter:label2\" content=\"Est. tempo de leitura\" \/>\n\t<meta name=\"twitter:data2\" content=\"2 minutos\" \/>\n<script type=\"application\/ld+json\" class=\"yoast-schema-graph\">{\"@context\":\"https:\/\/schema.org\",\"@graph\":[{\"@type\":\"Article\",\"@id\":\"https:\/\/revistaautobus.com.br\/?p=10126#article\",\"isPartOf\":{\"@id\":\"https:\/\/revistaautobus.com.br\/?p=10126\"},\"author\":{\"name\":\"Antonio Ferro\",\"@id\":\"https:\/\/revistaautobus.com.br\/#\/schema\/person\/54af7c3eb83a310e42ef686ef6d16f50\"},\"headline\":\"Do ar-condicionado para outras utilidades\",\"datePublished\":\"2023-09-29T14:39:09+00:00\",\"dateModified\":\"2023-10-03T12:59:15+00:00\",\"mainEntityOfPage\":{\"@id\":\"https:\/\/revistaautobus.com.br\/?p=10126\"},\"wordCount\":467,\"commentCount\":0,\"publisher\":{\"@id\":\"https:\/\/revistaautobus.com.br\/#organization\"},\"image\":{\"@id\":\"https:\/\/revistaautobus.com.br\/?p=10126#primaryimage\"},\"thumbnailUrl\":\"https:\/\/revistaautobus.com.br\/wp-content\/uploads\/2023\/09\/Sistema-de-Ar-11.jpg\",\"keywords\":[\"\u00c1gua\",\"\u00c1gua reutilizada no para-brisa\"],\"articleSection\":[\"Encarro\u00e7adora\",\"Transporte rodovi\u00e1rio\"],\"inLanguage\":\"pt-BR\",\"potentialAction\":[{\"@type\":\"CommentAction\",\"name\":\"Comment\",\"target\":[\"https:\/\/revistaautobus.com.br\/?p=10126#respond\"]}]},{\"@type\":\"WebPage\",\"@id\":\"https:\/\/revistaautobus.com.br\/?p=10126\",\"url\":\"https:\/\/revistaautobus.com.br\/?p=10126\",\"name\":\"Do ar-condicionado para outras utilidades - Revista AutoBus\",\"isPartOf\":{\"@id\":\"https:\/\/revistaautobus.com.br\/#website\"},\"primaryImageOfPage\":{\"@id\":\"https:\/\/revistaautobus.com.br\/?p=10126#primaryimage\"},\"image\":{\"@id\":\"https:\/\/revistaautobus.com.br\/?p=10126#primaryimage\"},\"thumbnailUrl\":\"https:\/\/revistaautobus.com.br\/wp-content\/uploads\/2023\/09\/Sistema-de-Ar-11.jpg\",\"datePublished\":\"2023-09-29T14:39:09+00:00\",\"dateModified\":\"2023-10-03T12:59:15+00:00\",\"breadcrumb\":{\"@id\":\"https:\/\/revistaautobus.com.br\/?p=10126#breadcrumb\"},\"inLanguage\":\"pt-BR\",\"potentialAction\":[{\"@type\":\"ReadAction\",\"target\":[\"https:\/\/revistaautobus.com.br\/?p=10126\"]}]},{\"@type\":\"ImageObject\",\"inLanguage\":\"pt-BR\",\"@id\":\"https:\/\/revistaautobus.com.br\/?p=10126#primaryimage\",\"url\":\"https:\/\/revistaautobus.com.br\/wp-content\/uploads\/2023\/09\/Sistema-de-Ar-11.jpg\",\"contentUrl\":\"https:\/\/revistaautobus.com.br\/wp-content\/uploads\/2023\/09\/Sistema-de-Ar-11.jpg\",\"width\":1000,\"height\":666},{\"@type\":\"BreadcrumbList\",\"@id\":\"https:\/\/revistaautobus.com.br\/?p=10126#breadcrumb\",\"itemListElement\":[{\"@type\":\"ListItem\",\"position\":1,\"name\":\"In\u00edcio\",\"item\":\"https:\/\/revistaautobus.com.br\/\"},{\"@type\":\"ListItem\",\"position\":2,\"name\":\"Do ar-condicionado para outras utilidades\"}]},{\"@type\":\"WebSite\",\"@id\":\"https:\/\/revistaautobus.com.br\/#website\",\"url\":\"https:\/\/revistaautobus.com.br\/\",\"name\":\"Revista AutoBus\",\"description\":\"\",\"publisher\":{\"@id\":\"https:\/\/revistaautobus.com.br\/#organization\"},\"potentialAction\":[{\"@type\":\"SearchAction\",\"target\":{\"@type\":\"EntryPoint\",\"urlTemplate\":\"https:\/\/revistaautobus.com.br\/?s={search_term_string}\"},\"query-input\":{\"@type\":\"PropertyValueSpecification\",\"valueRequired\":true,\"valueName\":\"search_term_string\"}}],\"inLanguage\":\"pt-BR\"},{\"@type\":\"Organization\",\"@id\":\"https:\/\/revistaautobus.com.br\/#organization\",\"name\":\"Revista AutoBus\",\"url\":\"https:\/\/revistaautobus.com.br\/\",\"logo\":{\"@type\":\"ImageObject\",\"inLanguage\":\"pt-BR\",\"@id\":\"https:\/\/revistaautobus.com.br\/#\/schema\/logo\/image\/\",\"url\":\"https:\/\/revistaautobus.com.br\/wp-content\/uploads\/2024\/11\/logo_revista_autobus_fb.png\",\"contentUrl\":\"https:\/\/revistaautobus.com.br\/wp-content\/uploads\/2024\/11\/logo_revista_autobus_fb.png\",\"width\":836,\"height\":227,\"caption\":\"Revista AutoBus\"},\"image\":{\"@id\":\"https:\/\/revistaautobus.com.br\/#\/schema\/logo\/image\/\"},\"sameAs\":[\"https:\/\/www.facebook.com\/antonio.ferro.3150\",\"https:\/\/www.instagram.com\/revistaautobus\/\"]},{\"@type\":\"Person\",\"@id\":\"https:\/\/revistaautobus.com.br\/#\/schema\/person\/54af7c3eb83a310e42ef686ef6d16f50\",\"name\":\"Antonio Ferro\",\"image\":{\"@type\":\"ImageObject\",\"inLanguage\":\"pt-BR\",\"@id\":\"https:\/\/revistaautobus.com.br\/wp-content\/uploads\/2025\/12\/editor_antonio_ferro-150x150.jpg\",\"url\":\"https:\/\/revistaautobus.com.br\/wp-content\/uploads\/2025\/12\/editor_antonio_ferro-150x150.jpg\",\"contentUrl\":\"https:\/\/revistaautobus.com.br\/wp-content\/uploads\/2025\/12\/editor_antonio_ferro-150x150.jpg\",\"caption\":\"Antonio Ferro\"},\"description\":\"infobus@uol.com.br\",\"url\":\"https:\/\/revistaautobus.com.br\/?author=2\"}]}<\/script>\n<!-- \/ Yoast SEO plugin. -->","yoast_head_json":{"title":"Do ar-condicionado para outras utilidades - Revista AutoBus","robots":{"index":"index","follow":"follow","max-snippet":"max-snippet:-1","max-image-preview":"max-image-preview:large","max-video-preview":"max-video-preview:-1"},"canonical":"https:\/\/revistaautobus.com.br\/?p=10126","og_locale":"pt_BR","og_type":"article","og_title":"Do ar-condicionado para outras utilidades - Revista AutoBus","og_description":"A iniciativa pode trazer excelentes resultados","og_url":"https:\/\/revistaautobus.com.br\/?p=10126","og_site_name":"Revista AutoBus","article_publisher":"https:\/\/www.facebook.com\/antonio.ferro.3150","article_published_time":"2023-09-29T14:39:09+00:00","article_modified_time":"2023-10-03T12:59:15+00:00","og_image":[{"width":1000,"height":666,"url":"https:\/\/revistaautobus.com.br\/wp-content\/uploads\/2023\/09\/Sistema-de-Ar-11.jpg","type":"image\/jpeg"}],"author":"Antonio Ferro","twitter_card":"summary_large_image","twitter_misc":{"Escrito por":"Antonio Ferro","Est. tempo de leitura":"2 minutos"},"schema":{"@context":"https:\/\/schema.org","@graph":[{"@type":"Article","@id":"https:\/\/revistaautobus.com.br\/?p=10126#article","isPartOf":{"@id":"https:\/\/revistaautobus.com.br\/?p=10126"},"author":{"name":"Antonio Ferro","@id":"https:\/\/revistaautobus.com.br\/#\/schema\/person\/54af7c3eb83a310e42ef686ef6d16f50"},"headline":"Do ar-condicionado para outras utilidades","datePublished":"2023-09-29T14:39:09+00:00","dateModified":"2023-10-03T12:59:15+00:00","mainEntityOfPage":{"@id":"https:\/\/revistaautobus.com.br\/?p=10126"},"wordCount":467,"commentCount":0,"publisher":{"@id":"https:\/\/revistaautobus.com.br\/#organization"},"image":{"@id":"https:\/\/revistaautobus.com.br\/?p=10126#primaryimage"},"thumbnailUrl":"https:\/\/revistaautobus.com.br\/wp-content\/uploads\/2023\/09\/Sistema-de-Ar-11.jpg","keywords":["\u00c1gua","\u00c1gua reutilizada no para-brisa"],"articleSection":["Encarro\u00e7adora","Transporte rodovi\u00e1rio"],"inLanguage":"pt-BR","potentialAction":[{"@type":"CommentAction","name":"Comment","target":["https:\/\/revistaautobus.com.br\/?p=10126#respond"]}]},{"@type":"WebPage","@id":"https:\/\/revistaautobus.com.br\/?p=10126","url":"https:\/\/revistaautobus.com.br\/?p=10126","name":"Do ar-condicionado para outras utilidades - Revista AutoBus","isPartOf":{"@id":"https:\/\/revistaautobus.com.br\/#website"},"primaryImageOfPage":{"@id":"https:\/\/revistaautobus.com.br\/?p=10126#primaryimage"},"image":{"@id":"https:\/\/revistaautobus.com.br\/?p=10126#primaryimage"},"thumbnailUrl":"https:\/\/revistaautobus.com.br\/wp-content\/uploads\/2023\/09\/Sistema-de-Ar-11.jpg","datePublished":"2023-09-29T14:39:09+00:00","dateModified":"2023-10-03T12:59:15+00:00","breadcrumb":{"@id":"https:\/\/revistaautobus.com.br\/?p=10126#breadcrumb"},"inLanguage":"pt-BR","potentialAction":[{"@type":"ReadAction","target":["https:\/\/revistaautobus.com.br\/?p=10126"]}]},{"@type":"ImageObject","inLanguage":"pt-BR","@id":"https:\/\/revistaautobus.com.br\/?p=10126#primaryimage","url":"https:\/\/revistaautobus.com.br\/wp-content\/uploads\/2023\/09\/Sistema-de-Ar-11.jpg","contentUrl":"https:\/\/revistaautobus.com.br\/wp-content\/uploads\/2023\/09\/Sistema-de-Ar-11.jpg","width":1000,"height":666},{"@type":"BreadcrumbList","@id":"https:\/\/revistaautobus.com.br\/?p=10126#breadcrumb","itemListElement":[{"@type":"ListItem","position":1,"name":"In\u00edcio","item":"https:\/\/revistaautobus.com.br\/"},{"@type":"ListItem","position":2,"name":"Do ar-condicionado para outras utilidades"}]},{"@type":"WebSite","@id":"https:\/\/revistaautobus.com.br\/#website","url":"https:\/\/revistaautobus.com.br\/","name":"Revista AutoBus","description":"","publisher":{"@id":"https:\/\/revistaautobus.com.br\/#organization"},"potentialAction":[{"@type":"SearchAction","target":{"@type":"EntryPoint","urlTemplate":"https:\/\/revistaautobus.com.br\/?s={search_term_string}"},"query-input":{"@type":"PropertyValueSpecification","valueRequired":true,"valueName":"search_term_string"}}],"inLanguage":"pt-BR"},{"@type":"Organization","@id":"https:\/\/revistaautobus.com.br\/#organization","name":"Revista AutoBus","url":"https:\/\/revistaautobus.com.br\/","logo":{"@type":"ImageObject","inLanguage":"pt-BR","@id":"https:\/\/revistaautobus.com.br\/#\/schema\/logo\/image\/","url":"https:\/\/revistaautobus.com.br\/wp-content\/uploads\/2024\/11\/logo_revista_autobus_fb.png","contentUrl":"https:\/\/revistaautobus.com.br\/wp-content\/uploads\/2024\/11\/logo_revista_autobus_fb.png","width":836,"height":227,"caption":"Revista AutoBus"},"image":{"@id":"https:\/\/revistaautobus.com.br\/#\/schema\/logo\/image\/"},"sameAs":["https:\/\/www.facebook.com\/antonio.ferro.3150","https:\/\/www.instagram.com\/revistaautobus\/"]},{"@type":"Person","@id":"https:\/\/revistaautobus.com.br\/#\/schema\/person\/54af7c3eb83a310e42ef686ef6d16f50","name":"Antonio Ferro","image":{"@type":"ImageObject","inLanguage":"pt-BR","@id":"https:\/\/revistaautobus.com.br\/wp-content\/uploads\/2025\/12\/editor_antonio_ferro-150x150.jpg","url":"https:\/\/revistaautobus.com.br\/wp-content\/uploads\/2025\/12\/editor_antonio_ferro-150x150.jpg","contentUrl":"https:\/\/revistaautobus.com.br\/wp-content\/uploads\/2025\/12\/editor_antonio_ferro-150x150.jpg","caption":"Antonio Ferro"},"description":"infobus@uol.com.br","url":"https:\/\/revistaautobus.com.br\/?author=2"}]}},"jetpack_featured_media_url":"https:\/\/revistaautobus.com.br\/wp-content\/uploads\/2023\/09\/Sistema-de-Ar-11.jpg","jetpack_sharing_enabled":true,"_links":{"self":[{"href":"https:\/\/revistaautobus.com.br\/index.php?rest_route=\/wp\/v2\/posts\/10126","targetHints":{"allow":["GET"]}}],"collection":[{"href":"https:\/\/revistaautobus.com.br\/index.php?rest_route=\/wp\/v2\/posts"}],"about":[{"href":"https:\/\/revistaautobus.com.br\/index.php?rest_route=\/wp\/v2\/types\/post"}],"author":[{"embeddable":true,"href":"https:\/\/revistaautobus.com.br\/index.php?rest_route=\/wp\/v2\/users\/2"}],"replies":[{"embeddable":true,"href":"https:\/\/revistaautobus.com.br\/index.php?rest_route=%2Fwp%2Fv2%2Fcomments&post=10126"}],"version-history":[{"count":2,"href":"https:\/\/revistaautobus.com.br\/index.php?rest_route=\/wp\/v2\/posts\/10126\/revisions"}],"predecessor-version":[{"id":10129,"href":"https:\/\/revistaautobus.com.br\/index.php?rest_route=\/wp\/v2\/posts\/10126\/revisions\/10129"}],"wp:featuredmedia":[{"embeddable":true,"href":"https:\/\/revistaautobus.com.br\/index.php?rest_route=\/wp\/v2\/media\/10151"}],"wp:attachment":[{"href":"https:\/\/revistaautobus.com.br\/index.php?rest_route=%2Fwp%2Fv2%2Fmedia&parent=10126"}],"wp:term":[{"taxonomy":"category","embeddable":true,"href":"https:\/\/revistaautobus.com.br\/index.php?rest_route=%2Fwp%2Fv2%2Fcategories&post=10126"},{"taxonomy":"post_tag","embeddable":true,"href":"https:\/\/revistaautobus.com.br\/index.php?rest_route=%2Fwp%2Fv2%2Ftags&post=10126"}],"curies":[{"name":"wp","href":"https:\/\/api.w.org\/{rel}","templated":true}]}}