{"id":10138,"date":"2023-09-29T15:22:55","date_gmt":"2023-09-29T18:22:55","guid":{"rendered":"https:\/\/revistaautobus.com.br\/?p=10138"},"modified":"2023-10-03T20:41:04","modified_gmt":"2023-10-03T23:41:04","slug":"no-para-o-transporte-com-ar-condicionado-eletrico","status":"publish","type":"post","link":"https:\/\/revistaautobus.com.br\/?p=10138","title":{"rendered":"No Par\u00e1, o transporte com ar-condicionado el\u00e9trico com sustentabilidade"},"content":{"rendered":"<p>A operadora Transportes Caliman, da cidade paraense de Paragominas, escolheu a tecnologia da Innovaklim para oferecer aos seus passageiros um ambiente interno, em seus \u00f4nibus, com mais conforto t\u00e9rmico e sustentabilidade. Por interm\u00e9dio do sistema de ar-condicionado 100% el\u00e9trico desenvolvido pela empresa catarinense Innovaklim, a transportadora quer atender o prop\u00f3sito de sustentabilidade ambiental de seu cliente, a mineradora Hydro, ao transportar os funcion\u00e1rios at\u00e9 a planta de produ\u00e7\u00e3o de alum\u00ednio.<\/p>\n<p>Ao todo, 10 \u00f4nibus da frota ser\u00e3o equipados com o inovador sistema de climatiza\u00e7\u00e3o, sendo nove ve\u00edculos de maior porte e um micro-\u00f4nibus 4&#215;4 que trabalha diretamente na Lavra onde \u00e9 retirada a bauxita. Ser\u00e3o quatro m\u00f3dulos do sistema que estar\u00e3o presentes nos ve\u00edculos de maior porte e dois m\u00f3dulos\u00a0para o\u00a0micro\u00a04&#215;4.<\/p>\n<p>Segundo Thiago Vit\u00f3rio Aquino Caliman, diretor de opera\u00e7\u00f5es da transportadora, a iniciativa de se usar a tecnologia do ar-condicionado el\u00e9trico vai contribuir na redu\u00e7\u00e3o das emiss\u00f5es de carbono determinadas pela Hydro em seu programa socioambiental. \u00a0\u201cO sistema da Innovaklim vem para agregar valor em nossa miss\u00e3o de contribuir com o prop\u00f3sito da mineradora. A nossa expectativa \u00e9 de baixar o custo com a manuten\u00e7\u00e3o dos aparelhos de ar-condicionado, reduzir o tempo do ve\u00edculo parado para a manuten\u00e7\u00e3o, alcan\u00e7ar o menor consumo de combust\u00edvel e ao mesmo tempo mitigar as emiss\u00f5es de CO2, aumentando a qualidade de vida dos nossos passageiros. Iremos fazer uma avalia\u00e7\u00e3o nesses 10 \u00f4nibus e, ap\u00f3s os resultados, planejaremos se vamos equipar o restante de nossa frota\u201d, explicou Thiago.<\/p>\n<div id=\"attachment_10140\" style=\"width: 778px\" class=\"wp-caption aligncenter\"><img loading=\"lazy\" decoding=\"async\" aria-describedby=\"caption-attachment-10140\" class=\"wp-image-10140 size-large\" src=\"https:\/\/revistaautobus.com.br\/wp-content\/uploads\/2023\/09\/Imagem-do-WhatsApp-de-2023-09-27-as-11.53.32-768x1024.jpg\" alt=\"\" width=\"768\" height=\"1024\" srcset=\"https:\/\/revistaautobus.com.br\/wp-content\/uploads\/2023\/09\/Imagem-do-WhatsApp-de-2023-09-27-as-11.53.32-768x1024.jpg 768w, https:\/\/revistaautobus.com.br\/wp-content\/uploads\/2023\/09\/Imagem-do-WhatsApp-de-2023-09-27-as-11.53.32-225x300.jpg 225w, https:\/\/revistaautobus.com.br\/wp-content\/uploads\/2023\/09\/Imagem-do-WhatsApp-de-2023-09-27-as-11.53.32-1152x1536.jpg 1152w, https:\/\/revistaautobus.com.br\/wp-content\/uploads\/2023\/09\/Imagem-do-WhatsApp-de-2023-09-27-as-11.53.32-1080x1440.jpg 1080w, https:\/\/revistaautobus.com.br\/wp-content\/uploads\/2023\/09\/Imagem-do-WhatsApp-de-2023-09-27-as-11.53.32.jpg 1200w\" sizes=\"(max-width: 768px) 100vw, 768px\" \/><p id=\"caption-attachment-10140\" class=\"wp-caption-text\"><span style=\"color: #008000;\"><em><strong>O sistema da Innovaklim \u00e9 composto por m\u00f3dulos<\/strong><\/em><\/span><\/p><\/div>\n<p>Em um dos \u00f4nibus, h\u00e1, ainda, pequenos pain\u00e9is fotovoltaicos que captaram a luz solar e a transformar\u00e3o em energia el\u00e9trica para algumas fun\u00e7\u00f5es no ve\u00edculo.<\/p>\n<p>Para Aldo Rocha Ferro, diretor da Innovaklim, com o novo cliente, Caliman, que \u00e9 uma refer\u00eancia em qualidade operacional, ser\u00e1 poss\u00edvel alcan\u00e7ar a\u00e7\u00f5es efetivas para um planeta mais verde. \u201cCom esse projeto, teremos, al\u00e9m da economia j\u00e1 mensurada, uma menor emiss\u00e3o de CO2, fato important\u00edssimo para o nosso Planeta. Isso sem falar na facilidade de manuten\u00e7\u00e3o que ser\u00e1 proporcionada pelos nossos produtos. Inicialmente, ser\u00e3o 10 \u00f4nibus, com perspectivas para outros tantos, na modalidade aluguel. Obrigado Caliman, pela confian\u00e7a\u201d, declarou.<\/p>\n<p style=\"text-align: left; padding-left: 40px;\">A Transportes Caliman atua no estado do Par\u00e1 desde 1978, tendo como principal cliente a mineradora norueguesa, que explora bauxita na regi\u00e3o de Paragominas. Conta com 148 colaboradores e sua frota, de 60 \u00f4nibus, tem chassis Mercedes-Benz e carro\u00e7arias da marca Comil. Seu presidente \u00e9 Amilton Caliman.<\/p>\n<p>Imagens &#8211; Divulga\u00e7\u00e3o<\/p>\n","protected":false},"excerpt":{"rendered":"<p>Tecnologia contribui para reduzir o consumo de combust\u00edvel, com consequente diminui\u00e7\u00e3o das emiss\u00f5es poluentes<\/p>\n","protected":false},"author":2,"featured_media":10139,"comment_status":"open","ping_status":"open","sticky":false,"template":"","format":"standard","meta":{"_et_pb_use_builder":"","_et_pb_old_content":"","_et_gb_content_width":"","_jetpack_memberships_contains_paid_content":false,"footnotes":""},"categories":[90,73],"tags":[611,178],"class_list":["post-10138","post","type-post","status-publish","format-standard","has-post-thumbnail","hentry","category-noticias","category-tecnologia","tag-caliman-transportes","tag-innovaklim","et-has-post-format-content","et_post_format-et-post-format-standard"],"yoast_head":"<!-- This site is optimized with the Yoast SEO plugin v27.2 - https:\/\/yoast.com\/product\/yoast-seo-wordpress\/ -->\n<title>No Par\u00e1, o transporte com ar-condicionado el\u00e9trico com sustentabilidade - Revista AutoBus<\/title>\n<meta name=\"robots\" content=\"index, follow, max-snippet:-1, max-image-preview:large, max-video-preview:-1\" \/>\n<link rel=\"canonical\" href=\"https:\/\/revistaautobus.com.br\/?p=10138\" \/>\n<meta property=\"og:locale\" content=\"pt_BR\" \/>\n<meta property=\"og:type\" content=\"article\" \/>\n<meta property=\"og:title\" content=\"No Par\u00e1, o transporte com ar-condicionado el\u00e9trico com sustentabilidade - Revista AutoBus\" \/>\n<meta property=\"og:description\" content=\"Tecnologia contribui para reduzir o consumo de combust\u00edvel, com consequente diminui\u00e7\u00e3o das emiss\u00f5es poluentes\" \/>\n<meta property=\"og:url\" content=\"https:\/\/revistaautobus.com.br\/?p=10138\" \/>\n<meta property=\"og:site_name\" content=\"Revista AutoBus\" \/>\n<meta property=\"article:publisher\" content=\"https:\/\/www.facebook.com\/antonio.ferro.3150\" \/>\n<meta property=\"article:published_time\" content=\"2023-09-29T18:22:55+00:00\" \/>\n<meta property=\"article:modified_time\" content=\"2023-10-03T23:41:04+00:00\" \/>\n<meta property=\"og:image\" content=\"https:\/\/revistaautobus.com.br\/wp-content\/uploads\/2023\/09\/Imagem-do-WhatsApp-de-2023-09-27-as-12.16.30.jpg\" \/>\n\t<meta property=\"og:image:width\" content=\"1600\" \/>\n\t<meta property=\"og:image:height\" content=\"1200\" \/>\n\t<meta property=\"og:image:type\" content=\"image\/jpeg\" \/>\n<meta name=\"author\" content=\"Antonio Ferro\" \/>\n<meta name=\"twitter:card\" content=\"summary_large_image\" \/>\n<meta name=\"twitter:label1\" content=\"Escrito por\" \/>\n\t<meta name=\"twitter:data1\" content=\"Antonio Ferro\" \/>\n\t<meta name=\"twitter:label2\" content=\"Est. tempo de leitura\" \/>\n\t<meta name=\"twitter:data2\" content=\"2 minutos\" \/>\n<script type=\"application\/ld+json\" class=\"yoast-schema-graph\">{\"@context\":\"https:\/\/schema.org\",\"@graph\":[{\"@type\":\"Article\",\"@id\":\"https:\/\/revistaautobus.com.br\/?p=10138#article\",\"isPartOf\":{\"@id\":\"https:\/\/revistaautobus.com.br\/?p=10138\"},\"author\":{\"name\":\"Antonio Ferro\",\"@id\":\"https:\/\/revistaautobus.com.br\/#\/schema\/person\/54af7c3eb83a310e42ef686ef6d16f50\"},\"headline\":\"No Par\u00e1, o transporte com ar-condicionado el\u00e9trico com sustentabilidade\",\"datePublished\":\"2023-09-29T18:22:55+00:00\",\"dateModified\":\"2023-10-03T23:41:04+00:00\",\"mainEntityOfPage\":{\"@id\":\"https:\/\/revistaautobus.com.br\/?p=10138\"},\"wordCount\":463,\"commentCount\":0,\"publisher\":{\"@id\":\"https:\/\/revistaautobus.com.br\/#organization\"},\"image\":{\"@id\":\"https:\/\/revistaautobus.com.br\/?p=10138#primaryimage\"},\"thumbnailUrl\":\"https:\/\/revistaautobus.com.br\/wp-content\/uploads\/2023\/09\/Imagem-do-WhatsApp-de-2023-09-27-as-12.16.30.jpg\",\"keywords\":[\"Caliman Transportes\",\"Innovaklim\"],\"articleSection\":[\"Not\u00edcias\",\"Tecnologia\"],\"inLanguage\":\"pt-BR\",\"potentialAction\":[{\"@type\":\"CommentAction\",\"name\":\"Comment\",\"target\":[\"https:\/\/revistaautobus.com.br\/?p=10138#respond\"]}]},{\"@type\":\"WebPage\",\"@id\":\"https:\/\/revistaautobus.com.br\/?p=10138\",\"url\":\"https:\/\/revistaautobus.com.br\/?p=10138\",\"name\":\"No Par\u00e1, o transporte com ar-condicionado el\u00e9trico com sustentabilidade - Revista AutoBus\",\"isPartOf\":{\"@id\":\"https:\/\/revistaautobus.com.br\/#website\"},\"primaryImageOfPage\":{\"@id\":\"https:\/\/revistaautobus.com.br\/?p=10138#primaryimage\"},\"image\":{\"@id\":\"https:\/\/revistaautobus.com.br\/?p=10138#primaryimage\"},\"thumbnailUrl\":\"https:\/\/revistaautobus.com.br\/wp-content\/uploads\/2023\/09\/Imagem-do-WhatsApp-de-2023-09-27-as-12.16.30.jpg\",\"datePublished\":\"2023-09-29T18:22:55+00:00\",\"dateModified\":\"2023-10-03T23:41:04+00:00\",\"breadcrumb\":{\"@id\":\"https:\/\/revistaautobus.com.br\/?p=10138#breadcrumb\"},\"inLanguage\":\"pt-BR\",\"potentialAction\":[{\"@type\":\"ReadAction\",\"target\":[\"https:\/\/revistaautobus.com.br\/?p=10138\"]}]},{\"@type\":\"ImageObject\",\"inLanguage\":\"pt-BR\",\"@id\":\"https:\/\/revistaautobus.com.br\/?p=10138#primaryimage\",\"url\":\"https:\/\/revistaautobus.com.br\/wp-content\/uploads\/2023\/09\/Imagem-do-WhatsApp-de-2023-09-27-as-12.16.30.jpg\",\"contentUrl\":\"https:\/\/revistaautobus.com.br\/wp-content\/uploads\/2023\/09\/Imagem-do-WhatsApp-de-2023-09-27-as-12.16.30.jpg\",\"width\":1600,\"height\":1200},{\"@type\":\"BreadcrumbList\",\"@id\":\"https:\/\/revistaautobus.com.br\/?p=10138#breadcrumb\",\"itemListElement\":[{\"@type\":\"ListItem\",\"position\":1,\"name\":\"In\u00edcio\",\"item\":\"https:\/\/revistaautobus.com.br\/\"},{\"@type\":\"ListItem\",\"position\":2,\"name\":\"No Par\u00e1, o transporte com ar-condicionado el\u00e9trico com sustentabilidade\"}]},{\"@type\":\"WebSite\",\"@id\":\"https:\/\/revistaautobus.com.br\/#website\",\"url\":\"https:\/\/revistaautobus.com.br\/\",\"name\":\"Revista AutoBus\",\"description\":\"\",\"publisher\":{\"@id\":\"https:\/\/revistaautobus.com.br\/#organization\"},\"potentialAction\":[{\"@type\":\"SearchAction\",\"target\":{\"@type\":\"EntryPoint\",\"urlTemplate\":\"https:\/\/revistaautobus.com.br\/?s={search_term_string}\"},\"query-input\":{\"@type\":\"PropertyValueSpecification\",\"valueRequired\":true,\"valueName\":\"search_term_string\"}}],\"inLanguage\":\"pt-BR\"},{\"@type\":\"Organization\",\"@id\":\"https:\/\/revistaautobus.com.br\/#organization\",\"name\":\"Revista AutoBus\",\"url\":\"https:\/\/revistaautobus.com.br\/\",\"logo\":{\"@type\":\"ImageObject\",\"inLanguage\":\"pt-BR\",\"@id\":\"https:\/\/revistaautobus.com.br\/#\/schema\/logo\/image\/\",\"url\":\"https:\/\/revistaautobus.com.br\/wp-content\/uploads\/2024\/11\/logo_revista_autobus_fb.png\",\"contentUrl\":\"https:\/\/revistaautobus.com.br\/wp-content\/uploads\/2024\/11\/logo_revista_autobus_fb.png\",\"width\":836,\"height\":227,\"caption\":\"Revista AutoBus\"},\"image\":{\"@id\":\"https:\/\/revistaautobus.com.br\/#\/schema\/logo\/image\/\"},\"sameAs\":[\"https:\/\/www.facebook.com\/antonio.ferro.3150\",\"https:\/\/www.instagram.com\/revistaautobus\/\"]},{\"@type\":\"Person\",\"@id\":\"https:\/\/revistaautobus.com.br\/#\/schema\/person\/54af7c3eb83a310e42ef686ef6d16f50\",\"name\":\"Antonio Ferro\",\"image\":{\"@type\":\"ImageObject\",\"inLanguage\":\"pt-BR\",\"@id\":\"https:\/\/revistaautobus.com.br\/wp-content\/uploads\/2025\/12\/editor_antonio_ferro-150x150.jpg\",\"url\":\"https:\/\/revistaautobus.com.br\/wp-content\/uploads\/2025\/12\/editor_antonio_ferro-150x150.jpg\",\"contentUrl\":\"https:\/\/revistaautobus.com.br\/wp-content\/uploads\/2025\/12\/editor_antonio_ferro-150x150.jpg\",\"caption\":\"Antonio Ferro\"},\"description\":\"infobus@uol.com.br\",\"url\":\"https:\/\/revistaautobus.com.br\/?author=2\"}]}<\/script>\n<!-- \/ Yoast SEO plugin. -->","yoast_head_json":{"title":"No Par\u00e1, o transporte com ar-condicionado el\u00e9trico com sustentabilidade - Revista AutoBus","robots":{"index":"index","follow":"follow","max-snippet":"max-snippet:-1","max-image-preview":"max-image-preview:large","max-video-preview":"max-video-preview:-1"},"canonical":"https:\/\/revistaautobus.com.br\/?p=10138","og_locale":"pt_BR","og_type":"article","og_title":"No Par\u00e1, o transporte com ar-condicionado el\u00e9trico com sustentabilidade - Revista AutoBus","og_description":"Tecnologia contribui para reduzir o consumo de combust\u00edvel, com consequente diminui\u00e7\u00e3o das emiss\u00f5es poluentes","og_url":"https:\/\/revistaautobus.com.br\/?p=10138","og_site_name":"Revista AutoBus","article_publisher":"https:\/\/www.facebook.com\/antonio.ferro.3150","article_published_time":"2023-09-29T18:22:55+00:00","article_modified_time":"2023-10-03T23:41:04+00:00","og_image":[{"width":1600,"height":1200,"url":"https:\/\/revistaautobus.com.br\/wp-content\/uploads\/2023\/09\/Imagem-do-WhatsApp-de-2023-09-27-as-12.16.30.jpg","type":"image\/jpeg"}],"author":"Antonio Ferro","twitter_card":"summary_large_image","twitter_misc":{"Escrito por":"Antonio Ferro","Est. tempo de leitura":"2 minutos"},"schema":{"@context":"https:\/\/schema.org","@graph":[{"@type":"Article","@id":"https:\/\/revistaautobus.com.br\/?p=10138#article","isPartOf":{"@id":"https:\/\/revistaautobus.com.br\/?p=10138"},"author":{"name":"Antonio Ferro","@id":"https:\/\/revistaautobus.com.br\/#\/schema\/person\/54af7c3eb83a310e42ef686ef6d16f50"},"headline":"No Par\u00e1, o transporte com ar-condicionado el\u00e9trico com sustentabilidade","datePublished":"2023-09-29T18:22:55+00:00","dateModified":"2023-10-03T23:41:04+00:00","mainEntityOfPage":{"@id":"https:\/\/revistaautobus.com.br\/?p=10138"},"wordCount":463,"commentCount":0,"publisher":{"@id":"https:\/\/revistaautobus.com.br\/#organization"},"image":{"@id":"https:\/\/revistaautobus.com.br\/?p=10138#primaryimage"},"thumbnailUrl":"https:\/\/revistaautobus.com.br\/wp-content\/uploads\/2023\/09\/Imagem-do-WhatsApp-de-2023-09-27-as-12.16.30.jpg","keywords":["Caliman Transportes","Innovaklim"],"articleSection":["Not\u00edcias","Tecnologia"],"inLanguage":"pt-BR","potentialAction":[{"@type":"CommentAction","name":"Comment","target":["https:\/\/revistaautobus.com.br\/?p=10138#respond"]}]},{"@type":"WebPage","@id":"https:\/\/revistaautobus.com.br\/?p=10138","url":"https:\/\/revistaautobus.com.br\/?p=10138","name":"No Par\u00e1, o transporte com ar-condicionado el\u00e9trico com sustentabilidade - Revista AutoBus","isPartOf":{"@id":"https:\/\/revistaautobus.com.br\/#website"},"primaryImageOfPage":{"@id":"https:\/\/revistaautobus.com.br\/?p=10138#primaryimage"},"image":{"@id":"https:\/\/revistaautobus.com.br\/?p=10138#primaryimage"},"thumbnailUrl":"https:\/\/revistaautobus.com.br\/wp-content\/uploads\/2023\/09\/Imagem-do-WhatsApp-de-2023-09-27-as-12.16.30.jpg","datePublished":"2023-09-29T18:22:55+00:00","dateModified":"2023-10-03T23:41:04+00:00","breadcrumb":{"@id":"https:\/\/revistaautobus.com.br\/?p=10138#breadcrumb"},"inLanguage":"pt-BR","potentialAction":[{"@type":"ReadAction","target":["https:\/\/revistaautobus.com.br\/?p=10138"]}]},{"@type":"ImageObject","inLanguage":"pt-BR","@id":"https:\/\/revistaautobus.com.br\/?p=10138#primaryimage","url":"https:\/\/revistaautobus.com.br\/wp-content\/uploads\/2023\/09\/Imagem-do-WhatsApp-de-2023-09-27-as-12.16.30.jpg","contentUrl":"https:\/\/revistaautobus.com.br\/wp-content\/uploads\/2023\/09\/Imagem-do-WhatsApp-de-2023-09-27-as-12.16.30.jpg","width":1600,"height":1200},{"@type":"BreadcrumbList","@id":"https:\/\/revistaautobus.com.br\/?p=10138#breadcrumb","itemListElement":[{"@type":"ListItem","position":1,"name":"In\u00edcio","item":"https:\/\/revistaautobus.com.br\/"},{"@type":"ListItem","position":2,"name":"No Par\u00e1, o transporte com ar-condicionado el\u00e9trico com sustentabilidade"}]},{"@type":"WebSite","@id":"https:\/\/revistaautobus.com.br\/#website","url":"https:\/\/revistaautobus.com.br\/","name":"Revista AutoBus","description":"","publisher":{"@id":"https:\/\/revistaautobus.com.br\/#organization"},"potentialAction":[{"@type":"SearchAction","target":{"@type":"EntryPoint","urlTemplate":"https:\/\/revistaautobus.com.br\/?s={search_term_string}"},"query-input":{"@type":"PropertyValueSpecification","valueRequired":true,"valueName":"search_term_string"}}],"inLanguage":"pt-BR"},{"@type":"Organization","@id":"https:\/\/revistaautobus.com.br\/#organization","name":"Revista AutoBus","url":"https:\/\/revistaautobus.com.br\/","logo":{"@type":"ImageObject","inLanguage":"pt-BR","@id":"https:\/\/revistaautobus.com.br\/#\/schema\/logo\/image\/","url":"https:\/\/revistaautobus.com.br\/wp-content\/uploads\/2024\/11\/logo_revista_autobus_fb.png","contentUrl":"https:\/\/revistaautobus.com.br\/wp-content\/uploads\/2024\/11\/logo_revista_autobus_fb.png","width":836,"height":227,"caption":"Revista AutoBus"},"image":{"@id":"https:\/\/revistaautobus.com.br\/#\/schema\/logo\/image\/"},"sameAs":["https:\/\/www.facebook.com\/antonio.ferro.3150","https:\/\/www.instagram.com\/revistaautobus\/"]},{"@type":"Person","@id":"https:\/\/revistaautobus.com.br\/#\/schema\/person\/54af7c3eb83a310e42ef686ef6d16f50","name":"Antonio Ferro","image":{"@type":"ImageObject","inLanguage":"pt-BR","@id":"https:\/\/revistaautobus.com.br\/wp-content\/uploads\/2025\/12\/editor_antonio_ferro-150x150.jpg","url":"https:\/\/revistaautobus.com.br\/wp-content\/uploads\/2025\/12\/editor_antonio_ferro-150x150.jpg","contentUrl":"https:\/\/revistaautobus.com.br\/wp-content\/uploads\/2025\/12\/editor_antonio_ferro-150x150.jpg","caption":"Antonio Ferro"},"description":"infobus@uol.com.br","url":"https:\/\/revistaautobus.com.br\/?author=2"}]}},"jetpack_featured_media_url":"https:\/\/revistaautobus.com.br\/wp-content\/uploads\/2023\/09\/Imagem-do-WhatsApp-de-2023-09-27-as-12.16.30.jpg","jetpack_sharing_enabled":true,"_links":{"self":[{"href":"https:\/\/revistaautobus.com.br\/index.php?rest_route=\/wp\/v2\/posts\/10138","targetHints":{"allow":["GET"]}}],"collection":[{"href":"https:\/\/revistaautobus.com.br\/index.php?rest_route=\/wp\/v2\/posts"}],"about":[{"href":"https:\/\/revistaautobus.com.br\/index.php?rest_route=\/wp\/v2\/types\/post"}],"author":[{"embeddable":true,"href":"https:\/\/revistaautobus.com.br\/index.php?rest_route=\/wp\/v2\/users\/2"}],"replies":[{"embeddable":true,"href":"https:\/\/revistaautobus.com.br\/index.php?rest_route=%2Fwp%2Fv2%2Fcomments&post=10138"}],"version-history":[{"count":5,"href":"https:\/\/revistaautobus.com.br\/index.php?rest_route=\/wp\/v2\/posts\/10138\/revisions"}],"predecessor-version":[{"id":10162,"href":"https:\/\/revistaautobus.com.br\/index.php?rest_route=\/wp\/v2\/posts\/10138\/revisions\/10162"}],"wp:featuredmedia":[{"embeddable":true,"href":"https:\/\/revistaautobus.com.br\/index.php?rest_route=\/wp\/v2\/media\/10139"}],"wp:attachment":[{"href":"https:\/\/revistaautobus.com.br\/index.php?rest_route=%2Fwp%2Fv2%2Fmedia&parent=10138"}],"wp:term":[{"taxonomy":"category","embeddable":true,"href":"https:\/\/revistaautobus.com.br\/index.php?rest_route=%2Fwp%2Fv2%2Fcategories&post=10138"},{"taxonomy":"post_tag","embeddable":true,"href":"https:\/\/revistaautobus.com.br\/index.php?rest_route=%2Fwp%2Fv2%2Ftags&post=10138"}],"curies":[{"name":"wp","href":"https:\/\/api.w.org\/{rel}","templated":true}]}}