{"id":10185,"date":"2023-10-10T11:39:05","date_gmt":"2023-10-10T14:39:05","guid":{"rendered":"https:\/\/revistaautobus.com.br\/?p=10185"},"modified":"2023-10-10T11:39:05","modified_gmt":"2023-10-10T14:39:05","slug":"mercedes-benz-vende-suas-primeiras-unidades-de-seu-chassi-com-tracao-eletrica","status":"publish","type":"post","link":"https:\/\/revistaautobus.com.br\/?p=10185","title":{"rendered":"Mercedes-Benz vende suas primeiras unidades de seu chassi com tra\u00e7\u00e3o el\u00e9trica"},"content":{"rendered":"<p>O modelo eO500U, chassi desenvolvido h\u00e1 pouco tempo no Brasil pela Mercedes-Benz, j\u00e1 colhe o seu sucesso em virtude de toda a tecnologia embarcada com o DNA da montadora. A fabricante anunciou, recentemente, a venda das primeiras 50 unidades para a cidade de S\u00e3o Paulo, sendo 40 unidades para a operadora Metr\u00f3pole Paulista, oito para a MobiBrasil e duas para a Samba\u00edba. Os ve\u00edculos dever\u00e3o entrar em opera\u00e7\u00e3o no in\u00edcio do pr\u00f3ximo ano.<\/p>\n<p>De acordo com a Mercedes-Benz, a sinergia com os seus clientes foi fundamental na concretiza\u00e7\u00e3o desse neg\u00f3cio. A Via\u00e7\u00e3o Metr\u00f3pole Paulista realizou testes com o eO500U num percurso pelas vias da cidade em meio ao tr\u00e1fego. \u201cOs testes demonstraram a efici\u00eancia do \u00f4nibus el\u00e9trico Mercedes-Benz na nossa opera\u00e7\u00e3o. Receberemos as primeiras 40 unidades e assim que essa frota entrar em circula\u00e7\u00e3o, poderemos atestar, na pr\u00e1tica di\u00e1ria, os atributos e diferenciais do produto. A expectativa \u00e9 muito positiva com rela\u00e7\u00e3o a essa nova solu\u00e7\u00e3o oferecida pela Mercedes-Benz, marca com forte presen\u00e7a na nossa frota\u201d, observou Roberto Abreu.<\/p>\n<p>J\u00e1 a MobiBrasil, empresa que conta com cerca de 560 \u00f4nibus em sua frota, quase a totalidade Mercedes-Benz da linha O 500, entre Padron, articulados e superarticulados, revelou que a expectativa da chegada desse modelo de \u00f4nibus \u00e9 grande, tanto em tecnologia, quanto em autonomia. \u201cTemos confian\u00e7a plena na Mercedes-Benz. Esses novos ve\u00edculos entrar\u00e3o em opera\u00e7\u00e3o no in\u00edcio de 2024, come\u00e7ando pelas linhas mais curtas para os ajustes finais e adapta\u00e7\u00e3o dos motoristas, como tamb\u00e9m do pessoal de manuten\u00e7\u00e3o. Ali\u00e1s, a ideia \u00e9 que as mulheres sejam as primeiras a conduzir os nossos \u00f4nibus el\u00e9tricos\u201d, disse Manoel Marinho, diretor-executivo da empresa.<\/p>\n<p>Para Achim Puchert, presidente da Mercedes-Benz do Brasil &amp; CEO Am\u00e9rica Latina, a entrega desse expressivo volume de \u00f4nibus el\u00e9tricos, representa o novo marco de progresso na entrada da montadora na era da eletromobilidade no Pa\u00eds. \u201c\u00c9 muito significativo o fato de come\u00e7armos essa jornada por S\u00e3o Paulo, a maior cidade do Pa\u00eds e da Am\u00e9rica Latina, que utiliza fortemente os \u00f4nibus em seu sistema de transporte coletivo. Assim como a prefeitura local e nossos clientes, n\u00f3s tamb\u00e9m temos o compromisso de buscar solu\u00e7\u00f5es de descarboniza\u00e7\u00e3o no transporte, contribuindo para a melhor qualidade do ar e a preserva\u00e7\u00e3o ambiental\u201d, ressaltou.<\/p>\n<p>O respectivo chassi foi mostrado, pela primeira vez, em um evento de grande porte internacional, na Busworld 2023, salientando que o Brasil tem sim capacidade de produzir os melhores ve\u00edculos, como tamb\u00e9m as tecnologias essenciais para a redu\u00e7\u00e3o das emiss\u00f5es poluentes vindas do sistema de transporte.<\/p>\n<p>Para consolidar o seu sistema FleetBus, solu\u00e7\u00e3o exclusiva de telemetria e conectividade, visando a gest\u00e3o de frota das empresas de \u00f4nibus, a marca anunciou que passa a oferecer esse recurso dentro da sua plataforma de eletrifica\u00e7\u00e3o. Segundo a empresa, esse servi\u00e7o 4.0 permite ampla diversidade de an\u00e1lises de desempenho dos \u00f4nibus e de manuten\u00e7\u00f5es preventivas e preditivas, diminuindo o risco de paradas n\u00e3o programadas, assegurando economia no consumo energ\u00e9tico, seja o diesel ou a eletricidade, bem como redu\u00e7\u00e3o de custos operacionais e do TCO.<\/p>\n<p>Imagem &#8211; Divulga\u00e7\u00e3o<\/p>\n","protected":false},"excerpt":{"rendered":"<p>A capital paulista ser\u00e1 a vitrine operacional do novo modelo de chassi com tra\u00e7\u00e3o el\u00e9trica da marca<\/p>\n","protected":false},"author":2,"featured_media":10186,"comment_status":"open","ping_status":"open","sticky":false,"template":"","format":"standard","meta":{"_et_pb_use_builder":"","_et_pb_old_content":"","_et_gb_content_width":"","_jetpack_memberships_contains_paid_content":false,"footnotes":""},"categories":[5,562,10,526],"tags":[594,125],"class_list":["post-10185","post","type-post","status-publish","format-standard","has-post-thumbnail","hentry","category-conexao-mobilidade","category-eletrificacao","category-montadoras","category-onibus-eletrico","tag-eo500u","tag-mercedes-benz-onibus","et-has-post-format-content","et_post_format-et-post-format-standard"],"yoast_head":"<!-- This site is optimized with the Yoast SEO plugin v27.2 - https:\/\/yoast.com\/product\/yoast-seo-wordpress\/ -->\n<title>Mercedes-Benz vende suas primeiras unidades de seu chassi com tra\u00e7\u00e3o el\u00e9trica - Revista AutoBus<\/title>\n<meta name=\"robots\" content=\"index, follow, max-snippet:-1, max-image-preview:large, max-video-preview:-1\" \/>\n<link rel=\"canonical\" href=\"https:\/\/revistaautobus.com.br\/?p=10185\" \/>\n<meta property=\"og:locale\" content=\"pt_BR\" \/>\n<meta property=\"og:type\" content=\"article\" \/>\n<meta property=\"og:title\" content=\"Mercedes-Benz vende suas primeiras unidades de seu chassi com tra\u00e7\u00e3o el\u00e9trica - Revista AutoBus\" \/>\n<meta property=\"og:description\" content=\"A capital paulista ser\u00e1 a vitrine operacional do novo modelo de chassi com tra\u00e7\u00e3o el\u00e9trica da marca\" \/>\n<meta property=\"og:url\" content=\"https:\/\/revistaautobus.com.br\/?p=10185\" \/>\n<meta property=\"og:site_name\" content=\"Revista AutoBus\" \/>\n<meta property=\"article:publisher\" content=\"https:\/\/www.facebook.com\/antonio.ferro.3150\" \/>\n<meta property=\"article:published_time\" content=\"2023-10-10T14:39:05+00:00\" \/>\n<meta property=\"og:image\" content=\"https:\/\/revistaautobus.com.br\/wp-content\/uploads\/2023\/10\/MB-eletrico-SP.jpg\" \/>\n\t<meta property=\"og:image:width\" content=\"1000\" \/>\n\t<meta property=\"og:image:height\" content=\"666\" \/>\n\t<meta property=\"og:image:type\" content=\"image\/jpeg\" \/>\n<meta name=\"author\" content=\"Antonio Ferro\" \/>\n<meta name=\"twitter:card\" content=\"summary_large_image\" \/>\n<meta name=\"twitter:label1\" content=\"Escrito por\" \/>\n\t<meta name=\"twitter:data1\" content=\"Antonio Ferro\" \/>\n\t<meta name=\"twitter:label2\" content=\"Est. tempo de leitura\" \/>\n\t<meta name=\"twitter:data2\" content=\"3 minutos\" \/>\n<script type=\"application\/ld+json\" class=\"yoast-schema-graph\">{\"@context\":\"https:\/\/schema.org\",\"@graph\":[{\"@type\":\"Article\",\"@id\":\"https:\/\/revistaautobus.com.br\/?p=10185#article\",\"isPartOf\":{\"@id\":\"https:\/\/revistaautobus.com.br\/?p=10185\"},\"author\":{\"name\":\"Antonio Ferro\",\"@id\":\"https:\/\/revistaautobus.com.br\/#\/schema\/person\/54af7c3eb83a310e42ef686ef6d16f50\"},\"headline\":\"Mercedes-Benz vende suas primeiras unidades de seu chassi com tra\u00e7\u00e3o el\u00e9trica\",\"datePublished\":\"2023-10-10T14:39:05+00:00\",\"mainEntityOfPage\":{\"@id\":\"https:\/\/revistaautobus.com.br\/?p=10185\"},\"wordCount\":565,\"commentCount\":0,\"publisher\":{\"@id\":\"https:\/\/revistaautobus.com.br\/#organization\"},\"image\":{\"@id\":\"https:\/\/revistaautobus.com.br\/?p=10185#primaryimage\"},\"thumbnailUrl\":\"https:\/\/revistaautobus.com.br\/wp-content\/uploads\/2023\/10\/MB-eletrico-SP.jpg\",\"keywords\":[\"eO500U\",\"mercedes-benz \u00f4nibus\"],\"articleSection\":[\"Conex\u00e3o Mobilidade\",\"Eletrifica\u00e7\u00e3o\",\"Montadoras\",\"\u00d4nibus el\u00e9trico\"],\"inLanguage\":\"pt-BR\",\"potentialAction\":[{\"@type\":\"CommentAction\",\"name\":\"Comment\",\"target\":[\"https:\/\/revistaautobus.com.br\/?p=10185#respond\"]}]},{\"@type\":\"WebPage\",\"@id\":\"https:\/\/revistaautobus.com.br\/?p=10185\",\"url\":\"https:\/\/revistaautobus.com.br\/?p=10185\",\"name\":\"Mercedes-Benz vende suas primeiras unidades de seu chassi com tra\u00e7\u00e3o el\u00e9trica - Revista AutoBus\",\"isPartOf\":{\"@id\":\"https:\/\/revistaautobus.com.br\/#website\"},\"primaryImageOfPage\":{\"@id\":\"https:\/\/revistaautobus.com.br\/?p=10185#primaryimage\"},\"image\":{\"@id\":\"https:\/\/revistaautobus.com.br\/?p=10185#primaryimage\"},\"thumbnailUrl\":\"https:\/\/revistaautobus.com.br\/wp-content\/uploads\/2023\/10\/MB-eletrico-SP.jpg\",\"datePublished\":\"2023-10-10T14:39:05+00:00\",\"breadcrumb\":{\"@id\":\"https:\/\/revistaautobus.com.br\/?p=10185#breadcrumb\"},\"inLanguage\":\"pt-BR\",\"potentialAction\":[{\"@type\":\"ReadAction\",\"target\":[\"https:\/\/revistaautobus.com.br\/?p=10185\"]}]},{\"@type\":\"ImageObject\",\"inLanguage\":\"pt-BR\",\"@id\":\"https:\/\/revistaautobus.com.br\/?p=10185#primaryimage\",\"url\":\"https:\/\/revistaautobus.com.br\/wp-content\/uploads\/2023\/10\/MB-eletrico-SP.jpg\",\"contentUrl\":\"https:\/\/revistaautobus.com.br\/wp-content\/uploads\/2023\/10\/MB-eletrico-SP.jpg\",\"width\":1000,\"height\":666},{\"@type\":\"BreadcrumbList\",\"@id\":\"https:\/\/revistaautobus.com.br\/?p=10185#breadcrumb\",\"itemListElement\":[{\"@type\":\"ListItem\",\"position\":1,\"name\":\"In\u00edcio\",\"item\":\"https:\/\/revistaautobus.com.br\/\"},{\"@type\":\"ListItem\",\"position\":2,\"name\":\"Mercedes-Benz vende suas primeiras unidades de seu chassi com tra\u00e7\u00e3o el\u00e9trica\"}]},{\"@type\":\"WebSite\",\"@id\":\"https:\/\/revistaautobus.com.br\/#website\",\"url\":\"https:\/\/revistaautobus.com.br\/\",\"name\":\"Revista AutoBus\",\"description\":\"\",\"publisher\":{\"@id\":\"https:\/\/revistaautobus.com.br\/#organization\"},\"potentialAction\":[{\"@type\":\"SearchAction\",\"target\":{\"@type\":\"EntryPoint\",\"urlTemplate\":\"https:\/\/revistaautobus.com.br\/?s={search_term_string}\"},\"query-input\":{\"@type\":\"PropertyValueSpecification\",\"valueRequired\":true,\"valueName\":\"search_term_string\"}}],\"inLanguage\":\"pt-BR\"},{\"@type\":\"Organization\",\"@id\":\"https:\/\/revistaautobus.com.br\/#organization\",\"name\":\"Revista AutoBus\",\"url\":\"https:\/\/revistaautobus.com.br\/\",\"logo\":{\"@type\":\"ImageObject\",\"inLanguage\":\"pt-BR\",\"@id\":\"https:\/\/revistaautobus.com.br\/#\/schema\/logo\/image\/\",\"url\":\"https:\/\/revistaautobus.com.br\/wp-content\/uploads\/2024\/11\/logo_revista_autobus_fb.png\",\"contentUrl\":\"https:\/\/revistaautobus.com.br\/wp-content\/uploads\/2024\/11\/logo_revista_autobus_fb.png\",\"width\":836,\"height\":227,\"caption\":\"Revista AutoBus\"},\"image\":{\"@id\":\"https:\/\/revistaautobus.com.br\/#\/schema\/logo\/image\/\"},\"sameAs\":[\"https:\/\/www.facebook.com\/antonio.ferro.3150\",\"https:\/\/www.instagram.com\/revistaautobus\/\"]},{\"@type\":\"Person\",\"@id\":\"https:\/\/revistaautobus.com.br\/#\/schema\/person\/54af7c3eb83a310e42ef686ef6d16f50\",\"name\":\"Antonio Ferro\",\"image\":{\"@type\":\"ImageObject\",\"inLanguage\":\"pt-BR\",\"@id\":\"https:\/\/revistaautobus.com.br\/wp-content\/uploads\/2025\/12\/editor_antonio_ferro-150x150.jpg\",\"url\":\"https:\/\/revistaautobus.com.br\/wp-content\/uploads\/2025\/12\/editor_antonio_ferro-150x150.jpg\",\"contentUrl\":\"https:\/\/revistaautobus.com.br\/wp-content\/uploads\/2025\/12\/editor_antonio_ferro-150x150.jpg\",\"caption\":\"Antonio Ferro\"},\"description\":\"infobus@uol.com.br\",\"url\":\"https:\/\/revistaautobus.com.br\/?author=2\"}]}<\/script>\n<!-- \/ Yoast SEO plugin. -->","yoast_head_json":{"title":"Mercedes-Benz vende suas primeiras unidades de seu chassi com tra\u00e7\u00e3o el\u00e9trica - Revista AutoBus","robots":{"index":"index","follow":"follow","max-snippet":"max-snippet:-1","max-image-preview":"max-image-preview:large","max-video-preview":"max-video-preview:-1"},"canonical":"https:\/\/revistaautobus.com.br\/?p=10185","og_locale":"pt_BR","og_type":"article","og_title":"Mercedes-Benz vende suas primeiras unidades de seu chassi com tra\u00e7\u00e3o el\u00e9trica - Revista AutoBus","og_description":"A capital paulista ser\u00e1 a vitrine operacional do novo modelo de chassi com tra\u00e7\u00e3o el\u00e9trica da marca","og_url":"https:\/\/revistaautobus.com.br\/?p=10185","og_site_name":"Revista AutoBus","article_publisher":"https:\/\/www.facebook.com\/antonio.ferro.3150","article_published_time":"2023-10-10T14:39:05+00:00","og_image":[{"width":1000,"height":666,"url":"https:\/\/revistaautobus.com.br\/wp-content\/uploads\/2023\/10\/MB-eletrico-SP.jpg","type":"image\/jpeg"}],"author":"Antonio Ferro","twitter_card":"summary_large_image","twitter_misc":{"Escrito por":"Antonio Ferro","Est. tempo de leitura":"3 minutos"},"schema":{"@context":"https:\/\/schema.org","@graph":[{"@type":"Article","@id":"https:\/\/revistaautobus.com.br\/?p=10185#article","isPartOf":{"@id":"https:\/\/revistaautobus.com.br\/?p=10185"},"author":{"name":"Antonio Ferro","@id":"https:\/\/revistaautobus.com.br\/#\/schema\/person\/54af7c3eb83a310e42ef686ef6d16f50"},"headline":"Mercedes-Benz vende suas primeiras unidades de seu chassi com tra\u00e7\u00e3o el\u00e9trica","datePublished":"2023-10-10T14:39:05+00:00","mainEntityOfPage":{"@id":"https:\/\/revistaautobus.com.br\/?p=10185"},"wordCount":565,"commentCount":0,"publisher":{"@id":"https:\/\/revistaautobus.com.br\/#organization"},"image":{"@id":"https:\/\/revistaautobus.com.br\/?p=10185#primaryimage"},"thumbnailUrl":"https:\/\/revistaautobus.com.br\/wp-content\/uploads\/2023\/10\/MB-eletrico-SP.jpg","keywords":["eO500U","mercedes-benz \u00f4nibus"],"articleSection":["Conex\u00e3o Mobilidade","Eletrifica\u00e7\u00e3o","Montadoras","\u00d4nibus el\u00e9trico"],"inLanguage":"pt-BR","potentialAction":[{"@type":"CommentAction","name":"Comment","target":["https:\/\/revistaautobus.com.br\/?p=10185#respond"]}]},{"@type":"WebPage","@id":"https:\/\/revistaautobus.com.br\/?p=10185","url":"https:\/\/revistaautobus.com.br\/?p=10185","name":"Mercedes-Benz vende suas primeiras unidades de seu chassi com tra\u00e7\u00e3o el\u00e9trica - Revista AutoBus","isPartOf":{"@id":"https:\/\/revistaautobus.com.br\/#website"},"primaryImageOfPage":{"@id":"https:\/\/revistaautobus.com.br\/?p=10185#primaryimage"},"image":{"@id":"https:\/\/revistaautobus.com.br\/?p=10185#primaryimage"},"thumbnailUrl":"https:\/\/revistaautobus.com.br\/wp-content\/uploads\/2023\/10\/MB-eletrico-SP.jpg","datePublished":"2023-10-10T14:39:05+00:00","breadcrumb":{"@id":"https:\/\/revistaautobus.com.br\/?p=10185#breadcrumb"},"inLanguage":"pt-BR","potentialAction":[{"@type":"ReadAction","target":["https:\/\/revistaautobus.com.br\/?p=10185"]}]},{"@type":"ImageObject","inLanguage":"pt-BR","@id":"https:\/\/revistaautobus.com.br\/?p=10185#primaryimage","url":"https:\/\/revistaautobus.com.br\/wp-content\/uploads\/2023\/10\/MB-eletrico-SP.jpg","contentUrl":"https:\/\/revistaautobus.com.br\/wp-content\/uploads\/2023\/10\/MB-eletrico-SP.jpg","width":1000,"height":666},{"@type":"BreadcrumbList","@id":"https:\/\/revistaautobus.com.br\/?p=10185#breadcrumb","itemListElement":[{"@type":"ListItem","position":1,"name":"In\u00edcio","item":"https:\/\/revistaautobus.com.br\/"},{"@type":"ListItem","position":2,"name":"Mercedes-Benz vende suas primeiras unidades de seu chassi com tra\u00e7\u00e3o el\u00e9trica"}]},{"@type":"WebSite","@id":"https:\/\/revistaautobus.com.br\/#website","url":"https:\/\/revistaautobus.com.br\/","name":"Revista AutoBus","description":"","publisher":{"@id":"https:\/\/revistaautobus.com.br\/#organization"},"potentialAction":[{"@type":"SearchAction","target":{"@type":"EntryPoint","urlTemplate":"https:\/\/revistaautobus.com.br\/?s={search_term_string}"},"query-input":{"@type":"PropertyValueSpecification","valueRequired":true,"valueName":"search_term_string"}}],"inLanguage":"pt-BR"},{"@type":"Organization","@id":"https:\/\/revistaautobus.com.br\/#organization","name":"Revista AutoBus","url":"https:\/\/revistaautobus.com.br\/","logo":{"@type":"ImageObject","inLanguage":"pt-BR","@id":"https:\/\/revistaautobus.com.br\/#\/schema\/logo\/image\/","url":"https:\/\/revistaautobus.com.br\/wp-content\/uploads\/2024\/11\/logo_revista_autobus_fb.png","contentUrl":"https:\/\/revistaautobus.com.br\/wp-content\/uploads\/2024\/11\/logo_revista_autobus_fb.png","width":836,"height":227,"caption":"Revista AutoBus"},"image":{"@id":"https:\/\/revistaautobus.com.br\/#\/schema\/logo\/image\/"},"sameAs":["https:\/\/www.facebook.com\/antonio.ferro.3150","https:\/\/www.instagram.com\/revistaautobus\/"]},{"@type":"Person","@id":"https:\/\/revistaautobus.com.br\/#\/schema\/person\/54af7c3eb83a310e42ef686ef6d16f50","name":"Antonio Ferro","image":{"@type":"ImageObject","inLanguage":"pt-BR","@id":"https:\/\/revistaautobus.com.br\/wp-content\/uploads\/2025\/12\/editor_antonio_ferro-150x150.jpg","url":"https:\/\/revistaautobus.com.br\/wp-content\/uploads\/2025\/12\/editor_antonio_ferro-150x150.jpg","contentUrl":"https:\/\/revistaautobus.com.br\/wp-content\/uploads\/2025\/12\/editor_antonio_ferro-150x150.jpg","caption":"Antonio Ferro"},"description":"infobus@uol.com.br","url":"https:\/\/revistaautobus.com.br\/?author=2"}]}},"jetpack_featured_media_url":"https:\/\/revistaautobus.com.br\/wp-content\/uploads\/2023\/10\/MB-eletrico-SP.jpg","jetpack_sharing_enabled":true,"_links":{"self":[{"href":"https:\/\/revistaautobus.com.br\/index.php?rest_route=\/wp\/v2\/posts\/10185","targetHints":{"allow":["GET"]}}],"collection":[{"href":"https:\/\/revistaautobus.com.br\/index.php?rest_route=\/wp\/v2\/posts"}],"about":[{"href":"https:\/\/revistaautobus.com.br\/index.php?rest_route=\/wp\/v2\/types\/post"}],"author":[{"embeddable":true,"href":"https:\/\/revistaautobus.com.br\/index.php?rest_route=\/wp\/v2\/users\/2"}],"replies":[{"embeddable":true,"href":"https:\/\/revistaautobus.com.br\/index.php?rest_route=%2Fwp%2Fv2%2Fcomments&post=10185"}],"version-history":[{"count":3,"href":"https:\/\/revistaautobus.com.br\/index.php?rest_route=\/wp\/v2\/posts\/10185\/revisions"}],"predecessor-version":[{"id":10189,"href":"https:\/\/revistaautobus.com.br\/index.php?rest_route=\/wp\/v2\/posts\/10185\/revisions\/10189"}],"wp:featuredmedia":[{"embeddable":true,"href":"https:\/\/revistaautobus.com.br\/index.php?rest_route=\/wp\/v2\/media\/10186"}],"wp:attachment":[{"href":"https:\/\/revistaautobus.com.br\/index.php?rest_route=%2Fwp%2Fv2%2Fmedia&parent=10185"}],"wp:term":[{"taxonomy":"category","embeddable":true,"href":"https:\/\/revistaautobus.com.br\/index.php?rest_route=%2Fwp%2Fv2%2Fcategories&post=10185"},{"taxonomy":"post_tag","embeddable":true,"href":"https:\/\/revistaautobus.com.br\/index.php?rest_route=%2Fwp%2Fv2%2Ftags&post=10185"}],"curies":[{"name":"wp","href":"https:\/\/api.w.org\/{rel}","templated":true}]}}