{"id":10190,"date":"2023-10-10T13:02:15","date_gmt":"2023-10-10T16:02:15","guid":{"rendered":"https:\/\/revistaautobus.com.br\/?p=10190"},"modified":"2023-10-11T13:43:34","modified_gmt":"2023-10-11T16:43:34","slug":"o-admiravel-mundo-do-onibus","status":"publish","type":"post","link":"https:\/\/revistaautobus.com.br\/?p=10190","title":{"rendered":"O admir\u00e1vel mundo do \u00f4nibus"},"content":{"rendered":"<p>Quem participa da maior feira mundial de \u00f4nibus, constata, j\u00e1 na chegada, o porte do evento, de tamanho excepcional, em um espa\u00e7o onde todas (ou quase) empresas relacionadas com a produ\u00e7\u00e3o do ve\u00edculo, de seus componentes e tecnologia se esfor\u00e7am para estarem presentes, afinal, operadores, especialistas, gestores e admiradores de todas as localidades de nosso Planeta olham com muita aten\u00e7\u00e3o as inova\u00e7\u00f5es esperadas e apresentadas.<\/p>\n<p>Para quem fez a sua estreia nessa mostra, como n\u00f3s, da revista AutoBus, a convite da Mercedes-Benz, e o pr\u00f3prio chassi el\u00e9trico eO500U e sua configura\u00e7\u00e3o inovadora, a percep\u00e7\u00e3o causada foi a de satisfa\u00e7\u00e3o e surpresa em estar perto das novidades para poder contemplar os mais variados produtos e as in\u00fameras solu\u00e7\u00f5es tecnol\u00f3gicas, permitindo, assim, ampliar o conhecimento e, at\u00e9 promover uma certa de troca de experi\u00eancia.<\/p>\n<p>Ao percorrer todos os pavilh\u00f5es e seus in\u00fameros estandes, o que foi visto d\u00e1 uma no\u00e7\u00e3o do est\u00e1gio de evolu\u00e7\u00e3o da ind\u00fastria mundial do \u00f4nibus, que por sinal, est\u00e1 bem antenada com as necessidades do setor, principalmente quando se fala em rentabilidade, desempenho e sustentabilidade. Neste momento, o principal assunto ressaltado tem a ver com os modelos de tra\u00e7\u00f5es limpas, adequados \u00e0 atender os nichos urbanos e rodovi\u00e1rios. Contudo, na esteira do meio ambiente, h\u00e1 outros temas que foram destacados, como os debates que giraram em torno da necessidade de se aumentar a infraestrutura essencial para o abastecimento energ\u00e9tico dos ve\u00edculos, por interm\u00e9dio de pol\u00edticas p\u00fablicas visando o investimento, o financiamento e o uso da eletricidade e de outras formas de combust\u00edveis, como o hidrog\u00eanio, por exemplo.<\/p>\n<p>Quanto aos ve\u00edculos, os modelos urbanos com tra\u00e7\u00e3o el\u00e9trica (a baterias) confirmaram que seus desenvolvimentos andam a todo vapor ou melhor, a toda energia, haja vista os mais variados projetos, as configura\u00e7\u00f5es e novos modelos de baterias, com maior densidade energ\u00e9tica, possibilitando o aumento da autonomia operacional. Nesse contexto, grandes nomes da ind\u00fastria europeia, como Daimler Buses, Solaris, Scania, Van Hool, VDL, dentre outros, n\u00e3o pouparam esfor\u00e7os em mostrar que n\u00e3o est\u00e3o para brincadeiras quanto ao tema da eletrifica\u00e7\u00e3o, seguindo a tend\u00eancia de alta de comercializa\u00e7\u00e3o desse tipo de ve\u00edculo nos pr\u00f3ximos anos no respectivo continente.<\/p>\n<div id=\"attachment_10191\" style=\"width: 1010px\" class=\"wp-caption aligncenter\"><img loading=\"lazy\" decoding=\"async\" aria-describedby=\"caption-attachment-10191\" class=\"wp-image-10191 size-full\" src=\"https:\/\/revistaautobus.com.br\/wp-content\/uploads\/2023\/10\/IMG_20231006_093508273.jpg\" alt=\"\" width=\"1000\" height=\"750\" srcset=\"https:\/\/revistaautobus.com.br\/wp-content\/uploads\/2023\/10\/IMG_20231006_093508273.jpg 1000w, https:\/\/revistaautobus.com.br\/wp-content\/uploads\/2023\/10\/IMG_20231006_093508273-300x225.jpg 300w, https:\/\/revistaautobus.com.br\/wp-content\/uploads\/2023\/10\/IMG_20231006_093508273-768x576.jpg 768w\" sizes=\"(max-width: 1000px) 100vw, 1000px\" \/><p id=\"caption-attachment-10191\" class=\"wp-caption-text\"><span style=\"color: #339966;\"><em><strong>Conceito el\u00e9trico da Daimler Buses, com o seu eCitaro. Ele utiliza, al\u00e9m do motor el\u00e9trico e das tradicionais baterias, c\u00e9lulas a combust\u00edvel com hidrog\u00eanio. Isso permite o aumento da autonomia, sem a necessidade de recargas el\u00e9tricas entre as opera\u00e7\u00f5es<\/strong><\/em><\/span><\/p><\/div>\n<p>As muitas marcas chinesas que estavam na mostra salientaram, cada qual com sua tecnologia, o melhor desempenho, gest\u00e3o e monitoramento, como, tamb\u00e9m, de densidade energ\u00e9tica. Ao olharmos para um mercado seletivo, que \u00e9 o do primeiro mundo, podemos entender que as propostas das Sinos fabricantes est\u00e3o muito evolu\u00eddas para se enquadrarem aos aspectos europeus, com as suas caracter\u00edsticas operacionais \u00edmpares, bem diferentes do mercado latino-americano, por exemplo.<\/p>\n<p>Ainda, na mesma linha da propuls\u00e3o feita pela eletricidade, as c\u00e9lulas a combust\u00edvel, tecnologia que utiliza o hidrog\u00eanio como agente de transforma\u00e7\u00e3o energ\u00e9tica, vem, no decorrer dos anos, mostrando ser uma op\u00e7\u00e3o alternativa que se mostra positiva para responder uma quest\u00e3o fundamental na opera\u00e7\u00e3o \u2013 a autonomia, tanto pelo lado urbano, como no estradeiro.<\/p>\n<p>Em linhas gerais, o \u00f4nibus equipado com c\u00e9lulas a combust\u00edvel pode ter menor quantidade de baterias embarcadas, pois o hidrog\u00eanio (acomodado em tanques), ap\u00f3s sofrer o processo eletroqu\u00edmico, se transforma em energia el\u00e9trica, num ciclo constante, capaz de atender \u00e0 todas as fun\u00e7\u00f5es do ve\u00edculo, inclusive a tra\u00e7\u00e3o.<\/p>\n<div id=\"attachment_10192\" style=\"width: 1034px\" class=\"wp-caption alignnone\"><img loading=\"lazy\" decoding=\"async\" aria-describedby=\"caption-attachment-10192\" class=\"wp-image-10192 size-large\" src=\"https:\/\/revistaautobus.com.br\/wp-content\/uploads\/2023\/10\/Urbanos-Busworld-2023-1024x380.jpg\" alt=\"\" width=\"1024\" height=\"380\" srcset=\"https:\/\/revistaautobus.com.br\/wp-content\/uploads\/2023\/10\/Urbanos-Busworld-2023-1024x380.jpg 1024w, https:\/\/revistaautobus.com.br\/wp-content\/uploads\/2023\/10\/Urbanos-Busworld-2023-300x111.jpg 300w, https:\/\/revistaautobus.com.br\/wp-content\/uploads\/2023\/10\/Urbanos-Busworld-2023-768x285.jpg 768w, https:\/\/revistaautobus.com.br\/wp-content\/uploads\/2023\/10\/Urbanos-Busworld-2023-1536x570.jpg 1536w, https:\/\/revistaautobus.com.br\/wp-content\/uploads\/2023\/10\/Urbanos-Busworld-2023-2048x760.jpg 2048w, https:\/\/revistaautobus.com.br\/wp-content\/uploads\/2023\/10\/Urbanos-Busworld-2023-1080x401.jpg 1080w\" sizes=\"(max-width: 1024px) 100vw, 1024px\" \/><p id=\"caption-attachment-10192\" class=\"wp-caption-text\"><span style=\"color: #339966;\"><strong><em>Vers\u00f5es de \u00f4nibus urbanos totalmente el\u00e9tricos para, al\u00e9m de qualificar os sistemas, reduzir o impacto negativo causado pela polui\u00e7\u00e3o no ambiente das cidades<\/em><\/strong><\/span><\/p><\/div>\n<p>Na feira realizada em Bruxelas, essa segunda tecnologia foi salientada por algumas das mais importantes fabricantes do cen\u00e1rio europeu \u2013 Mercedes-Benz (veja em reportagem exclusiva), Irizar e Caetano\/Temsa, Iveco, Solaris, dentre outras. Para essas empresas, seus desenvolvimentos foram expostos com o objetivo de mostrar, na pr\u00e1tica, o valor da entrega quando se \u00e9 desafiado a imprimir solu\u00e7\u00f5es de alcance eficaz.<\/p>\n<p>E, tamb\u00e9m, seguindo o passo da descarboniza\u00e7\u00e3o, o motor de combust\u00e3o movido com hidrog\u00eanio l\u00edquido e o modelo a g\u00e1s natural\/biometano, ganharam mostras ao proporcionar suas caracter\u00edsticas de baixa ou nenhuma emiss\u00e3o poluente emitida. No evento, mesmo que n\u00e3o estavam em posi\u00e7\u00e3o de alta visibilidade, assim como o correu com as outras competidoras, algumas marcas apostaram em seus conceitos j\u00e1 poss\u00edveis no mercado.<\/p>\n<div id=\"attachment_10193\" style=\"width: 1034px\" class=\"wp-caption aligncenter\"><img loading=\"lazy\" decoding=\"async\" aria-describedby=\"caption-attachment-10193\" class=\"wp-image-10193 size-large\" src=\"https:\/\/revistaautobus.com.br\/wp-content\/uploads\/2023\/10\/Paradiso-1800-1024x414.jpg\" alt=\"\" width=\"1024\" height=\"414\" srcset=\"https:\/\/revistaautobus.com.br\/wp-content\/uploads\/2023\/10\/Paradiso-1800-1024x414.jpg 1024w, https:\/\/revistaautobus.com.br\/wp-content\/uploads\/2023\/10\/Paradiso-1800-300x121.jpg 300w, https:\/\/revistaautobus.com.br\/wp-content\/uploads\/2023\/10\/Paradiso-1800-768x310.jpg 768w, https:\/\/revistaautobus.com.br\/wp-content\/uploads\/2023\/10\/Paradiso-1800-1536x621.jpg 1536w, https:\/\/revistaautobus.com.br\/wp-content\/uploads\/2023\/10\/Paradiso-1800-2048x828.jpg 2048w, https:\/\/revistaautobus.com.br\/wp-content\/uploads\/2023\/10\/Paradiso-1800-1080x437.jpg 1080w\" sizes=\"(max-width: 1024px) 100vw, 1024px\" \/><p id=\"caption-attachment-10193\" class=\"wp-caption-text\"><span style=\"color: #339966;\"><em><strong>O Paradiso 1800 DD da Marcopolo foi sensa\u00e7\u00e3o no estande da fabricante brasileira ao mostrar para o mundo que, sim, podemos fazer os melhores \u00f4nibus<\/strong><\/em><\/span><\/p><\/div>\n<p>Numa panor\u00e2mica relacionada ao transporte rodovi\u00e1rio e, tamb\u00e9m, tur\u00edstico, as principais marcas europeias capricharam em expor produtos bem avan\u00e7ados, com acabamento aprimorado, design externo de vanguarda, diversos tamanhos e com tecnologia embarcada de \u00faltima gera\u00e7\u00e3o. Nessa mesma linha de exposi\u00e7\u00e3o, a brasileira Marcopolo aproveitou-se de um momento prop\u00edcio para mostrar ao primeiro mundo a sua expertise em desenvolver produtos que podem, sem sombras de d\u00favidas, serem utilizados em rodovias da Europa. O acabamento interno do ve\u00edculo brasileiro exposto deixou muita gente de queixo ca\u00eddo, em virtude da configura\u00e7\u00e3o que eleva os padr\u00f5es de conforto ao passageiro, muito diferente das carro\u00e7arias locais.<\/p>\n<p>Outra particularidade do mercado de \u00f4nibus no \u201cVelho Mundo\u201d \u00e9 a op\u00e7\u00e3o por ve\u00edculos integrais ou como conhecemos, monoblocos, configura\u00e7\u00e3o que une, em um s\u00f3 conjunto, o chassi e a carro\u00e7aria. Essa vers\u00e3o \u00e9 utilizada, at\u00e9 hoje, pela maioria dos fabricantes. Contudo, ainda em pequenas mobiliza\u00e7\u00f5es, esse aspecto est\u00e1 deixando de ser empregado por alguns fabricantes, como Scania e Volvo, que, em suas estrat\u00e9gias comerciais, escolheram o caminho da viabilidade econ\u00f4mica e t\u00e9cnica.<\/p>\n<p>Em tempo. A Busworld 2023 reuniu mais de 500 expositores com um total de 222 ve\u00edculos em exposi\u00e7\u00e3o, muitos deles na \u00e1rea externa, vindos de 38 pa\u00edses, com um n\u00famero de visitantes que ultrapassou os 40 mil.<\/p>\n<p>Nas pr\u00f3ximas edi\u00e7\u00f5es do Informativo AutoBus voc\u00ea poder\u00e1 acompanhar o melhor da feira internacional.<\/p>\n","protected":false},"excerpt":{"rendered":"<p>Em poucas palavras, o que pode ser tra\u00e7ado sobre a feira Busworld 2023 vai de encontro \u00e0 magnific\u00eancia de um setor que est\u00e1 muito evolu\u00eddo e preocupado com as principais quest\u00f5es envolvidas com a mobilidade das pessoas e com o meio ambiente<\/p>\n","protected":false},"author":2,"featured_media":10194,"comment_status":"open","ping_status":"open","sticky":false,"template":"","format":"standard","meta":{"_et_pb_use_builder":"","_et_pb_old_content":"","_et_gb_content_width":"","_jetpack_memberships_contains_paid_content":false,"footnotes":""},"categories":[1],"tags":[],"class_list":["post-10190","post","type-post","status-publish","format-standard","has-post-thumbnail","hentry","category-sem-categoria","et-has-post-format-content","et_post_format-et-post-format-standard"],"yoast_head":"<!-- This site is optimized with the Yoast SEO plugin v27.2 - https:\/\/yoast.com\/product\/yoast-seo-wordpress\/ -->\n<title>O admir\u00e1vel mundo do \u00f4nibus - Revista AutoBus<\/title>\n<meta name=\"robots\" content=\"index, follow, max-snippet:-1, max-image-preview:large, max-video-preview:-1\" \/>\n<link rel=\"canonical\" href=\"https:\/\/revistaautobus.com.br\/?p=10190\" \/>\n<meta property=\"og:locale\" content=\"pt_BR\" \/>\n<meta property=\"og:type\" content=\"article\" \/>\n<meta property=\"og:title\" content=\"O admir\u00e1vel mundo do \u00f4nibus - Revista AutoBus\" \/>\n<meta property=\"og:description\" content=\"Em poucas palavras, o que pode ser tra\u00e7ado sobre a feira Busworld 2023 vai de encontro \u00e0 magnific\u00eancia de um setor que est\u00e1 muito evolu\u00eddo e preocupado com as principais quest\u00f5es envolvidas com a mobilidade das pessoas e com o meio ambiente\" \/>\n<meta property=\"og:url\" content=\"https:\/\/revistaautobus.com.br\/?p=10190\" \/>\n<meta property=\"og:site_name\" content=\"Revista AutoBus\" \/>\n<meta property=\"article:publisher\" content=\"https:\/\/www.facebook.com\/antonio.ferro.3150\" \/>\n<meta property=\"article:published_time\" content=\"2023-10-10T16:02:15+00:00\" \/>\n<meta property=\"article:modified_time\" content=\"2023-10-11T16:43:34+00:00\" \/>\n<meta property=\"og:image\" content=\"https:\/\/revistaautobus.com.br\/wp-content\/uploads\/2023\/10\/IMG_20231006_141850135.jpg\" \/>\n\t<meta property=\"og:image:width\" content=\"1000\" \/>\n\t<meta property=\"og:image:height\" content=\"750\" \/>\n\t<meta property=\"og:image:type\" content=\"image\/jpeg\" \/>\n<meta name=\"author\" content=\"Antonio Ferro\" \/>\n<meta name=\"twitter:card\" content=\"summary_large_image\" \/>\n<meta name=\"twitter:label1\" content=\"Escrito por\" \/>\n\t<meta name=\"twitter:data1\" content=\"Antonio Ferro\" \/>\n\t<meta name=\"twitter:label2\" content=\"Est. tempo de leitura\" \/>\n\t<meta name=\"twitter:data2\" content=\"5 minutos\" \/>\n<script type=\"application\/ld+json\" class=\"yoast-schema-graph\">{\"@context\":\"https:\/\/schema.org\",\"@graph\":[{\"@type\":\"Article\",\"@id\":\"https:\/\/revistaautobus.com.br\/?p=10190#article\",\"isPartOf\":{\"@id\":\"https:\/\/revistaautobus.com.br\/?p=10190\"},\"author\":{\"name\":\"Antonio Ferro\",\"@id\":\"https:\/\/revistaautobus.com.br\/#\/schema\/person\/54af7c3eb83a310e42ef686ef6d16f50\"},\"headline\":\"O admir\u00e1vel mundo do \u00f4nibus\",\"datePublished\":\"2023-10-10T16:02:15+00:00\",\"dateModified\":\"2023-10-11T16:43:34+00:00\",\"mainEntityOfPage\":{\"@id\":\"https:\/\/revistaautobus.com.br\/?p=10190\"},\"wordCount\":1101,\"commentCount\":2,\"publisher\":{\"@id\":\"https:\/\/revistaautobus.com.br\/#organization\"},\"image\":{\"@id\":\"https:\/\/revistaautobus.com.br\/?p=10190#primaryimage\"},\"thumbnailUrl\":\"https:\/\/revistaautobus.com.br\/wp-content\/uploads\/2023\/10\/IMG_20231006_141850135.jpg\",\"inLanguage\":\"pt-BR\",\"potentialAction\":[{\"@type\":\"CommentAction\",\"name\":\"Comment\",\"target\":[\"https:\/\/revistaautobus.com.br\/?p=10190#respond\"]}]},{\"@type\":\"WebPage\",\"@id\":\"https:\/\/revistaautobus.com.br\/?p=10190\",\"url\":\"https:\/\/revistaautobus.com.br\/?p=10190\",\"name\":\"O admir\u00e1vel mundo do \u00f4nibus - Revista AutoBus\",\"isPartOf\":{\"@id\":\"https:\/\/revistaautobus.com.br\/#website\"},\"primaryImageOfPage\":{\"@id\":\"https:\/\/revistaautobus.com.br\/?p=10190#primaryimage\"},\"image\":{\"@id\":\"https:\/\/revistaautobus.com.br\/?p=10190#primaryimage\"},\"thumbnailUrl\":\"https:\/\/revistaautobus.com.br\/wp-content\/uploads\/2023\/10\/IMG_20231006_141850135.jpg\",\"datePublished\":\"2023-10-10T16:02:15+00:00\",\"dateModified\":\"2023-10-11T16:43:34+00:00\",\"breadcrumb\":{\"@id\":\"https:\/\/revistaautobus.com.br\/?p=10190#breadcrumb\"},\"inLanguage\":\"pt-BR\",\"potentialAction\":[{\"@type\":\"ReadAction\",\"target\":[\"https:\/\/revistaautobus.com.br\/?p=10190\"]}]},{\"@type\":\"ImageObject\",\"inLanguage\":\"pt-BR\",\"@id\":\"https:\/\/revistaautobus.com.br\/?p=10190#primaryimage\",\"url\":\"https:\/\/revistaautobus.com.br\/wp-content\/uploads\/2023\/10\/IMG_20231006_141850135.jpg\",\"contentUrl\":\"https:\/\/revistaautobus.com.br\/wp-content\/uploads\/2023\/10\/IMG_20231006_141850135.jpg\",\"width\":1000,\"height\":750},{\"@type\":\"BreadcrumbList\",\"@id\":\"https:\/\/revistaautobus.com.br\/?p=10190#breadcrumb\",\"itemListElement\":[{\"@type\":\"ListItem\",\"position\":1,\"name\":\"In\u00edcio\",\"item\":\"https:\/\/revistaautobus.com.br\/\"},{\"@type\":\"ListItem\",\"position\":2,\"name\":\"O admir\u00e1vel mundo do \u00f4nibus\"}]},{\"@type\":\"WebSite\",\"@id\":\"https:\/\/revistaautobus.com.br\/#website\",\"url\":\"https:\/\/revistaautobus.com.br\/\",\"name\":\"Revista AutoBus\",\"description\":\"\",\"publisher\":{\"@id\":\"https:\/\/revistaautobus.com.br\/#organization\"},\"potentialAction\":[{\"@type\":\"SearchAction\",\"target\":{\"@type\":\"EntryPoint\",\"urlTemplate\":\"https:\/\/revistaautobus.com.br\/?s={search_term_string}\"},\"query-input\":{\"@type\":\"PropertyValueSpecification\",\"valueRequired\":true,\"valueName\":\"search_term_string\"}}],\"inLanguage\":\"pt-BR\"},{\"@type\":\"Organization\",\"@id\":\"https:\/\/revistaautobus.com.br\/#organization\",\"name\":\"Revista AutoBus\",\"url\":\"https:\/\/revistaautobus.com.br\/\",\"logo\":{\"@type\":\"ImageObject\",\"inLanguage\":\"pt-BR\",\"@id\":\"https:\/\/revistaautobus.com.br\/#\/schema\/logo\/image\/\",\"url\":\"https:\/\/revistaautobus.com.br\/wp-content\/uploads\/2024\/11\/logo_revista_autobus_fb.png\",\"contentUrl\":\"https:\/\/revistaautobus.com.br\/wp-content\/uploads\/2024\/11\/logo_revista_autobus_fb.png\",\"width\":836,\"height\":227,\"caption\":\"Revista AutoBus\"},\"image\":{\"@id\":\"https:\/\/revistaautobus.com.br\/#\/schema\/logo\/image\/\"},\"sameAs\":[\"https:\/\/www.facebook.com\/antonio.ferro.3150\",\"https:\/\/www.instagram.com\/revistaautobus\/\"]},{\"@type\":\"Person\",\"@id\":\"https:\/\/revistaautobus.com.br\/#\/schema\/person\/54af7c3eb83a310e42ef686ef6d16f50\",\"name\":\"Antonio Ferro\",\"image\":{\"@type\":\"ImageObject\",\"inLanguage\":\"pt-BR\",\"@id\":\"https:\/\/revistaautobus.com.br\/wp-content\/uploads\/2025\/12\/editor_antonio_ferro-150x150.jpg\",\"url\":\"https:\/\/revistaautobus.com.br\/wp-content\/uploads\/2025\/12\/editor_antonio_ferro-150x150.jpg\",\"contentUrl\":\"https:\/\/revistaautobus.com.br\/wp-content\/uploads\/2025\/12\/editor_antonio_ferro-150x150.jpg\",\"caption\":\"Antonio Ferro\"},\"description\":\"infobus@uol.com.br\",\"url\":\"https:\/\/revistaautobus.com.br\/?author=2\"}]}<\/script>\n<!-- \/ Yoast SEO plugin. -->","yoast_head_json":{"title":"O admir\u00e1vel mundo do \u00f4nibus - Revista AutoBus","robots":{"index":"index","follow":"follow","max-snippet":"max-snippet:-1","max-image-preview":"max-image-preview:large","max-video-preview":"max-video-preview:-1"},"canonical":"https:\/\/revistaautobus.com.br\/?p=10190","og_locale":"pt_BR","og_type":"article","og_title":"O admir\u00e1vel mundo do \u00f4nibus - Revista AutoBus","og_description":"Em poucas palavras, o que pode ser tra\u00e7ado sobre a feira Busworld 2023 vai de encontro \u00e0 magnific\u00eancia de um setor que est\u00e1 muito evolu\u00eddo e preocupado com as principais quest\u00f5es envolvidas com a mobilidade das pessoas e com o meio ambiente","og_url":"https:\/\/revistaautobus.com.br\/?p=10190","og_site_name":"Revista AutoBus","article_publisher":"https:\/\/www.facebook.com\/antonio.ferro.3150","article_published_time":"2023-10-10T16:02:15+00:00","article_modified_time":"2023-10-11T16:43:34+00:00","og_image":[{"width":1000,"height":750,"url":"https:\/\/revistaautobus.com.br\/wp-content\/uploads\/2023\/10\/IMG_20231006_141850135.jpg","type":"image\/jpeg"}],"author":"Antonio Ferro","twitter_card":"summary_large_image","twitter_misc":{"Escrito por":"Antonio Ferro","Est. tempo de leitura":"5 minutos"},"schema":{"@context":"https:\/\/schema.org","@graph":[{"@type":"Article","@id":"https:\/\/revistaautobus.com.br\/?p=10190#article","isPartOf":{"@id":"https:\/\/revistaautobus.com.br\/?p=10190"},"author":{"name":"Antonio Ferro","@id":"https:\/\/revistaautobus.com.br\/#\/schema\/person\/54af7c3eb83a310e42ef686ef6d16f50"},"headline":"O admir\u00e1vel mundo do \u00f4nibus","datePublished":"2023-10-10T16:02:15+00:00","dateModified":"2023-10-11T16:43:34+00:00","mainEntityOfPage":{"@id":"https:\/\/revistaautobus.com.br\/?p=10190"},"wordCount":1101,"commentCount":2,"publisher":{"@id":"https:\/\/revistaautobus.com.br\/#organization"},"image":{"@id":"https:\/\/revistaautobus.com.br\/?p=10190#primaryimage"},"thumbnailUrl":"https:\/\/revistaautobus.com.br\/wp-content\/uploads\/2023\/10\/IMG_20231006_141850135.jpg","inLanguage":"pt-BR","potentialAction":[{"@type":"CommentAction","name":"Comment","target":["https:\/\/revistaautobus.com.br\/?p=10190#respond"]}]},{"@type":"WebPage","@id":"https:\/\/revistaautobus.com.br\/?p=10190","url":"https:\/\/revistaautobus.com.br\/?p=10190","name":"O admir\u00e1vel mundo do \u00f4nibus - Revista AutoBus","isPartOf":{"@id":"https:\/\/revistaautobus.com.br\/#website"},"primaryImageOfPage":{"@id":"https:\/\/revistaautobus.com.br\/?p=10190#primaryimage"},"image":{"@id":"https:\/\/revistaautobus.com.br\/?p=10190#primaryimage"},"thumbnailUrl":"https:\/\/revistaautobus.com.br\/wp-content\/uploads\/2023\/10\/IMG_20231006_141850135.jpg","datePublished":"2023-10-10T16:02:15+00:00","dateModified":"2023-10-11T16:43:34+00:00","breadcrumb":{"@id":"https:\/\/revistaautobus.com.br\/?p=10190#breadcrumb"},"inLanguage":"pt-BR","potentialAction":[{"@type":"ReadAction","target":["https:\/\/revistaautobus.com.br\/?p=10190"]}]},{"@type":"ImageObject","inLanguage":"pt-BR","@id":"https:\/\/revistaautobus.com.br\/?p=10190#primaryimage","url":"https:\/\/revistaautobus.com.br\/wp-content\/uploads\/2023\/10\/IMG_20231006_141850135.jpg","contentUrl":"https:\/\/revistaautobus.com.br\/wp-content\/uploads\/2023\/10\/IMG_20231006_141850135.jpg","width":1000,"height":750},{"@type":"BreadcrumbList","@id":"https:\/\/revistaautobus.com.br\/?p=10190#breadcrumb","itemListElement":[{"@type":"ListItem","position":1,"name":"In\u00edcio","item":"https:\/\/revistaautobus.com.br\/"},{"@type":"ListItem","position":2,"name":"O admir\u00e1vel mundo do \u00f4nibus"}]},{"@type":"WebSite","@id":"https:\/\/revistaautobus.com.br\/#website","url":"https:\/\/revistaautobus.com.br\/","name":"Revista AutoBus","description":"","publisher":{"@id":"https:\/\/revistaautobus.com.br\/#organization"},"potentialAction":[{"@type":"SearchAction","target":{"@type":"EntryPoint","urlTemplate":"https:\/\/revistaautobus.com.br\/?s={search_term_string}"},"query-input":{"@type":"PropertyValueSpecification","valueRequired":true,"valueName":"search_term_string"}}],"inLanguage":"pt-BR"},{"@type":"Organization","@id":"https:\/\/revistaautobus.com.br\/#organization","name":"Revista AutoBus","url":"https:\/\/revistaautobus.com.br\/","logo":{"@type":"ImageObject","inLanguage":"pt-BR","@id":"https:\/\/revistaautobus.com.br\/#\/schema\/logo\/image\/","url":"https:\/\/revistaautobus.com.br\/wp-content\/uploads\/2024\/11\/logo_revista_autobus_fb.png","contentUrl":"https:\/\/revistaautobus.com.br\/wp-content\/uploads\/2024\/11\/logo_revista_autobus_fb.png","width":836,"height":227,"caption":"Revista AutoBus"},"image":{"@id":"https:\/\/revistaautobus.com.br\/#\/schema\/logo\/image\/"},"sameAs":["https:\/\/www.facebook.com\/antonio.ferro.3150","https:\/\/www.instagram.com\/revistaautobus\/"]},{"@type":"Person","@id":"https:\/\/revistaautobus.com.br\/#\/schema\/person\/54af7c3eb83a310e42ef686ef6d16f50","name":"Antonio Ferro","image":{"@type":"ImageObject","inLanguage":"pt-BR","@id":"https:\/\/revistaautobus.com.br\/wp-content\/uploads\/2025\/12\/editor_antonio_ferro-150x150.jpg","url":"https:\/\/revistaautobus.com.br\/wp-content\/uploads\/2025\/12\/editor_antonio_ferro-150x150.jpg","contentUrl":"https:\/\/revistaautobus.com.br\/wp-content\/uploads\/2025\/12\/editor_antonio_ferro-150x150.jpg","caption":"Antonio Ferro"},"description":"infobus@uol.com.br","url":"https:\/\/revistaautobus.com.br\/?author=2"}]}},"jetpack_featured_media_url":"https:\/\/revistaautobus.com.br\/wp-content\/uploads\/2023\/10\/IMG_20231006_141850135.jpg","jetpack_sharing_enabled":true,"_links":{"self":[{"href":"https:\/\/revistaautobus.com.br\/index.php?rest_route=\/wp\/v2\/posts\/10190","targetHints":{"allow":["GET"]}}],"collection":[{"href":"https:\/\/revistaautobus.com.br\/index.php?rest_route=\/wp\/v2\/posts"}],"about":[{"href":"https:\/\/revistaautobus.com.br\/index.php?rest_route=\/wp\/v2\/types\/post"}],"author":[{"embeddable":true,"href":"https:\/\/revistaautobus.com.br\/index.php?rest_route=\/wp\/v2\/users\/2"}],"replies":[{"embeddable":true,"href":"https:\/\/revistaautobus.com.br\/index.php?rest_route=%2Fwp%2Fv2%2Fcomments&post=10190"}],"version-history":[{"count":5,"href":"https:\/\/revistaautobus.com.br\/index.php?rest_route=\/wp\/v2\/posts\/10190\/revisions"}],"predecessor-version":[{"id":10206,"href":"https:\/\/revistaautobus.com.br\/index.php?rest_route=\/wp\/v2\/posts\/10190\/revisions\/10206"}],"wp:featuredmedia":[{"embeddable":true,"href":"https:\/\/revistaautobus.com.br\/index.php?rest_route=\/wp\/v2\/media\/10194"}],"wp:attachment":[{"href":"https:\/\/revistaautobus.com.br\/index.php?rest_route=%2Fwp%2Fv2%2Fmedia&parent=10190"}],"wp:term":[{"taxonomy":"category","embeddable":true,"href":"https:\/\/revistaautobus.com.br\/index.php?rest_route=%2Fwp%2Fv2%2Fcategories&post=10190"},{"taxonomy":"post_tag","embeddable":true,"href":"https:\/\/revistaautobus.com.br\/index.php?rest_route=%2Fwp%2Fv2%2Ftags&post=10190"}],"curies":[{"name":"wp","href":"https:\/\/api.w.org\/{rel}","templated":true}]}}