{"id":10302,"date":"2023-10-24T14:06:18","date_gmt":"2023-10-24T17:06:18","guid":{"rendered":"https:\/\/revistaautobus.com.br\/?p=10302"},"modified":"2023-10-24T14:06:18","modified_gmt":"2023-10-24T17:06:18","slug":"o-mercado-das-celulas-a-combustivel","status":"publish","type":"post","link":"https:\/\/revistaautobus.com.br\/?p=10302","title":{"rendered":"O mercado das c\u00e9lulas a combust\u00edvel"},"content":{"rendered":"<p>A Ballard Power Systems, uma das principais fabricantes de c\u00e9lulas a combust\u00edvel do mundo, informou, recentemente, que realizou neg\u00f3cios com a marca polonesa de \u00f4nibus Solaris Bus &amp; Coach, para o fornecimento de 177 unidades de sua tecnologia de gera\u00e7\u00e3o energ\u00e9tica. As entregas come\u00e7am agora, no final de 2023, e se estendem at\u00e9 2026. Os pedidos s\u00e3o para dois sistemas urbanos de transporte de cidades europeias, com destaque para a italiana Bolonha, com 127 unidades.<\/p>\n<p>O outro fornecimento \u00e9 para a operadora de transporte p\u00fablico Rebus, Regionalbus Rostock, com sede em G\u00fcstrow, Alemanha, totalizando 50 unidades.<\/p>\n<p>O fornecimento das c\u00e9lulas a combust\u00edvel Ballard para a Solaris em 2023 teve um crescimento substancial, cujos pedidos no acumulado no ano j\u00e1 ultrapassam 270 unidades. Este n\u00famero \u00e9 resultado do crescente interesse por implanta\u00e7\u00e3o de redes de \u00f4nibus com emiss\u00e3o zero que ofere\u00e7am autonomia, tempo de reabastecimento curto e ritmo de opera\u00e7\u00e3o consistente, representando uma alternativa ao tradicional diesel.<\/p>\n<p>Pelo mundo, nas cidades movimentadas da Am\u00e9rica do Norte \u00e0s ruas da Europa e em \u00e1reas urbanas na China, mais de 1.680 \u00f4nibus a hidrog\u00eanio (com c\u00e9lulas a combust\u00edvel Ballard) promovem viagens ambientalmente corretas, silenciosas e com emiss\u00e3o zero de poluentes.<\/p>\n<p>Para David Mucciacciaro, diretor-comercial da Ballard, a empresa est\u00e1 entusiasmada em ver o sucesso cont\u00ednuo de seu parceiro Solaris na medida que a fabricante de \u00f4nibus atende o mercado do transporte urbano com o recurso da c\u00e9lula a combust\u00edvel na Europa. &#8220;H\u00e1 um interesse crescente na Europa pela ado\u00e7\u00e3o de \u00f4nibus el\u00e9tricos equipados com c\u00e9lula a combust\u00edvel, tecnologia que proporciona maior autonomia, menor tempo de reabastecimento e a otimiza\u00e7\u00e3o operacional semelhante ao dos \u00f4nibus a diesel, ao mesmo tempo que responde, positivamente, sobre os desafios relacionados aos custos associados \u00e0 implanta\u00e7\u00e3o da infraestrutura de recarga para as frotas de \u00f4nibus el\u00e9tricos a bateria&#8221;, observou o executivo.<\/p>\n<p>Imagem &#8211; Divulga\u00e7\u00e3o<\/p>\n","protected":false},"excerpt":{"rendered":"<p>O fornecimento das c\u00e9lulas a combust\u00edvel Ballard para a Solaris em 2023 teve um crescimento substancial, cujos pedidos no acumulado no ano j\u00e1 ultrapassam 270 unidades<\/p>\n","protected":false},"author":2,"featured_media":10303,"comment_status":"open","ping_status":"open","sticky":false,"template":"","format":"standard","meta":{"_et_pb_use_builder":"","_et_pb_old_content":"","_et_gb_content_width":"","_jetpack_memberships_contains_paid_content":false,"footnotes":""},"categories":[557,73],"tags":[624],"class_list":["post-10302","post","type-post","status-publish","format-standard","has-post-thumbnail","hentry","category-celulas-a-combustivel","category-tecnologia","tag-ballard","et-has-post-format-content","et_post_format-et-post-format-standard"],"yoast_head":"<!-- This site is optimized with the Yoast SEO plugin v27.2 - https:\/\/yoast.com\/product\/yoast-seo-wordpress\/ -->\n<title>O mercado das c\u00e9lulas a combust\u00edvel - Revista AutoBus<\/title>\n<meta name=\"robots\" content=\"index, follow, max-snippet:-1, max-image-preview:large, max-video-preview:-1\" \/>\n<link rel=\"canonical\" href=\"https:\/\/revistaautobus.com.br\/?p=10302\" \/>\n<meta property=\"og:locale\" content=\"pt_BR\" \/>\n<meta property=\"og:type\" content=\"article\" \/>\n<meta property=\"og:title\" content=\"O mercado das c\u00e9lulas a combust\u00edvel - Revista AutoBus\" \/>\n<meta property=\"og:description\" content=\"O fornecimento das c\u00e9lulas a combust\u00edvel Ballard para a Solaris em 2023 teve um crescimento substancial, cujos pedidos no acumulado no ano j\u00e1 ultrapassam 270 unidades\" \/>\n<meta property=\"og:url\" content=\"https:\/\/revistaautobus.com.br\/?p=10302\" \/>\n<meta property=\"og:site_name\" content=\"Revista AutoBus\" \/>\n<meta property=\"article:publisher\" content=\"https:\/\/www.facebook.com\/antonio.ferro.3150\" \/>\n<meta property=\"article:published_time\" content=\"2023-10-24T17:06:18+00:00\" \/>\n<meta property=\"og:image\" content=\"https:\/\/revistaautobus.com.br\/wp-content\/uploads\/2023\/10\/Urbino12_169.jpg\" \/>\n\t<meta property=\"og:image:width\" content=\"1920\" \/>\n\t<meta property=\"og:image:height\" content=\"1080\" \/>\n\t<meta property=\"og:image:type\" content=\"image\/jpeg\" \/>\n<meta name=\"author\" content=\"Antonio Ferro\" \/>\n<meta name=\"twitter:card\" content=\"summary_large_image\" \/>\n<meta name=\"twitter:label1\" content=\"Escrito por\" \/>\n\t<meta name=\"twitter:data1\" content=\"Antonio Ferro\" \/>\n\t<meta name=\"twitter:label2\" content=\"Est. tempo de leitura\" \/>\n\t<meta name=\"twitter:data2\" content=\"2 minutos\" \/>\n<script type=\"application\/ld+json\" class=\"yoast-schema-graph\">{\"@context\":\"https:\/\/schema.org\",\"@graph\":[{\"@type\":\"Article\",\"@id\":\"https:\/\/revistaautobus.com.br\/?p=10302#article\",\"isPartOf\":{\"@id\":\"https:\/\/revistaautobus.com.br\/?p=10302\"},\"author\":{\"name\":\"Antonio Ferro\",\"@id\":\"https:\/\/revistaautobus.com.br\/#\/schema\/person\/54af7c3eb83a310e42ef686ef6d16f50\"},\"headline\":\"O mercado das c\u00e9lulas a combust\u00edvel\",\"datePublished\":\"2023-10-24T17:06:18+00:00\",\"mainEntityOfPage\":{\"@id\":\"https:\/\/revistaautobus.com.br\/?p=10302\"},\"wordCount\":335,\"commentCount\":0,\"publisher\":{\"@id\":\"https:\/\/revistaautobus.com.br\/#organization\"},\"image\":{\"@id\":\"https:\/\/revistaautobus.com.br\/?p=10302#primaryimage\"},\"thumbnailUrl\":\"https:\/\/revistaautobus.com.br\/wp-content\/uploads\/2023\/10\/Urbino12_169.jpg\",\"keywords\":[\"Ballard\"],\"articleSection\":[\"C\u00e9lulas a combust\u00edvel\",\"Tecnologia\"],\"inLanguage\":\"pt-BR\",\"potentialAction\":[{\"@type\":\"CommentAction\",\"name\":\"Comment\",\"target\":[\"https:\/\/revistaautobus.com.br\/?p=10302#respond\"]}]},{\"@type\":\"WebPage\",\"@id\":\"https:\/\/revistaautobus.com.br\/?p=10302\",\"url\":\"https:\/\/revistaautobus.com.br\/?p=10302\",\"name\":\"O mercado das c\u00e9lulas a combust\u00edvel - Revista AutoBus\",\"isPartOf\":{\"@id\":\"https:\/\/revistaautobus.com.br\/#website\"},\"primaryImageOfPage\":{\"@id\":\"https:\/\/revistaautobus.com.br\/?p=10302#primaryimage\"},\"image\":{\"@id\":\"https:\/\/revistaautobus.com.br\/?p=10302#primaryimage\"},\"thumbnailUrl\":\"https:\/\/revistaautobus.com.br\/wp-content\/uploads\/2023\/10\/Urbino12_169.jpg\",\"datePublished\":\"2023-10-24T17:06:18+00:00\",\"breadcrumb\":{\"@id\":\"https:\/\/revistaautobus.com.br\/?p=10302#breadcrumb\"},\"inLanguage\":\"pt-BR\",\"potentialAction\":[{\"@type\":\"ReadAction\",\"target\":[\"https:\/\/revistaautobus.com.br\/?p=10302\"]}]},{\"@type\":\"ImageObject\",\"inLanguage\":\"pt-BR\",\"@id\":\"https:\/\/revistaautobus.com.br\/?p=10302#primaryimage\",\"url\":\"https:\/\/revistaautobus.com.br\/wp-content\/uploads\/2023\/10\/Urbino12_169.jpg\",\"contentUrl\":\"https:\/\/revistaautobus.com.br\/wp-content\/uploads\/2023\/10\/Urbino12_169.jpg\",\"width\":1920,\"height\":1080},{\"@type\":\"BreadcrumbList\",\"@id\":\"https:\/\/revistaautobus.com.br\/?p=10302#breadcrumb\",\"itemListElement\":[{\"@type\":\"ListItem\",\"position\":1,\"name\":\"In\u00edcio\",\"item\":\"https:\/\/revistaautobus.com.br\/\"},{\"@type\":\"ListItem\",\"position\":2,\"name\":\"O mercado das c\u00e9lulas a combust\u00edvel\"}]},{\"@type\":\"WebSite\",\"@id\":\"https:\/\/revistaautobus.com.br\/#website\",\"url\":\"https:\/\/revistaautobus.com.br\/\",\"name\":\"Revista AutoBus\",\"description\":\"\",\"publisher\":{\"@id\":\"https:\/\/revistaautobus.com.br\/#organization\"},\"potentialAction\":[{\"@type\":\"SearchAction\",\"target\":{\"@type\":\"EntryPoint\",\"urlTemplate\":\"https:\/\/revistaautobus.com.br\/?s={search_term_string}\"},\"query-input\":{\"@type\":\"PropertyValueSpecification\",\"valueRequired\":true,\"valueName\":\"search_term_string\"}}],\"inLanguage\":\"pt-BR\"},{\"@type\":\"Organization\",\"@id\":\"https:\/\/revistaautobus.com.br\/#organization\",\"name\":\"Revista AutoBus\",\"url\":\"https:\/\/revistaautobus.com.br\/\",\"logo\":{\"@type\":\"ImageObject\",\"inLanguage\":\"pt-BR\",\"@id\":\"https:\/\/revistaautobus.com.br\/#\/schema\/logo\/image\/\",\"url\":\"https:\/\/revistaautobus.com.br\/wp-content\/uploads\/2024\/11\/logo_revista_autobus_fb.png\",\"contentUrl\":\"https:\/\/revistaautobus.com.br\/wp-content\/uploads\/2024\/11\/logo_revista_autobus_fb.png\",\"width\":836,\"height\":227,\"caption\":\"Revista AutoBus\"},\"image\":{\"@id\":\"https:\/\/revistaautobus.com.br\/#\/schema\/logo\/image\/\"},\"sameAs\":[\"https:\/\/www.facebook.com\/antonio.ferro.3150\",\"https:\/\/www.instagram.com\/revistaautobus\/\"]},{\"@type\":\"Person\",\"@id\":\"https:\/\/revistaautobus.com.br\/#\/schema\/person\/54af7c3eb83a310e42ef686ef6d16f50\",\"name\":\"Antonio Ferro\",\"image\":{\"@type\":\"ImageObject\",\"inLanguage\":\"pt-BR\",\"@id\":\"https:\/\/revistaautobus.com.br\/wp-content\/uploads\/2025\/12\/editor_antonio_ferro-150x150.jpg\",\"url\":\"https:\/\/revistaautobus.com.br\/wp-content\/uploads\/2025\/12\/editor_antonio_ferro-150x150.jpg\",\"contentUrl\":\"https:\/\/revistaautobus.com.br\/wp-content\/uploads\/2025\/12\/editor_antonio_ferro-150x150.jpg\",\"caption\":\"Antonio Ferro\"},\"description\":\"infobus@uol.com.br\",\"url\":\"https:\/\/revistaautobus.com.br\/?author=2\"}]}<\/script>\n<!-- \/ Yoast SEO plugin. -->","yoast_head_json":{"title":"O mercado das c\u00e9lulas a combust\u00edvel - Revista AutoBus","robots":{"index":"index","follow":"follow","max-snippet":"max-snippet:-1","max-image-preview":"max-image-preview:large","max-video-preview":"max-video-preview:-1"},"canonical":"https:\/\/revistaautobus.com.br\/?p=10302","og_locale":"pt_BR","og_type":"article","og_title":"O mercado das c\u00e9lulas a combust\u00edvel - Revista AutoBus","og_description":"O fornecimento das c\u00e9lulas a combust\u00edvel Ballard para a Solaris em 2023 teve um crescimento substancial, cujos pedidos no acumulado no ano j\u00e1 ultrapassam 270 unidades","og_url":"https:\/\/revistaautobus.com.br\/?p=10302","og_site_name":"Revista AutoBus","article_publisher":"https:\/\/www.facebook.com\/antonio.ferro.3150","article_published_time":"2023-10-24T17:06:18+00:00","og_image":[{"width":1920,"height":1080,"url":"https:\/\/revistaautobus.com.br\/wp-content\/uploads\/2023\/10\/Urbino12_169.jpg","type":"image\/jpeg"}],"author":"Antonio Ferro","twitter_card":"summary_large_image","twitter_misc":{"Escrito por":"Antonio Ferro","Est. tempo de leitura":"2 minutos"},"schema":{"@context":"https:\/\/schema.org","@graph":[{"@type":"Article","@id":"https:\/\/revistaautobus.com.br\/?p=10302#article","isPartOf":{"@id":"https:\/\/revistaautobus.com.br\/?p=10302"},"author":{"name":"Antonio Ferro","@id":"https:\/\/revistaautobus.com.br\/#\/schema\/person\/54af7c3eb83a310e42ef686ef6d16f50"},"headline":"O mercado das c\u00e9lulas a combust\u00edvel","datePublished":"2023-10-24T17:06:18+00:00","mainEntityOfPage":{"@id":"https:\/\/revistaautobus.com.br\/?p=10302"},"wordCount":335,"commentCount":0,"publisher":{"@id":"https:\/\/revistaautobus.com.br\/#organization"},"image":{"@id":"https:\/\/revistaautobus.com.br\/?p=10302#primaryimage"},"thumbnailUrl":"https:\/\/revistaautobus.com.br\/wp-content\/uploads\/2023\/10\/Urbino12_169.jpg","keywords":["Ballard"],"articleSection":["C\u00e9lulas a combust\u00edvel","Tecnologia"],"inLanguage":"pt-BR","potentialAction":[{"@type":"CommentAction","name":"Comment","target":["https:\/\/revistaautobus.com.br\/?p=10302#respond"]}]},{"@type":"WebPage","@id":"https:\/\/revistaautobus.com.br\/?p=10302","url":"https:\/\/revistaautobus.com.br\/?p=10302","name":"O mercado das c\u00e9lulas a combust\u00edvel - Revista AutoBus","isPartOf":{"@id":"https:\/\/revistaautobus.com.br\/#website"},"primaryImageOfPage":{"@id":"https:\/\/revistaautobus.com.br\/?p=10302#primaryimage"},"image":{"@id":"https:\/\/revistaautobus.com.br\/?p=10302#primaryimage"},"thumbnailUrl":"https:\/\/revistaautobus.com.br\/wp-content\/uploads\/2023\/10\/Urbino12_169.jpg","datePublished":"2023-10-24T17:06:18+00:00","breadcrumb":{"@id":"https:\/\/revistaautobus.com.br\/?p=10302#breadcrumb"},"inLanguage":"pt-BR","potentialAction":[{"@type":"ReadAction","target":["https:\/\/revistaautobus.com.br\/?p=10302"]}]},{"@type":"ImageObject","inLanguage":"pt-BR","@id":"https:\/\/revistaautobus.com.br\/?p=10302#primaryimage","url":"https:\/\/revistaautobus.com.br\/wp-content\/uploads\/2023\/10\/Urbino12_169.jpg","contentUrl":"https:\/\/revistaautobus.com.br\/wp-content\/uploads\/2023\/10\/Urbino12_169.jpg","width":1920,"height":1080},{"@type":"BreadcrumbList","@id":"https:\/\/revistaautobus.com.br\/?p=10302#breadcrumb","itemListElement":[{"@type":"ListItem","position":1,"name":"In\u00edcio","item":"https:\/\/revistaautobus.com.br\/"},{"@type":"ListItem","position":2,"name":"O mercado das c\u00e9lulas a combust\u00edvel"}]},{"@type":"WebSite","@id":"https:\/\/revistaautobus.com.br\/#website","url":"https:\/\/revistaautobus.com.br\/","name":"Revista AutoBus","description":"","publisher":{"@id":"https:\/\/revistaautobus.com.br\/#organization"},"potentialAction":[{"@type":"SearchAction","target":{"@type":"EntryPoint","urlTemplate":"https:\/\/revistaautobus.com.br\/?s={search_term_string}"},"query-input":{"@type":"PropertyValueSpecification","valueRequired":true,"valueName":"search_term_string"}}],"inLanguage":"pt-BR"},{"@type":"Organization","@id":"https:\/\/revistaautobus.com.br\/#organization","name":"Revista AutoBus","url":"https:\/\/revistaautobus.com.br\/","logo":{"@type":"ImageObject","inLanguage":"pt-BR","@id":"https:\/\/revistaautobus.com.br\/#\/schema\/logo\/image\/","url":"https:\/\/revistaautobus.com.br\/wp-content\/uploads\/2024\/11\/logo_revista_autobus_fb.png","contentUrl":"https:\/\/revistaautobus.com.br\/wp-content\/uploads\/2024\/11\/logo_revista_autobus_fb.png","width":836,"height":227,"caption":"Revista AutoBus"},"image":{"@id":"https:\/\/revistaautobus.com.br\/#\/schema\/logo\/image\/"},"sameAs":["https:\/\/www.facebook.com\/antonio.ferro.3150","https:\/\/www.instagram.com\/revistaautobus\/"]},{"@type":"Person","@id":"https:\/\/revistaautobus.com.br\/#\/schema\/person\/54af7c3eb83a310e42ef686ef6d16f50","name":"Antonio Ferro","image":{"@type":"ImageObject","inLanguage":"pt-BR","@id":"https:\/\/revistaautobus.com.br\/wp-content\/uploads\/2025\/12\/editor_antonio_ferro-150x150.jpg","url":"https:\/\/revistaautobus.com.br\/wp-content\/uploads\/2025\/12\/editor_antonio_ferro-150x150.jpg","contentUrl":"https:\/\/revistaautobus.com.br\/wp-content\/uploads\/2025\/12\/editor_antonio_ferro-150x150.jpg","caption":"Antonio Ferro"},"description":"infobus@uol.com.br","url":"https:\/\/revistaautobus.com.br\/?author=2"}]}},"jetpack_featured_media_url":"https:\/\/revistaautobus.com.br\/wp-content\/uploads\/2023\/10\/Urbino12_169.jpg","jetpack_sharing_enabled":true,"_links":{"self":[{"href":"https:\/\/revistaautobus.com.br\/index.php?rest_route=\/wp\/v2\/posts\/10302","targetHints":{"allow":["GET"]}}],"collection":[{"href":"https:\/\/revistaautobus.com.br\/index.php?rest_route=\/wp\/v2\/posts"}],"about":[{"href":"https:\/\/revistaautobus.com.br\/index.php?rest_route=\/wp\/v2\/types\/post"}],"author":[{"embeddable":true,"href":"https:\/\/revistaautobus.com.br\/index.php?rest_route=\/wp\/v2\/users\/2"}],"replies":[{"embeddable":true,"href":"https:\/\/revistaautobus.com.br\/index.php?rest_route=%2Fwp%2Fv2%2Fcomments&post=10302"}],"version-history":[{"count":3,"href":"https:\/\/revistaautobus.com.br\/index.php?rest_route=\/wp\/v2\/posts\/10302\/revisions"}],"predecessor-version":[{"id":10306,"href":"https:\/\/revistaautobus.com.br\/index.php?rest_route=\/wp\/v2\/posts\/10302\/revisions\/10306"}],"wp:featuredmedia":[{"embeddable":true,"href":"https:\/\/revistaautobus.com.br\/index.php?rest_route=\/wp\/v2\/media\/10303"}],"wp:attachment":[{"href":"https:\/\/revistaautobus.com.br\/index.php?rest_route=%2Fwp%2Fv2%2Fmedia&parent=10302"}],"wp:term":[{"taxonomy":"category","embeddable":true,"href":"https:\/\/revistaautobus.com.br\/index.php?rest_route=%2Fwp%2Fv2%2Fcategories&post=10302"},{"taxonomy":"post_tag","embeddable":true,"href":"https:\/\/revistaautobus.com.br\/index.php?rest_route=%2Fwp%2Fv2%2Ftags&post=10302"}],"curies":[{"name":"wp","href":"https:\/\/api.w.org\/{rel}","templated":true}]}}