{"id":10329,"date":"2023-10-24T14:31:51","date_gmt":"2023-10-24T17:31:51","guid":{"rendered":"https:\/\/revistaautobus.com.br\/?p=10329"},"modified":"2023-10-24T14:32:54","modified_gmt":"2023-10-24T17:32:54","slug":"tracao-eletrica-e-a-transmissao-diwa-os-trunfos-da-voith-na-busworld","status":"publish","type":"post","link":"https:\/\/revistaautobus.com.br\/?p=10329","title":{"rendered":"Tra\u00e7\u00e3o el\u00e9trica e a transmiss\u00e3o DIWA, os trunfos da Voith na Busworld"},"content":{"rendered":"<p>Com o lema \u201cTradi\u00e7\u00e3o encontra Inova\u00e7\u00e3o\u201d, a Voith Turbo esteve em Bruxelas destacando o seu modelo de transmiss\u00e3o autom\u00e1tica DIWA NXT, que tamb\u00e9m pode ser equipada com Mild Hybrid, al\u00e9m dos mais recentes desenvolvimentos de seu conceito inovador de tra\u00e7\u00e3o el\u00e9trica VEDS, com grande aceita\u00e7\u00e3o no segmento de \u00f4nibus.<\/p>\n<p>A fabricante informou que sua tecnologia de transmiss\u00e3o equipa quase 400 mil \u00f4nibus urbanos e intermunicipais em todo o mundo e que ela possibilita aos profissionais do transporte e passageiros uma condu\u00e7\u00e3o confort\u00e1vel e segura, al\u00e9m do menor consumo de combust\u00edvel, o reduzido custo de manuten\u00e7\u00e3o e, consequentemente, as emiss\u00f5es mais baixas.<\/p>\n<p>A transmiss\u00e3o DIWA foi apresentada em 1953 (sal\u00e3o IAA), na cidade alem\u00e3 de Frankfurt. Mas, voc\u00ea sabe o que significa o termo utilizado pela Voith para identificar sua tecnologia? Segundo a marca, a elevada efici\u00eancia e a rela\u00e7\u00e3o custo-benef\u00edcio associada do sistema de transmiss\u00e3o basearam-se no princ\u00edpio de funcionamento da sua transmiss\u00e3o. E, o conversor de torque diferencial (<em>Differenzialwandler,<\/em> em alem\u00e3o), d\u00e1 nome \u00e0 DIWA, que divide a pot\u00eancia do motor em modos hidr\u00e1ulico e mec\u00e2nico.<\/p>\n<p>Em linhas gerais, ela fornece, automaticamente, a rela\u00e7\u00e3o de transmiss\u00e3o ideal para cada situa\u00e7\u00e3o de condu\u00e7\u00e3o, fazendo com que o motor funcione sempre numa faixa de consumo de combust\u00edvel favor\u00e1vel. O diretor da divis\u00e3o de Mobilidade da Voith Turbo para Am\u00e9rica do Sul, Rog\u00e9rio Pires, disse que, a o longo dos anos, a Voith aprimorou continuamente o seu conceito DIWA, adaptando-a \u00e0s novas exig\u00eancias do mercado e implementando tecnologias inovadoras. \u201cA cada nova gera\u00e7\u00e3o, o consumo de combust\u00edvel foi reduzido e melhorias foram feitas para suportar uma pot\u00eancia de motor cada vez maior. Hoje, os programas inteligentes de mudan\u00e7a de marcha fazem parte do escopo de fornecimento assim como o gerenciamento de arranque e integra\u00e7\u00e3o \u00e0 tecnologia start-stop, fazendo que a Voith se estabelecesse como um dos principais fabricantes de transmiss\u00f5es para o segmento de \u00f4nibus\u201d, ressaltou.<\/p>\n<div id=\"attachment_10332\" style=\"width: 1034px\" class=\"wp-caption aligncenter\"><img loading=\"lazy\" decoding=\"async\" aria-describedby=\"caption-attachment-10332\" class=\"wp-image-10332 size-large\" src=\"https:\/\/revistaautobus.com.br\/wp-content\/uploads\/2023\/10\/Primeira-DIWA-1024x413.jpg\" alt=\"\" width=\"1024\" height=\"413\" srcset=\"https:\/\/revistaautobus.com.br\/wp-content\/uploads\/2023\/10\/Primeira-DIWA-1024x413.jpg 1024w, https:\/\/revistaautobus.com.br\/wp-content\/uploads\/2023\/10\/Primeira-DIWA-300x121.jpg 300w, https:\/\/revistaautobus.com.br\/wp-content\/uploads\/2023\/10\/Primeira-DIWA-768x310.jpg 768w, https:\/\/revistaautobus.com.br\/wp-content\/uploads\/2023\/10\/Primeira-DIWA-1536x619.jpg 1536w, https:\/\/revistaautobus.com.br\/wp-content\/uploads\/2023\/10\/Primeira-DIWA-1080x435.jpg 1080w, https:\/\/revistaautobus.com.br\/wp-content\/uploads\/2023\/10\/Primeira-DIWA.jpg 1575w\" sizes=\"(max-width: 1024px) 100vw, 1024px\" \/><p id=\"caption-attachment-10332\" class=\"wp-caption-text\"><span style=\"color: #339966;\"><em><strong>Primeira transmiss\u00e3o DIWA, em 1953<\/strong><\/em><\/span><\/p><\/div>\n<p>A Voith salienta que, sua mais recente gera\u00e7\u00e3o de transmiss\u00e3o autom\u00e1tica, a DIWA NXT tem o poder de promover uma economia consumo de combust\u00edvel de at\u00e9 16 %, gra\u00e7as \u00e0 sua tecnologia inovadora. E, agora, ela pode incorporar o sistema <em>Mild Hybrid<\/em> de 48V, que cumpre o papel de regenerar a energia gerada pela frenagem do ve\u00edculo, para fornec\u00ea-la \u00e0s mais diversas fun\u00e7\u00f5es auxiliares e at\u00e9 mesmo para a propuls\u00e3o do \u00f4nibus. Esse recurso est\u00e1 dispon\u00edvel para os ve\u00edculos (rodovi\u00e1rios ou urbanos) com motores de combust\u00e3o interna, aumentando a efici\u00eancia energ\u00e9tica na opera\u00e7\u00e3o. \u201cTrata-se de uma solu\u00e7\u00e3o intermedi\u00e1ria e vi\u00e1vel para os \u00f4nibus com os tradicionais motores de combust\u00e3o neste momento de transi\u00e7\u00e3o energ\u00e9tica. Isso possibilita muitos ganhos\u201d, observou Pires.<\/p>\n<p>Quanto a tra\u00e7\u00e3o el\u00e9trica, a Voith exp\u00f4s no sal\u00e3o belga o seu sistema VEDS, reconhecido por ela como um dos conceitos mais eficientes para o setor de ve\u00edculos comerciais. A marca salienta que, desde a sua introdu\u00e7\u00e3o em 2021, cada vez mais montadoras de ve\u00edculos e frotistas tem confirmado que os ve\u00edculos equipados com VEDS t\u00eam conseguido atingir uma excelente autonomia de quilometragem, mesmo com uma quantidade reduzida de baterias. Isso representa redu\u00e7\u00e3o de custos e maior capacidade de transporte.<\/p>\n<p>Em rela\u00e7\u00e3o a pot\u00eancia, na vers\u00e3o HD (<em>Heavy Duty<\/em>), o VEDS oferece 310 kW constante e 410 kW no pico.<\/p>\n<p>A marca tamb\u00e9m apresentou, durante a exposi\u00e7\u00e3o, outro desenvolvimento importante, que \u00e9 a <em>Future Inverter Platform<\/em> (FIP) para o sistema de acionamento VEDS, com um novo inversor que foi projetado especificamente para atender aos requisitos do segmento de ve\u00edculos comerciais e que ser\u00e1 integrado nas futuras gera\u00e7\u00f5es do VEDS.<\/p>\n<p>Na Busworld 2023, ve\u00edculos de diversas montadoras e com variadas tecnologias energ\u00e9ticas foram expostos, equipados com a transmiss\u00e3o Diwa NXT ou VEDS, mostrando que a Voith pode apoiar o mercado de \u00f4nibus para uma transi\u00e7\u00e3o energ\u00e9tica sustent\u00e1vel.<\/p>\n<p>Imagens &#8211; Divulga\u00e7\u00e3o<\/p>\n","protected":false},"excerpt":{"rendered":"<p>Recursos tecnol\u00f3gicos s\u00e3o para beneficiar todo o transporte<\/p>\n","protected":false},"author":2,"featured_media":10331,"comment_status":"open","ping_status":"open","sticky":false,"template":"","format":"standard","meta":{"_et_pb_use_builder":"","_et_pb_old_content":"","_et_gb_content_width":"","_jetpack_memberships_contains_paid_content":false,"footnotes":""},"categories":[526,73],"tags":[627,75,579],"class_list":["post-10329","post","type-post","status-publish","format-standard","has-post-thumbnail","hentry","category-onibus-eletrico","category-tecnologia","tag-diwa-nxt","tag-veds","tag-voith","et-has-post-format-content","et_post_format-et-post-format-standard"],"yoast_head":"<!-- This site is optimized with the Yoast SEO plugin v27.2 - https:\/\/yoast.com\/product\/yoast-seo-wordpress\/ -->\n<title>Tra\u00e7\u00e3o el\u00e9trica e a transmiss\u00e3o DIWA, os trunfos da Voith na Busworld - Revista AutoBus<\/title>\n<meta name=\"robots\" content=\"index, follow, max-snippet:-1, max-image-preview:large, max-video-preview:-1\" \/>\n<link rel=\"canonical\" href=\"https:\/\/revistaautobus.com.br\/?p=10329\" \/>\n<meta property=\"og:locale\" content=\"pt_BR\" \/>\n<meta property=\"og:type\" content=\"article\" \/>\n<meta property=\"og:title\" content=\"Tra\u00e7\u00e3o el\u00e9trica e a transmiss\u00e3o DIWA, os trunfos da Voith na Busworld - Revista AutoBus\" \/>\n<meta property=\"og:description\" content=\"Recursos tecnol\u00f3gicos s\u00e3o para beneficiar todo o transporte\" \/>\n<meta property=\"og:url\" content=\"https:\/\/revistaautobus.com.br\/?p=10329\" \/>\n<meta property=\"og:site_name\" content=\"Revista AutoBus\" \/>\n<meta property=\"article:publisher\" content=\"https:\/\/www.facebook.com\/antonio.ferro.3150\" \/>\n<meta property=\"article:published_time\" content=\"2023-10-24T17:31:51+00:00\" \/>\n<meta property=\"article:modified_time\" content=\"2023-10-24T17:32:54+00:00\" \/>\n<meta property=\"og:image\" content=\"https:\/\/revistaautobus.com.br\/wp-content\/uploads\/2023\/10\/VT_VEDS-HD-Motor_23_BDI.jpg\" \/>\n\t<meta property=\"og:image:width\" content=\"1000\" \/>\n\t<meta property=\"og:image:height\" content=\"974\" \/>\n\t<meta property=\"og:image:type\" content=\"image\/jpeg\" \/>\n<meta name=\"author\" content=\"Antonio Ferro\" \/>\n<meta name=\"twitter:card\" content=\"summary_large_image\" \/>\n<meta name=\"twitter:label1\" content=\"Escrito por\" \/>\n\t<meta name=\"twitter:data1\" content=\"Antonio Ferro\" \/>\n\t<meta name=\"twitter:label2\" content=\"Est. tempo de leitura\" \/>\n\t<meta name=\"twitter:data2\" content=\"4 minutos\" \/>\n<script type=\"application\/ld+json\" class=\"yoast-schema-graph\">{\"@context\":\"https:\/\/schema.org\",\"@graph\":[{\"@type\":\"Article\",\"@id\":\"https:\/\/revistaautobus.com.br\/?p=10329#article\",\"isPartOf\":{\"@id\":\"https:\/\/revistaautobus.com.br\/?p=10329\"},\"author\":{\"name\":\"Antonio Ferro\",\"@id\":\"https:\/\/revistaautobus.com.br\/#\/schema\/person\/54af7c3eb83a310e42ef686ef6d16f50\"},\"headline\":\"Tra\u00e7\u00e3o el\u00e9trica e a transmiss\u00e3o DIWA, os trunfos da Voith na Busworld\",\"datePublished\":\"2023-10-24T17:31:51+00:00\",\"dateModified\":\"2023-10-24T17:32:54+00:00\",\"mainEntityOfPage\":{\"@id\":\"https:\/\/revistaautobus.com.br\/?p=10329\"},\"wordCount\":728,\"commentCount\":0,\"publisher\":{\"@id\":\"https:\/\/revistaautobus.com.br\/#organization\"},\"image\":{\"@id\":\"https:\/\/revistaautobus.com.br\/?p=10329#primaryimage\"},\"thumbnailUrl\":\"https:\/\/revistaautobus.com.br\/wp-content\/uploads\/2023\/10\/VT_VEDS-HD-Motor_23_BDI.jpg\",\"keywords\":[\"DIWA NXT\",\"VEDS\",\"Voith\"],\"articleSection\":[\"\u00d4nibus el\u00e9trico\",\"Tecnologia\"],\"inLanguage\":\"pt-BR\",\"potentialAction\":[{\"@type\":\"CommentAction\",\"name\":\"Comment\",\"target\":[\"https:\/\/revistaautobus.com.br\/?p=10329#respond\"]}]},{\"@type\":\"WebPage\",\"@id\":\"https:\/\/revistaautobus.com.br\/?p=10329\",\"url\":\"https:\/\/revistaautobus.com.br\/?p=10329\",\"name\":\"Tra\u00e7\u00e3o el\u00e9trica e a transmiss\u00e3o DIWA, os trunfos da Voith na Busworld - Revista AutoBus\",\"isPartOf\":{\"@id\":\"https:\/\/revistaautobus.com.br\/#website\"},\"primaryImageOfPage\":{\"@id\":\"https:\/\/revistaautobus.com.br\/?p=10329#primaryimage\"},\"image\":{\"@id\":\"https:\/\/revistaautobus.com.br\/?p=10329#primaryimage\"},\"thumbnailUrl\":\"https:\/\/revistaautobus.com.br\/wp-content\/uploads\/2023\/10\/VT_VEDS-HD-Motor_23_BDI.jpg\",\"datePublished\":\"2023-10-24T17:31:51+00:00\",\"dateModified\":\"2023-10-24T17:32:54+00:00\",\"breadcrumb\":{\"@id\":\"https:\/\/revistaautobus.com.br\/?p=10329#breadcrumb\"},\"inLanguage\":\"pt-BR\",\"potentialAction\":[{\"@type\":\"ReadAction\",\"target\":[\"https:\/\/revistaautobus.com.br\/?p=10329\"]}]},{\"@type\":\"ImageObject\",\"inLanguage\":\"pt-BR\",\"@id\":\"https:\/\/revistaautobus.com.br\/?p=10329#primaryimage\",\"url\":\"https:\/\/revistaautobus.com.br\/wp-content\/uploads\/2023\/10\/VT_VEDS-HD-Motor_23_BDI.jpg\",\"contentUrl\":\"https:\/\/revistaautobus.com.br\/wp-content\/uploads\/2023\/10\/VT_VEDS-HD-Motor_23_BDI.jpg\",\"width\":1000,\"height\":974},{\"@type\":\"BreadcrumbList\",\"@id\":\"https:\/\/revistaautobus.com.br\/?p=10329#breadcrumb\",\"itemListElement\":[{\"@type\":\"ListItem\",\"position\":1,\"name\":\"In\u00edcio\",\"item\":\"https:\/\/revistaautobus.com.br\/\"},{\"@type\":\"ListItem\",\"position\":2,\"name\":\"Tra\u00e7\u00e3o el\u00e9trica e a transmiss\u00e3o DIWA, os trunfos da Voith na Busworld\"}]},{\"@type\":\"WebSite\",\"@id\":\"https:\/\/revistaautobus.com.br\/#website\",\"url\":\"https:\/\/revistaautobus.com.br\/\",\"name\":\"Revista AutoBus\",\"description\":\"\",\"publisher\":{\"@id\":\"https:\/\/revistaautobus.com.br\/#organization\"},\"potentialAction\":[{\"@type\":\"SearchAction\",\"target\":{\"@type\":\"EntryPoint\",\"urlTemplate\":\"https:\/\/revistaautobus.com.br\/?s={search_term_string}\"},\"query-input\":{\"@type\":\"PropertyValueSpecification\",\"valueRequired\":true,\"valueName\":\"search_term_string\"}}],\"inLanguage\":\"pt-BR\"},{\"@type\":\"Organization\",\"@id\":\"https:\/\/revistaautobus.com.br\/#organization\",\"name\":\"Revista AutoBus\",\"url\":\"https:\/\/revistaautobus.com.br\/\",\"logo\":{\"@type\":\"ImageObject\",\"inLanguage\":\"pt-BR\",\"@id\":\"https:\/\/revistaautobus.com.br\/#\/schema\/logo\/image\/\",\"url\":\"https:\/\/revistaautobus.com.br\/wp-content\/uploads\/2024\/11\/logo_revista_autobus_fb.png\",\"contentUrl\":\"https:\/\/revistaautobus.com.br\/wp-content\/uploads\/2024\/11\/logo_revista_autobus_fb.png\",\"width\":836,\"height\":227,\"caption\":\"Revista AutoBus\"},\"image\":{\"@id\":\"https:\/\/revistaautobus.com.br\/#\/schema\/logo\/image\/\"},\"sameAs\":[\"https:\/\/www.facebook.com\/antonio.ferro.3150\",\"https:\/\/www.instagram.com\/revistaautobus\/\"]},{\"@type\":\"Person\",\"@id\":\"https:\/\/revistaautobus.com.br\/#\/schema\/person\/54af7c3eb83a310e42ef686ef6d16f50\",\"name\":\"Antonio Ferro\",\"image\":{\"@type\":\"ImageObject\",\"inLanguage\":\"pt-BR\",\"@id\":\"https:\/\/revistaautobus.com.br\/wp-content\/uploads\/2025\/12\/editor_antonio_ferro-150x150.jpg\",\"url\":\"https:\/\/revistaautobus.com.br\/wp-content\/uploads\/2025\/12\/editor_antonio_ferro-150x150.jpg\",\"contentUrl\":\"https:\/\/revistaautobus.com.br\/wp-content\/uploads\/2025\/12\/editor_antonio_ferro-150x150.jpg\",\"caption\":\"Antonio Ferro\"},\"description\":\"infobus@uol.com.br\",\"url\":\"https:\/\/revistaautobus.com.br\/?author=2\"}]}<\/script>\n<!-- \/ Yoast SEO plugin. -->","yoast_head_json":{"title":"Tra\u00e7\u00e3o el\u00e9trica e a transmiss\u00e3o DIWA, os trunfos da Voith na Busworld - Revista AutoBus","robots":{"index":"index","follow":"follow","max-snippet":"max-snippet:-1","max-image-preview":"max-image-preview:large","max-video-preview":"max-video-preview:-1"},"canonical":"https:\/\/revistaautobus.com.br\/?p=10329","og_locale":"pt_BR","og_type":"article","og_title":"Tra\u00e7\u00e3o el\u00e9trica e a transmiss\u00e3o DIWA, os trunfos da Voith na Busworld - Revista AutoBus","og_description":"Recursos tecnol\u00f3gicos s\u00e3o para beneficiar todo o transporte","og_url":"https:\/\/revistaautobus.com.br\/?p=10329","og_site_name":"Revista AutoBus","article_publisher":"https:\/\/www.facebook.com\/antonio.ferro.3150","article_published_time":"2023-10-24T17:31:51+00:00","article_modified_time":"2023-10-24T17:32:54+00:00","og_image":[{"width":1000,"height":974,"url":"https:\/\/revistaautobus.com.br\/wp-content\/uploads\/2023\/10\/VT_VEDS-HD-Motor_23_BDI.jpg","type":"image\/jpeg"}],"author":"Antonio Ferro","twitter_card":"summary_large_image","twitter_misc":{"Escrito por":"Antonio Ferro","Est. tempo de leitura":"4 minutos"},"schema":{"@context":"https:\/\/schema.org","@graph":[{"@type":"Article","@id":"https:\/\/revistaautobus.com.br\/?p=10329#article","isPartOf":{"@id":"https:\/\/revistaautobus.com.br\/?p=10329"},"author":{"name":"Antonio Ferro","@id":"https:\/\/revistaautobus.com.br\/#\/schema\/person\/54af7c3eb83a310e42ef686ef6d16f50"},"headline":"Tra\u00e7\u00e3o el\u00e9trica e a transmiss\u00e3o DIWA, os trunfos da Voith na Busworld","datePublished":"2023-10-24T17:31:51+00:00","dateModified":"2023-10-24T17:32:54+00:00","mainEntityOfPage":{"@id":"https:\/\/revistaautobus.com.br\/?p=10329"},"wordCount":728,"commentCount":0,"publisher":{"@id":"https:\/\/revistaautobus.com.br\/#organization"},"image":{"@id":"https:\/\/revistaautobus.com.br\/?p=10329#primaryimage"},"thumbnailUrl":"https:\/\/revistaautobus.com.br\/wp-content\/uploads\/2023\/10\/VT_VEDS-HD-Motor_23_BDI.jpg","keywords":["DIWA NXT","VEDS","Voith"],"articleSection":["\u00d4nibus el\u00e9trico","Tecnologia"],"inLanguage":"pt-BR","potentialAction":[{"@type":"CommentAction","name":"Comment","target":["https:\/\/revistaautobus.com.br\/?p=10329#respond"]}]},{"@type":"WebPage","@id":"https:\/\/revistaautobus.com.br\/?p=10329","url":"https:\/\/revistaautobus.com.br\/?p=10329","name":"Tra\u00e7\u00e3o el\u00e9trica e a transmiss\u00e3o DIWA, os trunfos da Voith na Busworld - Revista AutoBus","isPartOf":{"@id":"https:\/\/revistaautobus.com.br\/#website"},"primaryImageOfPage":{"@id":"https:\/\/revistaautobus.com.br\/?p=10329#primaryimage"},"image":{"@id":"https:\/\/revistaautobus.com.br\/?p=10329#primaryimage"},"thumbnailUrl":"https:\/\/revistaautobus.com.br\/wp-content\/uploads\/2023\/10\/VT_VEDS-HD-Motor_23_BDI.jpg","datePublished":"2023-10-24T17:31:51+00:00","dateModified":"2023-10-24T17:32:54+00:00","breadcrumb":{"@id":"https:\/\/revistaautobus.com.br\/?p=10329#breadcrumb"},"inLanguage":"pt-BR","potentialAction":[{"@type":"ReadAction","target":["https:\/\/revistaautobus.com.br\/?p=10329"]}]},{"@type":"ImageObject","inLanguage":"pt-BR","@id":"https:\/\/revistaautobus.com.br\/?p=10329#primaryimage","url":"https:\/\/revistaautobus.com.br\/wp-content\/uploads\/2023\/10\/VT_VEDS-HD-Motor_23_BDI.jpg","contentUrl":"https:\/\/revistaautobus.com.br\/wp-content\/uploads\/2023\/10\/VT_VEDS-HD-Motor_23_BDI.jpg","width":1000,"height":974},{"@type":"BreadcrumbList","@id":"https:\/\/revistaautobus.com.br\/?p=10329#breadcrumb","itemListElement":[{"@type":"ListItem","position":1,"name":"In\u00edcio","item":"https:\/\/revistaautobus.com.br\/"},{"@type":"ListItem","position":2,"name":"Tra\u00e7\u00e3o el\u00e9trica e a transmiss\u00e3o DIWA, os trunfos da Voith na Busworld"}]},{"@type":"WebSite","@id":"https:\/\/revistaautobus.com.br\/#website","url":"https:\/\/revistaautobus.com.br\/","name":"Revista AutoBus","description":"","publisher":{"@id":"https:\/\/revistaautobus.com.br\/#organization"},"potentialAction":[{"@type":"SearchAction","target":{"@type":"EntryPoint","urlTemplate":"https:\/\/revistaautobus.com.br\/?s={search_term_string}"},"query-input":{"@type":"PropertyValueSpecification","valueRequired":true,"valueName":"search_term_string"}}],"inLanguage":"pt-BR"},{"@type":"Organization","@id":"https:\/\/revistaautobus.com.br\/#organization","name":"Revista AutoBus","url":"https:\/\/revistaautobus.com.br\/","logo":{"@type":"ImageObject","inLanguage":"pt-BR","@id":"https:\/\/revistaautobus.com.br\/#\/schema\/logo\/image\/","url":"https:\/\/revistaautobus.com.br\/wp-content\/uploads\/2024\/11\/logo_revista_autobus_fb.png","contentUrl":"https:\/\/revistaautobus.com.br\/wp-content\/uploads\/2024\/11\/logo_revista_autobus_fb.png","width":836,"height":227,"caption":"Revista AutoBus"},"image":{"@id":"https:\/\/revistaautobus.com.br\/#\/schema\/logo\/image\/"},"sameAs":["https:\/\/www.facebook.com\/antonio.ferro.3150","https:\/\/www.instagram.com\/revistaautobus\/"]},{"@type":"Person","@id":"https:\/\/revistaautobus.com.br\/#\/schema\/person\/54af7c3eb83a310e42ef686ef6d16f50","name":"Antonio Ferro","image":{"@type":"ImageObject","inLanguage":"pt-BR","@id":"https:\/\/revistaautobus.com.br\/wp-content\/uploads\/2025\/12\/editor_antonio_ferro-150x150.jpg","url":"https:\/\/revistaautobus.com.br\/wp-content\/uploads\/2025\/12\/editor_antonio_ferro-150x150.jpg","contentUrl":"https:\/\/revistaautobus.com.br\/wp-content\/uploads\/2025\/12\/editor_antonio_ferro-150x150.jpg","caption":"Antonio Ferro"},"description":"infobus@uol.com.br","url":"https:\/\/revistaautobus.com.br\/?author=2"}]}},"jetpack_featured_media_url":"https:\/\/revistaautobus.com.br\/wp-content\/uploads\/2023\/10\/VT_VEDS-HD-Motor_23_BDI.jpg","jetpack_sharing_enabled":true,"_links":{"self":[{"href":"https:\/\/revistaautobus.com.br\/index.php?rest_route=\/wp\/v2\/posts\/10329","targetHints":{"allow":["GET"]}}],"collection":[{"href":"https:\/\/revistaautobus.com.br\/index.php?rest_route=\/wp\/v2\/posts"}],"about":[{"href":"https:\/\/revistaautobus.com.br\/index.php?rest_route=\/wp\/v2\/types\/post"}],"author":[{"embeddable":true,"href":"https:\/\/revistaautobus.com.br\/index.php?rest_route=\/wp\/v2\/users\/2"}],"replies":[{"embeddable":true,"href":"https:\/\/revistaautobus.com.br\/index.php?rest_route=%2Fwp%2Fv2%2Fcomments&post=10329"}],"version-history":[{"count":4,"href":"https:\/\/revistaautobus.com.br\/index.php?rest_route=\/wp\/v2\/posts\/10329\/revisions"}],"predecessor-version":[{"id":10336,"href":"https:\/\/revistaautobus.com.br\/index.php?rest_route=\/wp\/v2\/posts\/10329\/revisions\/10336"}],"wp:featuredmedia":[{"embeddable":true,"href":"https:\/\/revistaautobus.com.br\/index.php?rest_route=\/wp\/v2\/media\/10331"}],"wp:attachment":[{"href":"https:\/\/revistaautobus.com.br\/index.php?rest_route=%2Fwp%2Fv2%2Fmedia&parent=10329"}],"wp:term":[{"taxonomy":"category","embeddable":true,"href":"https:\/\/revistaautobus.com.br\/index.php?rest_route=%2Fwp%2Fv2%2Fcategories&post=10329"},{"taxonomy":"post_tag","embeddable":true,"href":"https:\/\/revistaautobus.com.br\/index.php?rest_route=%2Fwp%2Fv2%2Ftags&post=10329"}],"curies":[{"name":"wp","href":"https:\/\/api.w.org\/{rel}","templated":true}]}}