{"id":10795,"date":"2023-12-12T11:40:38","date_gmt":"2023-12-12T14:40:38","guid":{"rendered":"https:\/\/revistaautobus.com.br\/?p=10795"},"modified":"2023-12-14T10:16:59","modified_gmt":"2023-12-14T13:16:59","slug":"100-volksbus","status":"publish","type":"post","link":"https:\/\/revistaautobus.com.br\/?p=10795","title":{"rendered":"100% Volksbus"},"content":{"rendered":"<p><span style=\"color: #333399;\">A Tursan, operadora de servi\u00e7os de fretamento, refor\u00e7a sua fideliza\u00e7\u00e3o como cliente da marca de chassis para \u00f4nibus, Volkswagen CO, ao adquirir 175 novos \u00f4nibus, que ser\u00e3o destinados \u00e0s suas opera\u00e7\u00f5es, especialmente no atendimento do transporte de funcion\u00e1rios da f\u00e1brica de Resende (RJ) da respectiva montadora.<\/span><\/p>\n<p><span style=\"color: #333399;\">Para a fabricante, os ve\u00edculos ter\u00e3o a oportunidade de oferecer mais economia, conforto, ergonomia e seguran\u00e7a para os passageiros da transportadora. A Tursan tem mais de 60 anos de atua\u00e7\u00e3o e se destaca por dar espa\u00e7o \u00e0s mulheres como condutoras de seus ve\u00edculos (ao todo s\u00e3o 80 em seu quadro).<\/span><\/p>\n<p><span style=\"color: #333399;\">Um dos exemplos \u00e9 Patr\u00edcia Ramos da Silva, motorista da empresa, que passou por v\u00e1rias etapas at\u00e9 integrar o quadro de motoristas. &#8220;Entrei na empresa em \u00e1reas de suporte at\u00e9 tirar a minha carteira D e a empresa me deu a oportunidade de trabalhar como manobrista. Ap\u00f3s um tempo, fiz um curso de transporte de passageiros e consegui a chance de pilotar micro-\u00f4nibus e, ap\u00f3s um per\u00edodo de tempo, fui promovida a guiar os \u00f4nibus da linha. \u00c9 uma honra estar presente no itiner\u00e1rio dos colaboradores VWCO. Espero que o n\u00famero de motoristas femininas siga crescendo exponencialmente e fico muito feliz de ser um exemplo no meio&#8221;, disse ela.<\/span><\/p>\n<div id=\"attachment_10797\" style=\"width: 586px\" class=\"wp-caption aligncenter\"><img loading=\"lazy\" decoding=\"async\" aria-describedby=\"caption-attachment-10797\" class=\"wp-image-10797 size-large\" src=\"https:\/\/revistaautobus.com.br\/wp-content\/uploads\/2023\/12\/PHOTO-2023-11-17-14-04-02-003-576x1024.jpg\" alt=\"\" width=\"576\" height=\"1024\" srcset=\"https:\/\/revistaautobus.com.br\/wp-content\/uploads\/2023\/12\/PHOTO-2023-11-17-14-04-02-003-576x1024.jpg 576w, https:\/\/revistaautobus.com.br\/wp-content\/uploads\/2023\/12\/PHOTO-2023-11-17-14-04-02-003-169x300.jpg 169w, https:\/\/revistaautobus.com.br\/wp-content\/uploads\/2023\/12\/PHOTO-2023-11-17-14-04-02-003-768x1365.jpg 768w, https:\/\/revistaautobus.com.br\/wp-content\/uploads\/2023\/12\/PHOTO-2023-11-17-14-04-02-003-864x1536.jpg 864w, https:\/\/revistaautobus.com.br\/wp-content\/uploads\/2023\/12\/PHOTO-2023-11-17-14-04-02-003-1152x2048.jpg 1152w, https:\/\/revistaautobus.com.br\/wp-content\/uploads\/2023\/12\/PHOTO-2023-11-17-14-04-02-003-1080x1920.jpg 1080w, https:\/\/revistaautobus.com.br\/wp-content\/uploads\/2023\/12\/PHOTO-2023-11-17-14-04-02-003-scaled.jpg 1440w\" sizes=\"(max-width: 576px) 100vw, 576px\" \/><p id=\"caption-attachment-10797\" class=\"wp-caption-text\"><span style=\"color: #993300;\"><em><strong>A presen\u00e7a feminina na opera\u00e7\u00e3o<\/strong><\/em><\/span><\/p><\/div>\n<p><span style=\"color: #333399;\">Paulo Bonaf\u00e9, CEO da Tursan, celebra essa aquisi\u00e7\u00e3o e enfatiza a parceria com a Volkswagen CO. &#8220;\u00c9 muito gratificante estar fortalecendo a parceria entre VWCO e a Tursan com mais 175 Volksbus para a nossa frota. N\u00f3s estamos orgulhosos em fazer parte desta hist\u00f3ria com mais de duas d\u00e9cadas de parceria com a Volkswagen Caminh\u00f5es e \u00d4nibus\u201d, ressaltou.<\/span><\/p>\n<p><span style=\"color: #333399;\">O executivo salientou, ainda, que \u00e9 cliente da marca desde o ano de 2000 e j\u00e1 adquiriu mais 1.150 unidades de chassis. \u201cTemos uma frota composta 100% por \u00f4nibus Volksbus, com idade m\u00e9dia de dois anos de uso, operando os chassis 17.230S e 9.180. Com a nova aquisi\u00e7\u00e3o de modelos Euro VI, nossa expectativa \u00e9 de redu\u00e7\u00e3o de consumo devido a nova tecnologia, bem como sustentabilidade\u201d, disse Bonaf\u00e9.<\/span><\/p>\n<p><span style=\"color: #333399;\">Os clientes da transportadora s\u00e3o do ramo automotivo, sider\u00fargico, farmac\u00eautico, agr\u00edcola, condom\u00ednios e empresas de bens de consumo e servi\u00e7os. Ainda, de acordo com Bonaf\u00e9, 2023 foi um ano excelente, de muito crescimento comercial e a estrat\u00e9gia da empresa, para 2024, \u00e9 seguir nesta crescente, fazendo, inclusive, aquisi\u00e7\u00f5es de ve\u00edculos em volumes similares ou maiores que 2023. \u201cEstamos otimistas e esperan\u00e7osos. Prova disso \u00e9 que iremos adquirir um \u00f4nibus com dois pavimentos (<em>Double Deck<\/em>) da Comil e mais 200 unidades rodovi\u00e1rias no ano que vem\u201d, salientou. Ali\u00e1s, o DD ser\u00e1 o primeiro ve\u00edculo dessa categoria na frota da empresa.<\/span><\/p>\n<p><span style=\"color: #333399;\">A Volkswagen Caminh\u00f5es e \u00d4nibus est\u00e1 no mercado brasileiro de \u00f4nibus desde 1993, quando lan\u00e7ou seu primeiro chassi Volksbus, o 16.180. Desde ent\u00e3o, a montadora segue presente no itiner\u00e1rio de milh\u00f5es de pessoas e colecionando diversas hist\u00f3rias pelo Brasil e pelo mundo.<\/span><\/p>\n<div id=\"attachment_10798\" style=\"width: 1010px\" class=\"wp-caption aligncenter\"><img loading=\"lazy\" decoding=\"async\" aria-describedby=\"caption-attachment-10798\" class=\"wp-image-10798 size-full\" src=\"https:\/\/revistaautobus.com.br\/wp-content\/uploads\/2023\/12\/Frota-Comil-e-Tursan-1999.png\" alt=\"\" width=\"1000\" height=\"750\" srcset=\"https:\/\/revistaautobus.com.br\/wp-content\/uploads\/2023\/12\/Frota-Comil-e-Tursan-1999.png 1000w, https:\/\/revistaautobus.com.br\/wp-content\/uploads\/2023\/12\/Frota-Comil-e-Tursan-1999-300x225.png 300w, https:\/\/revistaautobus.com.br\/wp-content\/uploads\/2023\/12\/Frota-Comil-e-Tursan-1999-768x576.png 768w\" sizes=\"(max-width: 1000px) 100vw, 1000px\" \/><p id=\"caption-attachment-10798\" class=\"wp-caption-text\"><em><strong><span style=\"color: #993300;\">O in\u00edcio da parceria com a Volkswagen CO<\/span><\/strong><\/em><\/p><\/div>\n<p><span style=\"color: #333399;\">Com a encarro\u00e7adora ga\u00facha Comil, a operadora celebra sua parceria de longa data, que come\u00e7ou em 1999, quando as 30 primeiras carro\u00e7arias Campione 3.25 chegaram \u00e0 frota da Tursan. Neste ano, 110 carro\u00e7arias Vesatile, com 12,50 metros e 46 poltronas, foram adquiridas. Para oferecer mais conforto e seguran\u00e7a aos usu\u00e1rios dos servi\u00e7os de curtas dist\u00e2ncias, a empresa optou por poltronas executivas, al\u00e9m de conectores USB individuais, porta-copos, piso amadeirado, ar-condicionado e acessibilidade.<\/span><\/p>\n<p><span style=\"color: #333399;\">Tiago Zanette, diretor-comercial da Comil \u00d4nibus comentou que o Versatile entrega desempenho, agilidade e garante baixo custo de manuten\u00e7\u00e3o facilita a parcerias expressivas, \u201cO Versatile \u00e9 um coringa no transporte fretado e em linha regular, visando superar as expectativas dos frotistas, dos motoristas e passageiros. Diferenciais estes que nos fortalecem perante grandes empresas, como a Tursan\u201d, destacou.<\/span><\/p>\n<p><span style=\"color: #333399;\">Al\u00e9m das carro\u00e7arias Comil, a transportadora tamb\u00e9m receber\u00e1 novas unidades de \u00f4nibus com modelos produzidos pela marca paranaense Mascarello.<\/span><\/p>\n<p><span style=\"color: #333399;\">Imagens &#8211; Divulga\u00e7\u00e3o<\/span><\/p>\n","protected":false},"excerpt":{"rendered":"<p>Uma parceria que j\u00e1 dura mais de duas d\u00e9cadas<\/p>\n","protected":false},"author":2,"featured_media":10796,"comment_status":"open","ping_status":"open","sticky":false,"template":"","format":"standard","meta":{"_et_pb_use_builder":"","_et_pb_old_content":"","_et_gb_content_width":"","_jetpack_memberships_contains_paid_content":false,"footnotes":""},"categories":[55,10,90,80],"tags":[251,667,62],"class_list":["post-10795","post","type-post","status-publish","format-standard","has-post-thumbnail","hentry","category-encarrocadora","category-montadoras","category-noticias","category-transporte-rodoviario","tag-comil","tag-tursan","tag-volksbus","et-has-post-format-content","et_post_format-et-post-format-standard"],"yoast_head":"<!-- This site is optimized with the Yoast SEO plugin v27.2 - https:\/\/yoast.com\/product\/yoast-seo-wordpress\/ -->\n<title>100% Volksbus - Revista AutoBus<\/title>\n<meta name=\"robots\" content=\"index, follow, max-snippet:-1, max-image-preview:large, max-video-preview:-1\" \/>\n<link rel=\"canonical\" href=\"https:\/\/revistaautobus.com.br\/?p=10795\" \/>\n<meta property=\"og:locale\" content=\"pt_BR\" \/>\n<meta property=\"og:type\" content=\"article\" \/>\n<meta property=\"og:title\" content=\"100% Volksbus - Revista AutoBus\" \/>\n<meta property=\"og:description\" content=\"Uma parceria que j\u00e1 dura mais de duas d\u00e9cadas\" \/>\n<meta property=\"og:url\" content=\"https:\/\/revistaautobus.com.br\/?p=10795\" \/>\n<meta property=\"og:site_name\" content=\"Revista AutoBus\" \/>\n<meta property=\"article:publisher\" content=\"https:\/\/www.facebook.com\/antonio.ferro.3150\" \/>\n<meta property=\"article:published_time\" content=\"2023-12-12T14:40:38+00:00\" \/>\n<meta property=\"article:modified_time\" content=\"2023-12-14T13:16:59+00:00\" \/>\n<meta property=\"og:image\" content=\"https:\/\/revistaautobus.com.br\/wp-content\/uploads\/2023\/12\/PHOTO-2023-11-16-21-01-55-003-scaled.jpg\" \/>\n\t<meta property=\"og:image:width\" content=\"2560\" \/>\n\t<meta property=\"og:image:height\" content=\"1920\" \/>\n\t<meta property=\"og:image:type\" content=\"image\/jpeg\" \/>\n<meta name=\"author\" content=\"Antonio Ferro\" \/>\n<meta name=\"twitter:card\" content=\"summary_large_image\" \/>\n<meta name=\"twitter:label1\" content=\"Escrito por\" \/>\n\t<meta name=\"twitter:data1\" content=\"Antonio Ferro\" \/>\n\t<meta name=\"twitter:label2\" content=\"Est. tempo de leitura\" \/>\n\t<meta name=\"twitter:data2\" content=\"3 minutos\" \/>\n<script type=\"application\/ld+json\" class=\"yoast-schema-graph\">{\"@context\":\"https:\/\/schema.org\",\"@graph\":[{\"@type\":\"Article\",\"@id\":\"https:\/\/revistaautobus.com.br\/?p=10795#article\",\"isPartOf\":{\"@id\":\"https:\/\/revistaautobus.com.br\/?p=10795\"},\"author\":{\"name\":\"Antonio Ferro\",\"@id\":\"https:\/\/revistaautobus.com.br\/#\/schema\/person\/54af7c3eb83a310e42ef686ef6d16f50\"},\"headline\":\"100% Volksbus\",\"datePublished\":\"2023-12-12T14:40:38+00:00\",\"dateModified\":\"2023-12-14T13:16:59+00:00\",\"mainEntityOfPage\":{\"@id\":\"https:\/\/revistaautobus.com.br\/?p=10795\"},\"wordCount\":689,\"commentCount\":0,\"publisher\":{\"@id\":\"https:\/\/revistaautobus.com.br\/#organization\"},\"image\":{\"@id\":\"https:\/\/revistaautobus.com.br\/?p=10795#primaryimage\"},\"thumbnailUrl\":\"https:\/\/revistaautobus.com.br\/wp-content\/uploads\/2023\/12\/PHOTO-2023-11-16-21-01-55-003-scaled.jpg\",\"keywords\":[\"Comil\",\"Tursan\",\"Volksbus\"],\"articleSection\":[\"Encarro\u00e7adora\",\"Montadoras\",\"Not\u00edcias\",\"Transporte rodovi\u00e1rio\"],\"inLanguage\":\"pt-BR\",\"potentialAction\":[{\"@type\":\"CommentAction\",\"name\":\"Comment\",\"target\":[\"https:\/\/revistaautobus.com.br\/?p=10795#respond\"]}]},{\"@type\":\"WebPage\",\"@id\":\"https:\/\/revistaautobus.com.br\/?p=10795\",\"url\":\"https:\/\/revistaautobus.com.br\/?p=10795\",\"name\":\"100% Volksbus - Revista AutoBus\",\"isPartOf\":{\"@id\":\"https:\/\/revistaautobus.com.br\/#website\"},\"primaryImageOfPage\":{\"@id\":\"https:\/\/revistaautobus.com.br\/?p=10795#primaryimage\"},\"image\":{\"@id\":\"https:\/\/revistaautobus.com.br\/?p=10795#primaryimage\"},\"thumbnailUrl\":\"https:\/\/revistaautobus.com.br\/wp-content\/uploads\/2023\/12\/PHOTO-2023-11-16-21-01-55-003-scaled.jpg\",\"datePublished\":\"2023-12-12T14:40:38+00:00\",\"dateModified\":\"2023-12-14T13:16:59+00:00\",\"breadcrumb\":{\"@id\":\"https:\/\/revistaautobus.com.br\/?p=10795#breadcrumb\"},\"inLanguage\":\"pt-BR\",\"potentialAction\":[{\"@type\":\"ReadAction\",\"target\":[\"https:\/\/revistaautobus.com.br\/?p=10795\"]}]},{\"@type\":\"ImageObject\",\"inLanguage\":\"pt-BR\",\"@id\":\"https:\/\/revistaautobus.com.br\/?p=10795#primaryimage\",\"url\":\"https:\/\/revistaautobus.com.br\/wp-content\/uploads\/2023\/12\/PHOTO-2023-11-16-21-01-55-003-scaled.jpg\",\"contentUrl\":\"https:\/\/revistaautobus.com.br\/wp-content\/uploads\/2023\/12\/PHOTO-2023-11-16-21-01-55-003-scaled.jpg\",\"width\":2560,\"height\":1920},{\"@type\":\"BreadcrumbList\",\"@id\":\"https:\/\/revistaautobus.com.br\/?p=10795#breadcrumb\",\"itemListElement\":[{\"@type\":\"ListItem\",\"position\":1,\"name\":\"In\u00edcio\",\"item\":\"https:\/\/revistaautobus.com.br\/\"},{\"@type\":\"ListItem\",\"position\":2,\"name\":\"100% Volksbus\"}]},{\"@type\":\"WebSite\",\"@id\":\"https:\/\/revistaautobus.com.br\/#website\",\"url\":\"https:\/\/revistaautobus.com.br\/\",\"name\":\"Revista AutoBus\",\"description\":\"\",\"publisher\":{\"@id\":\"https:\/\/revistaautobus.com.br\/#organization\"},\"potentialAction\":[{\"@type\":\"SearchAction\",\"target\":{\"@type\":\"EntryPoint\",\"urlTemplate\":\"https:\/\/revistaautobus.com.br\/?s={search_term_string}\"},\"query-input\":{\"@type\":\"PropertyValueSpecification\",\"valueRequired\":true,\"valueName\":\"search_term_string\"}}],\"inLanguage\":\"pt-BR\"},{\"@type\":\"Organization\",\"@id\":\"https:\/\/revistaautobus.com.br\/#organization\",\"name\":\"Revista AutoBus\",\"url\":\"https:\/\/revistaautobus.com.br\/\",\"logo\":{\"@type\":\"ImageObject\",\"inLanguage\":\"pt-BR\",\"@id\":\"https:\/\/revistaautobus.com.br\/#\/schema\/logo\/image\/\",\"url\":\"https:\/\/revistaautobus.com.br\/wp-content\/uploads\/2024\/11\/logo_revista_autobus_fb.png\",\"contentUrl\":\"https:\/\/revistaautobus.com.br\/wp-content\/uploads\/2024\/11\/logo_revista_autobus_fb.png\",\"width\":836,\"height\":227,\"caption\":\"Revista AutoBus\"},\"image\":{\"@id\":\"https:\/\/revistaautobus.com.br\/#\/schema\/logo\/image\/\"},\"sameAs\":[\"https:\/\/www.facebook.com\/antonio.ferro.3150\",\"https:\/\/www.instagram.com\/revistaautobus\/\"]},{\"@type\":\"Person\",\"@id\":\"https:\/\/revistaautobus.com.br\/#\/schema\/person\/54af7c3eb83a310e42ef686ef6d16f50\",\"name\":\"Antonio Ferro\",\"image\":{\"@type\":\"ImageObject\",\"inLanguage\":\"pt-BR\",\"@id\":\"https:\/\/revistaautobus.com.br\/wp-content\/uploads\/2025\/12\/editor_antonio_ferro-150x150.jpg\",\"url\":\"https:\/\/revistaautobus.com.br\/wp-content\/uploads\/2025\/12\/editor_antonio_ferro-150x150.jpg\",\"contentUrl\":\"https:\/\/revistaautobus.com.br\/wp-content\/uploads\/2025\/12\/editor_antonio_ferro-150x150.jpg\",\"caption\":\"Antonio Ferro\"},\"description\":\"infobus@uol.com.br\",\"url\":\"https:\/\/revistaautobus.com.br\/?author=2\"}]}<\/script>\n<!-- \/ Yoast SEO plugin. -->","yoast_head_json":{"title":"100% Volksbus - Revista AutoBus","robots":{"index":"index","follow":"follow","max-snippet":"max-snippet:-1","max-image-preview":"max-image-preview:large","max-video-preview":"max-video-preview:-1"},"canonical":"https:\/\/revistaautobus.com.br\/?p=10795","og_locale":"pt_BR","og_type":"article","og_title":"100% Volksbus - Revista AutoBus","og_description":"Uma parceria que j\u00e1 dura mais de duas d\u00e9cadas","og_url":"https:\/\/revistaautobus.com.br\/?p=10795","og_site_name":"Revista AutoBus","article_publisher":"https:\/\/www.facebook.com\/antonio.ferro.3150","article_published_time":"2023-12-12T14:40:38+00:00","article_modified_time":"2023-12-14T13:16:59+00:00","og_image":[{"width":2560,"height":1920,"url":"https:\/\/revistaautobus.com.br\/wp-content\/uploads\/2023\/12\/PHOTO-2023-11-16-21-01-55-003-scaled.jpg","type":"image\/jpeg"}],"author":"Antonio Ferro","twitter_card":"summary_large_image","twitter_misc":{"Escrito por":"Antonio Ferro","Est. tempo de leitura":"3 minutos"},"schema":{"@context":"https:\/\/schema.org","@graph":[{"@type":"Article","@id":"https:\/\/revistaautobus.com.br\/?p=10795#article","isPartOf":{"@id":"https:\/\/revistaautobus.com.br\/?p=10795"},"author":{"name":"Antonio Ferro","@id":"https:\/\/revistaautobus.com.br\/#\/schema\/person\/54af7c3eb83a310e42ef686ef6d16f50"},"headline":"100% Volksbus","datePublished":"2023-12-12T14:40:38+00:00","dateModified":"2023-12-14T13:16:59+00:00","mainEntityOfPage":{"@id":"https:\/\/revistaautobus.com.br\/?p=10795"},"wordCount":689,"commentCount":0,"publisher":{"@id":"https:\/\/revistaautobus.com.br\/#organization"},"image":{"@id":"https:\/\/revistaautobus.com.br\/?p=10795#primaryimage"},"thumbnailUrl":"https:\/\/revistaautobus.com.br\/wp-content\/uploads\/2023\/12\/PHOTO-2023-11-16-21-01-55-003-scaled.jpg","keywords":["Comil","Tursan","Volksbus"],"articleSection":["Encarro\u00e7adora","Montadoras","Not\u00edcias","Transporte rodovi\u00e1rio"],"inLanguage":"pt-BR","potentialAction":[{"@type":"CommentAction","name":"Comment","target":["https:\/\/revistaautobus.com.br\/?p=10795#respond"]}]},{"@type":"WebPage","@id":"https:\/\/revistaautobus.com.br\/?p=10795","url":"https:\/\/revistaautobus.com.br\/?p=10795","name":"100% Volksbus - Revista AutoBus","isPartOf":{"@id":"https:\/\/revistaautobus.com.br\/#website"},"primaryImageOfPage":{"@id":"https:\/\/revistaautobus.com.br\/?p=10795#primaryimage"},"image":{"@id":"https:\/\/revistaautobus.com.br\/?p=10795#primaryimage"},"thumbnailUrl":"https:\/\/revistaautobus.com.br\/wp-content\/uploads\/2023\/12\/PHOTO-2023-11-16-21-01-55-003-scaled.jpg","datePublished":"2023-12-12T14:40:38+00:00","dateModified":"2023-12-14T13:16:59+00:00","breadcrumb":{"@id":"https:\/\/revistaautobus.com.br\/?p=10795#breadcrumb"},"inLanguage":"pt-BR","potentialAction":[{"@type":"ReadAction","target":["https:\/\/revistaautobus.com.br\/?p=10795"]}]},{"@type":"ImageObject","inLanguage":"pt-BR","@id":"https:\/\/revistaautobus.com.br\/?p=10795#primaryimage","url":"https:\/\/revistaautobus.com.br\/wp-content\/uploads\/2023\/12\/PHOTO-2023-11-16-21-01-55-003-scaled.jpg","contentUrl":"https:\/\/revistaautobus.com.br\/wp-content\/uploads\/2023\/12\/PHOTO-2023-11-16-21-01-55-003-scaled.jpg","width":2560,"height":1920},{"@type":"BreadcrumbList","@id":"https:\/\/revistaautobus.com.br\/?p=10795#breadcrumb","itemListElement":[{"@type":"ListItem","position":1,"name":"In\u00edcio","item":"https:\/\/revistaautobus.com.br\/"},{"@type":"ListItem","position":2,"name":"100% Volksbus"}]},{"@type":"WebSite","@id":"https:\/\/revistaautobus.com.br\/#website","url":"https:\/\/revistaautobus.com.br\/","name":"Revista AutoBus","description":"","publisher":{"@id":"https:\/\/revistaautobus.com.br\/#organization"},"potentialAction":[{"@type":"SearchAction","target":{"@type":"EntryPoint","urlTemplate":"https:\/\/revistaautobus.com.br\/?s={search_term_string}"},"query-input":{"@type":"PropertyValueSpecification","valueRequired":true,"valueName":"search_term_string"}}],"inLanguage":"pt-BR"},{"@type":"Organization","@id":"https:\/\/revistaautobus.com.br\/#organization","name":"Revista AutoBus","url":"https:\/\/revistaautobus.com.br\/","logo":{"@type":"ImageObject","inLanguage":"pt-BR","@id":"https:\/\/revistaautobus.com.br\/#\/schema\/logo\/image\/","url":"https:\/\/revistaautobus.com.br\/wp-content\/uploads\/2024\/11\/logo_revista_autobus_fb.png","contentUrl":"https:\/\/revistaautobus.com.br\/wp-content\/uploads\/2024\/11\/logo_revista_autobus_fb.png","width":836,"height":227,"caption":"Revista AutoBus"},"image":{"@id":"https:\/\/revistaautobus.com.br\/#\/schema\/logo\/image\/"},"sameAs":["https:\/\/www.facebook.com\/antonio.ferro.3150","https:\/\/www.instagram.com\/revistaautobus\/"]},{"@type":"Person","@id":"https:\/\/revistaautobus.com.br\/#\/schema\/person\/54af7c3eb83a310e42ef686ef6d16f50","name":"Antonio Ferro","image":{"@type":"ImageObject","inLanguage":"pt-BR","@id":"https:\/\/revistaautobus.com.br\/wp-content\/uploads\/2025\/12\/editor_antonio_ferro-150x150.jpg","url":"https:\/\/revistaautobus.com.br\/wp-content\/uploads\/2025\/12\/editor_antonio_ferro-150x150.jpg","contentUrl":"https:\/\/revistaautobus.com.br\/wp-content\/uploads\/2025\/12\/editor_antonio_ferro-150x150.jpg","caption":"Antonio Ferro"},"description":"infobus@uol.com.br","url":"https:\/\/revistaautobus.com.br\/?author=2"}]}},"jetpack_featured_media_url":"https:\/\/revistaautobus.com.br\/wp-content\/uploads\/2023\/12\/PHOTO-2023-11-16-21-01-55-003-scaled.jpg","jetpack_sharing_enabled":true,"_links":{"self":[{"href":"https:\/\/revistaautobus.com.br\/index.php?rest_route=\/wp\/v2\/posts\/10795","targetHints":{"allow":["GET"]}}],"collection":[{"href":"https:\/\/revistaautobus.com.br\/index.php?rest_route=\/wp\/v2\/posts"}],"about":[{"href":"https:\/\/revistaautobus.com.br\/index.php?rest_route=\/wp\/v2\/types\/post"}],"author":[{"embeddable":true,"href":"https:\/\/revistaautobus.com.br\/index.php?rest_route=\/wp\/v2\/users\/2"}],"replies":[{"embeddable":true,"href":"https:\/\/revistaautobus.com.br\/index.php?rest_route=%2Fwp%2Fv2%2Fcomments&post=10795"}],"version-history":[{"count":3,"href":"https:\/\/revistaautobus.com.br\/index.php?rest_route=\/wp\/v2\/posts\/10795\/revisions"}],"predecessor-version":[{"id":10809,"href":"https:\/\/revistaautobus.com.br\/index.php?rest_route=\/wp\/v2\/posts\/10795\/revisions\/10809"}],"wp:featuredmedia":[{"embeddable":true,"href":"https:\/\/revistaautobus.com.br\/index.php?rest_route=\/wp\/v2\/media\/10796"}],"wp:attachment":[{"href":"https:\/\/revistaautobus.com.br\/index.php?rest_route=%2Fwp%2Fv2%2Fmedia&parent=10795"}],"wp:term":[{"taxonomy":"category","embeddable":true,"href":"https:\/\/revistaautobus.com.br\/index.php?rest_route=%2Fwp%2Fv2%2Fcategories&post=10795"},{"taxonomy":"post_tag","embeddable":true,"href":"https:\/\/revistaautobus.com.br\/index.php?rest_route=%2Fwp%2Fv2%2Ftags&post=10795"}],"curies":[{"name":"wp","href":"https:\/\/api.w.org\/{rel}","templated":true}]}}