{"id":10871,"date":"2023-12-19T14:00:13","date_gmt":"2023-12-19T17:00:13","guid":{"rendered":"https:\/\/revistaautobus.com.br\/?p=10871"},"modified":"2023-12-19T15:38:19","modified_gmt":"2023-12-19T18:38:19","slug":"londrina-renova-a-frota-com-onibus-euro-vi","status":"publish","type":"post","link":"https:\/\/revistaautobus.com.br\/?p=10871","title":{"rendered":"Londrina renova a frota com \u00f4nibus Euro VI"},"content":{"rendered":"<p>Com mais de 550 mil habitantes, Londrina \u00e9 a segunda maior cidade do estado do Paran\u00e1 e a mobilidade urbana est\u00e1 no centro do seu desenvolvimento, com incentivos ao transporte p\u00fablico coletivo por meio de pol\u00edticas que buscam valorizar essa pauta.<\/p>\n<p>Segundo informa\u00e7\u00f5es, no Brasil, um dos munic\u00edpios que mais tem investido e inovado no transporte coletivo \u00e9 Londrina, sendo que 45 mil utilizam o seu sistema de transporte p\u00fablico, todos os dias. Ela foi uma das primeiras cidades a ter a frota 100% adaptada a deficientes f\u00edsicos, ve\u00edculos com ar-condicionado e a primeira a contar com Wi-Fi dispon\u00edvel para os passageiros nos \u00f4nibus e nos terminais.<\/p>\n<p>Em 2017, um levantamento realizado pelo IBGE (Instituto Brasileiro de Geografia e Estat\u00edstica) apontou que entre os 1.679 munic\u00edpios que dispunham de servi\u00e7o de transporte coletivo, apenas 197 (11,7%) estavam com a frota totalmente adaptada e o munic\u00edpio j\u00e1 tinha adaptado sua frota um ano antes.<\/p>\n<p>E, todas as regi\u00f5es de Londrina contam com um terminal que \u00e9 integrado aos outros, permitindo que o londrinense pague apenas uma passagem e fa\u00e7a v\u00e1rias viagens para diferentes bairros. Outro detalhe e a disponibiliza\u00e7\u00e3o da integra\u00e7\u00e3o eletr\u00f4nica, ou seja, todos os usu\u00e1rios que t\u00eam o Cart\u00e3o Inteligente para o pagamento das tarifas, podem integrar em qualquer ponto da cidade, pagando apenas uma \u00fanica tarifa, desde que a segunda viagem seja realizada no per\u00edodo de uma hora entre o desembarque e o embarque em outro \u00f4nibus.<\/p>\n<p>Quanto ao seu sistema, a renova\u00e7\u00e3o da frota \u00e9 um dos pontos positivos a favor dos passageiros. H\u00e1 poucos dias, quando completou 89 anos, os moradores da cidade foram surpreendidos com uma carreata de 147 novos \u00f4nibus que passaram a integrar a frota atual, o que representa uma renova\u00e7\u00e3o de 50% da frota operante.<\/p>\n<p>Os novos \u00f4nibus t\u00eam chassis Mercedes-Benz (OF) com motoriza\u00e7\u00e3o Euro VI (bem mais limpa em rela\u00e7\u00e3o aos modelos mais antigos) e carro\u00e7arias Torino da Marcopolo. Desse total, 96 ve\u00edculos foram adquiridos pela operadora Grande Londrina, empresa que opera 65% das linhas, e 51 pela LondriSul, respons\u00e1vel por 35% das linhas. O investimento chega a quase R$ 100 milh\u00f5es.<\/p>\n<p>Dentre os novos \u00f4nibus da operadora Grande Londrina, 22 s\u00e3o do modelo OF 1726L, 38 unidades do chassi OF 1721 e 36 do OF 1619, totalizando 96 ve\u00edculos.<\/p>\n<p><img loading=\"lazy\" decoding=\"async\" class=\"alignnone wp-image-10873 size-full\" src=\"https:\/\/revistaautobus.com.br\/wp-content\/uploads\/2023\/12\/IMG-20231219-WA0045.jpg\" alt=\"\" width=\"1024\" height=\"682\" srcset=\"https:\/\/revistaautobus.com.br\/wp-content\/uploads\/2023\/12\/IMG-20231219-WA0045.jpg 1024w, https:\/\/revistaautobus.com.br\/wp-content\/uploads\/2023\/12\/IMG-20231219-WA0045-300x200.jpg 300w, https:\/\/revistaautobus.com.br\/wp-content\/uploads\/2023\/12\/IMG-20231219-WA0045-768x512.jpg 768w\" sizes=\"(max-width: 1024px) 100vw, 1024px\" \/><\/p>\n<p>Todos os ve\u00edculos atendem as normas de acessibilidade e s\u00e3o equipados com elevadores e espa\u00e7o reservado para cadeirantes. Contam ainda com quatro c\u00e2meras de monitoramento com sistema de grava\u00e7\u00e3o de imagens para garantir a seguran\u00e7a dos passageiros no interior dos ve\u00edculos. Al\u00e9m disso, monitores anunciam a pr\u00f3xima parada e exibem v\u00eddeos.<\/p>\n<p>O passageiro pode escolher pagar sua tarifa por diferentes m\u00e9todos, como por aproxima\u00e7\u00e3o, d\u00e9bito e cr\u00e9dito, seja com o cart\u00e3o ou celular. H\u00e1 ainda uma terceira op\u00e7\u00e3o, que \u00e9 o cart\u00e3o recarreg\u00e1vel antecipadamente com cr\u00e9ditos de viagens.<\/p>\n<p>Outro aspecto \u00e9 que todos os itiner\u00e1rios dos \u00f4nibus s\u00e3o planejados e controlados, em tempo real, pelo Centro de Intelig\u00eancia Operacional &#8211; CIOP, uma estrutura \u00fanica na Am\u00e9rica Latina, equipada para fazer a gest\u00e3o da mobilidade de acordo com a demanda do tr\u00e2nsito e de passageiros. Para a melhor efici\u00eancia operacional, o CIOP re\u00fane funcion\u00e1rios do poder p\u00fablico e das duas empresas que operam o servi\u00e7o.<\/p>\n<p>Segundo a CMTU (Companhia Municipal de Tr\u00e2nsito e Urbanismo), \u00e9 preciso conscientizar ainda mais o londrinense que embarcar nos \u00f4nibus pode beneficiar toda a cidade. Assim, ela tem buscado associar e trabalhar a imagem do Sistema de Transporte P\u00fablico Coletivo a qualidades, como movimento, agilidade e modernidade. Esse conceito \u00e9 expresso na marca MOV, que est\u00e1 em todos os \u00f4nibus.<\/p>\n<p>Imagens &#8211; Divulga\u00e7\u00e3o<\/p>\n","protected":false},"excerpt":{"rendered":"<p>Segundo a CMTU (Companhia Municipal de Tr\u00e2nsito e Urbanismo), \u00e9 preciso conscientizar ainda mais o londrinense que embarcar nos \u00f4nibus pode beneficiar toda a cidade de Londrina<\/p>\n","protected":false},"author":2,"featured_media":10872,"comment_status":"open","ping_status":"open","sticky":false,"template":"","format":"standard","meta":{"_et_pb_use_builder":"","_et_pb_old_content":"","_et_gb_content_width":"","_jetpack_memberships_contains_paid_content":false,"footnotes":""},"categories":[7,90],"tags":[674],"class_list":["post-10871","post","type-post","status-publish","format-standard","has-post-thumbnail","hentry","category-mobilidade-urbana","category-noticias","tag-transporte-grande-londrina","et-has-post-format-content","et_post_format-et-post-format-standard"],"yoast_head":"<!-- This site is optimized with the Yoast SEO plugin v27.2 - https:\/\/yoast.com\/product\/yoast-seo-wordpress\/ -->\n<title>Londrina renova a frota com \u00f4nibus Euro VI - Revista AutoBus<\/title>\n<meta name=\"robots\" content=\"index, follow, max-snippet:-1, max-image-preview:large, max-video-preview:-1\" \/>\n<link rel=\"canonical\" href=\"https:\/\/revistaautobus.com.br\/?p=10871\" \/>\n<meta property=\"og:locale\" content=\"pt_BR\" \/>\n<meta property=\"og:type\" content=\"article\" \/>\n<meta property=\"og:title\" content=\"Londrina renova a frota com \u00f4nibus Euro VI - Revista AutoBus\" \/>\n<meta property=\"og:description\" content=\"Segundo a CMTU (Companhia Municipal de Tr\u00e2nsito e Urbanismo), \u00e9 preciso conscientizar ainda mais o londrinense que embarcar nos \u00f4nibus pode beneficiar toda a cidade de Londrina\" \/>\n<meta property=\"og:url\" content=\"https:\/\/revistaautobus.com.br\/?p=10871\" \/>\n<meta property=\"og:site_name\" content=\"Revista AutoBus\" \/>\n<meta property=\"article:publisher\" content=\"https:\/\/www.facebook.com\/antonio.ferro.3150\" \/>\n<meta property=\"article:published_time\" content=\"2023-12-19T17:00:13+00:00\" \/>\n<meta property=\"article:modified_time\" content=\"2023-12-19T18:38:19+00:00\" \/>\n<meta property=\"og:image\" content=\"https:\/\/revistaautobus.com.br\/wp-content\/uploads\/2023\/12\/IMG-20231219-WA0049.jpg\" \/>\n\t<meta property=\"og:image:width\" content=\"1024\" \/>\n\t<meta property=\"og:image:height\" content=\"682\" \/>\n\t<meta property=\"og:image:type\" content=\"image\/jpeg\" \/>\n<meta name=\"author\" content=\"Antonio Ferro\" \/>\n<meta name=\"twitter:card\" content=\"summary_large_image\" \/>\n<meta name=\"twitter:label1\" content=\"Escrito por\" \/>\n\t<meta name=\"twitter:data1\" content=\"Antonio Ferro\" \/>\n\t<meta name=\"twitter:label2\" content=\"Est. tempo de leitura\" \/>\n\t<meta name=\"twitter:data2\" content=\"3 minutos\" \/>\n<script type=\"application\/ld+json\" class=\"yoast-schema-graph\">{\"@context\":\"https:\/\/schema.org\",\"@graph\":[{\"@type\":\"Article\",\"@id\":\"https:\/\/revistaautobus.com.br\/?p=10871#article\",\"isPartOf\":{\"@id\":\"https:\/\/revistaautobus.com.br\/?p=10871\"},\"author\":{\"name\":\"Antonio Ferro\",\"@id\":\"https:\/\/revistaautobus.com.br\/#\/schema\/person\/54af7c3eb83a310e42ef686ef6d16f50\"},\"headline\":\"Londrina renova a frota com \u00f4nibus Euro VI\",\"datePublished\":\"2023-12-19T17:00:13+00:00\",\"dateModified\":\"2023-12-19T18:38:19+00:00\",\"mainEntityOfPage\":{\"@id\":\"https:\/\/revistaautobus.com.br\/?p=10871\"},\"wordCount\":641,\"commentCount\":0,\"publisher\":{\"@id\":\"https:\/\/revistaautobus.com.br\/#organization\"},\"image\":{\"@id\":\"https:\/\/revistaautobus.com.br\/?p=10871#primaryimage\"},\"thumbnailUrl\":\"https:\/\/revistaautobus.com.br\/wp-content\/uploads\/2023\/12\/IMG-20231219-WA0049.jpg\",\"keywords\":[\"Transporte Grande Londrina\"],\"articleSection\":[\"Mobilidade Urbana\",\"Not\u00edcias\"],\"inLanguage\":\"pt-BR\",\"potentialAction\":[{\"@type\":\"CommentAction\",\"name\":\"Comment\",\"target\":[\"https:\/\/revistaautobus.com.br\/?p=10871#respond\"]}]},{\"@type\":\"WebPage\",\"@id\":\"https:\/\/revistaautobus.com.br\/?p=10871\",\"url\":\"https:\/\/revistaautobus.com.br\/?p=10871\",\"name\":\"Londrina renova a frota com \u00f4nibus Euro VI - Revista AutoBus\",\"isPartOf\":{\"@id\":\"https:\/\/revistaautobus.com.br\/#website\"},\"primaryImageOfPage\":{\"@id\":\"https:\/\/revistaautobus.com.br\/?p=10871#primaryimage\"},\"image\":{\"@id\":\"https:\/\/revistaautobus.com.br\/?p=10871#primaryimage\"},\"thumbnailUrl\":\"https:\/\/revistaautobus.com.br\/wp-content\/uploads\/2023\/12\/IMG-20231219-WA0049.jpg\",\"datePublished\":\"2023-12-19T17:00:13+00:00\",\"dateModified\":\"2023-12-19T18:38:19+00:00\",\"breadcrumb\":{\"@id\":\"https:\/\/revistaautobus.com.br\/?p=10871#breadcrumb\"},\"inLanguage\":\"pt-BR\",\"potentialAction\":[{\"@type\":\"ReadAction\",\"target\":[\"https:\/\/revistaautobus.com.br\/?p=10871\"]}]},{\"@type\":\"ImageObject\",\"inLanguage\":\"pt-BR\",\"@id\":\"https:\/\/revistaautobus.com.br\/?p=10871#primaryimage\",\"url\":\"https:\/\/revistaautobus.com.br\/wp-content\/uploads\/2023\/12\/IMG-20231219-WA0049.jpg\",\"contentUrl\":\"https:\/\/revistaautobus.com.br\/wp-content\/uploads\/2023\/12\/IMG-20231219-WA0049.jpg\",\"width\":1024,\"height\":682},{\"@type\":\"BreadcrumbList\",\"@id\":\"https:\/\/revistaautobus.com.br\/?p=10871#breadcrumb\",\"itemListElement\":[{\"@type\":\"ListItem\",\"position\":1,\"name\":\"In\u00edcio\",\"item\":\"https:\/\/revistaautobus.com.br\/\"},{\"@type\":\"ListItem\",\"position\":2,\"name\":\"Londrina renova a frota com \u00f4nibus Euro VI\"}]},{\"@type\":\"WebSite\",\"@id\":\"https:\/\/revistaautobus.com.br\/#website\",\"url\":\"https:\/\/revistaautobus.com.br\/\",\"name\":\"Revista AutoBus\",\"description\":\"\",\"publisher\":{\"@id\":\"https:\/\/revistaautobus.com.br\/#organization\"},\"potentialAction\":[{\"@type\":\"SearchAction\",\"target\":{\"@type\":\"EntryPoint\",\"urlTemplate\":\"https:\/\/revistaautobus.com.br\/?s={search_term_string}\"},\"query-input\":{\"@type\":\"PropertyValueSpecification\",\"valueRequired\":true,\"valueName\":\"search_term_string\"}}],\"inLanguage\":\"pt-BR\"},{\"@type\":\"Organization\",\"@id\":\"https:\/\/revistaautobus.com.br\/#organization\",\"name\":\"Revista AutoBus\",\"url\":\"https:\/\/revistaautobus.com.br\/\",\"logo\":{\"@type\":\"ImageObject\",\"inLanguage\":\"pt-BR\",\"@id\":\"https:\/\/revistaautobus.com.br\/#\/schema\/logo\/image\/\",\"url\":\"https:\/\/revistaautobus.com.br\/wp-content\/uploads\/2024\/11\/logo_revista_autobus_fb.png\",\"contentUrl\":\"https:\/\/revistaautobus.com.br\/wp-content\/uploads\/2024\/11\/logo_revista_autobus_fb.png\",\"width\":836,\"height\":227,\"caption\":\"Revista AutoBus\"},\"image\":{\"@id\":\"https:\/\/revistaautobus.com.br\/#\/schema\/logo\/image\/\"},\"sameAs\":[\"https:\/\/www.facebook.com\/antonio.ferro.3150\",\"https:\/\/www.instagram.com\/revistaautobus\/\"]},{\"@type\":\"Person\",\"@id\":\"https:\/\/revistaautobus.com.br\/#\/schema\/person\/54af7c3eb83a310e42ef686ef6d16f50\",\"name\":\"Antonio Ferro\",\"image\":{\"@type\":\"ImageObject\",\"inLanguage\":\"pt-BR\",\"@id\":\"https:\/\/revistaautobus.com.br\/wp-content\/uploads\/2025\/12\/editor_antonio_ferro-150x150.jpg\",\"url\":\"https:\/\/revistaautobus.com.br\/wp-content\/uploads\/2025\/12\/editor_antonio_ferro-150x150.jpg\",\"contentUrl\":\"https:\/\/revistaautobus.com.br\/wp-content\/uploads\/2025\/12\/editor_antonio_ferro-150x150.jpg\",\"caption\":\"Antonio Ferro\"},\"description\":\"infobus@uol.com.br\",\"url\":\"https:\/\/revistaautobus.com.br\/?author=2\"}]}<\/script>\n<!-- \/ Yoast SEO plugin. -->","yoast_head_json":{"title":"Londrina renova a frota com \u00f4nibus Euro VI - Revista AutoBus","robots":{"index":"index","follow":"follow","max-snippet":"max-snippet:-1","max-image-preview":"max-image-preview:large","max-video-preview":"max-video-preview:-1"},"canonical":"https:\/\/revistaautobus.com.br\/?p=10871","og_locale":"pt_BR","og_type":"article","og_title":"Londrina renova a frota com \u00f4nibus Euro VI - Revista AutoBus","og_description":"Segundo a CMTU (Companhia Municipal de Tr\u00e2nsito e Urbanismo), \u00e9 preciso conscientizar ainda mais o londrinense que embarcar nos \u00f4nibus pode beneficiar toda a cidade de Londrina","og_url":"https:\/\/revistaautobus.com.br\/?p=10871","og_site_name":"Revista AutoBus","article_publisher":"https:\/\/www.facebook.com\/antonio.ferro.3150","article_published_time":"2023-12-19T17:00:13+00:00","article_modified_time":"2023-12-19T18:38:19+00:00","og_image":[{"width":1024,"height":682,"url":"https:\/\/revistaautobus.com.br\/wp-content\/uploads\/2023\/12\/IMG-20231219-WA0049.jpg","type":"image\/jpeg"}],"author":"Antonio Ferro","twitter_card":"summary_large_image","twitter_misc":{"Escrito por":"Antonio Ferro","Est. tempo de leitura":"3 minutos"},"schema":{"@context":"https:\/\/schema.org","@graph":[{"@type":"Article","@id":"https:\/\/revistaautobus.com.br\/?p=10871#article","isPartOf":{"@id":"https:\/\/revistaautobus.com.br\/?p=10871"},"author":{"name":"Antonio Ferro","@id":"https:\/\/revistaautobus.com.br\/#\/schema\/person\/54af7c3eb83a310e42ef686ef6d16f50"},"headline":"Londrina renova a frota com \u00f4nibus Euro VI","datePublished":"2023-12-19T17:00:13+00:00","dateModified":"2023-12-19T18:38:19+00:00","mainEntityOfPage":{"@id":"https:\/\/revistaautobus.com.br\/?p=10871"},"wordCount":641,"commentCount":0,"publisher":{"@id":"https:\/\/revistaautobus.com.br\/#organization"},"image":{"@id":"https:\/\/revistaautobus.com.br\/?p=10871#primaryimage"},"thumbnailUrl":"https:\/\/revistaautobus.com.br\/wp-content\/uploads\/2023\/12\/IMG-20231219-WA0049.jpg","keywords":["Transporte Grande Londrina"],"articleSection":["Mobilidade Urbana","Not\u00edcias"],"inLanguage":"pt-BR","potentialAction":[{"@type":"CommentAction","name":"Comment","target":["https:\/\/revistaautobus.com.br\/?p=10871#respond"]}]},{"@type":"WebPage","@id":"https:\/\/revistaautobus.com.br\/?p=10871","url":"https:\/\/revistaautobus.com.br\/?p=10871","name":"Londrina renova a frota com \u00f4nibus Euro VI - Revista AutoBus","isPartOf":{"@id":"https:\/\/revistaautobus.com.br\/#website"},"primaryImageOfPage":{"@id":"https:\/\/revistaautobus.com.br\/?p=10871#primaryimage"},"image":{"@id":"https:\/\/revistaautobus.com.br\/?p=10871#primaryimage"},"thumbnailUrl":"https:\/\/revistaautobus.com.br\/wp-content\/uploads\/2023\/12\/IMG-20231219-WA0049.jpg","datePublished":"2023-12-19T17:00:13+00:00","dateModified":"2023-12-19T18:38:19+00:00","breadcrumb":{"@id":"https:\/\/revistaautobus.com.br\/?p=10871#breadcrumb"},"inLanguage":"pt-BR","potentialAction":[{"@type":"ReadAction","target":["https:\/\/revistaautobus.com.br\/?p=10871"]}]},{"@type":"ImageObject","inLanguage":"pt-BR","@id":"https:\/\/revistaautobus.com.br\/?p=10871#primaryimage","url":"https:\/\/revistaautobus.com.br\/wp-content\/uploads\/2023\/12\/IMG-20231219-WA0049.jpg","contentUrl":"https:\/\/revistaautobus.com.br\/wp-content\/uploads\/2023\/12\/IMG-20231219-WA0049.jpg","width":1024,"height":682},{"@type":"BreadcrumbList","@id":"https:\/\/revistaautobus.com.br\/?p=10871#breadcrumb","itemListElement":[{"@type":"ListItem","position":1,"name":"In\u00edcio","item":"https:\/\/revistaautobus.com.br\/"},{"@type":"ListItem","position":2,"name":"Londrina renova a frota com \u00f4nibus Euro VI"}]},{"@type":"WebSite","@id":"https:\/\/revistaautobus.com.br\/#website","url":"https:\/\/revistaautobus.com.br\/","name":"Revista AutoBus","description":"","publisher":{"@id":"https:\/\/revistaautobus.com.br\/#organization"},"potentialAction":[{"@type":"SearchAction","target":{"@type":"EntryPoint","urlTemplate":"https:\/\/revistaautobus.com.br\/?s={search_term_string}"},"query-input":{"@type":"PropertyValueSpecification","valueRequired":true,"valueName":"search_term_string"}}],"inLanguage":"pt-BR"},{"@type":"Organization","@id":"https:\/\/revistaautobus.com.br\/#organization","name":"Revista AutoBus","url":"https:\/\/revistaautobus.com.br\/","logo":{"@type":"ImageObject","inLanguage":"pt-BR","@id":"https:\/\/revistaautobus.com.br\/#\/schema\/logo\/image\/","url":"https:\/\/revistaautobus.com.br\/wp-content\/uploads\/2024\/11\/logo_revista_autobus_fb.png","contentUrl":"https:\/\/revistaautobus.com.br\/wp-content\/uploads\/2024\/11\/logo_revista_autobus_fb.png","width":836,"height":227,"caption":"Revista AutoBus"},"image":{"@id":"https:\/\/revistaautobus.com.br\/#\/schema\/logo\/image\/"},"sameAs":["https:\/\/www.facebook.com\/antonio.ferro.3150","https:\/\/www.instagram.com\/revistaautobus\/"]},{"@type":"Person","@id":"https:\/\/revistaautobus.com.br\/#\/schema\/person\/54af7c3eb83a310e42ef686ef6d16f50","name":"Antonio Ferro","image":{"@type":"ImageObject","inLanguage":"pt-BR","@id":"https:\/\/revistaautobus.com.br\/wp-content\/uploads\/2025\/12\/editor_antonio_ferro-150x150.jpg","url":"https:\/\/revistaautobus.com.br\/wp-content\/uploads\/2025\/12\/editor_antonio_ferro-150x150.jpg","contentUrl":"https:\/\/revistaautobus.com.br\/wp-content\/uploads\/2025\/12\/editor_antonio_ferro-150x150.jpg","caption":"Antonio Ferro"},"description":"infobus@uol.com.br","url":"https:\/\/revistaautobus.com.br\/?author=2"}]}},"jetpack_featured_media_url":"https:\/\/revistaautobus.com.br\/wp-content\/uploads\/2023\/12\/IMG-20231219-WA0049.jpg","jetpack_sharing_enabled":true,"_links":{"self":[{"href":"https:\/\/revistaautobus.com.br\/index.php?rest_route=\/wp\/v2\/posts\/10871","targetHints":{"allow":["GET"]}}],"collection":[{"href":"https:\/\/revistaautobus.com.br\/index.php?rest_route=\/wp\/v2\/posts"}],"about":[{"href":"https:\/\/revistaautobus.com.br\/index.php?rest_route=\/wp\/v2\/types\/post"}],"author":[{"embeddable":true,"href":"https:\/\/revistaautobus.com.br\/index.php?rest_route=\/wp\/v2\/users\/2"}],"replies":[{"embeddable":true,"href":"https:\/\/revistaautobus.com.br\/index.php?rest_route=%2Fwp%2Fv2%2Fcomments&post=10871"}],"version-history":[{"count":3,"href":"https:\/\/revistaautobus.com.br\/index.php?rest_route=\/wp\/v2\/posts\/10871\/revisions"}],"predecessor-version":[{"id":10894,"href":"https:\/\/revistaautobus.com.br\/index.php?rest_route=\/wp\/v2\/posts\/10871\/revisions\/10894"}],"wp:featuredmedia":[{"embeddable":true,"href":"https:\/\/revistaautobus.com.br\/index.php?rest_route=\/wp\/v2\/media\/10872"}],"wp:attachment":[{"href":"https:\/\/revistaautobus.com.br\/index.php?rest_route=%2Fwp%2Fv2%2Fmedia&parent=10871"}],"wp:term":[{"taxonomy":"category","embeddable":true,"href":"https:\/\/revistaautobus.com.br\/index.php?rest_route=%2Fwp%2Fv2%2Fcategories&post=10871"},{"taxonomy":"post_tag","embeddable":true,"href":"https:\/\/revistaautobus.com.br\/index.php?rest_route=%2Fwp%2Fv2%2Ftags&post=10871"}],"curies":[{"name":"wp","href":"https:\/\/api.w.org\/{rel}","templated":true}]}}