{"id":10877,"date":"2023-12-19T14:02:39","date_gmt":"2023-12-19T17:02:39","guid":{"rendered":"https:\/\/revistaautobus.com.br\/?p=10877"},"modified":"2023-12-19T14:02:39","modified_gmt":"2023-12-19T17:02:39","slug":"caio-no-caminho-da-escola","status":"publish","type":"post","link":"https:\/\/revistaautobus.com.br\/?p=10877","title":{"rendered":"Caio no caminho da escola"},"content":{"rendered":"<p>Literalmente, os \u00f4nibus produzidos pela fabricante paulista Caio estar\u00e3o \u00e0 disposi\u00e7\u00e3o do transporte dos alunos, de casa at\u00e9 \u00e0 escola, perfazendo o caminho rumo ao ensinamento. Assim, a marca, por interm\u00e9dio do resultado da nova licita\u00e7\u00e3o de ve\u00edculos escolares do Programa Caminho da Escola, em novembro passado, foi credenciada para produzir 3,5 mil unidades, que dever\u00e3o ser entregues entre os anos de 2024 e 2025.<\/p>\n<p>Todos os \u00f4nibus ser\u00e3o do modelo Foz vers\u00e3o F2500 (ORE 3), com chassis Iveco modelo 15-210 R, Euro VI, eixo blocante e para-choque traseiro elevado, que facilita o acesso do ve\u00edculo a vias e \u00e1reas rurais de dif\u00edcil acesso, com buracos, rios, mata-burros etc. De acordo com a Caio, o chassi e a carro\u00e7aria s\u00e3o robustos e dur\u00e1veis, projetados com suspens\u00e3o refor\u00e7ada e maior dist\u00e2ncia em rela\u00e7\u00e3o ao solo.<\/p>\n<p>A carro\u00e7aria escolhida, Foz vers\u00e3o F2500 (ORE 3) 11,10 metros de comprimento e lota\u00e7\u00e3o total para 59 estudantes. O modelo escolar \u00e9 100% acess\u00edvel e estar\u00e1 equipado com Dispositivo de Poltrona M\u00f3vel (DPM), possibilitando a locomo\u00e7\u00e3o de at\u00e9 duas pessoas com defici\u00eancia (PCD), com total seguran\u00e7a. O sal\u00e3o interno do ve\u00edculo contar\u00e1 com ar-condicionado, poltronas totalmente estofadas e revestidas com material de f\u00e1cil limpeza, al\u00e9m de porta-cadernos do tipo rede e porta-pacotes para acomodar mochilas e outros itens pessoais dos estudantes.<\/p>\n<p>A Caio destacou que seu \u00f4nibus escolar passou por medi\u00e7\u00f5es e testes relacionados \u00e0 qualidade do produto e \u00e0 seguran\u00e7a dos passageiros, sendo homologado neste m\u00eas, por atender a todos os requisitos t\u00e9cnicos que constam no edital.<\/p>\n<p>Imagem &#8211; Divulga\u00e7\u00e3o<\/p>\n","protected":false},"excerpt":{"rendered":"<p>A Caio destacou que seu \u00f4nibus escolar passou por medi\u00e7\u00f5es e testes relacionados \u00e0 qualidade do produto e \u00e0 seguran\u00e7a dos passageiros<\/p>\n","protected":false},"author":2,"featured_media":10878,"comment_status":"open","ping_status":"open","sticky":false,"template":"","format":"standard","meta":{"_et_pb_use_builder":"","_et_pb_old_content":"","_et_gb_content_width":"","_jetpack_memberships_contains_paid_content":false,"footnotes":""},"categories":[55,90],"tags":[675],"class_list":["post-10877","post","type-post","status-publish","format-standard","has-post-thumbnail","hentry","category-encarrocadora","category-noticias","tag-caio-no-caminho-da-escola","et-has-post-format-content","et_post_format-et-post-format-standard"],"yoast_head":"<!-- This site is optimized with the Yoast SEO plugin v27.2 - https:\/\/yoast.com\/product\/yoast-seo-wordpress\/ -->\n<title>Caio no caminho da escola - Revista AutoBus<\/title>\n<meta name=\"robots\" content=\"index, follow, max-snippet:-1, max-image-preview:large, max-video-preview:-1\" \/>\n<link rel=\"canonical\" href=\"https:\/\/revistaautobus.com.br\/?p=10877\" \/>\n<meta property=\"og:locale\" content=\"pt_BR\" \/>\n<meta property=\"og:type\" content=\"article\" \/>\n<meta property=\"og:title\" content=\"Caio no caminho da escola - Revista AutoBus\" \/>\n<meta property=\"og:description\" content=\"A Caio destacou que seu \u00f4nibus escolar passou por medi\u00e7\u00f5es e testes relacionados \u00e0 qualidade do produto e \u00e0 seguran\u00e7a dos passageiros\" \/>\n<meta property=\"og:url\" content=\"https:\/\/revistaautobus.com.br\/?p=10877\" \/>\n<meta property=\"og:site_name\" content=\"Revista AutoBus\" \/>\n<meta property=\"article:publisher\" content=\"https:\/\/www.facebook.com\/antonio.ferro.3150\" \/>\n<meta property=\"article:published_time\" content=\"2023-12-19T17:02:39+00:00\" \/>\n<meta property=\"og:image\" content=\"https:\/\/revistaautobus.com.br\/wp-content\/uploads\/2023\/12\/Escolar-ORE03.png\" \/>\n\t<meta property=\"og:image:width\" content=\"940\" \/>\n\t<meta property=\"og:image:height\" content=\"623\" \/>\n\t<meta property=\"og:image:type\" content=\"image\/png\" \/>\n<meta name=\"author\" content=\"Antonio Ferro\" \/>\n<meta name=\"twitter:card\" content=\"summary_large_image\" \/>\n<meta name=\"twitter:label1\" content=\"Escrito por\" \/>\n\t<meta name=\"twitter:data1\" content=\"Antonio Ferro\" \/>\n\t<meta name=\"twitter:label2\" content=\"Est. tempo de leitura\" \/>\n\t<meta name=\"twitter:data2\" content=\"1 minuto\" \/>\n<script type=\"application\/ld+json\" class=\"yoast-schema-graph\">{\"@context\":\"https:\/\/schema.org\",\"@graph\":[{\"@type\":\"Article\",\"@id\":\"https:\/\/revistaautobus.com.br\/?p=10877#article\",\"isPartOf\":{\"@id\":\"https:\/\/revistaautobus.com.br\/?p=10877\"},\"author\":{\"name\":\"Antonio Ferro\",\"@id\":\"https:\/\/revistaautobus.com.br\/#\/schema\/person\/54af7c3eb83a310e42ef686ef6d16f50\"},\"headline\":\"Caio no caminho da escola\",\"datePublished\":\"2023-12-19T17:02:39+00:00\",\"mainEntityOfPage\":{\"@id\":\"https:\/\/revistaautobus.com.br\/?p=10877\"},\"wordCount\":281,\"commentCount\":0,\"publisher\":{\"@id\":\"https:\/\/revistaautobus.com.br\/#organization\"},\"image\":{\"@id\":\"https:\/\/revistaautobus.com.br\/?p=10877#primaryimage\"},\"thumbnailUrl\":\"https:\/\/revistaautobus.com.br\/wp-content\/uploads\/2023\/12\/Escolar-ORE03.png\",\"keywords\":[\"Caio no Caminho da Escola\"],\"articleSection\":[\"Encarro\u00e7adora\",\"Not\u00edcias\"],\"inLanguage\":\"pt-BR\",\"potentialAction\":[{\"@type\":\"CommentAction\",\"name\":\"Comment\",\"target\":[\"https:\/\/revistaautobus.com.br\/?p=10877#respond\"]}]},{\"@type\":\"WebPage\",\"@id\":\"https:\/\/revistaautobus.com.br\/?p=10877\",\"url\":\"https:\/\/revistaautobus.com.br\/?p=10877\",\"name\":\"Caio no caminho da escola - Revista AutoBus\",\"isPartOf\":{\"@id\":\"https:\/\/revistaautobus.com.br\/#website\"},\"primaryImageOfPage\":{\"@id\":\"https:\/\/revistaautobus.com.br\/?p=10877#primaryimage\"},\"image\":{\"@id\":\"https:\/\/revistaautobus.com.br\/?p=10877#primaryimage\"},\"thumbnailUrl\":\"https:\/\/revistaautobus.com.br\/wp-content\/uploads\/2023\/12\/Escolar-ORE03.png\",\"datePublished\":\"2023-12-19T17:02:39+00:00\",\"breadcrumb\":{\"@id\":\"https:\/\/revistaautobus.com.br\/?p=10877#breadcrumb\"},\"inLanguage\":\"pt-BR\",\"potentialAction\":[{\"@type\":\"ReadAction\",\"target\":[\"https:\/\/revistaautobus.com.br\/?p=10877\"]}]},{\"@type\":\"ImageObject\",\"inLanguage\":\"pt-BR\",\"@id\":\"https:\/\/revistaautobus.com.br\/?p=10877#primaryimage\",\"url\":\"https:\/\/revistaautobus.com.br\/wp-content\/uploads\/2023\/12\/Escolar-ORE03.png\",\"contentUrl\":\"https:\/\/revistaautobus.com.br\/wp-content\/uploads\/2023\/12\/Escolar-ORE03.png\",\"width\":940,\"height\":623},{\"@type\":\"BreadcrumbList\",\"@id\":\"https:\/\/revistaautobus.com.br\/?p=10877#breadcrumb\",\"itemListElement\":[{\"@type\":\"ListItem\",\"position\":1,\"name\":\"In\u00edcio\",\"item\":\"https:\/\/revistaautobus.com.br\/\"},{\"@type\":\"ListItem\",\"position\":2,\"name\":\"Caio no caminho da escola\"}]},{\"@type\":\"WebSite\",\"@id\":\"https:\/\/revistaautobus.com.br\/#website\",\"url\":\"https:\/\/revistaautobus.com.br\/\",\"name\":\"Revista AutoBus\",\"description\":\"\",\"publisher\":{\"@id\":\"https:\/\/revistaautobus.com.br\/#organization\"},\"potentialAction\":[{\"@type\":\"SearchAction\",\"target\":{\"@type\":\"EntryPoint\",\"urlTemplate\":\"https:\/\/revistaautobus.com.br\/?s={search_term_string}\"},\"query-input\":{\"@type\":\"PropertyValueSpecification\",\"valueRequired\":true,\"valueName\":\"search_term_string\"}}],\"inLanguage\":\"pt-BR\"},{\"@type\":\"Organization\",\"@id\":\"https:\/\/revistaautobus.com.br\/#organization\",\"name\":\"Revista AutoBus\",\"url\":\"https:\/\/revistaautobus.com.br\/\",\"logo\":{\"@type\":\"ImageObject\",\"inLanguage\":\"pt-BR\",\"@id\":\"https:\/\/revistaautobus.com.br\/#\/schema\/logo\/image\/\",\"url\":\"https:\/\/revistaautobus.com.br\/wp-content\/uploads\/2024\/11\/logo_revista_autobus_fb.png\",\"contentUrl\":\"https:\/\/revistaautobus.com.br\/wp-content\/uploads\/2024\/11\/logo_revista_autobus_fb.png\",\"width\":836,\"height\":227,\"caption\":\"Revista AutoBus\"},\"image\":{\"@id\":\"https:\/\/revistaautobus.com.br\/#\/schema\/logo\/image\/\"},\"sameAs\":[\"https:\/\/www.facebook.com\/antonio.ferro.3150\",\"https:\/\/www.instagram.com\/revistaautobus\/\"]},{\"@type\":\"Person\",\"@id\":\"https:\/\/revistaautobus.com.br\/#\/schema\/person\/54af7c3eb83a310e42ef686ef6d16f50\",\"name\":\"Antonio Ferro\",\"image\":{\"@type\":\"ImageObject\",\"inLanguage\":\"pt-BR\",\"@id\":\"https:\/\/revistaautobus.com.br\/wp-content\/uploads\/2025\/12\/editor_antonio_ferro-150x150.jpg\",\"url\":\"https:\/\/revistaautobus.com.br\/wp-content\/uploads\/2025\/12\/editor_antonio_ferro-150x150.jpg\",\"contentUrl\":\"https:\/\/revistaautobus.com.br\/wp-content\/uploads\/2025\/12\/editor_antonio_ferro-150x150.jpg\",\"caption\":\"Antonio Ferro\"},\"description\":\"infobus@uol.com.br\",\"url\":\"https:\/\/revistaautobus.com.br\/?author=2\"}]}<\/script>\n<!-- \/ Yoast SEO plugin. -->","yoast_head_json":{"title":"Caio no caminho da escola - Revista AutoBus","robots":{"index":"index","follow":"follow","max-snippet":"max-snippet:-1","max-image-preview":"max-image-preview:large","max-video-preview":"max-video-preview:-1"},"canonical":"https:\/\/revistaautobus.com.br\/?p=10877","og_locale":"pt_BR","og_type":"article","og_title":"Caio no caminho da escola - Revista AutoBus","og_description":"A Caio destacou que seu \u00f4nibus escolar passou por medi\u00e7\u00f5es e testes relacionados \u00e0 qualidade do produto e \u00e0 seguran\u00e7a dos passageiros","og_url":"https:\/\/revistaautobus.com.br\/?p=10877","og_site_name":"Revista AutoBus","article_publisher":"https:\/\/www.facebook.com\/antonio.ferro.3150","article_published_time":"2023-12-19T17:02:39+00:00","og_image":[{"width":940,"height":623,"url":"https:\/\/revistaautobus.com.br\/wp-content\/uploads\/2023\/12\/Escolar-ORE03.png","type":"image\/png"}],"author":"Antonio Ferro","twitter_card":"summary_large_image","twitter_misc":{"Escrito por":"Antonio Ferro","Est. tempo de leitura":"1 minuto"},"schema":{"@context":"https:\/\/schema.org","@graph":[{"@type":"Article","@id":"https:\/\/revistaautobus.com.br\/?p=10877#article","isPartOf":{"@id":"https:\/\/revistaautobus.com.br\/?p=10877"},"author":{"name":"Antonio Ferro","@id":"https:\/\/revistaautobus.com.br\/#\/schema\/person\/54af7c3eb83a310e42ef686ef6d16f50"},"headline":"Caio no caminho da escola","datePublished":"2023-12-19T17:02:39+00:00","mainEntityOfPage":{"@id":"https:\/\/revistaautobus.com.br\/?p=10877"},"wordCount":281,"commentCount":0,"publisher":{"@id":"https:\/\/revistaautobus.com.br\/#organization"},"image":{"@id":"https:\/\/revistaautobus.com.br\/?p=10877#primaryimage"},"thumbnailUrl":"https:\/\/revistaautobus.com.br\/wp-content\/uploads\/2023\/12\/Escolar-ORE03.png","keywords":["Caio no Caminho da Escola"],"articleSection":["Encarro\u00e7adora","Not\u00edcias"],"inLanguage":"pt-BR","potentialAction":[{"@type":"CommentAction","name":"Comment","target":["https:\/\/revistaautobus.com.br\/?p=10877#respond"]}]},{"@type":"WebPage","@id":"https:\/\/revistaautobus.com.br\/?p=10877","url":"https:\/\/revistaautobus.com.br\/?p=10877","name":"Caio no caminho da escola - Revista AutoBus","isPartOf":{"@id":"https:\/\/revistaautobus.com.br\/#website"},"primaryImageOfPage":{"@id":"https:\/\/revistaautobus.com.br\/?p=10877#primaryimage"},"image":{"@id":"https:\/\/revistaautobus.com.br\/?p=10877#primaryimage"},"thumbnailUrl":"https:\/\/revistaautobus.com.br\/wp-content\/uploads\/2023\/12\/Escolar-ORE03.png","datePublished":"2023-12-19T17:02:39+00:00","breadcrumb":{"@id":"https:\/\/revistaautobus.com.br\/?p=10877#breadcrumb"},"inLanguage":"pt-BR","potentialAction":[{"@type":"ReadAction","target":["https:\/\/revistaautobus.com.br\/?p=10877"]}]},{"@type":"ImageObject","inLanguage":"pt-BR","@id":"https:\/\/revistaautobus.com.br\/?p=10877#primaryimage","url":"https:\/\/revistaautobus.com.br\/wp-content\/uploads\/2023\/12\/Escolar-ORE03.png","contentUrl":"https:\/\/revistaautobus.com.br\/wp-content\/uploads\/2023\/12\/Escolar-ORE03.png","width":940,"height":623},{"@type":"BreadcrumbList","@id":"https:\/\/revistaautobus.com.br\/?p=10877#breadcrumb","itemListElement":[{"@type":"ListItem","position":1,"name":"In\u00edcio","item":"https:\/\/revistaautobus.com.br\/"},{"@type":"ListItem","position":2,"name":"Caio no caminho da escola"}]},{"@type":"WebSite","@id":"https:\/\/revistaautobus.com.br\/#website","url":"https:\/\/revistaautobus.com.br\/","name":"Revista AutoBus","description":"","publisher":{"@id":"https:\/\/revistaautobus.com.br\/#organization"},"potentialAction":[{"@type":"SearchAction","target":{"@type":"EntryPoint","urlTemplate":"https:\/\/revistaautobus.com.br\/?s={search_term_string}"},"query-input":{"@type":"PropertyValueSpecification","valueRequired":true,"valueName":"search_term_string"}}],"inLanguage":"pt-BR"},{"@type":"Organization","@id":"https:\/\/revistaautobus.com.br\/#organization","name":"Revista AutoBus","url":"https:\/\/revistaautobus.com.br\/","logo":{"@type":"ImageObject","inLanguage":"pt-BR","@id":"https:\/\/revistaautobus.com.br\/#\/schema\/logo\/image\/","url":"https:\/\/revistaautobus.com.br\/wp-content\/uploads\/2024\/11\/logo_revista_autobus_fb.png","contentUrl":"https:\/\/revistaautobus.com.br\/wp-content\/uploads\/2024\/11\/logo_revista_autobus_fb.png","width":836,"height":227,"caption":"Revista AutoBus"},"image":{"@id":"https:\/\/revistaautobus.com.br\/#\/schema\/logo\/image\/"},"sameAs":["https:\/\/www.facebook.com\/antonio.ferro.3150","https:\/\/www.instagram.com\/revistaautobus\/"]},{"@type":"Person","@id":"https:\/\/revistaautobus.com.br\/#\/schema\/person\/54af7c3eb83a310e42ef686ef6d16f50","name":"Antonio Ferro","image":{"@type":"ImageObject","inLanguage":"pt-BR","@id":"https:\/\/revistaautobus.com.br\/wp-content\/uploads\/2025\/12\/editor_antonio_ferro-150x150.jpg","url":"https:\/\/revistaautobus.com.br\/wp-content\/uploads\/2025\/12\/editor_antonio_ferro-150x150.jpg","contentUrl":"https:\/\/revistaautobus.com.br\/wp-content\/uploads\/2025\/12\/editor_antonio_ferro-150x150.jpg","caption":"Antonio Ferro"},"description":"infobus@uol.com.br","url":"https:\/\/revistaautobus.com.br\/?author=2"}]}},"jetpack_featured_media_url":"https:\/\/revistaautobus.com.br\/wp-content\/uploads\/2023\/12\/Escolar-ORE03.png","jetpack_sharing_enabled":true,"_links":{"self":[{"href":"https:\/\/revistaautobus.com.br\/index.php?rest_route=\/wp\/v2\/posts\/10877","targetHints":{"allow":["GET"]}}],"collection":[{"href":"https:\/\/revistaautobus.com.br\/index.php?rest_route=\/wp\/v2\/posts"}],"about":[{"href":"https:\/\/revistaautobus.com.br\/index.php?rest_route=\/wp\/v2\/types\/post"}],"author":[{"embeddable":true,"href":"https:\/\/revistaautobus.com.br\/index.php?rest_route=\/wp\/v2\/users\/2"}],"replies":[{"embeddable":true,"href":"https:\/\/revistaautobus.com.br\/index.php?rest_route=%2Fwp%2Fv2%2Fcomments&post=10877"}],"version-history":[{"count":2,"href":"https:\/\/revistaautobus.com.br\/index.php?rest_route=\/wp\/v2\/posts\/10877\/revisions"}],"predecessor-version":[{"id":10880,"href":"https:\/\/revistaautobus.com.br\/index.php?rest_route=\/wp\/v2\/posts\/10877\/revisions\/10880"}],"wp:featuredmedia":[{"embeddable":true,"href":"https:\/\/revistaautobus.com.br\/index.php?rest_route=\/wp\/v2\/media\/10878"}],"wp:attachment":[{"href":"https:\/\/revistaautobus.com.br\/index.php?rest_route=%2Fwp%2Fv2%2Fmedia&parent=10877"}],"wp:term":[{"taxonomy":"category","embeddable":true,"href":"https:\/\/revistaautobus.com.br\/index.php?rest_route=%2Fwp%2Fv2%2Fcategories&post=10877"},{"taxonomy":"post_tag","embeddable":true,"href":"https:\/\/revistaautobus.com.br\/index.php?rest_route=%2Fwp%2Fv2%2Ftags&post=10877"}],"curies":[{"name":"wp","href":"https:\/\/api.w.org\/{rel}","templated":true}]}}