{"id":10887,"date":"2023-12-19T14:11:50","date_gmt":"2023-12-19T17:11:50","guid":{"rendered":"https:\/\/revistaautobus.com.br\/?p=10887"},"modified":"2023-12-19T14:11:50","modified_gmt":"2023-12-19T17:11:50","slug":"resolucoes-de-um-novo-ano-para-o-transporte-publico","status":"publish","type":"post","link":"https:\/\/revistaautobus.com.br\/?p=10887","title":{"rendered":"Resolu\u00e7\u00f5es de um novo ano para o transporte p\u00fablico"},"content":{"rendered":"<p><span style=\"color: #993300;\"><em><strong>Por Rog\u00e9rio Pires<\/strong><\/em><\/span>, diretor da Divis\u00e3o de Mobilidade da Voith Turbo para a Am\u00e9rica do Sul<\/p>\n<p>Vivemos em uma das regi\u00f5es mais \u201curbanizadas\u201d do mundo, com algumas dezenas de metr\u00f3poles tendo mais de 1 milh\u00e3o de habitantes.<\/p>\n<p>Infelizmente, o processo de desenvolvimento de nossas cidades, com raras exce\u00e7\u00f5es, tem sido ca\u00f3tico, com destaque na quest\u00e3o de mobilidade urbana, a qual deveria ser um dos instrumentos b\u00e1sicos de indu\u00e7\u00e3o ao crescimento organizado de uma cidade.<\/p>\n<p>Um projeto de desenvolvimento urbano deve ter como premissa o planejamento de transporte, privilegiando sempre o coletivo. Infraestrutura vi\u00e1ria, terminais de integra\u00e7\u00e3o intermodal, sistemas inteligentes de controle e gest\u00e3o, al\u00e9m de, obviamente, contratos claros e suficientemente robustos relativos aos servi\u00e7os a serem prestados \u00e0 comunidade, que deve ter acesso a estes por direito essencial.<\/p>\n<p>Carecemos de pol\u00edticas de estado que possam perdurar por meio dos diversos governos, sem sofrer distor\u00e7\u00f5es pol\u00edticas atrav\u00e9s de a\u00e7\u00f5es midi\u00e1ticas de pouco efeito positivo para a mobilidade, mas de elevado custo para a sociedade.<\/p>\n<p>Mesmo dentro de um contexto negativo, devemos reconhecer que, atrav\u00e9s de a\u00e7\u00f5es isoladas, mas bem-sucedidas, nossa regi\u00e3o ainda conseguiu ser reconhecida pelo desenvolvimento de sistemas tronco alimentadores de transporte de alta capacidade por \u00f4nibus, a exemplo, nossos BRTs. Por\u00e9m, infelizmente, paramos no tempo, induzidos pela necessidade pol\u00edtica de ser (ou parecer ser) o mais \u201cverde\u201d poss\u00edvel.<\/p>\n<p>Falta planejamento urbano de qualidade, paramos de construir novos BRTs, a oferta de vias exclusivas segue muito vagarosamente, sistemas inteligentes de gest\u00e3o de frota (ITS) inexistem na sua concep\u00e7\u00e3o ideal, mas n\u00e3o faltam an\u00fancios de quantos ve\u00edculos el\u00e9tricos ser\u00e3o integrados \u00e0s nossas cidades. Um salto tecnol\u00f3gico necess\u00e1rio, por\u00e9m, muito dif\u00edcil de ser bem-sucedido sem se pensar na infraestrutura necess\u00e1ria e como financiaremos essa transi\u00e7\u00e3o. Isso tem gerado, na maioria dos casos, estagna\u00e7\u00e3o no processo de renova\u00e7\u00e3o de frota, piorando ainda mais a qualidade do servi\u00e7o prestado, aumentando custos operacionais e elevando ainda mais a emiss\u00e3o de poluentes. Fazendo uma analogia com o futebol: um \u201cgol contra\u201d.<\/p>\n<p>Nos fazendo refletir que discutimos intensamente qual \u00e9 a melhor tecnologia para o telhado, sem ter o alicerce bem projetado para a nossa sonhada casa (ou at\u00e9 mesmo sequer sabemos como compararemos o terreno para construir a mesma).<\/p>\n<p>Sistemas de transporte urbano de passageiros devem ser pensados nos aspectos de intermodalidade, de velocidade m\u00e9dia, frequ\u00eancia e capacidade de passageiros a serem transportados por quantidade de energia e custos relacionados. Efici\u00eancia deve ser a palavra de ordem, pois qualquer perda no processo implica em maiores custos e falta de qualidade do servi\u00e7o de transporte a ser prestado \u00e0 popula\u00e7\u00e3o. Melhor ainda se conseguirmos operar com fontes de energia renov\u00e1vel. Importante ressaltar que os ve\u00edculos devem servir \u00e0 opera\u00e7\u00e3o, e n\u00e3o o inverso. N\u00e3o podemos investir em projetos de m\u00e1 qualidade, pois isso implica inevitavelmente em custos adicionais para a sociedade sem a contrapartida de melhoria dos servi\u00e7os prestados.<\/p>\n<p>Para um ano novo, espero continuidade na luta por um futuro mais sustent\u00e1vel da mobilidade urbana, em todas as suas perspectivas, por meio de um transporte coletivo mais robusto, suportado financeiramente pelo poder p\u00fablico e de qualidade para a popula\u00e7\u00e3o. Esse deve representar as necessidades de nossa sociedade, aplicando tecnologias que sejam compat\u00edveis com a realidade de cada regi\u00e3o.<\/p>\n<p>N\u00e3o nos faltam especialistas qualificados do setor, nem tecnologias que possam suportar as diversas rotas de descarboniza\u00e7\u00e3o e uma transi\u00e7\u00e3o energ\u00e9tica sustent\u00e1vel. Precisamos combinar todos esses fatores de forma inteligente, focada no desenvolvimento de um transporte p\u00fablico atrativo para todos os n\u00edveis da sociedade.<\/p>\n<p>Espero que nossos legisladores e gestores p\u00fablicos n\u00e3o esque\u00e7am de colocar o t\u00e3o esperado Marco Regulat\u00f3rio dos Transportes P\u00fablicos em suas resolu\u00e7\u00f5es de ano novo, assim como projetos de qualidade sejam apresentados para que tenhamos, finalmente, investimentos adequados com impactos positivos na mobilidade urbana e meio ambiente.<\/p>\n<p>Imagem &#8211; Divulga\u00e7\u00e3o<\/p>\n","protected":false},"excerpt":{"rendered":"<p>&#8220;Espero que nossos legisladores e gestores p\u00fablicos n\u00e3o esque\u00e7am de colocar o t\u00e3o esperado Marco Regulat\u00f3rio dos Transportes P\u00fablicos em suas resolu\u00e7\u00f5es de ano novo&#8221;<\/p>\n","protected":false},"author":2,"featured_media":10888,"comment_status":"open","ping_status":"open","sticky":false,"template":"","format":"standard","meta":{"_et_pb_use_builder":"","_et_pb_old_content":"","_et_gb_content_width":"","_jetpack_memberships_contains_paid_content":false,"footnotes":""},"categories":[52,7,588,41],"tags":[67,678,677],"class_list":["post-10887","post","type-post","status-publish","format-standard","has-post-thumbnail","hentry","category-especialistas","category-mobilidade-urbana","category-opiniao","category-ponto-de-vista","tag-mobilidade-urbana","tag-rogerio-pires","tag-transporte-coletio-urbano","et-has-post-format-content","et_post_format-et-post-format-standard"],"yoast_head":"<!-- This site is optimized with the Yoast SEO plugin v27.2 - https:\/\/yoast.com\/product\/yoast-seo-wordpress\/ -->\n<title>Resolu\u00e7\u00f5es de um novo ano para o transporte p\u00fablico - Revista AutoBus<\/title>\n<meta name=\"robots\" content=\"index, follow, max-snippet:-1, max-image-preview:large, max-video-preview:-1\" \/>\n<link rel=\"canonical\" href=\"https:\/\/revistaautobus.com.br\/?p=10887\" \/>\n<meta property=\"og:locale\" content=\"pt_BR\" \/>\n<meta property=\"og:type\" content=\"article\" \/>\n<meta property=\"og:title\" content=\"Resolu\u00e7\u00f5es de um novo ano para o transporte p\u00fablico - Revista AutoBus\" \/>\n<meta property=\"og:description\" content=\"&quot;Espero que nossos legisladores e gestores p\u00fablicos n\u00e3o esque\u00e7am de colocar o t\u00e3o esperado Marco Regulat\u00f3rio dos Transportes P\u00fablicos em suas resolu\u00e7\u00f5es de ano novo&quot;\" \/>\n<meta property=\"og:url\" content=\"https:\/\/revistaautobus.com.br\/?p=10887\" \/>\n<meta property=\"og:site_name\" content=\"Revista AutoBus\" \/>\n<meta property=\"article:publisher\" content=\"https:\/\/www.facebook.com\/antonio.ferro.3150\" \/>\n<meta property=\"article:published_time\" content=\"2023-12-19T17:11:50+00:00\" \/>\n<meta property=\"og:image\" content=\"https:\/\/revistaautobus.com.br\/wp-content\/uploads\/2023\/12\/VTPA_Rogerio-Pires.jpg\" \/>\n\t<meta property=\"og:image:width\" content=\"1000\" \/>\n\t<meta property=\"og:image:height\" content=\"666\" \/>\n\t<meta property=\"og:image:type\" content=\"image\/jpeg\" \/>\n<meta name=\"author\" content=\"Antonio Ferro\" \/>\n<meta name=\"twitter:card\" content=\"summary_large_image\" \/>\n<meta name=\"twitter:label1\" content=\"Escrito por\" \/>\n\t<meta name=\"twitter:data1\" content=\"Antonio Ferro\" \/>\n\t<meta name=\"twitter:label2\" content=\"Est. tempo de leitura\" \/>\n\t<meta name=\"twitter:data2\" content=\"3 minutos\" \/>\n<script type=\"application\/ld+json\" class=\"yoast-schema-graph\">{\"@context\":\"https:\/\/schema.org\",\"@graph\":[{\"@type\":\"Article\",\"@id\":\"https:\/\/revistaautobus.com.br\/?p=10887#article\",\"isPartOf\":{\"@id\":\"https:\/\/revistaautobus.com.br\/?p=10887\"},\"author\":{\"name\":\"Antonio Ferro\",\"@id\":\"https:\/\/revistaautobus.com.br\/#\/schema\/person\/54af7c3eb83a310e42ef686ef6d16f50\"},\"headline\":\"Resolu\u00e7\u00f5es de um novo ano para o transporte p\u00fablico\",\"datePublished\":\"2023-12-19T17:11:50+00:00\",\"mainEntityOfPage\":{\"@id\":\"https:\/\/revistaautobus.com.br\/?p=10887\"},\"wordCount\":707,\"commentCount\":0,\"publisher\":{\"@id\":\"https:\/\/revistaautobus.com.br\/#organization\"},\"image\":{\"@id\":\"https:\/\/revistaautobus.com.br\/?p=10887#primaryimage\"},\"thumbnailUrl\":\"https:\/\/revistaautobus.com.br\/wp-content\/uploads\/2023\/12\/VTPA_Rogerio-Pires.jpg\",\"keywords\":[\"mobilidade urbana\",\"Rog\u00e9rio Pires\",\"Transporte coletio urbano\"],\"articleSection\":[\"Especialistas\",\"Mobilidade Urbana\",\"Opini\u00e3o\",\"Ponto de Vista\"],\"inLanguage\":\"pt-BR\",\"potentialAction\":[{\"@type\":\"CommentAction\",\"name\":\"Comment\",\"target\":[\"https:\/\/revistaautobus.com.br\/?p=10887#respond\"]}]},{\"@type\":\"WebPage\",\"@id\":\"https:\/\/revistaautobus.com.br\/?p=10887\",\"url\":\"https:\/\/revistaautobus.com.br\/?p=10887\",\"name\":\"Resolu\u00e7\u00f5es de um novo ano para o transporte p\u00fablico - Revista AutoBus\",\"isPartOf\":{\"@id\":\"https:\/\/revistaautobus.com.br\/#website\"},\"primaryImageOfPage\":{\"@id\":\"https:\/\/revistaautobus.com.br\/?p=10887#primaryimage\"},\"image\":{\"@id\":\"https:\/\/revistaautobus.com.br\/?p=10887#primaryimage\"},\"thumbnailUrl\":\"https:\/\/revistaautobus.com.br\/wp-content\/uploads\/2023\/12\/VTPA_Rogerio-Pires.jpg\",\"datePublished\":\"2023-12-19T17:11:50+00:00\",\"breadcrumb\":{\"@id\":\"https:\/\/revistaautobus.com.br\/?p=10887#breadcrumb\"},\"inLanguage\":\"pt-BR\",\"potentialAction\":[{\"@type\":\"ReadAction\",\"target\":[\"https:\/\/revistaautobus.com.br\/?p=10887\"]}]},{\"@type\":\"ImageObject\",\"inLanguage\":\"pt-BR\",\"@id\":\"https:\/\/revistaautobus.com.br\/?p=10887#primaryimage\",\"url\":\"https:\/\/revistaautobus.com.br\/wp-content\/uploads\/2023\/12\/VTPA_Rogerio-Pires.jpg\",\"contentUrl\":\"https:\/\/revistaautobus.com.br\/wp-content\/uploads\/2023\/12\/VTPA_Rogerio-Pires.jpg\",\"width\":1000,\"height\":666},{\"@type\":\"BreadcrumbList\",\"@id\":\"https:\/\/revistaautobus.com.br\/?p=10887#breadcrumb\",\"itemListElement\":[{\"@type\":\"ListItem\",\"position\":1,\"name\":\"In\u00edcio\",\"item\":\"https:\/\/revistaautobus.com.br\/\"},{\"@type\":\"ListItem\",\"position\":2,\"name\":\"Resolu\u00e7\u00f5es de um novo ano para o transporte p\u00fablico\"}]},{\"@type\":\"WebSite\",\"@id\":\"https:\/\/revistaautobus.com.br\/#website\",\"url\":\"https:\/\/revistaautobus.com.br\/\",\"name\":\"Revista AutoBus\",\"description\":\"\",\"publisher\":{\"@id\":\"https:\/\/revistaautobus.com.br\/#organization\"},\"potentialAction\":[{\"@type\":\"SearchAction\",\"target\":{\"@type\":\"EntryPoint\",\"urlTemplate\":\"https:\/\/revistaautobus.com.br\/?s={search_term_string}\"},\"query-input\":{\"@type\":\"PropertyValueSpecification\",\"valueRequired\":true,\"valueName\":\"search_term_string\"}}],\"inLanguage\":\"pt-BR\"},{\"@type\":\"Organization\",\"@id\":\"https:\/\/revistaautobus.com.br\/#organization\",\"name\":\"Revista AutoBus\",\"url\":\"https:\/\/revistaautobus.com.br\/\",\"logo\":{\"@type\":\"ImageObject\",\"inLanguage\":\"pt-BR\",\"@id\":\"https:\/\/revistaautobus.com.br\/#\/schema\/logo\/image\/\",\"url\":\"https:\/\/revistaautobus.com.br\/wp-content\/uploads\/2024\/11\/logo_revista_autobus_fb.png\",\"contentUrl\":\"https:\/\/revistaautobus.com.br\/wp-content\/uploads\/2024\/11\/logo_revista_autobus_fb.png\",\"width\":836,\"height\":227,\"caption\":\"Revista AutoBus\"},\"image\":{\"@id\":\"https:\/\/revistaautobus.com.br\/#\/schema\/logo\/image\/\"},\"sameAs\":[\"https:\/\/www.facebook.com\/antonio.ferro.3150\",\"https:\/\/www.instagram.com\/revistaautobus\/\"]},{\"@type\":\"Person\",\"@id\":\"https:\/\/revistaautobus.com.br\/#\/schema\/person\/54af7c3eb83a310e42ef686ef6d16f50\",\"name\":\"Antonio Ferro\",\"image\":{\"@type\":\"ImageObject\",\"inLanguage\":\"pt-BR\",\"@id\":\"https:\/\/revistaautobus.com.br\/wp-content\/uploads\/2025\/12\/editor_antonio_ferro-150x150.jpg\",\"url\":\"https:\/\/revistaautobus.com.br\/wp-content\/uploads\/2025\/12\/editor_antonio_ferro-150x150.jpg\",\"contentUrl\":\"https:\/\/revistaautobus.com.br\/wp-content\/uploads\/2025\/12\/editor_antonio_ferro-150x150.jpg\",\"caption\":\"Antonio Ferro\"},\"description\":\"infobus@uol.com.br\",\"url\":\"https:\/\/revistaautobus.com.br\/?author=2\"}]}<\/script>\n<!-- \/ Yoast SEO plugin. -->","yoast_head_json":{"title":"Resolu\u00e7\u00f5es de um novo ano para o transporte p\u00fablico - Revista AutoBus","robots":{"index":"index","follow":"follow","max-snippet":"max-snippet:-1","max-image-preview":"max-image-preview:large","max-video-preview":"max-video-preview:-1"},"canonical":"https:\/\/revistaautobus.com.br\/?p=10887","og_locale":"pt_BR","og_type":"article","og_title":"Resolu\u00e7\u00f5es de um novo ano para o transporte p\u00fablico - Revista AutoBus","og_description":"\"Espero que nossos legisladores e gestores p\u00fablicos n\u00e3o esque\u00e7am de colocar o t\u00e3o esperado Marco Regulat\u00f3rio dos Transportes P\u00fablicos em suas resolu\u00e7\u00f5es de ano novo\"","og_url":"https:\/\/revistaautobus.com.br\/?p=10887","og_site_name":"Revista AutoBus","article_publisher":"https:\/\/www.facebook.com\/antonio.ferro.3150","article_published_time":"2023-12-19T17:11:50+00:00","og_image":[{"width":1000,"height":666,"url":"https:\/\/revistaautobus.com.br\/wp-content\/uploads\/2023\/12\/VTPA_Rogerio-Pires.jpg","type":"image\/jpeg"}],"author":"Antonio Ferro","twitter_card":"summary_large_image","twitter_misc":{"Escrito por":"Antonio Ferro","Est. tempo de leitura":"3 minutos"},"schema":{"@context":"https:\/\/schema.org","@graph":[{"@type":"Article","@id":"https:\/\/revistaautobus.com.br\/?p=10887#article","isPartOf":{"@id":"https:\/\/revistaautobus.com.br\/?p=10887"},"author":{"name":"Antonio Ferro","@id":"https:\/\/revistaautobus.com.br\/#\/schema\/person\/54af7c3eb83a310e42ef686ef6d16f50"},"headline":"Resolu\u00e7\u00f5es de um novo ano para o transporte p\u00fablico","datePublished":"2023-12-19T17:11:50+00:00","mainEntityOfPage":{"@id":"https:\/\/revistaautobus.com.br\/?p=10887"},"wordCount":707,"commentCount":0,"publisher":{"@id":"https:\/\/revistaautobus.com.br\/#organization"},"image":{"@id":"https:\/\/revistaautobus.com.br\/?p=10887#primaryimage"},"thumbnailUrl":"https:\/\/revistaautobus.com.br\/wp-content\/uploads\/2023\/12\/VTPA_Rogerio-Pires.jpg","keywords":["mobilidade urbana","Rog\u00e9rio Pires","Transporte coletio urbano"],"articleSection":["Especialistas","Mobilidade Urbana","Opini\u00e3o","Ponto de Vista"],"inLanguage":"pt-BR","potentialAction":[{"@type":"CommentAction","name":"Comment","target":["https:\/\/revistaautobus.com.br\/?p=10887#respond"]}]},{"@type":"WebPage","@id":"https:\/\/revistaautobus.com.br\/?p=10887","url":"https:\/\/revistaautobus.com.br\/?p=10887","name":"Resolu\u00e7\u00f5es de um novo ano para o transporte p\u00fablico - Revista AutoBus","isPartOf":{"@id":"https:\/\/revistaautobus.com.br\/#website"},"primaryImageOfPage":{"@id":"https:\/\/revistaautobus.com.br\/?p=10887#primaryimage"},"image":{"@id":"https:\/\/revistaautobus.com.br\/?p=10887#primaryimage"},"thumbnailUrl":"https:\/\/revistaautobus.com.br\/wp-content\/uploads\/2023\/12\/VTPA_Rogerio-Pires.jpg","datePublished":"2023-12-19T17:11:50+00:00","breadcrumb":{"@id":"https:\/\/revistaautobus.com.br\/?p=10887#breadcrumb"},"inLanguage":"pt-BR","potentialAction":[{"@type":"ReadAction","target":["https:\/\/revistaautobus.com.br\/?p=10887"]}]},{"@type":"ImageObject","inLanguage":"pt-BR","@id":"https:\/\/revistaautobus.com.br\/?p=10887#primaryimage","url":"https:\/\/revistaautobus.com.br\/wp-content\/uploads\/2023\/12\/VTPA_Rogerio-Pires.jpg","contentUrl":"https:\/\/revistaautobus.com.br\/wp-content\/uploads\/2023\/12\/VTPA_Rogerio-Pires.jpg","width":1000,"height":666},{"@type":"BreadcrumbList","@id":"https:\/\/revistaautobus.com.br\/?p=10887#breadcrumb","itemListElement":[{"@type":"ListItem","position":1,"name":"In\u00edcio","item":"https:\/\/revistaautobus.com.br\/"},{"@type":"ListItem","position":2,"name":"Resolu\u00e7\u00f5es de um novo ano para o transporte p\u00fablico"}]},{"@type":"WebSite","@id":"https:\/\/revistaautobus.com.br\/#website","url":"https:\/\/revistaautobus.com.br\/","name":"Revista AutoBus","description":"","publisher":{"@id":"https:\/\/revistaautobus.com.br\/#organization"},"potentialAction":[{"@type":"SearchAction","target":{"@type":"EntryPoint","urlTemplate":"https:\/\/revistaautobus.com.br\/?s={search_term_string}"},"query-input":{"@type":"PropertyValueSpecification","valueRequired":true,"valueName":"search_term_string"}}],"inLanguage":"pt-BR"},{"@type":"Organization","@id":"https:\/\/revistaautobus.com.br\/#organization","name":"Revista AutoBus","url":"https:\/\/revistaautobus.com.br\/","logo":{"@type":"ImageObject","inLanguage":"pt-BR","@id":"https:\/\/revistaautobus.com.br\/#\/schema\/logo\/image\/","url":"https:\/\/revistaautobus.com.br\/wp-content\/uploads\/2024\/11\/logo_revista_autobus_fb.png","contentUrl":"https:\/\/revistaautobus.com.br\/wp-content\/uploads\/2024\/11\/logo_revista_autobus_fb.png","width":836,"height":227,"caption":"Revista AutoBus"},"image":{"@id":"https:\/\/revistaautobus.com.br\/#\/schema\/logo\/image\/"},"sameAs":["https:\/\/www.facebook.com\/antonio.ferro.3150","https:\/\/www.instagram.com\/revistaautobus\/"]},{"@type":"Person","@id":"https:\/\/revistaautobus.com.br\/#\/schema\/person\/54af7c3eb83a310e42ef686ef6d16f50","name":"Antonio Ferro","image":{"@type":"ImageObject","inLanguage":"pt-BR","@id":"https:\/\/revistaautobus.com.br\/wp-content\/uploads\/2025\/12\/editor_antonio_ferro-150x150.jpg","url":"https:\/\/revistaautobus.com.br\/wp-content\/uploads\/2025\/12\/editor_antonio_ferro-150x150.jpg","contentUrl":"https:\/\/revistaautobus.com.br\/wp-content\/uploads\/2025\/12\/editor_antonio_ferro-150x150.jpg","caption":"Antonio Ferro"},"description":"infobus@uol.com.br","url":"https:\/\/revistaautobus.com.br\/?author=2"}]}},"jetpack_featured_media_url":"https:\/\/revistaautobus.com.br\/wp-content\/uploads\/2023\/12\/VTPA_Rogerio-Pires.jpg","jetpack_sharing_enabled":true,"_links":{"self":[{"href":"https:\/\/revistaautobus.com.br\/index.php?rest_route=\/wp\/v2\/posts\/10887","targetHints":{"allow":["GET"]}}],"collection":[{"href":"https:\/\/revistaautobus.com.br\/index.php?rest_route=\/wp\/v2\/posts"}],"about":[{"href":"https:\/\/revistaautobus.com.br\/index.php?rest_route=\/wp\/v2\/types\/post"}],"author":[{"embeddable":true,"href":"https:\/\/revistaautobus.com.br\/index.php?rest_route=\/wp\/v2\/users\/2"}],"replies":[{"embeddable":true,"href":"https:\/\/revistaautobus.com.br\/index.php?rest_route=%2Fwp%2Fv2%2Fcomments&post=10887"}],"version-history":[{"count":3,"href":"https:\/\/revistaautobus.com.br\/index.php?rest_route=\/wp\/v2\/posts\/10887\/revisions"}],"predecessor-version":[{"id":10891,"href":"https:\/\/revistaautobus.com.br\/index.php?rest_route=\/wp\/v2\/posts\/10887\/revisions\/10891"}],"wp:featuredmedia":[{"embeddable":true,"href":"https:\/\/revistaautobus.com.br\/index.php?rest_route=\/wp\/v2\/media\/10888"}],"wp:attachment":[{"href":"https:\/\/revistaautobus.com.br\/index.php?rest_route=%2Fwp%2Fv2%2Fmedia&parent=10887"}],"wp:term":[{"taxonomy":"category","embeddable":true,"href":"https:\/\/revistaautobus.com.br\/index.php?rest_route=%2Fwp%2Fv2%2Fcategories&post=10887"},{"taxonomy":"post_tag","embeddable":true,"href":"https:\/\/revistaautobus.com.br\/index.php?rest_route=%2Fwp%2Fv2%2Ftags&post=10887"}],"curies":[{"name":"wp","href":"https:\/\/api.w.org\/{rel}","templated":true}]}}