{"id":11085,"date":"2024-01-22T10:01:27","date_gmt":"2024-01-22T13:01:27","guid":{"rendered":"https:\/\/revistaautobus.com.br\/?p=11085"},"modified":"2024-01-22T10:01:27","modified_gmt":"2024-01-22T13:01:27","slug":"as-implicacoes-da-gratuidade-de-bens-privados-na-economia-o-caso-do-transporte-publico","status":"publish","type":"post","link":"https:\/\/revistaautobus.com.br\/?p=11085","title":{"rendered":"As implica\u00e7\u00f5es da gratuidade de bens privados na economia \u2013 O caso do transporte p\u00fablico"},"content":{"rendered":"<p><span style=\"color: #0000ff;\"><b>Por Miguel \u00c2ngelo Pricinote &#8211; subsecret\u00e1rio de Pol\u00edticas para Cidades e Transporte do Governo de Goi\u00e1s<\/b><\/span><\/p>\n<p>A economia de mercado \u00e9 fundamentada na intera\u00e7\u00e3o entre oferta e demanda, onde os pre\u00e7os desempenham um papel crucial na aloca\u00e7\u00e3o eficiente de recursos. No entanto, a gratuidade de bens privados pode subverter esse sistema, levando a uma s\u00e9rie de consequ\u00eancias econ\u00f4micas e sociais. Neste artigo, exploraremos as implica\u00e7\u00f5es de oferecer bens privados gratuitamente e como isso pode afetar a din\u00e2mica econ\u00f4mica. Em particular, analisaremos o caso do transporte p\u00fablico, que \u00e9 um bem semip\u00fablico que pode ser cobrado ou gratuito, dependendo das pol\u00edticas p\u00fablicas adotadas.<\/p>\n<p><strong>Fundamenta\u00e7\u00e3o Te\u00f3rica:<\/strong><\/p>\n<p>Antes de discutir as implica\u00e7\u00f5es da gratuidade de bens privados, \u00e9 importante entender alguns conceitos b\u00e1sicos de economia de mercado. A economia de mercado \u00e9 um sistema onde os agentes econ\u00f4micos (consumidores e produtores) tomam decis\u00f5es baseadas nos seus interesses individuais, buscando maximizar o seu bem-estar. A intera\u00e7\u00e3o entre os agentes econ\u00f4micos \u00e9 mediada pelos pre\u00e7os, que s\u00e3o determinados pela oferta e pela demanda de cada bem ou servi\u00e7o.<\/p>\n<p>A oferta \u00e9 a quantidade de um bem ou servi\u00e7o que os produtores est\u00e3o dispostos a oferecer a um determinado pre\u00e7o, enquanto a demanda \u00e9 a quantidade de um bem ou servi\u00e7o que os consumidores est\u00e3o dispostos a comprar a um determinado pre\u00e7o. Quando a oferta e a demanda se igualam, o mercado atinge o equil\u00edbrio, que \u00e9 o ponto onde o pre\u00e7o e a quantidade s\u00e3o \u00f3timos para ambos os lados.<\/p>\n<p>Os pre\u00e7os s\u00e3o essenciais para a aloca\u00e7\u00e3o eficiente de recursos na economia de mercado, pois eles sinalizam o valor percebido pelos consumidores e os custos incorridos pelos produtores. Os pre\u00e7os tamb\u00e9m incentivam o comportamento racional dos agentes econ\u00f4micos, pois eles refletem a escassez dos recursos dispon\u00edveis. A escassez \u00e9 a situa\u00e7\u00e3o onde os recursos s\u00e3o limitados e insuficientes para atender a todas as necessidades e desejos dos agentes econ\u00f4micos.<\/p>\n<p>A efici\u00eancia econ\u00f4mica \u00e9 a situa\u00e7\u00e3o onde os recursos s\u00e3o alocados de maneira \u00f3tima, ou seja, onde n\u00e3o h\u00e1 desperd\u00edcio nem subutiliza\u00e7\u00e3o. A efici\u00eancia econ\u00f4mica pode ser dividida em dois tipos: efici\u00eancia alocativa e efici\u00eancia produtiva. A efici\u00eancia alocativa \u00e9 a situa\u00e7\u00e3o onde os recursos s\u00e3o distribu\u00eddos de acordo com as prefer\u00eancias dos consumidores, ou seja, onde o valor marginal do bem ou servi\u00e7o \u00e9 igual ao seu custo marginal. A efici\u00eancia produtiva \u00e9 a situa\u00e7\u00e3o onde os recursos s\u00e3o utilizados da maneira mais eficaz poss\u00edvel, ou seja, onde o custo de produ\u00e7\u00e3o \u00e9 o menor poss\u00edvel.<\/p>\n<p><strong>Sobredemanda e Escassez:<\/strong><\/p>\n<p>Quando um bem privado \u00e9 disponibilizado gratuitamente, a demanda por esse bem pode aumentar substancialmente. A aus\u00eancia de um pre\u00e7o como limitador pode resultar em sobredemanda, potencialmente levando \u00e0 escassez do bem. A falta de incentivos para a modera\u00e7\u00e3o do consumo pode impactar negativamente a disponibilidade do bem no mercado.<\/p>\n<p>Um exemplo de bem privado que pode ser oferecido gratuitamente \u00e9 o transporte p\u00fablico. O transporte p\u00fablico \u00e9 um bem que \u00e9 excludente, ou seja, que \u00e9 poss\u00edvel impedir o seu uso por quem n\u00e3o paga, e rival, ou seja, que o consumo de um indiv\u00edduo afeta o consumo de outro. Se o transporte p\u00fablico for gratuito, a demanda por esse servi\u00e7o pode aumentar muito, pois as pessoas podem preferir usar o transporte p\u00fablico em vez de outros meios de locomo\u00e7\u00e3o, como carro, bicicleta ou caminhada. Isso pode gerar uma sobrecarga no sistema de transporte p\u00fablico, causando problemas como superlota\u00e7\u00e3o, atrasos, filas, etc. A escassez de transporte p\u00fablico pode prejudicar a mobilidade urbana e a qualidade de vida da popula\u00e7\u00e3o.<\/p>\n<p><strong>Inefici\u00eancia na Aloca\u00e7\u00e3o de Recursos:<\/strong><\/p>\n<p>A aloca\u00e7\u00e3o eficiente de recursos \u00e9 um dos princ\u00edpios fundamentais da economia de mercado. A gratuidade de bens privados pode comprometer esse princ\u00edpio, pois sem a orienta\u00e7\u00e3o dos pre\u00e7os, os recursos podem ser alocados de maneira ineficiente. A falta de incentivos econ\u00f4micos para utilizar os recursos de maneira eficaz pode resultar em desperd\u00edcio e subutiliza\u00e7\u00e3o.<\/p>\n<p>No caso do transporte p\u00fablico, a gratuidade pode levar a uma inefici\u00eancia na aloca\u00e7\u00e3o de recursos, pois os consumidores podem n\u00e3o levar em conta os custos sociais e ambientais do seu uso. Por exemplo, o transporte p\u00fablico pode gerar polui\u00e7\u00e3o, congestionamento, ru\u00eddo, etc., que afetam negativamente a sociedade e o meio ambiente. Se o transporte p\u00fablico for gratuito, os consumidores podem n\u00e3o ter consci\u00eancia desses custos, e podem usar o transporte p\u00fablico de maneira excessiva ou inadequada, como por exemplo, para viagens curtas ou desnecess\u00e1rias. Isso pode gerar um desperd\u00edcio de recursos, como combust\u00edvel, energia, infraestrutura, etc., que poderiam ser mais eficientemente direcionados para outras atividades produtivas.<\/p>\n<p><strong>Desincentivo \u00e0 Produ\u00e7\u00e3o:<\/strong><\/p>\n<p>A oferta gratuita de bens privados pode desencorajar os produtores, uma vez que a aus\u00eancia de retorno financeiro pode tornar a produ\u00e7\u00e3o n\u00e3o sustent\u00e1vel. Os custos associados \u00e0 produ\u00e7\u00e3o, como m\u00e3o de obra e mat\u00e9rias-primas, podem n\u00e3o ser cobertos, levando \u00e0 redu\u00e7\u00e3o da oferta ou mesmo \u00e0 retirada do bem do mercado.<\/p>\n<p>No caso do transporte p\u00fablico, a gratuidade pode desincentivar a produ\u00e7\u00e3o, pois os investidores de outras solu\u00e7\u00f5es de mobilidade (aluguel de bicicletas, patinetes, Uber&#8230;) podem n\u00e3o ter recursos suficientes para manter e melhorar a qualidade do servi\u00e7o para competir com o transporte p\u00fablico gratuito.<\/p>\n<p>Os custos de opera\u00e7\u00e3o e manuten\u00e7\u00e3o do transporte p\u00fablico podem ser elevados, envolvendo gastos cada vez mais elevados com pessoal, ve\u00edculos, combust\u00edvel, pe\u00e7as, etc. Se o transporte p\u00fablico for gratuito, os subsidios p\u00fablicos podem n\u00e3o tem fontes de receitas suficientes para cobrir esses custos, podendo ter que reduzir a oferta ou mesmo encerrar o servi\u00e7o. Isso pode afetar negativamente a qualidade e a confiabilidade do transporte p\u00fablico, prejudicando os usu\u00e1rios e a sociedade.<\/p>\n<p><strong>Qualidade do Bem e Custos Sociais:<\/strong><\/p>\n<p>A gratuidade de bens privados pode impactar significativamente a qualidade do produto ao longo do tempo. Em um mercado onde os pre\u00e7os n\u00e3o refletem o valor percebido pelos consumidores, a falta de incentivo para melhorar a qualidade pode resultar em produtos de menor qualidade. Este fen\u00f4meno \u00e9 frequentemente descrito pela teoria econ\u00f4mica como &#8220;o dilema do bem comum&#8221;.<\/p>\n<p>Considere um servi\u00e7o de software gratuito. Sem um modelo de neg\u00f3cios sustent\u00e1vel por meio da cobran\u00e7a, a empresa pode n\u00e3o ter os recursos necess\u00e1rios para investir em pesquisa e desenvolvimento, atualiza\u00e7\u00f5es de seguran\u00e7a e melhorias cont\u00ednuas. A qualidade do software pode estagnar, levando a uma experi\u00eancia de usu\u00e1rio inferior e, eventualmente, \u00e0 perda de usu\u00e1rios.<\/p>\n<p>O dilema do bem comum \u00e9 um conceito frequentemente associado a estudiosos como Garrett Hardin, cujo artigo seminal &#8220;The Tragedy of the Commons&#8221; discute como a falta de propriedade privada e a aus\u00eancia de pre\u00e7os podem levar \u00e0 explora\u00e7\u00e3o insustent\u00e1vel de recursos compartilhados. Hardin argumenta que, na aus\u00eancia de incentivos econ\u00f4micos claros, os indiv\u00edduos agir\u00e3o em seu pr\u00f3prio interesse, muitas vezes resultando em consequ\u00eancias negativas para o bem comum.<\/p>\n<p>Al\u00e9m disso, a economista Elinor Ostrom ganhou o Pr\u00eamio Nobel em 2009 por seu trabalho sobre governan\u00e7a de bens comuns. Em seu livro &#8220;Governing the Commons&#8221;, Ostrom apresenta casos de sucesso em que comunidades desenvolveram suas pr\u00f3prias regras e institui\u00e7\u00f5es para gerenciar efetivamente recursos comuns, demonstrando que a trag\u00e9dia do bem comum n\u00e3o \u00e9 inevit\u00e1vel.<\/p>\n<p>Portanto, ao analisar a gratuidade de bens privados, \u00e9 vital considerar as contribui\u00e7\u00f5es desses acad\u00eamicos para entender como a aus\u00eancia de pre\u00e7os pode afetar a qualidade do bem e gerar custos sociais ao longo do tempo. Suas teorias oferecem insights valiosos sobre como equilibrar a oferta gratuita com a sustentabilidade e a efici\u00eancia a longo prazo.<\/p>\n<p><strong>Excesso de Estoque e Riscos Associados:<\/strong><\/p>\n<p>A gratuidade de bens privados pode resultar em desafios significativos relacionados ao gerenciamento de estoques, com riscos tanto para os produtores quanto para a economia em geral. A aus\u00eancia de pre\u00e7os para orientar a produ\u00e7\u00e3o pode levar a situa\u00e7\u00f5es de excesso de oferta e estoques n\u00e3o utilizados, gerando diversos problemas.<\/p>\n<p>Um exemplo pr\u00e1tico ilustra esse cen\u00e1rio: imagine uma empresa que decide oferecer gratuitamente um determinado produto eletr\u00f4nico. Sem a realimenta\u00e7\u00e3o dos pre\u00e7os, a empresa pode enfrentar dificuldades para estimar a demanda real desse produto. Isso pode resultar em uma produ\u00e7\u00e3o excessiva, levando a um estoque n\u00e3o vendido e, eventualmente, obsoleto.<\/p>\n<p>Autores cl\u00e1ssicos, como Adam Smith e Alfred Marshall, enfatizaram a import\u00e2ncia dos pre\u00e7os na aloca\u00e7\u00e3o eficiente de recursos. Eles argumentaram que os pre\u00e7os servem como sinais de mercado, coordenando a produ\u00e7\u00e3o e o consumo de bens. Ronald Coase e Oliver Williamson, refer\u00eancias na teoria dos custos de transa\u00e7\u00e3o, abordam como a falta de pre\u00e7os claros pode aumentar os custos de coordena\u00e7\u00e3o na produ\u00e7\u00e3o e distribui\u00e7\u00e3o de bens.<\/p>\n<p>Autores contempor\u00e2neos, como Paul Milgrom e Robert Shiller, destacam desafios espec\u00edficos na gest\u00e3o de estoques e a import\u00e2ncia de mecanismos de pre\u00e7os eficazes para equilibrar oferta e demanda.<\/p>\n<p>Al\u00e9m disso, h\u00e1 riscos associados ao excesso de estoque. A obsolesc\u00eancia e a deprecia\u00e7\u00e3o dos produtos podem resultar em perdas substanciais. Os custos de armazenamento, que incluem despesas com armaz\u00e9ns, seguran\u00e7a e manuten\u00e7\u00e3o, tamb\u00e9m afetam a rentabilidade da empresa. O impacto na cadeia de suprimentos, afetando fornecedores, distribuidores e varejistas, pode desencadear uma s\u00e9rie de eventos que impactam negativamente a estabilidade econ\u00f4mica.<\/p>\n<p>Em resumo, a gest\u00e3o de estoques sem a orienta\u00e7\u00e3o dos pre\u00e7os \u00e9 suscet\u00edvel a desafios, e o excesso de estoque pode resultar em riscos financeiros substanciais para os produtores e, em \u00faltima inst\u00e2ncia, para a economia como um todo. Os estudos de autores cl\u00e1ssicos e contempor\u00e2neos na \u00e1rea de economia s\u00e3o fundamentais para compreender esses desafios e desenvolver estrat\u00e9gias eficazes para a gest\u00e3o de bens privados, mesmo quando oferecidos gratuitamente.<\/p>\n<p><strong>Gratuidade de Bens Privados versus Gratuidade de Bens P\u00fablicos:<\/strong><\/p>\n<p>A gratuidade de bens privados pode ser contrastada com a gratuidade de bens p\u00fablicos, que s\u00e3o aqueles que n\u00e3o s\u00e3o excludentes nem rivais, ou seja, que podem ser consumidos por todos sem que o consumo de um indiv\u00edduo afete o consumo de outro. Exemplos de bens p\u00fablicos s\u00e3o a seguran\u00e7a nacional, a ilumina\u00e7\u00e3o p\u00fablica, a defesa civil, entre outros. A gratuidade de bens p\u00fablicos \u00e9 justificada pela dificuldade de cobrar pelo seu uso e pela necessidade de garantir o seu fornecimento para o bem-estar social.<\/p>\n<p>No entanto, existem tamb\u00e9m bens que possuem caracter\u00edsticas mistas, ou seja, que s\u00e3o parcialmente excludentes e\/ou parcialmente rivais. Esses bens s\u00e3o chamados de bens semip\u00fablicos ou quase-p\u00fablicos, e incluem servi\u00e7os como sa\u00fade, educa\u00e7\u00e3o, coleta de lixo, transporte p\u00fablico, \u00e1gua e energia. Esses bens podem ser fornecidos tanto pelo setor p\u00fablico quanto pelo setor privado, e podem ser cobrados ou gratuitos, dependendo das pol\u00edticas p\u00fablicas adotadas.<\/p>\n<p>A gratuidade de bens semip\u00fablicos pode ter vantagens e desvantagens, dependendo do contexto e dos objetivos sociais. Por um lado, a gratuidade pode ampliar o acesso e a qualidade desses servi\u00e7os, reduzindo as desigualdades e promovendo o desenvolvimento humano. Por outro lado, a gratuidade pode gerar problemas de financiamento, gest\u00e3o e efici\u00eancia, al\u00e9m de induzir um consumo excessivo ou inadequado desses servi\u00e7os.<\/p>\n<p>Portanto, a gratuidade de bens semip\u00fablicos deve ser analisada caso a caso, levando em conta os custos e benef\u00edcios envolvidos, bem como as alternativas poss\u00edveis. Uma forma de avaliar a conveni\u00eancia da gratuidade \u00e9 comparar os efeitos positivos e negativos que ela pode gerar sobre a oferta e a demanda desses bens, bem como sobre o bem-estar social.<\/p>\n<p><strong>Conclus\u00e3o:<\/strong><\/p>\n<p>A teoria econ\u00f4mica de Ludwig von Mises, notadamente sua contribui\u00e7\u00e3o ao debate sobre o c\u00e1lculo econ\u00f4mico, lan\u00e7a luz sobre as implica\u00e7\u00f5es da gratuidade de bens privados. Mises argumentava que a aus\u00eancia de pre\u00e7os de mercado eficientes tornaria imposs\u00edvel para os agentes econ\u00f4micos realizar c\u00e1lculos racionais sobre a aloca\u00e7\u00e3o de recursos, resultando em uma gest\u00e3o ineficaz dos fatores de produ\u00e7\u00e3o.<\/p>\n<p>Ao oferecer bens privados gratuitamente, estamos, na pr\u00e1tica, removendo a valiosa informa\u00e7\u00e3o contida nos pre\u00e7os. Os pre\u00e7os s\u00e3o mensageiros que transmitem informa\u00e7\u00f5es sobre a escassez relativa de recursos, a demanda dos consumidores e as oportunidades de lucro para os produtores. A elimina\u00e7\u00e3o desses sinais de mercado cria um v\u00e1cuo de informa\u00e7\u00f5es, dificultando a tomada de decis\u00f5es eficientes e racionalmente fundamentadas.<\/p>\n<p>O problema do c\u00e1lculo econ\u00f4mico se torna particularmente evidente quando a gratuidade \u00e9 estendida a bens que envolvem custos significativos de produ\u00e7\u00e3o. Sem pre\u00e7os de mercado para orientar a aloca\u00e7\u00e3o de recursos, n\u00e3o h\u00e1 uma base objetiva para determinar a efici\u00eancia na utiliza\u00e7\u00e3o de insumos e fatores de produ\u00e7\u00e3o.<\/p>\n<p>Al\u00e9m disso, a gratuidade de bens privados cria desincentivos para a produ\u00e7\u00e3o cont\u00ednua e aprimoramento da qualidade. Na vis\u00e3o de Mises, o sucesso econ\u00f4mico depende da capacidade de ajustar a produ\u00e7\u00e3o de acordo com a demanda do consumidor, um mecanismo eficaz quando orientado pelos pre\u00e7os. A retirada do sistema de pre\u00e7os pode resultar em uma produ\u00e7\u00e3o desalinhada com as reais necessidades da sociedade.<\/p>\n<p>Assim, ao considerar a gratuidade de bens privados, \u00e9 crucial ponderar sobre as ramifica\u00e7\u00f5es de longo prazo. Embora possa haver benef\u00edcios sociais imediatos, a falta de sinais de mercado pode prejudicar a capacidade da sociedade de alocar eficientemente seus recursos, comprometendo o desenvolvimento econ\u00f4mico sustent\u00e1vel. Buscar um equil\u00edbrio entre objetivos sociais e a necessidade de manter os incentivos econ\u00f4micos \u00e9 essencial para preservar o funcionamento eficaz da economia de mercado.<\/p>\n<p>Imagem &#8211; Divulga\u00e7\u00e3o<\/p>\n","protected":false},"excerpt":{"rendered":"<p>O problema do c\u00e1lculo econ\u00f4mico se torna particularmente evidente quando a gratuidade \u00e9 estendida a bens que envolvem custos significativos de produ\u00e7\u00e3o<\/p>\n","protected":false},"author":2,"featured_media":11086,"comment_status":"open","ping_status":"open","sticky":false,"template":"","format":"standard","meta":{"_et_pb_use_builder":"","_et_pb_old_content":"","_et_gb_content_width":"","_jetpack_memberships_contains_paid_content":false,"footnotes":""},"categories":[5,588,41],"tags":[671],"class_list":["post-11085","post","type-post","status-publish","format-standard","has-post-thumbnail","hentry","category-conexao-mobilidade","category-opiniao","category-ponto-de-vista","tag-tarifa-zero","et-has-post-format-content","et_post_format-et-post-format-standard"],"yoast_head":"<!-- This site is optimized with the Yoast SEO plugin v27.2 - https:\/\/yoast.com\/product\/yoast-seo-wordpress\/ -->\n<title>As implica\u00e7\u00f5es da gratuidade de bens privados na economia \u2013 O caso do transporte p\u00fablico - Revista AutoBus<\/title>\n<meta name=\"robots\" content=\"index, follow, max-snippet:-1, max-image-preview:large, max-video-preview:-1\" \/>\n<link rel=\"canonical\" href=\"https:\/\/revistaautobus.com.br\/?p=11085\" \/>\n<meta property=\"og:locale\" content=\"pt_BR\" \/>\n<meta property=\"og:type\" content=\"article\" \/>\n<meta property=\"og:title\" content=\"As implica\u00e7\u00f5es da gratuidade de bens privados na economia \u2013 O caso do transporte p\u00fablico - Revista AutoBus\" \/>\n<meta property=\"og:description\" content=\"O problema do c\u00e1lculo econ\u00f4mico se torna particularmente evidente quando a gratuidade \u00e9 estendida a bens que envolvem custos significativos de produ\u00e7\u00e3o\" \/>\n<meta property=\"og:url\" content=\"https:\/\/revistaautobus.com.br\/?p=11085\" \/>\n<meta property=\"og:site_name\" content=\"Revista AutoBus\" \/>\n<meta property=\"article:publisher\" content=\"https:\/\/www.facebook.com\/antonio.ferro.3150\" \/>\n<meta property=\"article:published_time\" content=\"2024-01-22T13:01:27+00:00\" \/>\n<meta property=\"og:image\" content=\"https:\/\/revistaautobus.com.br\/wp-content\/uploads\/2024\/01\/IMG-20240119-WA0011.jpg\" \/>\n\t<meta property=\"og:image:width\" content=\"719\" \/>\n\t<meta property=\"og:image:height\" content=\"679\" \/>\n\t<meta property=\"og:image:type\" content=\"image\/jpeg\" \/>\n<meta name=\"author\" content=\"Antonio Ferro\" \/>\n<meta name=\"twitter:card\" content=\"summary_large_image\" \/>\n<meta name=\"twitter:label1\" content=\"Escrito por\" \/>\n\t<meta name=\"twitter:data1\" content=\"Antonio Ferro\" \/>\n\t<meta name=\"twitter:label2\" content=\"Est. tempo de leitura\" \/>\n\t<meta name=\"twitter:data2\" content=\"12 minutos\" \/>\n<script type=\"application\/ld+json\" class=\"yoast-schema-graph\">{\"@context\":\"https:\/\/schema.org\",\"@graph\":[{\"@type\":\"Article\",\"@id\":\"https:\/\/revistaautobus.com.br\/?p=11085#article\",\"isPartOf\":{\"@id\":\"https:\/\/revistaautobus.com.br\/?p=11085\"},\"author\":{\"name\":\"Antonio Ferro\",\"@id\":\"https:\/\/revistaautobus.com.br\/#\/schema\/person\/54af7c3eb83a310e42ef686ef6d16f50\"},\"headline\":\"As implica\u00e7\u00f5es da gratuidade de bens privados na economia \u2013 O caso do transporte p\u00fablico\",\"datePublished\":\"2024-01-22T13:01:27+00:00\",\"mainEntityOfPage\":{\"@id\":\"https:\/\/revistaautobus.com.br\/?p=11085\"},\"wordCount\":2427,\"commentCount\":0,\"publisher\":{\"@id\":\"https:\/\/revistaautobus.com.br\/#organization\"},\"image\":{\"@id\":\"https:\/\/revistaautobus.com.br\/?p=11085#primaryimage\"},\"thumbnailUrl\":\"https:\/\/revistaautobus.com.br\/wp-content\/uploads\/2024\/01\/IMG-20240119-WA0011.jpg\",\"keywords\":[\"Tarifa zero\"],\"articleSection\":[\"Conex\u00e3o Mobilidade\",\"Opini\u00e3o\",\"Ponto de Vista\"],\"inLanguage\":\"pt-BR\",\"potentialAction\":[{\"@type\":\"CommentAction\",\"name\":\"Comment\",\"target\":[\"https:\/\/revistaautobus.com.br\/?p=11085#respond\"]}]},{\"@type\":\"WebPage\",\"@id\":\"https:\/\/revistaautobus.com.br\/?p=11085\",\"url\":\"https:\/\/revistaautobus.com.br\/?p=11085\",\"name\":\"As implica\u00e7\u00f5es da gratuidade de bens privados na economia \u2013 O caso do transporte p\u00fablico - Revista AutoBus\",\"isPartOf\":{\"@id\":\"https:\/\/revistaautobus.com.br\/#website\"},\"primaryImageOfPage\":{\"@id\":\"https:\/\/revistaautobus.com.br\/?p=11085#primaryimage\"},\"image\":{\"@id\":\"https:\/\/revistaautobus.com.br\/?p=11085#primaryimage\"},\"thumbnailUrl\":\"https:\/\/revistaautobus.com.br\/wp-content\/uploads\/2024\/01\/IMG-20240119-WA0011.jpg\",\"datePublished\":\"2024-01-22T13:01:27+00:00\",\"breadcrumb\":{\"@id\":\"https:\/\/revistaautobus.com.br\/?p=11085#breadcrumb\"},\"inLanguage\":\"pt-BR\",\"potentialAction\":[{\"@type\":\"ReadAction\",\"target\":[\"https:\/\/revistaautobus.com.br\/?p=11085\"]}]},{\"@type\":\"ImageObject\",\"inLanguage\":\"pt-BR\",\"@id\":\"https:\/\/revistaautobus.com.br\/?p=11085#primaryimage\",\"url\":\"https:\/\/revistaautobus.com.br\/wp-content\/uploads\/2024\/01\/IMG-20240119-WA0011.jpg\",\"contentUrl\":\"https:\/\/revistaautobus.com.br\/wp-content\/uploads\/2024\/01\/IMG-20240119-WA0011.jpg\",\"width\":719,\"height\":679},{\"@type\":\"BreadcrumbList\",\"@id\":\"https:\/\/revistaautobus.com.br\/?p=11085#breadcrumb\",\"itemListElement\":[{\"@type\":\"ListItem\",\"position\":1,\"name\":\"In\u00edcio\",\"item\":\"https:\/\/revistaautobus.com.br\/\"},{\"@type\":\"ListItem\",\"position\":2,\"name\":\"As implica\u00e7\u00f5es da gratuidade de bens privados na economia \u2013 O caso do transporte p\u00fablico\"}]},{\"@type\":\"WebSite\",\"@id\":\"https:\/\/revistaautobus.com.br\/#website\",\"url\":\"https:\/\/revistaautobus.com.br\/\",\"name\":\"Revista AutoBus\",\"description\":\"\",\"publisher\":{\"@id\":\"https:\/\/revistaautobus.com.br\/#organization\"},\"potentialAction\":[{\"@type\":\"SearchAction\",\"target\":{\"@type\":\"EntryPoint\",\"urlTemplate\":\"https:\/\/revistaautobus.com.br\/?s={search_term_string}\"},\"query-input\":{\"@type\":\"PropertyValueSpecification\",\"valueRequired\":true,\"valueName\":\"search_term_string\"}}],\"inLanguage\":\"pt-BR\"},{\"@type\":\"Organization\",\"@id\":\"https:\/\/revistaautobus.com.br\/#organization\",\"name\":\"Revista AutoBus\",\"url\":\"https:\/\/revistaautobus.com.br\/\",\"logo\":{\"@type\":\"ImageObject\",\"inLanguage\":\"pt-BR\",\"@id\":\"https:\/\/revistaautobus.com.br\/#\/schema\/logo\/image\/\",\"url\":\"https:\/\/revistaautobus.com.br\/wp-content\/uploads\/2024\/11\/logo_revista_autobus_fb.png\",\"contentUrl\":\"https:\/\/revistaautobus.com.br\/wp-content\/uploads\/2024\/11\/logo_revista_autobus_fb.png\",\"width\":836,\"height\":227,\"caption\":\"Revista AutoBus\"},\"image\":{\"@id\":\"https:\/\/revistaautobus.com.br\/#\/schema\/logo\/image\/\"},\"sameAs\":[\"https:\/\/www.facebook.com\/antonio.ferro.3150\",\"https:\/\/www.instagram.com\/revistaautobus\/\"]},{\"@type\":\"Person\",\"@id\":\"https:\/\/revistaautobus.com.br\/#\/schema\/person\/54af7c3eb83a310e42ef686ef6d16f50\",\"name\":\"Antonio Ferro\",\"image\":{\"@type\":\"ImageObject\",\"inLanguage\":\"pt-BR\",\"@id\":\"https:\/\/revistaautobus.com.br\/wp-content\/uploads\/2025\/12\/editor_antonio_ferro-150x150.jpg\",\"url\":\"https:\/\/revistaautobus.com.br\/wp-content\/uploads\/2025\/12\/editor_antonio_ferro-150x150.jpg\",\"contentUrl\":\"https:\/\/revistaautobus.com.br\/wp-content\/uploads\/2025\/12\/editor_antonio_ferro-150x150.jpg\",\"caption\":\"Antonio Ferro\"},\"description\":\"infobus@uol.com.br\",\"url\":\"https:\/\/revistaautobus.com.br\/?author=2\"}]}<\/script>\n<!-- \/ Yoast SEO plugin. -->","yoast_head_json":{"title":"As implica\u00e7\u00f5es da gratuidade de bens privados na economia \u2013 O caso do transporte p\u00fablico - Revista AutoBus","robots":{"index":"index","follow":"follow","max-snippet":"max-snippet:-1","max-image-preview":"max-image-preview:large","max-video-preview":"max-video-preview:-1"},"canonical":"https:\/\/revistaautobus.com.br\/?p=11085","og_locale":"pt_BR","og_type":"article","og_title":"As implica\u00e7\u00f5es da gratuidade de bens privados na economia \u2013 O caso do transporte p\u00fablico - Revista AutoBus","og_description":"O problema do c\u00e1lculo econ\u00f4mico se torna particularmente evidente quando a gratuidade \u00e9 estendida a bens que envolvem custos significativos de produ\u00e7\u00e3o","og_url":"https:\/\/revistaautobus.com.br\/?p=11085","og_site_name":"Revista AutoBus","article_publisher":"https:\/\/www.facebook.com\/antonio.ferro.3150","article_published_time":"2024-01-22T13:01:27+00:00","og_image":[{"width":719,"height":679,"url":"https:\/\/revistaautobus.com.br\/wp-content\/uploads\/2024\/01\/IMG-20240119-WA0011.jpg","type":"image\/jpeg"}],"author":"Antonio Ferro","twitter_card":"summary_large_image","twitter_misc":{"Escrito por":"Antonio Ferro","Est. tempo de leitura":"12 minutos"},"schema":{"@context":"https:\/\/schema.org","@graph":[{"@type":"Article","@id":"https:\/\/revistaautobus.com.br\/?p=11085#article","isPartOf":{"@id":"https:\/\/revistaautobus.com.br\/?p=11085"},"author":{"name":"Antonio Ferro","@id":"https:\/\/revistaautobus.com.br\/#\/schema\/person\/54af7c3eb83a310e42ef686ef6d16f50"},"headline":"As implica\u00e7\u00f5es da gratuidade de bens privados na economia \u2013 O caso do transporte p\u00fablico","datePublished":"2024-01-22T13:01:27+00:00","mainEntityOfPage":{"@id":"https:\/\/revistaautobus.com.br\/?p=11085"},"wordCount":2427,"commentCount":0,"publisher":{"@id":"https:\/\/revistaautobus.com.br\/#organization"},"image":{"@id":"https:\/\/revistaautobus.com.br\/?p=11085#primaryimage"},"thumbnailUrl":"https:\/\/revistaautobus.com.br\/wp-content\/uploads\/2024\/01\/IMG-20240119-WA0011.jpg","keywords":["Tarifa zero"],"articleSection":["Conex\u00e3o Mobilidade","Opini\u00e3o","Ponto de Vista"],"inLanguage":"pt-BR","potentialAction":[{"@type":"CommentAction","name":"Comment","target":["https:\/\/revistaautobus.com.br\/?p=11085#respond"]}]},{"@type":"WebPage","@id":"https:\/\/revistaautobus.com.br\/?p=11085","url":"https:\/\/revistaautobus.com.br\/?p=11085","name":"As implica\u00e7\u00f5es da gratuidade de bens privados na economia \u2013 O caso do transporte p\u00fablico - Revista AutoBus","isPartOf":{"@id":"https:\/\/revistaautobus.com.br\/#website"},"primaryImageOfPage":{"@id":"https:\/\/revistaautobus.com.br\/?p=11085#primaryimage"},"image":{"@id":"https:\/\/revistaautobus.com.br\/?p=11085#primaryimage"},"thumbnailUrl":"https:\/\/revistaautobus.com.br\/wp-content\/uploads\/2024\/01\/IMG-20240119-WA0011.jpg","datePublished":"2024-01-22T13:01:27+00:00","breadcrumb":{"@id":"https:\/\/revistaautobus.com.br\/?p=11085#breadcrumb"},"inLanguage":"pt-BR","potentialAction":[{"@type":"ReadAction","target":["https:\/\/revistaautobus.com.br\/?p=11085"]}]},{"@type":"ImageObject","inLanguage":"pt-BR","@id":"https:\/\/revistaautobus.com.br\/?p=11085#primaryimage","url":"https:\/\/revistaautobus.com.br\/wp-content\/uploads\/2024\/01\/IMG-20240119-WA0011.jpg","contentUrl":"https:\/\/revistaautobus.com.br\/wp-content\/uploads\/2024\/01\/IMG-20240119-WA0011.jpg","width":719,"height":679},{"@type":"BreadcrumbList","@id":"https:\/\/revistaautobus.com.br\/?p=11085#breadcrumb","itemListElement":[{"@type":"ListItem","position":1,"name":"In\u00edcio","item":"https:\/\/revistaautobus.com.br\/"},{"@type":"ListItem","position":2,"name":"As implica\u00e7\u00f5es da gratuidade de bens privados na economia \u2013 O caso do transporte p\u00fablico"}]},{"@type":"WebSite","@id":"https:\/\/revistaautobus.com.br\/#website","url":"https:\/\/revistaautobus.com.br\/","name":"Revista AutoBus","description":"","publisher":{"@id":"https:\/\/revistaautobus.com.br\/#organization"},"potentialAction":[{"@type":"SearchAction","target":{"@type":"EntryPoint","urlTemplate":"https:\/\/revistaautobus.com.br\/?s={search_term_string}"},"query-input":{"@type":"PropertyValueSpecification","valueRequired":true,"valueName":"search_term_string"}}],"inLanguage":"pt-BR"},{"@type":"Organization","@id":"https:\/\/revistaautobus.com.br\/#organization","name":"Revista AutoBus","url":"https:\/\/revistaautobus.com.br\/","logo":{"@type":"ImageObject","inLanguage":"pt-BR","@id":"https:\/\/revistaautobus.com.br\/#\/schema\/logo\/image\/","url":"https:\/\/revistaautobus.com.br\/wp-content\/uploads\/2024\/11\/logo_revista_autobus_fb.png","contentUrl":"https:\/\/revistaautobus.com.br\/wp-content\/uploads\/2024\/11\/logo_revista_autobus_fb.png","width":836,"height":227,"caption":"Revista AutoBus"},"image":{"@id":"https:\/\/revistaautobus.com.br\/#\/schema\/logo\/image\/"},"sameAs":["https:\/\/www.facebook.com\/antonio.ferro.3150","https:\/\/www.instagram.com\/revistaautobus\/"]},{"@type":"Person","@id":"https:\/\/revistaautobus.com.br\/#\/schema\/person\/54af7c3eb83a310e42ef686ef6d16f50","name":"Antonio Ferro","image":{"@type":"ImageObject","inLanguage":"pt-BR","@id":"https:\/\/revistaautobus.com.br\/wp-content\/uploads\/2025\/12\/editor_antonio_ferro-150x150.jpg","url":"https:\/\/revistaautobus.com.br\/wp-content\/uploads\/2025\/12\/editor_antonio_ferro-150x150.jpg","contentUrl":"https:\/\/revistaautobus.com.br\/wp-content\/uploads\/2025\/12\/editor_antonio_ferro-150x150.jpg","caption":"Antonio Ferro"},"description":"infobus@uol.com.br","url":"https:\/\/revistaautobus.com.br\/?author=2"}]}},"jetpack_featured_media_url":"https:\/\/revistaautobus.com.br\/wp-content\/uploads\/2024\/01\/IMG-20240119-WA0011.jpg","jetpack_sharing_enabled":true,"_links":{"self":[{"href":"https:\/\/revistaautobus.com.br\/index.php?rest_route=\/wp\/v2\/posts\/11085","targetHints":{"allow":["GET"]}}],"collection":[{"href":"https:\/\/revistaautobus.com.br\/index.php?rest_route=\/wp\/v2\/posts"}],"about":[{"href":"https:\/\/revistaautobus.com.br\/index.php?rest_route=\/wp\/v2\/types\/post"}],"author":[{"embeddable":true,"href":"https:\/\/revistaautobus.com.br\/index.php?rest_route=\/wp\/v2\/users\/2"}],"replies":[{"embeddable":true,"href":"https:\/\/revistaautobus.com.br\/index.php?rest_route=%2Fwp%2Fv2%2Fcomments&post=11085"}],"version-history":[{"count":3,"href":"https:\/\/revistaautobus.com.br\/index.php?rest_route=\/wp\/v2\/posts\/11085\/revisions"}],"predecessor-version":[{"id":11089,"href":"https:\/\/revistaautobus.com.br\/index.php?rest_route=\/wp\/v2\/posts\/11085\/revisions\/11089"}],"wp:featuredmedia":[{"embeddable":true,"href":"https:\/\/revistaautobus.com.br\/index.php?rest_route=\/wp\/v2\/media\/11086"}],"wp:attachment":[{"href":"https:\/\/revistaautobus.com.br\/index.php?rest_route=%2Fwp%2Fv2%2Fmedia&parent=11085"}],"wp:term":[{"taxonomy":"category","embeddable":true,"href":"https:\/\/revistaautobus.com.br\/index.php?rest_route=%2Fwp%2Fv2%2Fcategories&post=11085"},{"taxonomy":"post_tag","embeddable":true,"href":"https:\/\/revistaautobus.com.br\/index.php?rest_route=%2Fwp%2Fv2%2Ftags&post=11085"}],"curies":[{"name":"wp","href":"https:\/\/api.w.org\/{rel}","templated":true}]}}