{"id":11090,"date":"2024-01-23T14:11:19","date_gmt":"2024-01-23T17:11:19","guid":{"rendered":"https:\/\/revistaautobus.com.br\/?p=11090"},"modified":"2024-01-23T14:11:19","modified_gmt":"2024-01-23T17:11:19","slug":"caio-e-parceira-no-premio-fetpesp-de-comunicacao","status":"publish","type":"post","link":"https:\/\/revistaautobus.com.br\/?p=11090","title":{"rendered":"Caio \u00e9 parceira no Pr\u00eamio Fetpesp de Comunica\u00e7\u00e3o"},"content":{"rendered":"<p>A Caio \u00e9 apoiadora da primeira edi\u00e7\u00e3o do \u201cPr\u00eamio FETPESP de Comunica\u00e7\u00e3o \u2013 Movendo Ideias, Celebrando Talentos!\u201d, que tem como objetivo reconhecer e premiar trabalhos jornal\u00edsticos e de comunica\u00e7\u00e3o que contribuam significativamente para o avan\u00e7o, promo\u00e7\u00e3o e valoriza\u00e7\u00e3o do setor de transportes de passageiros no estado de S\u00e3o Paulo. A a\u00e7\u00e3o foi lan\u00e7ada em janeiro de 2024, a fim de contribuir com o aprimoramento do setor, promovendo a inova\u00e7\u00e3o, acessibilidade, sustentabilidade e o senso de comunidade.<br \/>\nOs trabalhos inscritos ser\u00e3o avaliados por um j\u00fari composto por profissionais de reconhecida compet\u00eancia e expertise em comunica\u00e7\u00e3o e jornalismo na \u00e1rea de transportes de passageiros.<br \/>\nOs interessados em concorrer ao pr\u00eamio devem realizar a inscri\u00e7\u00e3o, gratuitamente, por meio do preenchimento de um formul\u00e1rio online disponibilizado no site oficial do pr\u00eamio, at\u00e9 o dia 10 de abril de 2024. No ato da inscri\u00e7\u00e3o, os participantes devem fornecer informa\u00e7\u00f5es pessoais, incluindo nome, endere\u00e7o, telefone, e-mail, al\u00e9m de dados sobre a veicula\u00e7\u00e3o do trabalho jornal\u00edstico ou de comunica\u00e7\u00e3o, como o ve\u00edculo de comunica\u00e7\u00e3o, a data de publica\u00e7\u00e3o ou veicula\u00e7\u00e3o, e o link ou arquivo do trabalho. Cada participante pode inscrever at\u00e9 dois trabalhos por categoria, podendo participar de at\u00e9 tr\u00eas categorias distintas.<br \/>\nPara mais informa\u00e7\u00f5es, acesse https:\/\/premiofetpesp.org.br<\/p>\n","protected":false},"excerpt":{"rendered":"<p>Fabricante paulista de carro\u00e7arias para \u00f4nibus acredita no bom relacionamento entres operadoras, m\u00eddias e p\u00fablico<\/p>\n","protected":false},"author":2,"featured_media":11091,"comment_status":"open","ping_status":"open","sticky":false,"template":"","format":"standard","meta":{"_et_pb_use_builder":"","_et_pb_old_content":"","_et_gb_content_width":"","_jetpack_memberships_contains_paid_content":false,"footnotes":""},"categories":[90],"tags":[83,692],"class_list":["post-11090","post","type-post","status-publish","format-standard","has-post-thumbnail","hentry","category-noticias","tag-caio","tag-premio-de-comunicacao-fetpesp","et-has-post-format-content","et_post_format-et-post-format-standard"],"yoast_head":"<!-- This site is optimized with the Yoast SEO plugin v27.2 - https:\/\/yoast.com\/product\/yoast-seo-wordpress\/ -->\n<title>Caio \u00e9 parceira no Pr\u00eamio Fetpesp de Comunica\u00e7\u00e3o - Revista AutoBus<\/title>\n<meta name=\"robots\" content=\"index, follow, max-snippet:-1, max-image-preview:large, max-video-preview:-1\" \/>\n<link rel=\"canonical\" href=\"https:\/\/revistaautobus.com.br\/?p=11090\" \/>\n<meta property=\"og:locale\" content=\"pt_BR\" \/>\n<meta property=\"og:type\" content=\"article\" \/>\n<meta property=\"og:title\" content=\"Caio \u00e9 parceira no Pr\u00eamio Fetpesp de Comunica\u00e7\u00e3o - Revista AutoBus\" \/>\n<meta property=\"og:description\" content=\"Fabricante paulista de carro\u00e7arias para \u00f4nibus acredita no bom relacionamento entres operadoras, m\u00eddias e p\u00fablico\" \/>\n<meta property=\"og:url\" content=\"https:\/\/revistaautobus.com.br\/?p=11090\" \/>\n<meta property=\"og:site_name\" content=\"Revista AutoBus\" \/>\n<meta property=\"article:publisher\" content=\"https:\/\/www.facebook.com\/antonio.ferro.3150\" \/>\n<meta property=\"article:published_time\" content=\"2024-01-23T17:11:19+00:00\" \/>\n<meta property=\"og:image\" content=\"https:\/\/revistaautobus.com.br\/wp-content\/uploads\/2024\/01\/Apoio-ao-Premio-Fetpesp-de-Comunicacao.png\" \/>\n\t<meta property=\"og:image:width\" content=\"350\" \/>\n\t<meta property=\"og:image:height\" content=\"350\" \/>\n\t<meta property=\"og:image:type\" content=\"image\/png\" \/>\n<meta name=\"author\" content=\"Antonio Ferro\" \/>\n<meta name=\"twitter:card\" content=\"summary_large_image\" \/>\n<meta name=\"twitter:label1\" content=\"Escrito por\" \/>\n\t<meta name=\"twitter:data1\" content=\"Antonio Ferro\" \/>\n\t<meta name=\"twitter:label2\" content=\"Est. tempo de leitura\" \/>\n\t<meta name=\"twitter:data2\" content=\"1 minuto\" \/>\n<script type=\"application\/ld+json\" class=\"yoast-schema-graph\">{\"@context\":\"https:\/\/schema.org\",\"@graph\":[{\"@type\":\"Article\",\"@id\":\"https:\/\/revistaautobus.com.br\/?p=11090#article\",\"isPartOf\":{\"@id\":\"https:\/\/revistaautobus.com.br\/?p=11090\"},\"author\":{\"name\":\"Antonio Ferro\",\"@id\":\"https:\/\/revistaautobus.com.br\/#\/schema\/person\/54af7c3eb83a310e42ef686ef6d16f50\"},\"headline\":\"Caio \u00e9 parceira no Pr\u00eamio Fetpesp de Comunica\u00e7\u00e3o\",\"datePublished\":\"2024-01-23T17:11:19+00:00\",\"mainEntityOfPage\":{\"@id\":\"https:\/\/revistaautobus.com.br\/?p=11090\"},\"wordCount\":241,\"commentCount\":0,\"publisher\":{\"@id\":\"https:\/\/revistaautobus.com.br\/#organization\"},\"image\":{\"@id\":\"https:\/\/revistaautobus.com.br\/?p=11090#primaryimage\"},\"thumbnailUrl\":\"https:\/\/revistaautobus.com.br\/wp-content\/uploads\/2024\/01\/Apoio-ao-Premio-Fetpesp-de-Comunicacao.png\",\"keywords\":[\"Caio\",\"Pr\u00eamio de Comunica\u00e7\u00e3o Fetpesp\"],\"articleSection\":[\"Not\u00edcias\"],\"inLanguage\":\"pt-BR\",\"potentialAction\":[{\"@type\":\"CommentAction\",\"name\":\"Comment\",\"target\":[\"https:\/\/revistaautobus.com.br\/?p=11090#respond\"]}]},{\"@type\":\"WebPage\",\"@id\":\"https:\/\/revistaautobus.com.br\/?p=11090\",\"url\":\"https:\/\/revistaautobus.com.br\/?p=11090\",\"name\":\"Caio \u00e9 parceira no Pr\u00eamio Fetpesp de Comunica\u00e7\u00e3o - Revista AutoBus\",\"isPartOf\":{\"@id\":\"https:\/\/revistaautobus.com.br\/#website\"},\"primaryImageOfPage\":{\"@id\":\"https:\/\/revistaautobus.com.br\/?p=11090#primaryimage\"},\"image\":{\"@id\":\"https:\/\/revistaautobus.com.br\/?p=11090#primaryimage\"},\"thumbnailUrl\":\"https:\/\/revistaautobus.com.br\/wp-content\/uploads\/2024\/01\/Apoio-ao-Premio-Fetpesp-de-Comunicacao.png\",\"datePublished\":\"2024-01-23T17:11:19+00:00\",\"breadcrumb\":{\"@id\":\"https:\/\/revistaautobus.com.br\/?p=11090#breadcrumb\"},\"inLanguage\":\"pt-BR\",\"potentialAction\":[{\"@type\":\"ReadAction\",\"target\":[\"https:\/\/revistaautobus.com.br\/?p=11090\"]}]},{\"@type\":\"ImageObject\",\"inLanguage\":\"pt-BR\",\"@id\":\"https:\/\/revistaautobus.com.br\/?p=11090#primaryimage\",\"url\":\"https:\/\/revistaautobus.com.br\/wp-content\/uploads\/2024\/01\/Apoio-ao-Premio-Fetpesp-de-Comunicacao.png\",\"contentUrl\":\"https:\/\/revistaautobus.com.br\/wp-content\/uploads\/2024\/01\/Apoio-ao-Premio-Fetpesp-de-Comunicacao.png\",\"width\":350,\"height\":350},{\"@type\":\"BreadcrumbList\",\"@id\":\"https:\/\/revistaautobus.com.br\/?p=11090#breadcrumb\",\"itemListElement\":[{\"@type\":\"ListItem\",\"position\":1,\"name\":\"In\u00edcio\",\"item\":\"https:\/\/revistaautobus.com.br\/\"},{\"@type\":\"ListItem\",\"position\":2,\"name\":\"Caio \u00e9 parceira no Pr\u00eamio Fetpesp de Comunica\u00e7\u00e3o\"}]},{\"@type\":\"WebSite\",\"@id\":\"https:\/\/revistaautobus.com.br\/#website\",\"url\":\"https:\/\/revistaautobus.com.br\/\",\"name\":\"Revista AutoBus\",\"description\":\"\",\"publisher\":{\"@id\":\"https:\/\/revistaautobus.com.br\/#organization\"},\"potentialAction\":[{\"@type\":\"SearchAction\",\"target\":{\"@type\":\"EntryPoint\",\"urlTemplate\":\"https:\/\/revistaautobus.com.br\/?s={search_term_string}\"},\"query-input\":{\"@type\":\"PropertyValueSpecification\",\"valueRequired\":true,\"valueName\":\"search_term_string\"}}],\"inLanguage\":\"pt-BR\"},{\"@type\":\"Organization\",\"@id\":\"https:\/\/revistaautobus.com.br\/#organization\",\"name\":\"Revista AutoBus\",\"url\":\"https:\/\/revistaautobus.com.br\/\",\"logo\":{\"@type\":\"ImageObject\",\"inLanguage\":\"pt-BR\",\"@id\":\"https:\/\/revistaautobus.com.br\/#\/schema\/logo\/image\/\",\"url\":\"https:\/\/revistaautobus.com.br\/wp-content\/uploads\/2024\/11\/logo_revista_autobus_fb.png\",\"contentUrl\":\"https:\/\/revistaautobus.com.br\/wp-content\/uploads\/2024\/11\/logo_revista_autobus_fb.png\",\"width\":836,\"height\":227,\"caption\":\"Revista AutoBus\"},\"image\":{\"@id\":\"https:\/\/revistaautobus.com.br\/#\/schema\/logo\/image\/\"},\"sameAs\":[\"https:\/\/www.facebook.com\/antonio.ferro.3150\",\"https:\/\/www.instagram.com\/revistaautobus\/\"]},{\"@type\":\"Person\",\"@id\":\"https:\/\/revistaautobus.com.br\/#\/schema\/person\/54af7c3eb83a310e42ef686ef6d16f50\",\"name\":\"Antonio Ferro\",\"image\":{\"@type\":\"ImageObject\",\"inLanguage\":\"pt-BR\",\"@id\":\"https:\/\/revistaautobus.com.br\/wp-content\/uploads\/2025\/12\/editor_antonio_ferro-150x150.jpg\",\"url\":\"https:\/\/revistaautobus.com.br\/wp-content\/uploads\/2025\/12\/editor_antonio_ferro-150x150.jpg\",\"contentUrl\":\"https:\/\/revistaautobus.com.br\/wp-content\/uploads\/2025\/12\/editor_antonio_ferro-150x150.jpg\",\"caption\":\"Antonio Ferro\"},\"description\":\"infobus@uol.com.br\",\"url\":\"https:\/\/revistaautobus.com.br\/?author=2\"}]}<\/script>\n<!-- \/ Yoast SEO plugin. -->","yoast_head_json":{"title":"Caio \u00e9 parceira no Pr\u00eamio Fetpesp de Comunica\u00e7\u00e3o - Revista AutoBus","robots":{"index":"index","follow":"follow","max-snippet":"max-snippet:-1","max-image-preview":"max-image-preview:large","max-video-preview":"max-video-preview:-1"},"canonical":"https:\/\/revistaautobus.com.br\/?p=11090","og_locale":"pt_BR","og_type":"article","og_title":"Caio \u00e9 parceira no Pr\u00eamio Fetpesp de Comunica\u00e7\u00e3o - Revista AutoBus","og_description":"Fabricante paulista de carro\u00e7arias para \u00f4nibus acredita no bom relacionamento entres operadoras, m\u00eddias e p\u00fablico","og_url":"https:\/\/revistaautobus.com.br\/?p=11090","og_site_name":"Revista AutoBus","article_publisher":"https:\/\/www.facebook.com\/antonio.ferro.3150","article_published_time":"2024-01-23T17:11:19+00:00","og_image":[{"width":350,"height":350,"url":"https:\/\/revistaautobus.com.br\/wp-content\/uploads\/2024\/01\/Apoio-ao-Premio-Fetpesp-de-Comunicacao.png","type":"image\/png"}],"author":"Antonio Ferro","twitter_card":"summary_large_image","twitter_misc":{"Escrito por":"Antonio Ferro","Est. tempo de leitura":"1 minuto"},"schema":{"@context":"https:\/\/schema.org","@graph":[{"@type":"Article","@id":"https:\/\/revistaautobus.com.br\/?p=11090#article","isPartOf":{"@id":"https:\/\/revistaautobus.com.br\/?p=11090"},"author":{"name":"Antonio Ferro","@id":"https:\/\/revistaautobus.com.br\/#\/schema\/person\/54af7c3eb83a310e42ef686ef6d16f50"},"headline":"Caio \u00e9 parceira no Pr\u00eamio Fetpesp de Comunica\u00e7\u00e3o","datePublished":"2024-01-23T17:11:19+00:00","mainEntityOfPage":{"@id":"https:\/\/revistaautobus.com.br\/?p=11090"},"wordCount":241,"commentCount":0,"publisher":{"@id":"https:\/\/revistaautobus.com.br\/#organization"},"image":{"@id":"https:\/\/revistaautobus.com.br\/?p=11090#primaryimage"},"thumbnailUrl":"https:\/\/revistaautobus.com.br\/wp-content\/uploads\/2024\/01\/Apoio-ao-Premio-Fetpesp-de-Comunicacao.png","keywords":["Caio","Pr\u00eamio de Comunica\u00e7\u00e3o Fetpesp"],"articleSection":["Not\u00edcias"],"inLanguage":"pt-BR","potentialAction":[{"@type":"CommentAction","name":"Comment","target":["https:\/\/revistaautobus.com.br\/?p=11090#respond"]}]},{"@type":"WebPage","@id":"https:\/\/revistaautobus.com.br\/?p=11090","url":"https:\/\/revistaautobus.com.br\/?p=11090","name":"Caio \u00e9 parceira no Pr\u00eamio Fetpesp de Comunica\u00e7\u00e3o - Revista AutoBus","isPartOf":{"@id":"https:\/\/revistaautobus.com.br\/#website"},"primaryImageOfPage":{"@id":"https:\/\/revistaautobus.com.br\/?p=11090#primaryimage"},"image":{"@id":"https:\/\/revistaautobus.com.br\/?p=11090#primaryimage"},"thumbnailUrl":"https:\/\/revistaautobus.com.br\/wp-content\/uploads\/2024\/01\/Apoio-ao-Premio-Fetpesp-de-Comunicacao.png","datePublished":"2024-01-23T17:11:19+00:00","breadcrumb":{"@id":"https:\/\/revistaautobus.com.br\/?p=11090#breadcrumb"},"inLanguage":"pt-BR","potentialAction":[{"@type":"ReadAction","target":["https:\/\/revistaautobus.com.br\/?p=11090"]}]},{"@type":"ImageObject","inLanguage":"pt-BR","@id":"https:\/\/revistaautobus.com.br\/?p=11090#primaryimage","url":"https:\/\/revistaautobus.com.br\/wp-content\/uploads\/2024\/01\/Apoio-ao-Premio-Fetpesp-de-Comunicacao.png","contentUrl":"https:\/\/revistaautobus.com.br\/wp-content\/uploads\/2024\/01\/Apoio-ao-Premio-Fetpesp-de-Comunicacao.png","width":350,"height":350},{"@type":"BreadcrumbList","@id":"https:\/\/revistaautobus.com.br\/?p=11090#breadcrumb","itemListElement":[{"@type":"ListItem","position":1,"name":"In\u00edcio","item":"https:\/\/revistaautobus.com.br\/"},{"@type":"ListItem","position":2,"name":"Caio \u00e9 parceira no Pr\u00eamio Fetpesp de Comunica\u00e7\u00e3o"}]},{"@type":"WebSite","@id":"https:\/\/revistaautobus.com.br\/#website","url":"https:\/\/revistaautobus.com.br\/","name":"Revista AutoBus","description":"","publisher":{"@id":"https:\/\/revistaautobus.com.br\/#organization"},"potentialAction":[{"@type":"SearchAction","target":{"@type":"EntryPoint","urlTemplate":"https:\/\/revistaautobus.com.br\/?s={search_term_string}"},"query-input":{"@type":"PropertyValueSpecification","valueRequired":true,"valueName":"search_term_string"}}],"inLanguage":"pt-BR"},{"@type":"Organization","@id":"https:\/\/revistaautobus.com.br\/#organization","name":"Revista AutoBus","url":"https:\/\/revistaautobus.com.br\/","logo":{"@type":"ImageObject","inLanguage":"pt-BR","@id":"https:\/\/revistaautobus.com.br\/#\/schema\/logo\/image\/","url":"https:\/\/revistaautobus.com.br\/wp-content\/uploads\/2024\/11\/logo_revista_autobus_fb.png","contentUrl":"https:\/\/revistaautobus.com.br\/wp-content\/uploads\/2024\/11\/logo_revista_autobus_fb.png","width":836,"height":227,"caption":"Revista AutoBus"},"image":{"@id":"https:\/\/revistaautobus.com.br\/#\/schema\/logo\/image\/"},"sameAs":["https:\/\/www.facebook.com\/antonio.ferro.3150","https:\/\/www.instagram.com\/revistaautobus\/"]},{"@type":"Person","@id":"https:\/\/revistaautobus.com.br\/#\/schema\/person\/54af7c3eb83a310e42ef686ef6d16f50","name":"Antonio Ferro","image":{"@type":"ImageObject","inLanguage":"pt-BR","@id":"https:\/\/revistaautobus.com.br\/wp-content\/uploads\/2025\/12\/editor_antonio_ferro-150x150.jpg","url":"https:\/\/revistaautobus.com.br\/wp-content\/uploads\/2025\/12\/editor_antonio_ferro-150x150.jpg","contentUrl":"https:\/\/revistaautobus.com.br\/wp-content\/uploads\/2025\/12\/editor_antonio_ferro-150x150.jpg","caption":"Antonio Ferro"},"description":"infobus@uol.com.br","url":"https:\/\/revistaautobus.com.br\/?author=2"}]}},"jetpack_featured_media_url":"https:\/\/revistaautobus.com.br\/wp-content\/uploads\/2024\/01\/Apoio-ao-Premio-Fetpesp-de-Comunicacao.png","jetpack_sharing_enabled":true,"_links":{"self":[{"href":"https:\/\/revistaautobus.com.br\/index.php?rest_route=\/wp\/v2\/posts\/11090","targetHints":{"allow":["GET"]}}],"collection":[{"href":"https:\/\/revistaautobus.com.br\/index.php?rest_route=\/wp\/v2\/posts"}],"about":[{"href":"https:\/\/revistaautobus.com.br\/index.php?rest_route=\/wp\/v2\/types\/post"}],"author":[{"embeddable":true,"href":"https:\/\/revistaautobus.com.br\/index.php?rest_route=\/wp\/v2\/users\/2"}],"replies":[{"embeddable":true,"href":"https:\/\/revistaautobus.com.br\/index.php?rest_route=%2Fwp%2Fv2%2Fcomments&post=11090"}],"version-history":[{"count":3,"href":"https:\/\/revistaautobus.com.br\/index.php?rest_route=\/wp\/v2\/posts\/11090\/revisions"}],"predecessor-version":[{"id":11094,"href":"https:\/\/revistaautobus.com.br\/index.php?rest_route=\/wp\/v2\/posts\/11090\/revisions\/11094"}],"wp:featuredmedia":[{"embeddable":true,"href":"https:\/\/revistaautobus.com.br\/index.php?rest_route=\/wp\/v2\/media\/11091"}],"wp:attachment":[{"href":"https:\/\/revistaautobus.com.br\/index.php?rest_route=%2Fwp%2Fv2%2Fmedia&parent=11090"}],"wp:term":[{"taxonomy":"category","embeddable":true,"href":"https:\/\/revistaautobus.com.br\/index.php?rest_route=%2Fwp%2Fv2%2Fcategories&post=11090"},{"taxonomy":"post_tag","embeddable":true,"href":"https:\/\/revistaautobus.com.br\/index.php?rest_route=%2Fwp%2Fv2%2Ftags&post=11090"}],"curies":[{"name":"wp","href":"https:\/\/api.w.org\/{rel}","templated":true}]}}