{"id":11113,"date":"2024-01-26T08:07:08","date_gmt":"2024-01-26T11:07:08","guid":{"rendered":"https:\/\/revistaautobus.com.br\/?p=11113"},"modified":"2024-01-26T08:12:50","modified_gmt":"2024-01-26T11:12:50","slug":"apesar-do-pouco-crescimento-mercado-de-carrocarias-tem-o-que-comemorar","status":"publish","type":"post","link":"https:\/\/revistaautobus.com.br\/?p=11113","title":{"rendered":"Apesar do pouco crescimento, mercado de carro\u00e7arias tem o que comemorar"},"content":{"rendered":"<p>A produ\u00e7\u00e3o de carro\u00e7arias para \u00f4nibus no Brasil, em 2023, teve um pequeno acr\u00e9scimo em rela\u00e7\u00e3o ao ano anterior. De acordo com a Fabus, entidade representativa das fabricantes nacionais de carro\u00e7arias, o total produzido foi de 19.612 unidades, crescimento de 2,4% em rela\u00e7\u00e3o a 2022, quando foram fabricadas 19.151. Por\u00e9m, mesmo com o mercado ainda se ressentindo da pandemia e da virada tecnol\u00f3gica dos motores Euro V para Euro VI, o que impactou de forma expressiva nos custos de aquisi\u00e7\u00e3o de novos \u00f4nibus, o pequeno aumento representa alento no segmento fabril.<\/p>\n<p>Ruben Bisi, presidente da Fabus, disse que, apesar do menor crescimento da produ\u00e7\u00e3o, h\u00e1 muita esperan\u00e7a para este ano em atingir uma porcentagem maior em virtude das futuras aquisi\u00e7\u00f5es do programa Caminho da Escola e do PAC que poder\u00e1 impactar nos novos neg\u00f3cios, principalmente para o transporte urbano. \u201cEstamos esperan\u00e7osos que haver\u00e1 um crescimento de 20% em 2024, muito em fun\u00e7\u00e3o dos \u00f4nibus escolares e urbanos. Temos uma demanda reprimida, principalmente, quanto aos neg\u00f3cios visando o transporte urbano\u201d, explicou.<\/p>\n<p>Do total, o mercado interno absorveu 17.023 carro\u00e7arias, crescimento de 9,5% sobre 2022. O transporte urbano teve um aumento, nas aquisi\u00e7\u00f5es de novos \u00f4nibus, de 28,5%, enquanto as opera\u00e7\u00f5es rodovi\u00e1rias um acr\u00e9scimo de 16%. Foram produzidas 10.516 carro\u00e7arias urbanas; 5.595 rodovi\u00e1rias e 3.405 unidades para micro-\u00f4nibus.<\/p>\n<p>Dentre as fabricantes, a Marcopolo e suas subsidiadas somaram 8.419 unidades, seguidas pela marca Caio, com 5.788 carro\u00e7aras, Mascarello com 2.675, Comil com 1.389 carro\u00e7arias, Busscar 714 unidades e Irizar 627 unidades.<\/p>\n<p>Para 2024, Bisi comentou que h\u00e1 pontos positivos e negativos a serem analisados. Em termos de motiva\u00e7\u00e3o de neg\u00f3cios, o executivo citou o PAC 3, o Caminho da Escola e o subs\u00eddio promovido pelas prefeituras quanto ao est\u00edmulo e manuten\u00e7\u00e3o do transporte coletivo urbano. J\u00e1, pelo lado negativo, ele comentou que as guerras em curso na Ucr\u00e2nia e, tamb\u00e9m, no Oriente M\u00e9dio, podem afetar e promover uma infla\u00e7\u00e3o sobre os materiais e insumos relacionados com a ind\u00fastria. \u201cOs custos tendem a subir, o que podem impactar nos neg\u00f3cios futuros. Contudo, temos uma expectativa favor\u00e1vel de crescimento. Dentre os segmentos, o transporte rodovi\u00e1rio poder\u00e1 se destacar em virtude de diversos fatores que podem ser positivos, como o aumento das viagens e o fato dos altos custos das tarifas a\u00e9reas\u201d, observou.<\/p>\n<div id=\"attachment_11116\" style=\"width: 868px\" class=\"wp-caption aligncenter\"><img loading=\"lazy\" decoding=\"async\" aria-describedby=\"caption-attachment-11116\" class=\"wp-image-11116 size-large\" src=\"https:\/\/revistaautobus.com.br\/wp-content\/uploads\/2024\/01\/Ruben-Bisi-3-FABUS-1-858x1024.jpg\" alt=\"\" width=\"858\" height=\"1024\" srcset=\"https:\/\/revistaautobus.com.br\/wp-content\/uploads\/2024\/01\/Ruben-Bisi-3-FABUS-1-858x1024.jpg 858w, https:\/\/revistaautobus.com.br\/wp-content\/uploads\/2024\/01\/Ruben-Bisi-3-FABUS-1-251x300.jpg 251w, https:\/\/revistaautobus.com.br\/wp-content\/uploads\/2024\/01\/Ruben-Bisi-3-FABUS-1-768x916.jpg 768w, https:\/\/revistaautobus.com.br\/wp-content\/uploads\/2024\/01\/Ruben-Bisi-3-FABUS-1.jpg 1000w\" sizes=\"(max-width: 858px) 100vw, 858px\" \/><p id=\"caption-attachment-11116\" class=\"wp-caption-text\"><span style=\"color: #666699;\"><em><strong>Ruben Bisi, presidente da Fabus<\/strong><\/em><\/span><\/p><\/div>\n<p>E quanto a mudan\u00e7a de tecnologia dos motores Euro V para Euro VI, acontecida no ano passado? Bisi disse que o impacto do pre\u00e7o nessa transi\u00e7\u00e3o freou as aquisi\u00e7\u00f5es de novos \u00f4nibus. Por\u00e9m, apesar de serem mais caros, os propulsores Euro VI s\u00e3o mais econ\u00f4micos. \u201cA redu\u00e7\u00e3o do consumo de combust\u00edvel pode variar entre 3 e 12%, dependendo do modelo e do tipo de opera\u00e7\u00e3o. Isso \u00e9 ponto favor\u00e1vel que compensar\u00e1 o pre\u00e7o mais alto de aquisi\u00e7\u00e3o\u201d.<\/p>\n<p>Sobre tra\u00e7\u00e3o alternativa para os \u00f4nibus em termos de eletrifica\u00e7\u00e3o, g\u00e1s natural ou outros biocombust\u00edveis, o presidente da Fabus disse que h\u00e1 muitos fatores que precisam ser avaliados quanto \u00e0s modalidades limpas. \u201cOs \u00f4nibus el\u00e9tricos a baterias apresentam vantagens no custo operacional e na redu\u00e7\u00e3o da polui\u00e7\u00e3o. Mas, ainda s\u00e3o caros, n\u00e3o representando ser modelos para qualquer cidade. Quanto ao modelo a g\u00e1s natural ou biometano, seu custo de aquisi\u00e7\u00e3o e operacional continua mais alto em compara\u00e7\u00e3o aos ve\u00edculos a diesel. Relacionado \u00e0 biocombust\u00edvel, o HVO n\u00e3o tem produ\u00e7\u00e3o local, o que, ainda, deve demorar para isso acontecer aqui. O processo de descarboniza\u00e7\u00e3o no transporte coletivo levar\u00e1 em considera\u00e7\u00e3o o que o mercado demandar\u00e1, cada qual com decis\u00f5es mais ajustadas \u00e0s tecnologias\u201d, ressaltou Bisi.<\/p>\n<p>Referente a mobilidade urbana em grandes cidades brasileiras, o executivo contou que o Minist\u00e9rio das Cidades encomendou, junto ao BNDES, um estudo para implantar sistemas que priorizem, por meio de corredores segregados e vias exclusivas, os servi\u00e7os de \u00f4nibus urbanos, utilizando ve\u00edculos de maior porte. \u201c\u00c9 preciso haver melhorias na mobilidade urbana, por meio da prioriza\u00e7\u00e3o dos sistemas de \u00f4nibus, com linhas troncais e alimentadoras. O Governo precisa financiar a infraestrutura que d\u00ea velocidade ao modal, at\u00e9 porque, n\u00e3o adianta querer tarifa zero ou mesmo eletrifica\u00e7\u00e3o dos ve\u00edculos se n\u00e3o houver prioridade para o transporte coletivo\u201d, afirmou Bisi.<\/p>\n<p>Imagens &#8211; Divulga\u00e7\u00e3o Busscar e Fabus<\/p>\n","protected":false},"excerpt":{"rendered":"<p>Do total licenciado, o mercado interno absorveu 17.023 carro\u00e7arias, crescimento de 9,5% sobre 2022<\/p>\n","protected":false},"author":2,"featured_media":11114,"comment_status":"open","ping_status":"open","sticky":false,"template":"","format":"standard","meta":{"_et_pb_use_builder":"","_et_pb_old_content":"","_et_gb_content_width":"","_jetpack_memberships_contains_paid_content":false,"footnotes":""},"categories":[55,90],"tags":[695,696],"class_list":["post-11113","post","type-post","status-publish","format-standard","has-post-thumbnail","hentry","category-encarrocadora","category-noticias","tag-fabus","tag-ruben-bisi","et-has-post-format-content","et_post_format-et-post-format-standard"],"yoast_head":"<!-- This site is optimized with the Yoast SEO plugin v27.2 - https:\/\/yoast.com\/product\/yoast-seo-wordpress\/ -->\n<title>Apesar do pouco crescimento, mercado de carro\u00e7arias tem o que comemorar - Revista AutoBus<\/title>\n<meta name=\"robots\" content=\"index, follow, max-snippet:-1, max-image-preview:large, max-video-preview:-1\" \/>\n<link rel=\"canonical\" href=\"https:\/\/revistaautobus.com.br\/?p=11113\" \/>\n<meta property=\"og:locale\" content=\"pt_BR\" \/>\n<meta property=\"og:type\" content=\"article\" \/>\n<meta property=\"og:title\" content=\"Apesar do pouco crescimento, mercado de carro\u00e7arias tem o que comemorar - Revista AutoBus\" \/>\n<meta property=\"og:description\" content=\"Do total licenciado, o mercado interno absorveu 17.023 carro\u00e7arias, crescimento de 9,5% sobre 2022\" \/>\n<meta property=\"og:url\" content=\"https:\/\/revistaautobus.com.br\/?p=11113\" \/>\n<meta property=\"og:site_name\" content=\"Revista AutoBus\" \/>\n<meta property=\"article:publisher\" content=\"https:\/\/www.facebook.com\/antonio.ferro.3150\" \/>\n<meta property=\"article:published_time\" content=\"2024-01-26T11:07:08+00:00\" \/>\n<meta property=\"article:modified_time\" content=\"2024-01-26T11:12:50+00:00\" \/>\n<meta property=\"og:image\" content=\"https:\/\/revistaautobus.com.br\/wp-content\/uploads\/2024\/01\/DSC_0686.jpg\" \/>\n\t<meta property=\"og:image:width\" content=\"1024\" \/>\n\t<meta property=\"og:image:height\" content=\"682\" \/>\n\t<meta property=\"og:image:type\" content=\"image\/jpeg\" \/>\n<meta name=\"author\" content=\"Antonio Ferro\" \/>\n<meta name=\"twitter:card\" content=\"summary_large_image\" \/>\n<meta name=\"twitter:label1\" content=\"Escrito por\" \/>\n\t<meta name=\"twitter:data1\" content=\"Antonio Ferro\" \/>\n\t<meta name=\"twitter:label2\" content=\"Est. tempo de leitura\" \/>\n\t<meta name=\"twitter:data2\" content=\"4 minutos\" \/>\n<script type=\"application\/ld+json\" class=\"yoast-schema-graph\">{\"@context\":\"https:\/\/schema.org\",\"@graph\":[{\"@type\":\"Article\",\"@id\":\"https:\/\/revistaautobus.com.br\/?p=11113#article\",\"isPartOf\":{\"@id\":\"https:\/\/revistaautobus.com.br\/?p=11113\"},\"author\":{\"name\":\"Antonio Ferro\",\"@id\":\"https:\/\/revistaautobus.com.br\/#\/schema\/person\/54af7c3eb83a310e42ef686ef6d16f50\"},\"headline\":\"Apesar do pouco crescimento, mercado de carro\u00e7arias tem o que comemorar\",\"datePublished\":\"2024-01-26T11:07:08+00:00\",\"dateModified\":\"2024-01-26T11:12:50+00:00\",\"mainEntityOfPage\":{\"@id\":\"https:\/\/revistaautobus.com.br\/?p=11113\"},\"wordCount\":759,\"commentCount\":0,\"publisher\":{\"@id\":\"https:\/\/revistaautobus.com.br\/#organization\"},\"image\":{\"@id\":\"https:\/\/revistaautobus.com.br\/?p=11113#primaryimage\"},\"thumbnailUrl\":\"https:\/\/revistaautobus.com.br\/wp-content\/uploads\/2024\/01\/DSC_0686.jpg\",\"keywords\":[\"Fabus\",\"Ruben Bisi\"],\"articleSection\":[\"Encarro\u00e7adora\",\"Not\u00edcias\"],\"inLanguage\":\"pt-BR\",\"potentialAction\":[{\"@type\":\"CommentAction\",\"name\":\"Comment\",\"target\":[\"https:\/\/revistaautobus.com.br\/?p=11113#respond\"]}]},{\"@type\":\"WebPage\",\"@id\":\"https:\/\/revistaautobus.com.br\/?p=11113\",\"url\":\"https:\/\/revistaautobus.com.br\/?p=11113\",\"name\":\"Apesar do pouco crescimento, mercado de carro\u00e7arias tem o que comemorar - Revista AutoBus\",\"isPartOf\":{\"@id\":\"https:\/\/revistaautobus.com.br\/#website\"},\"primaryImageOfPage\":{\"@id\":\"https:\/\/revistaautobus.com.br\/?p=11113#primaryimage\"},\"image\":{\"@id\":\"https:\/\/revistaautobus.com.br\/?p=11113#primaryimage\"},\"thumbnailUrl\":\"https:\/\/revistaautobus.com.br\/wp-content\/uploads\/2024\/01\/DSC_0686.jpg\",\"datePublished\":\"2024-01-26T11:07:08+00:00\",\"dateModified\":\"2024-01-26T11:12:50+00:00\",\"breadcrumb\":{\"@id\":\"https:\/\/revistaautobus.com.br\/?p=11113#breadcrumb\"},\"inLanguage\":\"pt-BR\",\"potentialAction\":[{\"@type\":\"ReadAction\",\"target\":[\"https:\/\/revistaautobus.com.br\/?p=11113\"]}]},{\"@type\":\"ImageObject\",\"inLanguage\":\"pt-BR\",\"@id\":\"https:\/\/revistaautobus.com.br\/?p=11113#primaryimage\",\"url\":\"https:\/\/revistaautobus.com.br\/wp-content\/uploads\/2024\/01\/DSC_0686.jpg\",\"contentUrl\":\"https:\/\/revistaautobus.com.br\/wp-content\/uploads\/2024\/01\/DSC_0686.jpg\",\"width\":1024,\"height\":682},{\"@type\":\"BreadcrumbList\",\"@id\":\"https:\/\/revistaautobus.com.br\/?p=11113#breadcrumb\",\"itemListElement\":[{\"@type\":\"ListItem\",\"position\":1,\"name\":\"In\u00edcio\",\"item\":\"https:\/\/revistaautobus.com.br\/\"},{\"@type\":\"ListItem\",\"position\":2,\"name\":\"Apesar do pouco crescimento, mercado de carro\u00e7arias tem o que comemorar\"}]},{\"@type\":\"WebSite\",\"@id\":\"https:\/\/revistaautobus.com.br\/#website\",\"url\":\"https:\/\/revistaautobus.com.br\/\",\"name\":\"Revista AutoBus\",\"description\":\"\",\"publisher\":{\"@id\":\"https:\/\/revistaautobus.com.br\/#organization\"},\"potentialAction\":[{\"@type\":\"SearchAction\",\"target\":{\"@type\":\"EntryPoint\",\"urlTemplate\":\"https:\/\/revistaautobus.com.br\/?s={search_term_string}\"},\"query-input\":{\"@type\":\"PropertyValueSpecification\",\"valueRequired\":true,\"valueName\":\"search_term_string\"}}],\"inLanguage\":\"pt-BR\"},{\"@type\":\"Organization\",\"@id\":\"https:\/\/revistaautobus.com.br\/#organization\",\"name\":\"Revista AutoBus\",\"url\":\"https:\/\/revistaautobus.com.br\/\",\"logo\":{\"@type\":\"ImageObject\",\"inLanguage\":\"pt-BR\",\"@id\":\"https:\/\/revistaautobus.com.br\/#\/schema\/logo\/image\/\",\"url\":\"https:\/\/revistaautobus.com.br\/wp-content\/uploads\/2024\/11\/logo_revista_autobus_fb.png\",\"contentUrl\":\"https:\/\/revistaautobus.com.br\/wp-content\/uploads\/2024\/11\/logo_revista_autobus_fb.png\",\"width\":836,\"height\":227,\"caption\":\"Revista AutoBus\"},\"image\":{\"@id\":\"https:\/\/revistaautobus.com.br\/#\/schema\/logo\/image\/\"},\"sameAs\":[\"https:\/\/www.facebook.com\/antonio.ferro.3150\",\"https:\/\/www.instagram.com\/revistaautobus\/\"]},{\"@type\":\"Person\",\"@id\":\"https:\/\/revistaautobus.com.br\/#\/schema\/person\/54af7c3eb83a310e42ef686ef6d16f50\",\"name\":\"Antonio Ferro\",\"image\":{\"@type\":\"ImageObject\",\"inLanguage\":\"pt-BR\",\"@id\":\"https:\/\/revistaautobus.com.br\/wp-content\/uploads\/2025\/12\/editor_antonio_ferro-150x150.jpg\",\"url\":\"https:\/\/revistaautobus.com.br\/wp-content\/uploads\/2025\/12\/editor_antonio_ferro-150x150.jpg\",\"contentUrl\":\"https:\/\/revistaautobus.com.br\/wp-content\/uploads\/2025\/12\/editor_antonio_ferro-150x150.jpg\",\"caption\":\"Antonio Ferro\"},\"description\":\"infobus@uol.com.br\",\"url\":\"https:\/\/revistaautobus.com.br\/?author=2\"}]}<\/script>\n<!-- \/ Yoast SEO plugin. -->","yoast_head_json":{"title":"Apesar do pouco crescimento, mercado de carro\u00e7arias tem o que comemorar - Revista AutoBus","robots":{"index":"index","follow":"follow","max-snippet":"max-snippet:-1","max-image-preview":"max-image-preview:large","max-video-preview":"max-video-preview:-1"},"canonical":"https:\/\/revistaautobus.com.br\/?p=11113","og_locale":"pt_BR","og_type":"article","og_title":"Apesar do pouco crescimento, mercado de carro\u00e7arias tem o que comemorar - Revista AutoBus","og_description":"Do total licenciado, o mercado interno absorveu 17.023 carro\u00e7arias, crescimento de 9,5% sobre 2022","og_url":"https:\/\/revistaautobus.com.br\/?p=11113","og_site_name":"Revista AutoBus","article_publisher":"https:\/\/www.facebook.com\/antonio.ferro.3150","article_published_time":"2024-01-26T11:07:08+00:00","article_modified_time":"2024-01-26T11:12:50+00:00","og_image":[{"width":1024,"height":682,"url":"https:\/\/revistaautobus.com.br\/wp-content\/uploads\/2024\/01\/DSC_0686.jpg","type":"image\/jpeg"}],"author":"Antonio Ferro","twitter_card":"summary_large_image","twitter_misc":{"Escrito por":"Antonio Ferro","Est. tempo de leitura":"4 minutos"},"schema":{"@context":"https:\/\/schema.org","@graph":[{"@type":"Article","@id":"https:\/\/revistaautobus.com.br\/?p=11113#article","isPartOf":{"@id":"https:\/\/revistaautobus.com.br\/?p=11113"},"author":{"name":"Antonio Ferro","@id":"https:\/\/revistaautobus.com.br\/#\/schema\/person\/54af7c3eb83a310e42ef686ef6d16f50"},"headline":"Apesar do pouco crescimento, mercado de carro\u00e7arias tem o que comemorar","datePublished":"2024-01-26T11:07:08+00:00","dateModified":"2024-01-26T11:12:50+00:00","mainEntityOfPage":{"@id":"https:\/\/revistaautobus.com.br\/?p=11113"},"wordCount":759,"commentCount":0,"publisher":{"@id":"https:\/\/revistaautobus.com.br\/#organization"},"image":{"@id":"https:\/\/revistaautobus.com.br\/?p=11113#primaryimage"},"thumbnailUrl":"https:\/\/revistaautobus.com.br\/wp-content\/uploads\/2024\/01\/DSC_0686.jpg","keywords":["Fabus","Ruben Bisi"],"articleSection":["Encarro\u00e7adora","Not\u00edcias"],"inLanguage":"pt-BR","potentialAction":[{"@type":"CommentAction","name":"Comment","target":["https:\/\/revistaautobus.com.br\/?p=11113#respond"]}]},{"@type":"WebPage","@id":"https:\/\/revistaautobus.com.br\/?p=11113","url":"https:\/\/revistaautobus.com.br\/?p=11113","name":"Apesar do pouco crescimento, mercado de carro\u00e7arias tem o que comemorar - Revista AutoBus","isPartOf":{"@id":"https:\/\/revistaautobus.com.br\/#website"},"primaryImageOfPage":{"@id":"https:\/\/revistaautobus.com.br\/?p=11113#primaryimage"},"image":{"@id":"https:\/\/revistaautobus.com.br\/?p=11113#primaryimage"},"thumbnailUrl":"https:\/\/revistaautobus.com.br\/wp-content\/uploads\/2024\/01\/DSC_0686.jpg","datePublished":"2024-01-26T11:07:08+00:00","dateModified":"2024-01-26T11:12:50+00:00","breadcrumb":{"@id":"https:\/\/revistaautobus.com.br\/?p=11113#breadcrumb"},"inLanguage":"pt-BR","potentialAction":[{"@type":"ReadAction","target":["https:\/\/revistaautobus.com.br\/?p=11113"]}]},{"@type":"ImageObject","inLanguage":"pt-BR","@id":"https:\/\/revistaautobus.com.br\/?p=11113#primaryimage","url":"https:\/\/revistaautobus.com.br\/wp-content\/uploads\/2024\/01\/DSC_0686.jpg","contentUrl":"https:\/\/revistaautobus.com.br\/wp-content\/uploads\/2024\/01\/DSC_0686.jpg","width":1024,"height":682},{"@type":"BreadcrumbList","@id":"https:\/\/revistaautobus.com.br\/?p=11113#breadcrumb","itemListElement":[{"@type":"ListItem","position":1,"name":"In\u00edcio","item":"https:\/\/revistaautobus.com.br\/"},{"@type":"ListItem","position":2,"name":"Apesar do pouco crescimento, mercado de carro\u00e7arias tem o que comemorar"}]},{"@type":"WebSite","@id":"https:\/\/revistaautobus.com.br\/#website","url":"https:\/\/revistaautobus.com.br\/","name":"Revista AutoBus","description":"","publisher":{"@id":"https:\/\/revistaautobus.com.br\/#organization"},"potentialAction":[{"@type":"SearchAction","target":{"@type":"EntryPoint","urlTemplate":"https:\/\/revistaautobus.com.br\/?s={search_term_string}"},"query-input":{"@type":"PropertyValueSpecification","valueRequired":true,"valueName":"search_term_string"}}],"inLanguage":"pt-BR"},{"@type":"Organization","@id":"https:\/\/revistaautobus.com.br\/#organization","name":"Revista AutoBus","url":"https:\/\/revistaautobus.com.br\/","logo":{"@type":"ImageObject","inLanguage":"pt-BR","@id":"https:\/\/revistaautobus.com.br\/#\/schema\/logo\/image\/","url":"https:\/\/revistaautobus.com.br\/wp-content\/uploads\/2024\/11\/logo_revista_autobus_fb.png","contentUrl":"https:\/\/revistaautobus.com.br\/wp-content\/uploads\/2024\/11\/logo_revista_autobus_fb.png","width":836,"height":227,"caption":"Revista AutoBus"},"image":{"@id":"https:\/\/revistaautobus.com.br\/#\/schema\/logo\/image\/"},"sameAs":["https:\/\/www.facebook.com\/antonio.ferro.3150","https:\/\/www.instagram.com\/revistaautobus\/"]},{"@type":"Person","@id":"https:\/\/revistaautobus.com.br\/#\/schema\/person\/54af7c3eb83a310e42ef686ef6d16f50","name":"Antonio Ferro","image":{"@type":"ImageObject","inLanguage":"pt-BR","@id":"https:\/\/revistaautobus.com.br\/wp-content\/uploads\/2025\/12\/editor_antonio_ferro-150x150.jpg","url":"https:\/\/revistaautobus.com.br\/wp-content\/uploads\/2025\/12\/editor_antonio_ferro-150x150.jpg","contentUrl":"https:\/\/revistaautobus.com.br\/wp-content\/uploads\/2025\/12\/editor_antonio_ferro-150x150.jpg","caption":"Antonio Ferro"},"description":"infobus@uol.com.br","url":"https:\/\/revistaautobus.com.br\/?author=2"}]}},"jetpack_featured_media_url":"https:\/\/revistaautobus.com.br\/wp-content\/uploads\/2024\/01\/DSC_0686.jpg","jetpack_sharing_enabled":true,"_links":{"self":[{"href":"https:\/\/revistaautobus.com.br\/index.php?rest_route=\/wp\/v2\/posts\/11113","targetHints":{"allow":["GET"]}}],"collection":[{"href":"https:\/\/revistaautobus.com.br\/index.php?rest_route=\/wp\/v2\/posts"}],"about":[{"href":"https:\/\/revistaautobus.com.br\/index.php?rest_route=\/wp\/v2\/types\/post"}],"author":[{"embeddable":true,"href":"https:\/\/revistaautobus.com.br\/index.php?rest_route=\/wp\/v2\/users\/2"}],"replies":[{"embeddable":true,"href":"https:\/\/revistaautobus.com.br\/index.php?rest_route=%2Fwp%2Fv2%2Fcomments&post=11113"}],"version-history":[{"count":4,"href":"https:\/\/revistaautobus.com.br\/index.php?rest_route=\/wp\/v2\/posts\/11113\/revisions"}],"predecessor-version":[{"id":11126,"href":"https:\/\/revistaautobus.com.br\/index.php?rest_route=\/wp\/v2\/posts\/11113\/revisions\/11126"}],"wp:featuredmedia":[{"embeddable":true,"href":"https:\/\/revistaautobus.com.br\/index.php?rest_route=\/wp\/v2\/media\/11114"}],"wp:attachment":[{"href":"https:\/\/revistaautobus.com.br\/index.php?rest_route=%2Fwp%2Fv2%2Fmedia&parent=11113"}],"wp:term":[{"taxonomy":"category","embeddable":true,"href":"https:\/\/revistaautobus.com.br\/index.php?rest_route=%2Fwp%2Fv2%2Fcategories&post=11113"},{"taxonomy":"post_tag","embeddable":true,"href":"https:\/\/revistaautobus.com.br\/index.php?rest_route=%2Fwp%2Fv2%2Ftags&post=11113"}],"curies":[{"name":"wp","href":"https:\/\/api.w.org\/{rel}","templated":true}]}}