{"id":11149,"date":"2024-02-05T09:19:53","date_gmt":"2024-02-05T12:19:53","guid":{"rendered":"https:\/\/revistaautobus.com.br\/?p=11149"},"modified":"2024-02-05T09:19:53","modified_gmt":"2024-02-05T12:19:53","slug":"solaris-se-destaca-no-mercado-do-hidrogenio","status":"publish","type":"post","link":"https:\/\/revistaautobus.com.br\/?p=11149","title":{"rendered":"Solaris se destaca no mercado do hidrog\u00eanio"},"content":{"rendered":"<p>O modelo de \u00f4nibus urbano Urbino, equipado com c\u00e9lulas de combust\u00edvel, vem conquistando cada vez mais clientes no mercado europeu de transporte coletivo. Desenvolvido pela fabricante Solaris Bus &amp; Coach, foi apresentado em 2019, o modelo \u00e9 o respons\u00e1vel por colocar a marca na lideran\u00e7a da tecnologia do hidrog\u00eanio no transporte p\u00fablico. At\u00e9 agora, a Solaris entregou quase 200 ve\u00edculos com a tecnologia e, est\u00e1 trabalhando, na conclus\u00e3o dos pedidos de pelo menos mais 500 ve\u00edculos a hidrog\u00eanio, sendo que essa vers\u00e3o responde por uma participa\u00e7\u00e3o cada vez mais significativa no mix de produ\u00e7\u00e3o da empresa.<\/p>\n<p>Reconhecendo que esse mercado ser\u00e1 cont\u00ednuo e vendo um n\u00famero crescente de encomendas, a Solaris tem refor\u00e7ado a sua \u00e1rea comercial e de produ\u00e7\u00e3o, sendo que, um dos mais recentes projetos relacionados ao hidrog\u00eanio \u00e9 a constru\u00e7\u00e3o de seu <em>Hydrogen Hall<\/em>, que proporcionar\u00e1 uma parte da sua linha de produ\u00e7\u00e3o em \u00e1rea dedicada e exclusiva aos ve\u00edculos movidos por hidrog\u00eanio.<\/p>\n<p>Clientes da Alemanha, \u00c1ustria, Eslov\u00e1quia, Espanha, Fran\u00e7a, Holanda, It\u00e1lia, Pol\u00f4nia, Su\u00e9cia e Su\u00ed\u00e7a t\u00eam feitos importantes pedidos para a marca polonesa. Em 2022, 99 \u00f4nibus a hidrog\u00eanio foram registrados na Europa. Embora os dados de comercializa\u00e7\u00e3o em 2023 ainda n\u00e3o tenham sido revelados, nos tr\u00eas primeiros trimestres do ano passado 137 \u00f4nibus com c\u00e9lulas a combust\u00edvel ganharam as ruas europeias.<\/p>\n<p>De acordo com a Solaris, espera-se que o mercado de \u00f4nibus com emiss\u00e3o zero cres\u00e7a nos pr\u00f3ximos anos na Europa, pois os pa\u00edses t\u00eam metas ambiciosas de redu\u00e7\u00e3o da polui\u00e7\u00e3o e os \u00f4nibus a hidrog\u00eanio s\u00e3o considerados uma solu\u00e7\u00e3o vi\u00e1vel para ajudar a cumprir esses objetivos e melhorar a qualidade do ar em \u00e1reas urbanas.<\/p>\n<p>Imagem &#8211; Divulga\u00e7\u00e3o<\/p>\n","protected":false},"excerpt":{"rendered":"<p>Fabricante polonesa de \u00f4nibus ganha experi\u00eancia quando se trata da implanta\u00e7\u00e3o da tecnologia das c\u00e9lulas a combust\u00edvel no campo do transporte p\u00fablico. Sua carteira de clientes tem 40 operadores, de 10 pa\u00edses europeus, que j\u00e1 assinaram contratos e fizeram pedidos para mais de 700 ve\u00edculos<\/p>\n","protected":false},"author":2,"featured_media":11150,"comment_status":"open","ping_status":"open","sticky":false,"template":"","format":"standard","meta":{"_et_pb_use_builder":"","_et_pb_old_content":"","_et_gb_content_width":"","_jetpack_memberships_contains_paid_content":false,"footnotes":""},"categories":[557,562,53],"tags":[132],"class_list":["post-11149","post","type-post","status-publish","format-standard","has-post-thumbnail","hentry","category-celulas-a-combustivel","category-eletrificacao","category-internacional","tag-solaris-bus-coach","et-has-post-format-content","et_post_format-et-post-format-standard"],"yoast_head":"<!-- This site is optimized with the Yoast SEO plugin v27.2 - https:\/\/yoast.com\/product\/yoast-seo-wordpress\/ -->\n<title>Solaris se destaca no mercado do hidrog\u00eanio - Revista AutoBus<\/title>\n<meta name=\"robots\" content=\"index, follow, max-snippet:-1, max-image-preview:large, max-video-preview:-1\" \/>\n<link rel=\"canonical\" href=\"https:\/\/revistaautobus.com.br\/?p=11149\" \/>\n<meta property=\"og:locale\" content=\"pt_BR\" \/>\n<meta property=\"og:type\" content=\"article\" \/>\n<meta property=\"og:title\" content=\"Solaris se destaca no mercado do hidrog\u00eanio - Revista AutoBus\" \/>\n<meta property=\"og:description\" content=\"Fabricante polonesa de \u00f4nibus ganha experi\u00eancia quando se trata da implanta\u00e7\u00e3o da tecnologia das c\u00e9lulas a combust\u00edvel no campo do transporte p\u00fablico. Sua carteira de clientes tem 40 operadores, de 10 pa\u00edses europeus, que j\u00e1 assinaram contratos e fizeram pedidos para mais de 700 ve\u00edculos\" \/>\n<meta property=\"og:url\" content=\"https:\/\/revistaautobus.com.br\/?p=11149\" \/>\n<meta property=\"og:site_name\" content=\"Revista AutoBus\" \/>\n<meta property=\"article:publisher\" content=\"https:\/\/www.facebook.com\/antonio.ferro.3150\" \/>\n<meta property=\"article:published_time\" content=\"2024-02-05T12:19:53+00:00\" \/>\n<meta property=\"og:image\" content=\"https:\/\/revistaautobus.com.br\/wp-content\/uploads\/2024\/02\/6_Urbino_12_hydrogen_Lucerne.jpg\" \/>\n\t<meta property=\"og:image:width\" content=\"1000\" \/>\n\t<meta property=\"og:image:height\" content=\"666\" \/>\n\t<meta property=\"og:image:type\" content=\"image\/jpeg\" \/>\n<meta name=\"author\" content=\"Antonio Ferro\" \/>\n<meta name=\"twitter:card\" content=\"summary_large_image\" \/>\n<meta name=\"twitter:label1\" content=\"Escrito por\" \/>\n\t<meta name=\"twitter:data1\" content=\"Antonio Ferro\" \/>\n\t<meta name=\"twitter:label2\" content=\"Est. tempo de leitura\" \/>\n\t<meta name=\"twitter:data2\" content=\"2 minutos\" \/>\n<script type=\"application\/ld+json\" class=\"yoast-schema-graph\">{\"@context\":\"https:\/\/schema.org\",\"@graph\":[{\"@type\":\"Article\",\"@id\":\"https:\/\/revistaautobus.com.br\/?p=11149#article\",\"isPartOf\":{\"@id\":\"https:\/\/revistaautobus.com.br\/?p=11149\"},\"author\":{\"name\":\"Antonio Ferro\",\"@id\":\"https:\/\/revistaautobus.com.br\/#\/schema\/person\/54af7c3eb83a310e42ef686ef6d16f50\"},\"headline\":\"Solaris se destaca no mercado do hidrog\u00eanio\",\"datePublished\":\"2024-02-05T12:19:53+00:00\",\"mainEntityOfPage\":{\"@id\":\"https:\/\/revistaautobus.com.br\/?p=11149\"},\"wordCount\":320,\"commentCount\":0,\"publisher\":{\"@id\":\"https:\/\/revistaautobus.com.br\/#organization\"},\"image\":{\"@id\":\"https:\/\/revistaautobus.com.br\/?p=11149#primaryimage\"},\"thumbnailUrl\":\"https:\/\/revistaautobus.com.br\/wp-content\/uploads\/2024\/02\/6_Urbino_12_hydrogen_Lucerne.jpg\",\"keywords\":[\"Solaris Bus &amp; Coach\"],\"articleSection\":[\"C\u00e9lulas a combust\u00edvel\",\"Eletrifica\u00e7\u00e3o\",\"Internacional\"],\"inLanguage\":\"pt-BR\",\"potentialAction\":[{\"@type\":\"CommentAction\",\"name\":\"Comment\",\"target\":[\"https:\/\/revistaautobus.com.br\/?p=11149#respond\"]}]},{\"@type\":\"WebPage\",\"@id\":\"https:\/\/revistaautobus.com.br\/?p=11149\",\"url\":\"https:\/\/revistaautobus.com.br\/?p=11149\",\"name\":\"Solaris se destaca no mercado do hidrog\u00eanio - Revista AutoBus\",\"isPartOf\":{\"@id\":\"https:\/\/revistaautobus.com.br\/#website\"},\"primaryImageOfPage\":{\"@id\":\"https:\/\/revistaautobus.com.br\/?p=11149#primaryimage\"},\"image\":{\"@id\":\"https:\/\/revistaautobus.com.br\/?p=11149#primaryimage\"},\"thumbnailUrl\":\"https:\/\/revistaautobus.com.br\/wp-content\/uploads\/2024\/02\/6_Urbino_12_hydrogen_Lucerne.jpg\",\"datePublished\":\"2024-02-05T12:19:53+00:00\",\"breadcrumb\":{\"@id\":\"https:\/\/revistaautobus.com.br\/?p=11149#breadcrumb\"},\"inLanguage\":\"pt-BR\",\"potentialAction\":[{\"@type\":\"ReadAction\",\"target\":[\"https:\/\/revistaautobus.com.br\/?p=11149\"]}]},{\"@type\":\"ImageObject\",\"inLanguage\":\"pt-BR\",\"@id\":\"https:\/\/revistaautobus.com.br\/?p=11149#primaryimage\",\"url\":\"https:\/\/revistaautobus.com.br\/wp-content\/uploads\/2024\/02\/6_Urbino_12_hydrogen_Lucerne.jpg\",\"contentUrl\":\"https:\/\/revistaautobus.com.br\/wp-content\/uploads\/2024\/02\/6_Urbino_12_hydrogen_Lucerne.jpg\",\"width\":1000,\"height\":666,\"caption\":\"Fotografia reklamowa Lukasz Bera\"},{\"@type\":\"BreadcrumbList\",\"@id\":\"https:\/\/revistaautobus.com.br\/?p=11149#breadcrumb\",\"itemListElement\":[{\"@type\":\"ListItem\",\"position\":1,\"name\":\"In\u00edcio\",\"item\":\"https:\/\/revistaautobus.com.br\/\"},{\"@type\":\"ListItem\",\"position\":2,\"name\":\"Solaris se destaca no mercado do hidrog\u00eanio\"}]},{\"@type\":\"WebSite\",\"@id\":\"https:\/\/revistaautobus.com.br\/#website\",\"url\":\"https:\/\/revistaautobus.com.br\/\",\"name\":\"Revista AutoBus\",\"description\":\"\",\"publisher\":{\"@id\":\"https:\/\/revistaautobus.com.br\/#organization\"},\"potentialAction\":[{\"@type\":\"SearchAction\",\"target\":{\"@type\":\"EntryPoint\",\"urlTemplate\":\"https:\/\/revistaautobus.com.br\/?s={search_term_string}\"},\"query-input\":{\"@type\":\"PropertyValueSpecification\",\"valueRequired\":true,\"valueName\":\"search_term_string\"}}],\"inLanguage\":\"pt-BR\"},{\"@type\":\"Organization\",\"@id\":\"https:\/\/revistaautobus.com.br\/#organization\",\"name\":\"Revista AutoBus\",\"url\":\"https:\/\/revistaautobus.com.br\/\",\"logo\":{\"@type\":\"ImageObject\",\"inLanguage\":\"pt-BR\",\"@id\":\"https:\/\/revistaautobus.com.br\/#\/schema\/logo\/image\/\",\"url\":\"https:\/\/revistaautobus.com.br\/wp-content\/uploads\/2024\/11\/logo_revista_autobus_fb.png\",\"contentUrl\":\"https:\/\/revistaautobus.com.br\/wp-content\/uploads\/2024\/11\/logo_revista_autobus_fb.png\",\"width\":836,\"height\":227,\"caption\":\"Revista AutoBus\"},\"image\":{\"@id\":\"https:\/\/revistaautobus.com.br\/#\/schema\/logo\/image\/\"},\"sameAs\":[\"https:\/\/www.facebook.com\/antonio.ferro.3150\",\"https:\/\/www.instagram.com\/revistaautobus\/\"]},{\"@type\":\"Person\",\"@id\":\"https:\/\/revistaautobus.com.br\/#\/schema\/person\/54af7c3eb83a310e42ef686ef6d16f50\",\"name\":\"Antonio Ferro\",\"image\":{\"@type\":\"ImageObject\",\"inLanguage\":\"pt-BR\",\"@id\":\"https:\/\/revistaautobus.com.br\/wp-content\/uploads\/2025\/12\/editor_antonio_ferro-150x150.jpg\",\"url\":\"https:\/\/revistaautobus.com.br\/wp-content\/uploads\/2025\/12\/editor_antonio_ferro-150x150.jpg\",\"contentUrl\":\"https:\/\/revistaautobus.com.br\/wp-content\/uploads\/2025\/12\/editor_antonio_ferro-150x150.jpg\",\"caption\":\"Antonio Ferro\"},\"description\":\"infobus@uol.com.br\",\"url\":\"https:\/\/revistaautobus.com.br\/?author=2\"}]}<\/script>\n<!-- \/ Yoast SEO plugin. -->","yoast_head_json":{"title":"Solaris se destaca no mercado do hidrog\u00eanio - Revista AutoBus","robots":{"index":"index","follow":"follow","max-snippet":"max-snippet:-1","max-image-preview":"max-image-preview:large","max-video-preview":"max-video-preview:-1"},"canonical":"https:\/\/revistaautobus.com.br\/?p=11149","og_locale":"pt_BR","og_type":"article","og_title":"Solaris se destaca no mercado do hidrog\u00eanio - Revista AutoBus","og_description":"Fabricante polonesa de \u00f4nibus ganha experi\u00eancia quando se trata da implanta\u00e7\u00e3o da tecnologia das c\u00e9lulas a combust\u00edvel no campo do transporte p\u00fablico. Sua carteira de clientes tem 40 operadores, de 10 pa\u00edses europeus, que j\u00e1 assinaram contratos e fizeram pedidos para mais de 700 ve\u00edculos","og_url":"https:\/\/revistaautobus.com.br\/?p=11149","og_site_name":"Revista AutoBus","article_publisher":"https:\/\/www.facebook.com\/antonio.ferro.3150","article_published_time":"2024-02-05T12:19:53+00:00","og_image":[{"width":1000,"height":666,"url":"https:\/\/revistaautobus.com.br\/wp-content\/uploads\/2024\/02\/6_Urbino_12_hydrogen_Lucerne.jpg","type":"image\/jpeg"}],"author":"Antonio Ferro","twitter_card":"summary_large_image","twitter_misc":{"Escrito por":"Antonio Ferro","Est. tempo de leitura":"2 minutos"},"schema":{"@context":"https:\/\/schema.org","@graph":[{"@type":"Article","@id":"https:\/\/revistaautobus.com.br\/?p=11149#article","isPartOf":{"@id":"https:\/\/revistaautobus.com.br\/?p=11149"},"author":{"name":"Antonio Ferro","@id":"https:\/\/revistaautobus.com.br\/#\/schema\/person\/54af7c3eb83a310e42ef686ef6d16f50"},"headline":"Solaris se destaca no mercado do hidrog\u00eanio","datePublished":"2024-02-05T12:19:53+00:00","mainEntityOfPage":{"@id":"https:\/\/revistaautobus.com.br\/?p=11149"},"wordCount":320,"commentCount":0,"publisher":{"@id":"https:\/\/revistaautobus.com.br\/#organization"},"image":{"@id":"https:\/\/revistaautobus.com.br\/?p=11149#primaryimage"},"thumbnailUrl":"https:\/\/revistaautobus.com.br\/wp-content\/uploads\/2024\/02\/6_Urbino_12_hydrogen_Lucerne.jpg","keywords":["Solaris Bus &amp; Coach"],"articleSection":["C\u00e9lulas a combust\u00edvel","Eletrifica\u00e7\u00e3o","Internacional"],"inLanguage":"pt-BR","potentialAction":[{"@type":"CommentAction","name":"Comment","target":["https:\/\/revistaautobus.com.br\/?p=11149#respond"]}]},{"@type":"WebPage","@id":"https:\/\/revistaautobus.com.br\/?p=11149","url":"https:\/\/revistaautobus.com.br\/?p=11149","name":"Solaris se destaca no mercado do hidrog\u00eanio - Revista AutoBus","isPartOf":{"@id":"https:\/\/revistaautobus.com.br\/#website"},"primaryImageOfPage":{"@id":"https:\/\/revistaautobus.com.br\/?p=11149#primaryimage"},"image":{"@id":"https:\/\/revistaautobus.com.br\/?p=11149#primaryimage"},"thumbnailUrl":"https:\/\/revistaautobus.com.br\/wp-content\/uploads\/2024\/02\/6_Urbino_12_hydrogen_Lucerne.jpg","datePublished":"2024-02-05T12:19:53+00:00","breadcrumb":{"@id":"https:\/\/revistaautobus.com.br\/?p=11149#breadcrumb"},"inLanguage":"pt-BR","potentialAction":[{"@type":"ReadAction","target":["https:\/\/revistaautobus.com.br\/?p=11149"]}]},{"@type":"ImageObject","inLanguage":"pt-BR","@id":"https:\/\/revistaautobus.com.br\/?p=11149#primaryimage","url":"https:\/\/revistaautobus.com.br\/wp-content\/uploads\/2024\/02\/6_Urbino_12_hydrogen_Lucerne.jpg","contentUrl":"https:\/\/revistaautobus.com.br\/wp-content\/uploads\/2024\/02\/6_Urbino_12_hydrogen_Lucerne.jpg","width":1000,"height":666,"caption":"Fotografia reklamowa Lukasz Bera"},{"@type":"BreadcrumbList","@id":"https:\/\/revistaautobus.com.br\/?p=11149#breadcrumb","itemListElement":[{"@type":"ListItem","position":1,"name":"In\u00edcio","item":"https:\/\/revistaautobus.com.br\/"},{"@type":"ListItem","position":2,"name":"Solaris se destaca no mercado do hidrog\u00eanio"}]},{"@type":"WebSite","@id":"https:\/\/revistaautobus.com.br\/#website","url":"https:\/\/revistaautobus.com.br\/","name":"Revista AutoBus","description":"","publisher":{"@id":"https:\/\/revistaautobus.com.br\/#organization"},"potentialAction":[{"@type":"SearchAction","target":{"@type":"EntryPoint","urlTemplate":"https:\/\/revistaautobus.com.br\/?s={search_term_string}"},"query-input":{"@type":"PropertyValueSpecification","valueRequired":true,"valueName":"search_term_string"}}],"inLanguage":"pt-BR"},{"@type":"Organization","@id":"https:\/\/revistaautobus.com.br\/#organization","name":"Revista AutoBus","url":"https:\/\/revistaautobus.com.br\/","logo":{"@type":"ImageObject","inLanguage":"pt-BR","@id":"https:\/\/revistaautobus.com.br\/#\/schema\/logo\/image\/","url":"https:\/\/revistaautobus.com.br\/wp-content\/uploads\/2024\/11\/logo_revista_autobus_fb.png","contentUrl":"https:\/\/revistaautobus.com.br\/wp-content\/uploads\/2024\/11\/logo_revista_autobus_fb.png","width":836,"height":227,"caption":"Revista AutoBus"},"image":{"@id":"https:\/\/revistaautobus.com.br\/#\/schema\/logo\/image\/"},"sameAs":["https:\/\/www.facebook.com\/antonio.ferro.3150","https:\/\/www.instagram.com\/revistaautobus\/"]},{"@type":"Person","@id":"https:\/\/revistaautobus.com.br\/#\/schema\/person\/54af7c3eb83a310e42ef686ef6d16f50","name":"Antonio Ferro","image":{"@type":"ImageObject","inLanguage":"pt-BR","@id":"https:\/\/revistaautobus.com.br\/wp-content\/uploads\/2025\/12\/editor_antonio_ferro-150x150.jpg","url":"https:\/\/revistaautobus.com.br\/wp-content\/uploads\/2025\/12\/editor_antonio_ferro-150x150.jpg","contentUrl":"https:\/\/revistaautobus.com.br\/wp-content\/uploads\/2025\/12\/editor_antonio_ferro-150x150.jpg","caption":"Antonio Ferro"},"description":"infobus@uol.com.br","url":"https:\/\/revistaautobus.com.br\/?author=2"}]}},"jetpack_featured_media_url":"https:\/\/revistaautobus.com.br\/wp-content\/uploads\/2024\/02\/6_Urbino_12_hydrogen_Lucerne.jpg","jetpack_sharing_enabled":true,"_links":{"self":[{"href":"https:\/\/revistaautobus.com.br\/index.php?rest_route=\/wp\/v2\/posts\/11149","targetHints":{"allow":["GET"]}}],"collection":[{"href":"https:\/\/revistaautobus.com.br\/index.php?rest_route=\/wp\/v2\/posts"}],"about":[{"href":"https:\/\/revistaautobus.com.br\/index.php?rest_route=\/wp\/v2\/types\/post"}],"author":[{"embeddable":true,"href":"https:\/\/revistaautobus.com.br\/index.php?rest_route=\/wp\/v2\/users\/2"}],"replies":[{"embeddable":true,"href":"https:\/\/revistaautobus.com.br\/index.php?rest_route=%2Fwp%2Fv2%2Fcomments&post=11149"}],"version-history":[{"count":2,"href":"https:\/\/revistaautobus.com.br\/index.php?rest_route=\/wp\/v2\/posts\/11149\/revisions"}],"predecessor-version":[{"id":11152,"href":"https:\/\/revistaautobus.com.br\/index.php?rest_route=\/wp\/v2\/posts\/11149\/revisions\/11152"}],"wp:featuredmedia":[{"embeddable":true,"href":"https:\/\/revistaautobus.com.br\/index.php?rest_route=\/wp\/v2\/media\/11150"}],"wp:attachment":[{"href":"https:\/\/revistaautobus.com.br\/index.php?rest_route=%2Fwp%2Fv2%2Fmedia&parent=11149"}],"wp:term":[{"taxonomy":"category","embeddable":true,"href":"https:\/\/revistaautobus.com.br\/index.php?rest_route=%2Fwp%2Fv2%2Fcategories&post=11149"},{"taxonomy":"post_tag","embeddable":true,"href":"https:\/\/revistaautobus.com.br\/index.php?rest_route=%2Fwp%2Fv2%2Ftags&post=11149"}],"curies":[{"name":"wp","href":"https:\/\/api.w.org\/{rel}","templated":true}]}}