{"id":11315,"date":"2024-02-26T09:46:20","date_gmt":"2024-02-26T12:46:20","guid":{"rendered":"https:\/\/revistaautobus.com.br\/?p=11315"},"modified":"2024-02-26T09:46:20","modified_gmt":"2024-02-26T12:46:20","slug":"setor-de-transporte-urbano-pede-projeto-de-lei-para-tratar-da-reoneracao-da-folha","status":"publish","type":"post","link":"https:\/\/revistaautobus.com.br\/?p=11315","title":{"rendered":"Setor de transporte urbano pede projeto de lei para tratar da reonera\u00e7\u00e3o da folha"},"content":{"rendered":"<p><span style=\"color: #000080;\"><em><strong>Espa\u00e7o NTU<\/strong><\/em><\/span><\/p>\n<p>A Medida Provis\u00f3ria 1202\/2023, que reonera a folha de pagamento dos 17 setores que mais empregam no pa\u00eds, \u00e9 antidemocr\u00e1tica e inconstitucional, porque confronta vota\u00e7\u00f5es no Congresso Nacional em favor da manuten\u00e7\u00e3o da medida, e contraria a Emenda Constitucional 132\/2023, da Reforma Tribut\u00e1ria, que determina o envio de projeto de lei pelo Executivo para regular a tributa\u00e7\u00e3o da folha salarial. A manuten\u00e7\u00e3o da desonera\u00e7\u00e3o \u00e9 apoiada pela Associa\u00e7\u00e3o Nacional das Empresas de Transportes Urbanos (NTU), entidade que representa nacionalmente as operadoras de \u00f4nibus urbanos, em manifesto conjunto lan\u00e7ado nesta quarta (21), em Bras\u00edlia, pela campanha #DesoneraBrasil. O manifesto pede a retirada da mat\u00e9ria da MP 1202\/2023 e o envio de um projeto de lei para tratar do assunto, conforme determinado na EC 132\/2023.<\/p>\n<p>Para os representantes dos 17 setores, entre eles a NTU, a reonera\u00e7\u00e3o da folha, por meio de medida provis\u00f3ria, \u00e9 um \u201cdesrespeito ao que foi votado em tr\u00eas oportunidades no Congresso Nacional\u201d, em refer\u00eancia \u00e0 aprova\u00e7\u00e3o, pela C\u00e2mara dos Deputados e pelo Senado, do Projeto de Lei 334\/2023, al\u00e9m da derrubada do veto pelo pr\u00f3prio Congresso.<\/p>\n<p>A medida afronta ainda o texto da Reforma Tribut\u00e1ria, que estabelece prazo de 90 dias, a partir da promulga\u00e7\u00e3o da EC 132\/2023, para o envio de projeto de lei para reformar a tributa\u00e7\u00e3o da folha de sal\u00e1rios, medida que pode impactar positivamente todos os setores da economia. \u201cSe temos um dispositivo espec\u00edfico que trata da tributa\u00e7\u00e3o da folha de pagamento dos trabalhadores, na reforma tribut\u00e1ria, por que insistir com uma medida provis\u00f3ria que s\u00f3 compromete o crescimento do pa\u00eds?\u201d, indaga o diretor executivo da NTU, Francisco Christovam.<\/p>\n<p>O \u201cManifesto a Favor da Discuss\u00e3o Democr\u00e1tica da Desonera\u00e7\u00e3o da Folha de Pagamento\u201d aponta ainda que a pol\u00edtica de troca da base de incid\u00eancia tribut\u00e1ria (desonera\u00e7\u00e3o da folha) gerou mais de 215 mil postos de trabalho apenas em 2023.<\/p>\n<p>Com o fim da desonera\u00e7\u00e3o, a NTU calcula que o aumento nos custos totais do setor de transporte p\u00fablico seria de 6,78%, podendo levar, como consequ\u00eancia, a um reajuste m\u00e9dio das tarifas de R\uff04 0,31. Esse custo adicional iria recair, integralmente, sobre os passageiros pagantes do transporte p\u00fablico, afetando principalmente os milh\u00f5es de usu\u00e1rios de menor renda que se deslocam diariamente por meio desse servi\u00e7o.<\/p>\n<p>Imagem &#8211; Divulga\u00e7\u00e3o NTU<\/p>\n","protected":false},"excerpt":{"rendered":"<p>Com o fim da desonera\u00e7\u00e3o, a NTU calcula que o aumento nos custos totais do setor de transporte p\u00fablico seria de 6,78%, podendo levar, como consequ\u00eancia, a um reajuste m\u00e9dio das tarifas de R\uff04 0,31<\/p>\n","protected":false},"author":2,"featured_media":11316,"comment_status":"open","ping_status":"open","sticky":false,"template":"","format":"standard","meta":{"_et_pb_use_builder":"","_et_pb_old_content":"","_et_gb_content_width":"","_jetpack_memberships_contains_paid_content":false,"footnotes":""},"categories":[7,90],"tags":[710,13,709],"class_list":["post-11315","post","type-post","status-publish","format-standard","has-post-thumbnail","hentry","category-mobilidade-urbana","category-noticias","tag-desoneracao-no-transporte-coletivo","tag-ntu","tag-reoneracao-no-transporte-coletivo","et-has-post-format-content","et_post_format-et-post-format-standard"],"yoast_head":"<!-- This site is optimized with the Yoast SEO plugin v27.2 - https:\/\/yoast.com\/product\/yoast-seo-wordpress\/ -->\n<title>Setor de transporte urbano pede projeto de lei para tratar da reonera\u00e7\u00e3o da folha - Revista AutoBus<\/title>\n<meta name=\"robots\" content=\"index, follow, max-snippet:-1, max-image-preview:large, max-video-preview:-1\" \/>\n<link rel=\"canonical\" href=\"https:\/\/revistaautobus.com.br\/?p=11315\" \/>\n<meta property=\"og:locale\" content=\"pt_BR\" \/>\n<meta property=\"og:type\" content=\"article\" \/>\n<meta property=\"og:title\" content=\"Setor de transporte urbano pede projeto de lei para tratar da reonera\u00e7\u00e3o da folha - Revista AutoBus\" \/>\n<meta property=\"og:description\" content=\"Com o fim da desonera\u00e7\u00e3o, a NTU calcula que o aumento nos custos totais do setor de transporte p\u00fablico seria de 6,78%, podendo levar, como consequ\u00eancia, a um reajuste m\u00e9dio das tarifas de R\uff04 0,31\" \/>\n<meta property=\"og:url\" content=\"https:\/\/revistaautobus.com.br\/?p=11315\" \/>\n<meta property=\"og:site_name\" content=\"Revista AutoBus\" \/>\n<meta property=\"article:publisher\" content=\"https:\/\/www.facebook.com\/antonio.ferro.3150\" \/>\n<meta property=\"article:published_time\" content=\"2024-02-26T12:46:20+00:00\" \/>\n<meta property=\"og:image\" content=\"https:\/\/revistaautobus.com.br\/wp-content\/uploads\/2024\/02\/IMG-20240223-WA0081.jpg\" \/>\n\t<meta property=\"og:image:width\" content=\"1600\" \/>\n\t<meta property=\"og:image:height\" content=\"1062\" \/>\n\t<meta property=\"og:image:type\" content=\"image\/jpeg\" \/>\n<meta name=\"author\" content=\"Antonio Ferro\" \/>\n<meta name=\"twitter:card\" content=\"summary_large_image\" \/>\n<meta name=\"twitter:label1\" content=\"Escrito por\" \/>\n\t<meta name=\"twitter:data1\" content=\"Antonio Ferro\" \/>\n\t<meta name=\"twitter:label2\" content=\"Est. tempo de leitura\" \/>\n\t<meta name=\"twitter:data2\" content=\"2 minutos\" \/>\n<script type=\"application\/ld+json\" class=\"yoast-schema-graph\">{\"@context\":\"https:\/\/schema.org\",\"@graph\":[{\"@type\":\"Article\",\"@id\":\"https:\/\/revistaautobus.com.br\/?p=11315#article\",\"isPartOf\":{\"@id\":\"https:\/\/revistaautobus.com.br\/?p=11315\"},\"author\":{\"name\":\"Antonio Ferro\",\"@id\":\"https:\/\/revistaautobus.com.br\/#\/schema\/person\/54af7c3eb83a310e42ef686ef6d16f50\"},\"headline\":\"Setor de transporte urbano pede projeto de lei para tratar da reonera\u00e7\u00e3o da folha\",\"datePublished\":\"2024-02-26T12:46:20+00:00\",\"mainEntityOfPage\":{\"@id\":\"https:\/\/revistaautobus.com.br\/?p=11315\"},\"wordCount\":420,\"commentCount\":0,\"publisher\":{\"@id\":\"https:\/\/revistaautobus.com.br\/#organization\"},\"image\":{\"@id\":\"https:\/\/revistaautobus.com.br\/?p=11315#primaryimage\"},\"thumbnailUrl\":\"https:\/\/revistaautobus.com.br\/wp-content\/uploads\/2024\/02\/IMG-20240223-WA0081.jpg\",\"keywords\":[\"Desonera\u00e7\u00e3o no transporte coletivo\",\"ntu\",\"Reonera\u00e7\u00e3o no transporte coletivo\"],\"articleSection\":[\"Mobilidade Urbana\",\"Not\u00edcias\"],\"inLanguage\":\"pt-BR\",\"potentialAction\":[{\"@type\":\"CommentAction\",\"name\":\"Comment\",\"target\":[\"https:\/\/revistaautobus.com.br\/?p=11315#respond\"]}]},{\"@type\":\"WebPage\",\"@id\":\"https:\/\/revistaautobus.com.br\/?p=11315\",\"url\":\"https:\/\/revistaautobus.com.br\/?p=11315\",\"name\":\"Setor de transporte urbano pede projeto de lei para tratar da reonera\u00e7\u00e3o da folha - Revista AutoBus\",\"isPartOf\":{\"@id\":\"https:\/\/revistaautobus.com.br\/#website\"},\"primaryImageOfPage\":{\"@id\":\"https:\/\/revistaautobus.com.br\/?p=11315#primaryimage\"},\"image\":{\"@id\":\"https:\/\/revistaautobus.com.br\/?p=11315#primaryimage\"},\"thumbnailUrl\":\"https:\/\/revistaautobus.com.br\/wp-content\/uploads\/2024\/02\/IMG-20240223-WA0081.jpg\",\"datePublished\":\"2024-02-26T12:46:20+00:00\",\"breadcrumb\":{\"@id\":\"https:\/\/revistaautobus.com.br\/?p=11315#breadcrumb\"},\"inLanguage\":\"pt-BR\",\"potentialAction\":[{\"@type\":\"ReadAction\",\"target\":[\"https:\/\/revistaautobus.com.br\/?p=11315\"]}]},{\"@type\":\"ImageObject\",\"inLanguage\":\"pt-BR\",\"@id\":\"https:\/\/revistaautobus.com.br\/?p=11315#primaryimage\",\"url\":\"https:\/\/revistaautobus.com.br\/wp-content\/uploads\/2024\/02\/IMG-20240223-WA0081.jpg\",\"contentUrl\":\"https:\/\/revistaautobus.com.br\/wp-content\/uploads\/2024\/02\/IMG-20240223-WA0081.jpg\",\"width\":1600,\"height\":1062},{\"@type\":\"BreadcrumbList\",\"@id\":\"https:\/\/revistaautobus.com.br\/?p=11315#breadcrumb\",\"itemListElement\":[{\"@type\":\"ListItem\",\"position\":1,\"name\":\"In\u00edcio\",\"item\":\"https:\/\/revistaautobus.com.br\/\"},{\"@type\":\"ListItem\",\"position\":2,\"name\":\"Setor de transporte urbano pede projeto de lei para tratar da reonera\u00e7\u00e3o da folha\"}]},{\"@type\":\"WebSite\",\"@id\":\"https:\/\/revistaautobus.com.br\/#website\",\"url\":\"https:\/\/revistaautobus.com.br\/\",\"name\":\"Revista AutoBus\",\"description\":\"\",\"publisher\":{\"@id\":\"https:\/\/revistaautobus.com.br\/#organization\"},\"potentialAction\":[{\"@type\":\"SearchAction\",\"target\":{\"@type\":\"EntryPoint\",\"urlTemplate\":\"https:\/\/revistaautobus.com.br\/?s={search_term_string}\"},\"query-input\":{\"@type\":\"PropertyValueSpecification\",\"valueRequired\":true,\"valueName\":\"search_term_string\"}}],\"inLanguage\":\"pt-BR\"},{\"@type\":\"Organization\",\"@id\":\"https:\/\/revistaautobus.com.br\/#organization\",\"name\":\"Revista AutoBus\",\"url\":\"https:\/\/revistaautobus.com.br\/\",\"logo\":{\"@type\":\"ImageObject\",\"inLanguage\":\"pt-BR\",\"@id\":\"https:\/\/revistaautobus.com.br\/#\/schema\/logo\/image\/\",\"url\":\"https:\/\/revistaautobus.com.br\/wp-content\/uploads\/2024\/11\/logo_revista_autobus_fb.png\",\"contentUrl\":\"https:\/\/revistaautobus.com.br\/wp-content\/uploads\/2024\/11\/logo_revista_autobus_fb.png\",\"width\":836,\"height\":227,\"caption\":\"Revista AutoBus\"},\"image\":{\"@id\":\"https:\/\/revistaautobus.com.br\/#\/schema\/logo\/image\/\"},\"sameAs\":[\"https:\/\/www.facebook.com\/antonio.ferro.3150\",\"https:\/\/www.instagram.com\/revistaautobus\/\"]},{\"@type\":\"Person\",\"@id\":\"https:\/\/revistaautobus.com.br\/#\/schema\/person\/54af7c3eb83a310e42ef686ef6d16f50\",\"name\":\"Antonio Ferro\",\"image\":{\"@type\":\"ImageObject\",\"inLanguage\":\"pt-BR\",\"@id\":\"https:\/\/revistaautobus.com.br\/wp-content\/uploads\/2025\/12\/editor_antonio_ferro-150x150.jpg\",\"url\":\"https:\/\/revistaautobus.com.br\/wp-content\/uploads\/2025\/12\/editor_antonio_ferro-150x150.jpg\",\"contentUrl\":\"https:\/\/revistaautobus.com.br\/wp-content\/uploads\/2025\/12\/editor_antonio_ferro-150x150.jpg\",\"caption\":\"Antonio Ferro\"},\"description\":\"infobus@uol.com.br\",\"url\":\"https:\/\/revistaautobus.com.br\/?author=2\"}]}<\/script>\n<!-- \/ Yoast SEO plugin. -->","yoast_head_json":{"title":"Setor de transporte urbano pede projeto de lei para tratar da reonera\u00e7\u00e3o da folha - Revista AutoBus","robots":{"index":"index","follow":"follow","max-snippet":"max-snippet:-1","max-image-preview":"max-image-preview:large","max-video-preview":"max-video-preview:-1"},"canonical":"https:\/\/revistaautobus.com.br\/?p=11315","og_locale":"pt_BR","og_type":"article","og_title":"Setor de transporte urbano pede projeto de lei para tratar da reonera\u00e7\u00e3o da folha - Revista AutoBus","og_description":"Com o fim da desonera\u00e7\u00e3o, a NTU calcula que o aumento nos custos totais do setor de transporte p\u00fablico seria de 6,78%, podendo levar, como consequ\u00eancia, a um reajuste m\u00e9dio das tarifas de R\uff04 0,31","og_url":"https:\/\/revistaautobus.com.br\/?p=11315","og_site_name":"Revista AutoBus","article_publisher":"https:\/\/www.facebook.com\/antonio.ferro.3150","article_published_time":"2024-02-26T12:46:20+00:00","og_image":[{"width":1600,"height":1062,"url":"https:\/\/revistaautobus.com.br\/wp-content\/uploads\/2024\/02\/IMG-20240223-WA0081.jpg","type":"image\/jpeg"}],"author":"Antonio Ferro","twitter_card":"summary_large_image","twitter_misc":{"Escrito por":"Antonio Ferro","Est. tempo de leitura":"2 minutos"},"schema":{"@context":"https:\/\/schema.org","@graph":[{"@type":"Article","@id":"https:\/\/revistaautobus.com.br\/?p=11315#article","isPartOf":{"@id":"https:\/\/revistaautobus.com.br\/?p=11315"},"author":{"name":"Antonio Ferro","@id":"https:\/\/revistaautobus.com.br\/#\/schema\/person\/54af7c3eb83a310e42ef686ef6d16f50"},"headline":"Setor de transporte urbano pede projeto de lei para tratar da reonera\u00e7\u00e3o da folha","datePublished":"2024-02-26T12:46:20+00:00","mainEntityOfPage":{"@id":"https:\/\/revistaautobus.com.br\/?p=11315"},"wordCount":420,"commentCount":0,"publisher":{"@id":"https:\/\/revistaautobus.com.br\/#organization"},"image":{"@id":"https:\/\/revistaautobus.com.br\/?p=11315#primaryimage"},"thumbnailUrl":"https:\/\/revistaautobus.com.br\/wp-content\/uploads\/2024\/02\/IMG-20240223-WA0081.jpg","keywords":["Desonera\u00e7\u00e3o no transporte coletivo","ntu","Reonera\u00e7\u00e3o no transporte coletivo"],"articleSection":["Mobilidade Urbana","Not\u00edcias"],"inLanguage":"pt-BR","potentialAction":[{"@type":"CommentAction","name":"Comment","target":["https:\/\/revistaautobus.com.br\/?p=11315#respond"]}]},{"@type":"WebPage","@id":"https:\/\/revistaautobus.com.br\/?p=11315","url":"https:\/\/revistaautobus.com.br\/?p=11315","name":"Setor de transporte urbano pede projeto de lei para tratar da reonera\u00e7\u00e3o da folha - Revista AutoBus","isPartOf":{"@id":"https:\/\/revistaautobus.com.br\/#website"},"primaryImageOfPage":{"@id":"https:\/\/revistaautobus.com.br\/?p=11315#primaryimage"},"image":{"@id":"https:\/\/revistaautobus.com.br\/?p=11315#primaryimage"},"thumbnailUrl":"https:\/\/revistaautobus.com.br\/wp-content\/uploads\/2024\/02\/IMG-20240223-WA0081.jpg","datePublished":"2024-02-26T12:46:20+00:00","breadcrumb":{"@id":"https:\/\/revistaautobus.com.br\/?p=11315#breadcrumb"},"inLanguage":"pt-BR","potentialAction":[{"@type":"ReadAction","target":["https:\/\/revistaautobus.com.br\/?p=11315"]}]},{"@type":"ImageObject","inLanguage":"pt-BR","@id":"https:\/\/revistaautobus.com.br\/?p=11315#primaryimage","url":"https:\/\/revistaautobus.com.br\/wp-content\/uploads\/2024\/02\/IMG-20240223-WA0081.jpg","contentUrl":"https:\/\/revistaautobus.com.br\/wp-content\/uploads\/2024\/02\/IMG-20240223-WA0081.jpg","width":1600,"height":1062},{"@type":"BreadcrumbList","@id":"https:\/\/revistaautobus.com.br\/?p=11315#breadcrumb","itemListElement":[{"@type":"ListItem","position":1,"name":"In\u00edcio","item":"https:\/\/revistaautobus.com.br\/"},{"@type":"ListItem","position":2,"name":"Setor de transporte urbano pede projeto de lei para tratar da reonera\u00e7\u00e3o da folha"}]},{"@type":"WebSite","@id":"https:\/\/revistaautobus.com.br\/#website","url":"https:\/\/revistaautobus.com.br\/","name":"Revista AutoBus","description":"","publisher":{"@id":"https:\/\/revistaautobus.com.br\/#organization"},"potentialAction":[{"@type":"SearchAction","target":{"@type":"EntryPoint","urlTemplate":"https:\/\/revistaautobus.com.br\/?s={search_term_string}"},"query-input":{"@type":"PropertyValueSpecification","valueRequired":true,"valueName":"search_term_string"}}],"inLanguage":"pt-BR"},{"@type":"Organization","@id":"https:\/\/revistaautobus.com.br\/#organization","name":"Revista AutoBus","url":"https:\/\/revistaautobus.com.br\/","logo":{"@type":"ImageObject","inLanguage":"pt-BR","@id":"https:\/\/revistaautobus.com.br\/#\/schema\/logo\/image\/","url":"https:\/\/revistaautobus.com.br\/wp-content\/uploads\/2024\/11\/logo_revista_autobus_fb.png","contentUrl":"https:\/\/revistaautobus.com.br\/wp-content\/uploads\/2024\/11\/logo_revista_autobus_fb.png","width":836,"height":227,"caption":"Revista AutoBus"},"image":{"@id":"https:\/\/revistaautobus.com.br\/#\/schema\/logo\/image\/"},"sameAs":["https:\/\/www.facebook.com\/antonio.ferro.3150","https:\/\/www.instagram.com\/revistaautobus\/"]},{"@type":"Person","@id":"https:\/\/revistaautobus.com.br\/#\/schema\/person\/54af7c3eb83a310e42ef686ef6d16f50","name":"Antonio Ferro","image":{"@type":"ImageObject","inLanguage":"pt-BR","@id":"https:\/\/revistaautobus.com.br\/wp-content\/uploads\/2025\/12\/editor_antonio_ferro-150x150.jpg","url":"https:\/\/revistaautobus.com.br\/wp-content\/uploads\/2025\/12\/editor_antonio_ferro-150x150.jpg","contentUrl":"https:\/\/revistaautobus.com.br\/wp-content\/uploads\/2025\/12\/editor_antonio_ferro-150x150.jpg","caption":"Antonio Ferro"},"description":"infobus@uol.com.br","url":"https:\/\/revistaautobus.com.br\/?author=2"}]}},"jetpack_featured_media_url":"https:\/\/revistaautobus.com.br\/wp-content\/uploads\/2024\/02\/IMG-20240223-WA0081.jpg","jetpack_sharing_enabled":true,"_links":{"self":[{"href":"https:\/\/revistaautobus.com.br\/index.php?rest_route=\/wp\/v2\/posts\/11315","targetHints":{"allow":["GET"]}}],"collection":[{"href":"https:\/\/revistaautobus.com.br\/index.php?rest_route=\/wp\/v2\/posts"}],"about":[{"href":"https:\/\/revistaautobus.com.br\/index.php?rest_route=\/wp\/v2\/types\/post"}],"author":[{"embeddable":true,"href":"https:\/\/revistaautobus.com.br\/index.php?rest_route=\/wp\/v2\/users\/2"}],"replies":[{"embeddable":true,"href":"https:\/\/revistaautobus.com.br\/index.php?rest_route=%2Fwp%2Fv2%2Fcomments&post=11315"}],"version-history":[{"count":3,"href":"https:\/\/revistaautobus.com.br\/index.php?rest_route=\/wp\/v2\/posts\/11315\/revisions"}],"predecessor-version":[{"id":11319,"href":"https:\/\/revistaautobus.com.br\/index.php?rest_route=\/wp\/v2\/posts\/11315\/revisions\/11319"}],"wp:featuredmedia":[{"embeddable":true,"href":"https:\/\/revistaautobus.com.br\/index.php?rest_route=\/wp\/v2\/media\/11316"}],"wp:attachment":[{"href":"https:\/\/revistaautobus.com.br\/index.php?rest_route=%2Fwp%2Fv2%2Fmedia&parent=11315"}],"wp:term":[{"taxonomy":"category","embeddable":true,"href":"https:\/\/revistaautobus.com.br\/index.php?rest_route=%2Fwp%2Fv2%2Fcategories&post=11315"},{"taxonomy":"post_tag","embeddable":true,"href":"https:\/\/revistaautobus.com.br\/index.php?rest_route=%2Fwp%2Fv2%2Ftags&post=11315"}],"curies":[{"name":"wp","href":"https:\/\/api.w.org\/{rel}","templated":true}]}}