{"id":11320,"date":"2024-02-26T09:50:04","date_gmt":"2024-02-26T12:50:04","guid":{"rendered":"https:\/\/revistaautobus.com.br\/?p=11320"},"modified":"2024-02-26T09:50:04","modified_gmt":"2024-02-26T12:50:04","slug":"uma-decada-de-parceria","status":"publish","type":"post","link":"https:\/\/revistaautobus.com.br\/?p=11320","title":{"rendered":"Uma d\u00e9cada de parceria"},"content":{"rendered":"<p>A uni\u00e3o entre as operadoras paranaenses, Via\u00e7\u00e3o Garcia e Brasil Sul, celebra dez anos, em 2024. E a hist\u00f3ria relacionada com essa jun\u00e7\u00e3o \u00e9 bem curiosa, pois a Brasil Sul, com ent\u00e3o dez anos de atividades, adquiriu a hist\u00f3rica Via\u00e7\u00e3o Garcia, \u00e0 \u00e9poca com 80 anos, juntamente com as suas coligadas Princesa do Iva\u00ed e Via\u00e7\u00e3o Ouro Branco.<\/p>\n<p>Dessa maneira, nasceu o Grupo Via\u00e7\u00e3o Garcia\/Brasil Sul. Em 2023, mais um importante nome do transporte rodovi\u00e1rio juntou-se ao grupo, Santo Anjo, que completa 77 anos tamb\u00e9m neste m\u00eas.<\/p>\n<p>Ao consolidar-se no mercado, o Grupo Brasil\/Sul implementou um ambicioso projeto de renova\u00e7\u00e3o da frota, reconfigurando a companhia com ve\u00edculos de nov\u00edssima gera\u00e7\u00e3o e dotados da mais avan\u00e7ada tecnologia do segmento. Para se ter uma ideia, em 2023, o Grupo fez a maior compra de \u00f4nibus de sua hist\u00f3ria, com a aquisi\u00e7\u00e3o de 148 ve\u00edculos (investimento de aproximadamente R$ 200 milh\u00f5es). Todos os ve\u00edculos receberam chassis Euro VI, com reduzidas emiss\u00f5es de poluentes, dentro do que preconiza a agenda ESG (Ambiental, Social e Governan\u00e7a).<\/p>\n<p>Segundo o vice-presidente Estefano Boiko Junior, hoje, a Via\u00e7\u00e3o Garcia\/Brasil Sul re\u00fane cinco empresas e atua em sete estados brasileiros: Rio Grande do Sul, Santa Catarina, Paran\u00e1, S\u00e3o Paulo, Rio de Janeiro, Mato Grosso do Sul e Minas Gerais, transportando, em m\u00e9dia, 23 milh\u00f5es de passageiros ao ano, com uma equipe de, aproximadamente, 2.400 funcion\u00e1rios em seu quadro de pessoal. \u201cA nossa estrat\u00e9gia tem sido refor\u00e7ar as opera\u00e7\u00f5es em \u00e1reas onde j\u00e1 atuamos, aproveitando a sinergia entre nossas empresas\u201d, disse ele.<\/p>\n<p><img loading=\"lazy\" decoding=\"async\" class=\"alignnone wp-image-11322 size-full\" src=\"https:\/\/revistaautobus.com.br\/wp-content\/uploads\/2024\/02\/viacao-garcia.jpg\" alt=\"\" width=\"1000\" height=\"667\" srcset=\"https:\/\/revistaautobus.com.br\/wp-content\/uploads\/2024\/02\/viacao-garcia.jpg 1000w, https:\/\/revistaautobus.com.br\/wp-content\/uploads\/2024\/02\/viacao-garcia-300x200.jpg 300w, https:\/\/revistaautobus.com.br\/wp-content\/uploads\/2024\/02\/viacao-garcia-768x512.jpg 768w\" sizes=\"(max-width: 1000px) 100vw, 1000px\" \/><\/p>\n<p>O Grupo destaca que a parceria, nestes 10 anos, favoreceu, demais, a opera\u00e7\u00e3o e os clientes. Somente em renova\u00e7\u00e3o da frota, foram mais de 800 \u00f4nibus, que trazem muita comodidade como, por exemplo, no servi\u00e7o cabine cama, poltronas de couro com massageadores que se transformam em verdadeiras camas com 180\u00ba de reclina\u00e7\u00e3o, kit conforto com travesseiros e mantas com o padr\u00e3o da rede de hot\u00e9is Bourbon, plataforma de entretenimento <em>on demand<\/em>, internet via Wi-Fi, \u00e1gua mineral, sucos, refrigerantes e petiscos a bordo. Al\u00e9m disso, h\u00e1 salas VIP e o \u201cEspa\u00e7o Mulher\u201d (para as passageiras viajarem ao lado de outra mulher) nos \u00f4nibus. \u201cEsses investimentos se aproximam da casa de um bilh\u00e3o de reais\u201d, calculou o presidente, Jos\u00e9 Boiko.<\/p>\n<p>O relacionamento com os clientes \u00e9 outro diferencial. Um grande leque de canais para a compra de passagens, recebimento de moedas digitais como meio de pagamento e parcerias como a firmada com o programa de recompensas Livelo, que permitem ao cliente adquirir passagens utilizando pontos acumulados na rede e ainda converter o valor investido para compras futuras, s\u00e3o tecnologias disponibilizadas para facilitar o cotidiano dos servi\u00e7os.<\/p>\n<p>Imagens &#8211; Divulga\u00e7\u00e3o<\/p>\n","protected":false},"excerpt":{"rendered":"<p>Ao consolidar-se no mercado, o Grupo Brasil\/Sul implementou um ambicioso projeto de renova\u00e7\u00e3o da frota, reconfigurando a companhia com ve\u00edculos de nov\u00edssima gera\u00e7\u00e3o e dotados da mais avan\u00e7ada tecnologia do segmento<\/p>\n","protected":false},"author":2,"featured_media":11321,"comment_status":"open","ping_status":"open","sticky":false,"template":"","format":"standard","meta":{"_et_pb_use_builder":"","_et_pb_old_content":"","_et_gb_content_width":"","_jetpack_memberships_contains_paid_content":false,"footnotes":""},"categories":[90,80],"tags":[647],"class_list":["post-11320","post","type-post","status-publish","format-standard","has-post-thumbnail","hentry","category-noticias","category-transporte-rodoviario","tag-grupo-garcia-brasil-sul","et-has-post-format-content","et_post_format-et-post-format-standard"],"yoast_head":"<!-- This site is optimized with the Yoast SEO plugin v27.2 - https:\/\/yoast.com\/product\/yoast-seo-wordpress\/ -->\n<title>Uma d\u00e9cada de parceria - Revista AutoBus<\/title>\n<meta name=\"robots\" content=\"index, follow, max-snippet:-1, max-image-preview:large, max-video-preview:-1\" \/>\n<link rel=\"canonical\" href=\"https:\/\/revistaautobus.com.br\/?p=11320\" \/>\n<meta property=\"og:locale\" content=\"pt_BR\" \/>\n<meta property=\"og:type\" content=\"article\" \/>\n<meta property=\"og:title\" content=\"Uma d\u00e9cada de parceria - Revista AutoBus\" \/>\n<meta property=\"og:description\" content=\"Ao consolidar-se no mercado, o Grupo Brasil\/Sul implementou um ambicioso projeto de renova\u00e7\u00e3o da frota, reconfigurando a companhia com ve\u00edculos de nov\u00edssima gera\u00e7\u00e3o e dotados da mais avan\u00e7ada tecnologia do segmento\" \/>\n<meta property=\"og:url\" content=\"https:\/\/revistaautobus.com.br\/?p=11320\" \/>\n<meta property=\"og:site_name\" content=\"Revista AutoBus\" \/>\n<meta property=\"article:publisher\" content=\"https:\/\/www.facebook.com\/antonio.ferro.3150\" \/>\n<meta property=\"article:published_time\" content=\"2024-02-26T12:50:04+00:00\" \/>\n<meta property=\"og:image\" content=\"https:\/\/revistaautobus.com.br\/wp-content\/uploads\/2024\/02\/AAA-FOTO-DEZ-ANOS-J.png\" \/>\n\t<meta property=\"og:image:width\" content=\"900\" \/>\n\t<meta property=\"og:image:height\" content=\"364\" \/>\n\t<meta property=\"og:image:type\" content=\"image\/png\" \/>\n<meta name=\"author\" content=\"Antonio Ferro\" \/>\n<meta name=\"twitter:card\" content=\"summary_large_image\" \/>\n<meta name=\"twitter:label1\" content=\"Escrito por\" \/>\n\t<meta name=\"twitter:data1\" content=\"Antonio Ferro\" \/>\n\t<meta name=\"twitter:label2\" content=\"Est. tempo de leitura\" \/>\n\t<meta name=\"twitter:data2\" content=\"2 minutos\" \/>\n<script type=\"application\/ld+json\" class=\"yoast-schema-graph\">{\"@context\":\"https:\/\/schema.org\",\"@graph\":[{\"@type\":\"Article\",\"@id\":\"https:\/\/revistaautobus.com.br\/?p=11320#article\",\"isPartOf\":{\"@id\":\"https:\/\/revistaautobus.com.br\/?p=11320\"},\"author\":{\"name\":\"Antonio Ferro\",\"@id\":\"https:\/\/revistaautobus.com.br\/#\/schema\/person\/54af7c3eb83a310e42ef686ef6d16f50\"},\"headline\":\"Uma d\u00e9cada de parceria\",\"datePublished\":\"2024-02-26T12:50:04+00:00\",\"mainEntityOfPage\":{\"@id\":\"https:\/\/revistaautobus.com.br\/?p=11320\"},\"wordCount\":477,\"commentCount\":0,\"publisher\":{\"@id\":\"https:\/\/revistaautobus.com.br\/#organization\"},\"image\":{\"@id\":\"https:\/\/revistaautobus.com.br\/?p=11320#primaryimage\"},\"thumbnailUrl\":\"https:\/\/revistaautobus.com.br\/wp-content\/uploads\/2024\/02\/AAA-FOTO-DEZ-ANOS-J.png\",\"keywords\":[\"Grupo Garcia\/Brasil Sul\"],\"articleSection\":[\"Not\u00edcias\",\"Transporte rodovi\u00e1rio\"],\"inLanguage\":\"pt-BR\",\"potentialAction\":[{\"@type\":\"CommentAction\",\"name\":\"Comment\",\"target\":[\"https:\/\/revistaautobus.com.br\/?p=11320#respond\"]}]},{\"@type\":\"WebPage\",\"@id\":\"https:\/\/revistaautobus.com.br\/?p=11320\",\"url\":\"https:\/\/revistaautobus.com.br\/?p=11320\",\"name\":\"Uma d\u00e9cada de parceria - Revista AutoBus\",\"isPartOf\":{\"@id\":\"https:\/\/revistaautobus.com.br\/#website\"},\"primaryImageOfPage\":{\"@id\":\"https:\/\/revistaautobus.com.br\/?p=11320#primaryimage\"},\"image\":{\"@id\":\"https:\/\/revistaautobus.com.br\/?p=11320#primaryimage\"},\"thumbnailUrl\":\"https:\/\/revistaautobus.com.br\/wp-content\/uploads\/2024\/02\/AAA-FOTO-DEZ-ANOS-J.png\",\"datePublished\":\"2024-02-26T12:50:04+00:00\",\"breadcrumb\":{\"@id\":\"https:\/\/revistaautobus.com.br\/?p=11320#breadcrumb\"},\"inLanguage\":\"pt-BR\",\"potentialAction\":[{\"@type\":\"ReadAction\",\"target\":[\"https:\/\/revistaautobus.com.br\/?p=11320\"]}]},{\"@type\":\"ImageObject\",\"inLanguage\":\"pt-BR\",\"@id\":\"https:\/\/revistaautobus.com.br\/?p=11320#primaryimage\",\"url\":\"https:\/\/revistaautobus.com.br\/wp-content\/uploads\/2024\/02\/AAA-FOTO-DEZ-ANOS-J.png\",\"contentUrl\":\"https:\/\/revistaautobus.com.br\/wp-content\/uploads\/2024\/02\/AAA-FOTO-DEZ-ANOS-J.png\",\"width\":900,\"height\":364},{\"@type\":\"BreadcrumbList\",\"@id\":\"https:\/\/revistaautobus.com.br\/?p=11320#breadcrumb\",\"itemListElement\":[{\"@type\":\"ListItem\",\"position\":1,\"name\":\"In\u00edcio\",\"item\":\"https:\/\/revistaautobus.com.br\/\"},{\"@type\":\"ListItem\",\"position\":2,\"name\":\"Uma d\u00e9cada de parceria\"}]},{\"@type\":\"WebSite\",\"@id\":\"https:\/\/revistaautobus.com.br\/#website\",\"url\":\"https:\/\/revistaautobus.com.br\/\",\"name\":\"Revista AutoBus\",\"description\":\"\",\"publisher\":{\"@id\":\"https:\/\/revistaautobus.com.br\/#organization\"},\"potentialAction\":[{\"@type\":\"SearchAction\",\"target\":{\"@type\":\"EntryPoint\",\"urlTemplate\":\"https:\/\/revistaautobus.com.br\/?s={search_term_string}\"},\"query-input\":{\"@type\":\"PropertyValueSpecification\",\"valueRequired\":true,\"valueName\":\"search_term_string\"}}],\"inLanguage\":\"pt-BR\"},{\"@type\":\"Organization\",\"@id\":\"https:\/\/revistaautobus.com.br\/#organization\",\"name\":\"Revista AutoBus\",\"url\":\"https:\/\/revistaautobus.com.br\/\",\"logo\":{\"@type\":\"ImageObject\",\"inLanguage\":\"pt-BR\",\"@id\":\"https:\/\/revistaautobus.com.br\/#\/schema\/logo\/image\/\",\"url\":\"https:\/\/revistaautobus.com.br\/wp-content\/uploads\/2024\/11\/logo_revista_autobus_fb.png\",\"contentUrl\":\"https:\/\/revistaautobus.com.br\/wp-content\/uploads\/2024\/11\/logo_revista_autobus_fb.png\",\"width\":836,\"height\":227,\"caption\":\"Revista AutoBus\"},\"image\":{\"@id\":\"https:\/\/revistaautobus.com.br\/#\/schema\/logo\/image\/\"},\"sameAs\":[\"https:\/\/www.facebook.com\/antonio.ferro.3150\",\"https:\/\/www.instagram.com\/revistaautobus\/\"]},{\"@type\":\"Person\",\"@id\":\"https:\/\/revistaautobus.com.br\/#\/schema\/person\/54af7c3eb83a310e42ef686ef6d16f50\",\"name\":\"Antonio Ferro\",\"image\":{\"@type\":\"ImageObject\",\"inLanguage\":\"pt-BR\",\"@id\":\"https:\/\/revistaautobus.com.br\/wp-content\/uploads\/2025\/12\/editor_antonio_ferro-150x150.jpg\",\"url\":\"https:\/\/revistaautobus.com.br\/wp-content\/uploads\/2025\/12\/editor_antonio_ferro-150x150.jpg\",\"contentUrl\":\"https:\/\/revistaautobus.com.br\/wp-content\/uploads\/2025\/12\/editor_antonio_ferro-150x150.jpg\",\"caption\":\"Antonio Ferro\"},\"description\":\"infobus@uol.com.br\",\"url\":\"https:\/\/revistaautobus.com.br\/?author=2\"}]}<\/script>\n<!-- \/ Yoast SEO plugin. -->","yoast_head_json":{"title":"Uma d\u00e9cada de parceria - Revista AutoBus","robots":{"index":"index","follow":"follow","max-snippet":"max-snippet:-1","max-image-preview":"max-image-preview:large","max-video-preview":"max-video-preview:-1"},"canonical":"https:\/\/revistaautobus.com.br\/?p=11320","og_locale":"pt_BR","og_type":"article","og_title":"Uma d\u00e9cada de parceria - Revista AutoBus","og_description":"Ao consolidar-se no mercado, o Grupo Brasil\/Sul implementou um ambicioso projeto de renova\u00e7\u00e3o da frota, reconfigurando a companhia com ve\u00edculos de nov\u00edssima gera\u00e7\u00e3o e dotados da mais avan\u00e7ada tecnologia do segmento","og_url":"https:\/\/revistaautobus.com.br\/?p=11320","og_site_name":"Revista AutoBus","article_publisher":"https:\/\/www.facebook.com\/antonio.ferro.3150","article_published_time":"2024-02-26T12:50:04+00:00","og_image":[{"width":900,"height":364,"url":"https:\/\/revistaautobus.com.br\/wp-content\/uploads\/2024\/02\/AAA-FOTO-DEZ-ANOS-J.png","type":"image\/png"}],"author":"Antonio Ferro","twitter_card":"summary_large_image","twitter_misc":{"Escrito por":"Antonio Ferro","Est. tempo de leitura":"2 minutos"},"schema":{"@context":"https:\/\/schema.org","@graph":[{"@type":"Article","@id":"https:\/\/revistaautobus.com.br\/?p=11320#article","isPartOf":{"@id":"https:\/\/revistaautobus.com.br\/?p=11320"},"author":{"name":"Antonio Ferro","@id":"https:\/\/revistaautobus.com.br\/#\/schema\/person\/54af7c3eb83a310e42ef686ef6d16f50"},"headline":"Uma d\u00e9cada de parceria","datePublished":"2024-02-26T12:50:04+00:00","mainEntityOfPage":{"@id":"https:\/\/revistaautobus.com.br\/?p=11320"},"wordCount":477,"commentCount":0,"publisher":{"@id":"https:\/\/revistaautobus.com.br\/#organization"},"image":{"@id":"https:\/\/revistaautobus.com.br\/?p=11320#primaryimage"},"thumbnailUrl":"https:\/\/revistaautobus.com.br\/wp-content\/uploads\/2024\/02\/AAA-FOTO-DEZ-ANOS-J.png","keywords":["Grupo Garcia\/Brasil Sul"],"articleSection":["Not\u00edcias","Transporte rodovi\u00e1rio"],"inLanguage":"pt-BR","potentialAction":[{"@type":"CommentAction","name":"Comment","target":["https:\/\/revistaautobus.com.br\/?p=11320#respond"]}]},{"@type":"WebPage","@id":"https:\/\/revistaautobus.com.br\/?p=11320","url":"https:\/\/revistaautobus.com.br\/?p=11320","name":"Uma d\u00e9cada de parceria - Revista AutoBus","isPartOf":{"@id":"https:\/\/revistaautobus.com.br\/#website"},"primaryImageOfPage":{"@id":"https:\/\/revistaautobus.com.br\/?p=11320#primaryimage"},"image":{"@id":"https:\/\/revistaautobus.com.br\/?p=11320#primaryimage"},"thumbnailUrl":"https:\/\/revistaautobus.com.br\/wp-content\/uploads\/2024\/02\/AAA-FOTO-DEZ-ANOS-J.png","datePublished":"2024-02-26T12:50:04+00:00","breadcrumb":{"@id":"https:\/\/revistaautobus.com.br\/?p=11320#breadcrumb"},"inLanguage":"pt-BR","potentialAction":[{"@type":"ReadAction","target":["https:\/\/revistaautobus.com.br\/?p=11320"]}]},{"@type":"ImageObject","inLanguage":"pt-BR","@id":"https:\/\/revistaautobus.com.br\/?p=11320#primaryimage","url":"https:\/\/revistaautobus.com.br\/wp-content\/uploads\/2024\/02\/AAA-FOTO-DEZ-ANOS-J.png","contentUrl":"https:\/\/revistaautobus.com.br\/wp-content\/uploads\/2024\/02\/AAA-FOTO-DEZ-ANOS-J.png","width":900,"height":364},{"@type":"BreadcrumbList","@id":"https:\/\/revistaautobus.com.br\/?p=11320#breadcrumb","itemListElement":[{"@type":"ListItem","position":1,"name":"In\u00edcio","item":"https:\/\/revistaautobus.com.br\/"},{"@type":"ListItem","position":2,"name":"Uma d\u00e9cada de parceria"}]},{"@type":"WebSite","@id":"https:\/\/revistaautobus.com.br\/#website","url":"https:\/\/revistaautobus.com.br\/","name":"Revista AutoBus","description":"","publisher":{"@id":"https:\/\/revistaautobus.com.br\/#organization"},"potentialAction":[{"@type":"SearchAction","target":{"@type":"EntryPoint","urlTemplate":"https:\/\/revistaautobus.com.br\/?s={search_term_string}"},"query-input":{"@type":"PropertyValueSpecification","valueRequired":true,"valueName":"search_term_string"}}],"inLanguage":"pt-BR"},{"@type":"Organization","@id":"https:\/\/revistaautobus.com.br\/#organization","name":"Revista AutoBus","url":"https:\/\/revistaautobus.com.br\/","logo":{"@type":"ImageObject","inLanguage":"pt-BR","@id":"https:\/\/revistaautobus.com.br\/#\/schema\/logo\/image\/","url":"https:\/\/revistaautobus.com.br\/wp-content\/uploads\/2024\/11\/logo_revista_autobus_fb.png","contentUrl":"https:\/\/revistaautobus.com.br\/wp-content\/uploads\/2024\/11\/logo_revista_autobus_fb.png","width":836,"height":227,"caption":"Revista AutoBus"},"image":{"@id":"https:\/\/revistaautobus.com.br\/#\/schema\/logo\/image\/"},"sameAs":["https:\/\/www.facebook.com\/antonio.ferro.3150","https:\/\/www.instagram.com\/revistaautobus\/"]},{"@type":"Person","@id":"https:\/\/revistaautobus.com.br\/#\/schema\/person\/54af7c3eb83a310e42ef686ef6d16f50","name":"Antonio Ferro","image":{"@type":"ImageObject","inLanguage":"pt-BR","@id":"https:\/\/revistaautobus.com.br\/wp-content\/uploads\/2025\/12\/editor_antonio_ferro-150x150.jpg","url":"https:\/\/revistaautobus.com.br\/wp-content\/uploads\/2025\/12\/editor_antonio_ferro-150x150.jpg","contentUrl":"https:\/\/revistaautobus.com.br\/wp-content\/uploads\/2025\/12\/editor_antonio_ferro-150x150.jpg","caption":"Antonio Ferro"},"description":"infobus@uol.com.br","url":"https:\/\/revistaautobus.com.br\/?author=2"}]}},"jetpack_featured_media_url":"https:\/\/revistaautobus.com.br\/wp-content\/uploads\/2024\/02\/AAA-FOTO-DEZ-ANOS-J.png","jetpack_sharing_enabled":true,"_links":{"self":[{"href":"https:\/\/revistaautobus.com.br\/index.php?rest_route=\/wp\/v2\/posts\/11320","targetHints":{"allow":["GET"]}}],"collection":[{"href":"https:\/\/revistaautobus.com.br\/index.php?rest_route=\/wp\/v2\/posts"}],"about":[{"href":"https:\/\/revistaautobus.com.br\/index.php?rest_route=\/wp\/v2\/types\/post"}],"author":[{"embeddable":true,"href":"https:\/\/revistaautobus.com.br\/index.php?rest_route=\/wp\/v2\/users\/2"}],"replies":[{"embeddable":true,"href":"https:\/\/revistaautobus.com.br\/index.php?rest_route=%2Fwp%2Fv2%2Fcomments&post=11320"}],"version-history":[{"count":3,"href":"https:\/\/revistaautobus.com.br\/index.php?rest_route=\/wp\/v2\/posts\/11320\/revisions"}],"predecessor-version":[{"id":11325,"href":"https:\/\/revistaautobus.com.br\/index.php?rest_route=\/wp\/v2\/posts\/11320\/revisions\/11325"}],"wp:featuredmedia":[{"embeddable":true,"href":"https:\/\/revistaautobus.com.br\/index.php?rest_route=\/wp\/v2\/media\/11321"}],"wp:attachment":[{"href":"https:\/\/revistaautobus.com.br\/index.php?rest_route=%2Fwp%2Fv2%2Fmedia&parent=11320"}],"wp:term":[{"taxonomy":"category","embeddable":true,"href":"https:\/\/revistaautobus.com.br\/index.php?rest_route=%2Fwp%2Fv2%2Fcategories&post=11320"},{"taxonomy":"post_tag","embeddable":true,"href":"https:\/\/revistaautobus.com.br\/index.php?rest_route=%2Fwp%2Fv2%2Ftags&post=11320"}],"curies":[{"name":"wp","href":"https:\/\/api.w.org\/{rel}","templated":true}]}}