{"id":11331,"date":"2024-02-26T09:55:41","date_gmt":"2024-02-26T12:55:41","guid":{"rendered":"https:\/\/revistaautobus.com.br\/?p=11331"},"modified":"2024-02-26T09:55:41","modified_gmt":"2024-02-26T12:55:41","slug":"lideres-do-setor-de-transporte-e-logistica-se-unem-para-explorar-inovacao-esg-e-tendencias-em-evento-promovido-pelo-rota-feminina-experience","status":"publish","type":"post","link":"https:\/\/revistaautobus.com.br\/?p=11331","title":{"rendered":"L\u00cdDERES DO SETOR DE TRANSPORTE E LOG\u00cdSTICA SE UNEM PARA EXPLORAR INOVA\u00c7\u00c3O, ESG E TEND\u00caNCIAS EM EVENTO PROMOVIDO PELO \u201cROTA FEMININA EXPERIENCE\u201d"},"content":{"rendered":"<p>O Movimento Rota Feminina, projeto que surgiu do desejo de contribuir com a evolu\u00e7\u00e3o da diversidade de g\u00eanero no ecossistema log\u00edstico, realizar\u00e1 um evento, no dia 19 de mar\u00e7o de 2024, explorando os temas da Intelig\u00eancia Artificial e ESG no Sest Senat de Porto Alegre. A ideia \u00e9 proporcionar uma tarde enriquecedora de conhecimento e <em>networking<\/em>.<\/p>\n<p>Segundo a organiza\u00e7\u00e3o desse semin\u00e1rio, a participa\u00e7\u00e3o das mulheres pode contribuir significativamente para a evolu\u00e7\u00e3o do segmento, sendo que o Movimento promove encontros, eventos e debates sobre diferentes temas relacionados ao setor, al\u00e9m de incentivar continuamente a participa\u00e7\u00e3o feminina. Ser\u00e1 uma oportunidade para l\u00edderes e profissionais se reunirem, trocarem ideias e impulsionarem o setor para o futuro. Para os organizadores, o acontecimento \u00e9 indispens\u00e1vel para todos os envolvidos no setor de transporte e log\u00edstica que buscam se manter atualizados com as tend\u00eancias e fazer novas conex\u00f5es.<\/p>\n<p><span style=\"color: #000080;\"><strong><em>Abaixo a programa\u00e7\u00e3o<\/em>:<\/strong><\/span><\/p>\n<p>14h00 &#8211; IA para neg\u00f3cios no ecossistema de transporte &amp; log\u00edstica: uma sess\u00e3o interativa explorando como a intelig\u00eancia artificial est\u00e1 transformando os processos de neg\u00f3cios no setor.<\/p>\n<p>15h00 &#8211; Lab o futuro \u00e9 agora \u2013 habilidades &amp; compet\u00eancias: um laborat\u00f3rio pr\u00e1tico projetado para equipar os profissionais com habilidades essenciais para enfrentar os desafios do amanh\u00e3.<\/p>\n<p>16h00 &#8211; Acelerando a rota \u2013 inova\u00e7\u00e3o, ESG, economia e pol\u00edticas p\u00fablicas: uma mesa-redonda provocativa abordando a import\u00e2ncia da inova\u00e7\u00e3o, pr\u00e1ticas sustent\u00e1veis, economia e pol\u00edticas p\u00fablicas para o desenvolvimento do setor.<\/p>\n<p>17h00 &#8211; <em>Networking &amp; happy hour<\/em>: um momento para os participantes se conectarem, compartilharem ideias e fortalecerem suas redes profissionais.<\/p>\n<p>O evento ser\u00e1 encerrado \u00e0s 18h00, prometendo deixar os participantes inspirados e motivados a promover mudan\u00e7as positivas em suas organiza\u00e7\u00f5es.<\/p>\n<p>Para mais detalhes e inscri\u00e7\u00f5es, acesse <a href=\"https:\/\/www.sympla.com.br\/evento\/rota-feminina-experience\/2339934\">https:\/\/www.sympla.com.br\/evento\/rota-feminina-experience\/2339934<\/a><\/p>\n<p>&nbsp;<\/p>\n","protected":false},"excerpt":{"rendered":"<p>O evento promete deixar os participantes inspirados e motivados a promover mudan\u00e7as positivas em suas organiza\u00e7\u00f5es<\/p>\n","protected":false},"author":2,"featured_media":11332,"comment_status":"open","ping_status":"open","sticky":false,"template":"","format":"standard","meta":{"_et_pb_use_builder":"","_et_pb_old_content":"","_et_gb_content_width":"","_jetpack_memberships_contains_paid_content":false,"footnotes":""},"categories":[90,41],"tags":[711],"class_list":["post-11331","post","type-post","status-publish","format-standard","has-post-thumbnail","hentry","category-noticias","category-ponto-de-vista","tag-movimento-rota-feminina","et-has-post-format-content","et_post_format-et-post-format-standard"],"yoast_head":"<!-- This site is optimized with the Yoast SEO plugin v27.2 - https:\/\/yoast.com\/product\/yoast-seo-wordpress\/ -->\n<title>L\u00cdDERES DO SETOR DE TRANSPORTE E LOG\u00cdSTICA SE UNEM PARA EXPLORAR INOVA\u00c7\u00c3O, ESG E TEND\u00caNCIAS EM EVENTO PROMOVIDO PELO \u201cROTA FEMININA EXPERIENCE\u201d - Revista AutoBus<\/title>\n<meta name=\"robots\" content=\"index, follow, max-snippet:-1, max-image-preview:large, max-video-preview:-1\" \/>\n<link rel=\"canonical\" href=\"https:\/\/revistaautobus.com.br\/?p=11331\" \/>\n<meta property=\"og:locale\" content=\"pt_BR\" \/>\n<meta property=\"og:type\" content=\"article\" \/>\n<meta property=\"og:title\" content=\"L\u00cdDERES DO SETOR DE TRANSPORTE E LOG\u00cdSTICA SE UNEM PARA EXPLORAR INOVA\u00c7\u00c3O, ESG E TEND\u00caNCIAS EM EVENTO PROMOVIDO PELO \u201cROTA FEMININA EXPERIENCE\u201d - Revista AutoBus\" \/>\n<meta property=\"og:description\" content=\"O evento promete deixar os participantes inspirados e motivados a promover mudan\u00e7as positivas em suas organiza\u00e7\u00f5es\" \/>\n<meta property=\"og:url\" content=\"https:\/\/revistaautobus.com.br\/?p=11331\" \/>\n<meta property=\"og:site_name\" content=\"Revista AutoBus\" \/>\n<meta property=\"article:publisher\" content=\"https:\/\/www.facebook.com\/antonio.ferro.3150\" \/>\n<meta property=\"article:published_time\" content=\"2024-02-26T12:55:41+00:00\" \/>\n<meta property=\"og:image\" content=\"https:\/\/revistaautobus.com.br\/wp-content\/uploads\/2024\/02\/WhatsApp-Image-2024-02-22-at-08.30.21.jpeg\" \/>\n\t<meta property=\"og:image:width\" content=\"940\" \/>\n\t<meta property=\"og:image:height\" content=\"788\" \/>\n\t<meta property=\"og:image:type\" content=\"image\/jpeg\" \/>\n<meta name=\"author\" content=\"Antonio Ferro\" \/>\n<meta name=\"twitter:card\" content=\"summary_large_image\" \/>\n<meta name=\"twitter:label1\" content=\"Escrito por\" \/>\n\t<meta name=\"twitter:data1\" content=\"Antonio Ferro\" \/>\n\t<meta name=\"twitter:label2\" content=\"Est. tempo de leitura\" \/>\n\t<meta name=\"twitter:data2\" content=\"2 minutos\" \/>\n<script type=\"application\/ld+json\" class=\"yoast-schema-graph\">{\"@context\":\"https:\/\/schema.org\",\"@graph\":[{\"@type\":\"Article\",\"@id\":\"https:\/\/revistaautobus.com.br\/?p=11331#article\",\"isPartOf\":{\"@id\":\"https:\/\/revistaautobus.com.br\/?p=11331\"},\"author\":{\"name\":\"Antonio Ferro\",\"@id\":\"https:\/\/revistaautobus.com.br\/#\/schema\/person\/54af7c3eb83a310e42ef686ef6d16f50\"},\"headline\":\"L\u00cdDERES DO SETOR DE TRANSPORTE E LOG\u00cdSTICA SE UNEM PARA EXPLORAR INOVA\u00c7\u00c3O, ESG E TEND\u00caNCIAS EM EVENTO PROMOVIDO PELO \u201cROTA FEMININA EXPERIENCE\u201d\",\"datePublished\":\"2024-02-26T12:55:41+00:00\",\"mainEntityOfPage\":{\"@id\":\"https:\/\/revistaautobus.com.br\/?p=11331\"},\"wordCount\":341,\"commentCount\":0,\"publisher\":{\"@id\":\"https:\/\/revistaautobus.com.br\/#organization\"},\"image\":{\"@id\":\"https:\/\/revistaautobus.com.br\/?p=11331#primaryimage\"},\"thumbnailUrl\":\"https:\/\/revistaautobus.com.br\/wp-content\/uploads\/2024\/02\/WhatsApp-Image-2024-02-22-at-08.30.21.jpeg\",\"keywords\":[\"Movimento Rota Feminina\"],\"articleSection\":[\"Not\u00edcias\",\"Ponto de Vista\"],\"inLanguage\":\"pt-BR\",\"potentialAction\":[{\"@type\":\"CommentAction\",\"name\":\"Comment\",\"target\":[\"https:\/\/revistaautobus.com.br\/?p=11331#respond\"]}]},{\"@type\":\"WebPage\",\"@id\":\"https:\/\/revistaautobus.com.br\/?p=11331\",\"url\":\"https:\/\/revistaautobus.com.br\/?p=11331\",\"name\":\"L\u00cdDERES DO SETOR DE TRANSPORTE E LOG\u00cdSTICA SE UNEM PARA EXPLORAR INOVA\u00c7\u00c3O, ESG E TEND\u00caNCIAS EM EVENTO PROMOVIDO PELO \u201cROTA FEMININA EXPERIENCE\u201d - Revista AutoBus\",\"isPartOf\":{\"@id\":\"https:\/\/revistaautobus.com.br\/#website\"},\"primaryImageOfPage\":{\"@id\":\"https:\/\/revistaautobus.com.br\/?p=11331#primaryimage\"},\"image\":{\"@id\":\"https:\/\/revistaautobus.com.br\/?p=11331#primaryimage\"},\"thumbnailUrl\":\"https:\/\/revistaautobus.com.br\/wp-content\/uploads\/2024\/02\/WhatsApp-Image-2024-02-22-at-08.30.21.jpeg\",\"datePublished\":\"2024-02-26T12:55:41+00:00\",\"breadcrumb\":{\"@id\":\"https:\/\/revistaautobus.com.br\/?p=11331#breadcrumb\"},\"inLanguage\":\"pt-BR\",\"potentialAction\":[{\"@type\":\"ReadAction\",\"target\":[\"https:\/\/revistaautobus.com.br\/?p=11331\"]}]},{\"@type\":\"ImageObject\",\"inLanguage\":\"pt-BR\",\"@id\":\"https:\/\/revistaautobus.com.br\/?p=11331#primaryimage\",\"url\":\"https:\/\/revistaautobus.com.br\/wp-content\/uploads\/2024\/02\/WhatsApp-Image-2024-02-22-at-08.30.21.jpeg\",\"contentUrl\":\"https:\/\/revistaautobus.com.br\/wp-content\/uploads\/2024\/02\/WhatsApp-Image-2024-02-22-at-08.30.21.jpeg\",\"width\":940,\"height\":788},{\"@type\":\"BreadcrumbList\",\"@id\":\"https:\/\/revistaautobus.com.br\/?p=11331#breadcrumb\",\"itemListElement\":[{\"@type\":\"ListItem\",\"position\":1,\"name\":\"In\u00edcio\",\"item\":\"https:\/\/revistaautobus.com.br\/\"},{\"@type\":\"ListItem\",\"position\":2,\"name\":\"L\u00cdDERES DO SETOR DE TRANSPORTE E LOG\u00cdSTICA SE UNEM PARA EXPLORAR INOVA\u00c7\u00c3O, ESG E TEND\u00caNCIAS EM EVENTO PROMOVIDO PELO \u201cROTA FEMININA EXPERIENCE\u201d\"}]},{\"@type\":\"WebSite\",\"@id\":\"https:\/\/revistaautobus.com.br\/#website\",\"url\":\"https:\/\/revistaautobus.com.br\/\",\"name\":\"Revista AutoBus\",\"description\":\"\",\"publisher\":{\"@id\":\"https:\/\/revistaautobus.com.br\/#organization\"},\"potentialAction\":[{\"@type\":\"SearchAction\",\"target\":{\"@type\":\"EntryPoint\",\"urlTemplate\":\"https:\/\/revistaautobus.com.br\/?s={search_term_string}\"},\"query-input\":{\"@type\":\"PropertyValueSpecification\",\"valueRequired\":true,\"valueName\":\"search_term_string\"}}],\"inLanguage\":\"pt-BR\"},{\"@type\":\"Organization\",\"@id\":\"https:\/\/revistaautobus.com.br\/#organization\",\"name\":\"Revista AutoBus\",\"url\":\"https:\/\/revistaautobus.com.br\/\",\"logo\":{\"@type\":\"ImageObject\",\"inLanguage\":\"pt-BR\",\"@id\":\"https:\/\/revistaautobus.com.br\/#\/schema\/logo\/image\/\",\"url\":\"https:\/\/revistaautobus.com.br\/wp-content\/uploads\/2024\/11\/logo_revista_autobus_fb.png\",\"contentUrl\":\"https:\/\/revistaautobus.com.br\/wp-content\/uploads\/2024\/11\/logo_revista_autobus_fb.png\",\"width\":836,\"height\":227,\"caption\":\"Revista AutoBus\"},\"image\":{\"@id\":\"https:\/\/revistaautobus.com.br\/#\/schema\/logo\/image\/\"},\"sameAs\":[\"https:\/\/www.facebook.com\/antonio.ferro.3150\",\"https:\/\/www.instagram.com\/revistaautobus\/\"]},{\"@type\":\"Person\",\"@id\":\"https:\/\/revistaautobus.com.br\/#\/schema\/person\/54af7c3eb83a310e42ef686ef6d16f50\",\"name\":\"Antonio Ferro\",\"image\":{\"@type\":\"ImageObject\",\"inLanguage\":\"pt-BR\",\"@id\":\"https:\/\/revistaautobus.com.br\/wp-content\/uploads\/2025\/12\/editor_antonio_ferro-150x150.jpg\",\"url\":\"https:\/\/revistaautobus.com.br\/wp-content\/uploads\/2025\/12\/editor_antonio_ferro-150x150.jpg\",\"contentUrl\":\"https:\/\/revistaautobus.com.br\/wp-content\/uploads\/2025\/12\/editor_antonio_ferro-150x150.jpg\",\"caption\":\"Antonio Ferro\"},\"description\":\"infobus@uol.com.br\",\"url\":\"https:\/\/revistaautobus.com.br\/?author=2\"}]}<\/script>\n<!-- \/ Yoast SEO plugin. -->","yoast_head_json":{"title":"L\u00cdDERES DO SETOR DE TRANSPORTE E LOG\u00cdSTICA SE UNEM PARA EXPLORAR INOVA\u00c7\u00c3O, ESG E TEND\u00caNCIAS EM EVENTO PROMOVIDO PELO \u201cROTA FEMININA EXPERIENCE\u201d - Revista AutoBus","robots":{"index":"index","follow":"follow","max-snippet":"max-snippet:-1","max-image-preview":"max-image-preview:large","max-video-preview":"max-video-preview:-1"},"canonical":"https:\/\/revistaautobus.com.br\/?p=11331","og_locale":"pt_BR","og_type":"article","og_title":"L\u00cdDERES DO SETOR DE TRANSPORTE E LOG\u00cdSTICA SE UNEM PARA EXPLORAR INOVA\u00c7\u00c3O, ESG E TEND\u00caNCIAS EM EVENTO PROMOVIDO PELO \u201cROTA FEMININA EXPERIENCE\u201d - Revista AutoBus","og_description":"O evento promete deixar os participantes inspirados e motivados a promover mudan\u00e7as positivas em suas organiza\u00e7\u00f5es","og_url":"https:\/\/revistaautobus.com.br\/?p=11331","og_site_name":"Revista AutoBus","article_publisher":"https:\/\/www.facebook.com\/antonio.ferro.3150","article_published_time":"2024-02-26T12:55:41+00:00","og_image":[{"width":940,"height":788,"url":"https:\/\/revistaautobus.com.br\/wp-content\/uploads\/2024\/02\/WhatsApp-Image-2024-02-22-at-08.30.21.jpeg","type":"image\/jpeg"}],"author":"Antonio Ferro","twitter_card":"summary_large_image","twitter_misc":{"Escrito por":"Antonio Ferro","Est. tempo de leitura":"2 minutos"},"schema":{"@context":"https:\/\/schema.org","@graph":[{"@type":"Article","@id":"https:\/\/revistaautobus.com.br\/?p=11331#article","isPartOf":{"@id":"https:\/\/revistaautobus.com.br\/?p=11331"},"author":{"name":"Antonio Ferro","@id":"https:\/\/revistaautobus.com.br\/#\/schema\/person\/54af7c3eb83a310e42ef686ef6d16f50"},"headline":"L\u00cdDERES DO SETOR DE TRANSPORTE E LOG\u00cdSTICA SE UNEM PARA EXPLORAR INOVA\u00c7\u00c3O, ESG E TEND\u00caNCIAS EM EVENTO PROMOVIDO PELO \u201cROTA FEMININA EXPERIENCE\u201d","datePublished":"2024-02-26T12:55:41+00:00","mainEntityOfPage":{"@id":"https:\/\/revistaautobus.com.br\/?p=11331"},"wordCount":341,"commentCount":0,"publisher":{"@id":"https:\/\/revistaautobus.com.br\/#organization"},"image":{"@id":"https:\/\/revistaautobus.com.br\/?p=11331#primaryimage"},"thumbnailUrl":"https:\/\/revistaautobus.com.br\/wp-content\/uploads\/2024\/02\/WhatsApp-Image-2024-02-22-at-08.30.21.jpeg","keywords":["Movimento Rota Feminina"],"articleSection":["Not\u00edcias","Ponto de Vista"],"inLanguage":"pt-BR","potentialAction":[{"@type":"CommentAction","name":"Comment","target":["https:\/\/revistaautobus.com.br\/?p=11331#respond"]}]},{"@type":"WebPage","@id":"https:\/\/revistaautobus.com.br\/?p=11331","url":"https:\/\/revistaautobus.com.br\/?p=11331","name":"L\u00cdDERES DO SETOR DE TRANSPORTE E LOG\u00cdSTICA SE UNEM PARA EXPLORAR INOVA\u00c7\u00c3O, ESG E TEND\u00caNCIAS EM EVENTO PROMOVIDO PELO \u201cROTA FEMININA EXPERIENCE\u201d - Revista AutoBus","isPartOf":{"@id":"https:\/\/revistaautobus.com.br\/#website"},"primaryImageOfPage":{"@id":"https:\/\/revistaautobus.com.br\/?p=11331#primaryimage"},"image":{"@id":"https:\/\/revistaautobus.com.br\/?p=11331#primaryimage"},"thumbnailUrl":"https:\/\/revistaautobus.com.br\/wp-content\/uploads\/2024\/02\/WhatsApp-Image-2024-02-22-at-08.30.21.jpeg","datePublished":"2024-02-26T12:55:41+00:00","breadcrumb":{"@id":"https:\/\/revistaautobus.com.br\/?p=11331#breadcrumb"},"inLanguage":"pt-BR","potentialAction":[{"@type":"ReadAction","target":["https:\/\/revistaautobus.com.br\/?p=11331"]}]},{"@type":"ImageObject","inLanguage":"pt-BR","@id":"https:\/\/revistaautobus.com.br\/?p=11331#primaryimage","url":"https:\/\/revistaautobus.com.br\/wp-content\/uploads\/2024\/02\/WhatsApp-Image-2024-02-22-at-08.30.21.jpeg","contentUrl":"https:\/\/revistaautobus.com.br\/wp-content\/uploads\/2024\/02\/WhatsApp-Image-2024-02-22-at-08.30.21.jpeg","width":940,"height":788},{"@type":"BreadcrumbList","@id":"https:\/\/revistaautobus.com.br\/?p=11331#breadcrumb","itemListElement":[{"@type":"ListItem","position":1,"name":"In\u00edcio","item":"https:\/\/revistaautobus.com.br\/"},{"@type":"ListItem","position":2,"name":"L\u00cdDERES DO SETOR DE TRANSPORTE E LOG\u00cdSTICA SE UNEM PARA EXPLORAR INOVA\u00c7\u00c3O, ESG E TEND\u00caNCIAS EM EVENTO PROMOVIDO PELO \u201cROTA FEMININA EXPERIENCE\u201d"}]},{"@type":"WebSite","@id":"https:\/\/revistaautobus.com.br\/#website","url":"https:\/\/revistaautobus.com.br\/","name":"Revista AutoBus","description":"","publisher":{"@id":"https:\/\/revistaautobus.com.br\/#organization"},"potentialAction":[{"@type":"SearchAction","target":{"@type":"EntryPoint","urlTemplate":"https:\/\/revistaautobus.com.br\/?s={search_term_string}"},"query-input":{"@type":"PropertyValueSpecification","valueRequired":true,"valueName":"search_term_string"}}],"inLanguage":"pt-BR"},{"@type":"Organization","@id":"https:\/\/revistaautobus.com.br\/#organization","name":"Revista AutoBus","url":"https:\/\/revistaautobus.com.br\/","logo":{"@type":"ImageObject","inLanguage":"pt-BR","@id":"https:\/\/revistaautobus.com.br\/#\/schema\/logo\/image\/","url":"https:\/\/revistaautobus.com.br\/wp-content\/uploads\/2024\/11\/logo_revista_autobus_fb.png","contentUrl":"https:\/\/revistaautobus.com.br\/wp-content\/uploads\/2024\/11\/logo_revista_autobus_fb.png","width":836,"height":227,"caption":"Revista AutoBus"},"image":{"@id":"https:\/\/revistaautobus.com.br\/#\/schema\/logo\/image\/"},"sameAs":["https:\/\/www.facebook.com\/antonio.ferro.3150","https:\/\/www.instagram.com\/revistaautobus\/"]},{"@type":"Person","@id":"https:\/\/revistaautobus.com.br\/#\/schema\/person\/54af7c3eb83a310e42ef686ef6d16f50","name":"Antonio Ferro","image":{"@type":"ImageObject","inLanguage":"pt-BR","@id":"https:\/\/revistaautobus.com.br\/wp-content\/uploads\/2025\/12\/editor_antonio_ferro-150x150.jpg","url":"https:\/\/revistaautobus.com.br\/wp-content\/uploads\/2025\/12\/editor_antonio_ferro-150x150.jpg","contentUrl":"https:\/\/revistaautobus.com.br\/wp-content\/uploads\/2025\/12\/editor_antonio_ferro-150x150.jpg","caption":"Antonio Ferro"},"description":"infobus@uol.com.br","url":"https:\/\/revistaautobus.com.br\/?author=2"}]}},"jetpack_featured_media_url":"https:\/\/revistaautobus.com.br\/wp-content\/uploads\/2024\/02\/WhatsApp-Image-2024-02-22-at-08.30.21.jpeg","jetpack_sharing_enabled":true,"_links":{"self":[{"href":"https:\/\/revistaautobus.com.br\/index.php?rest_route=\/wp\/v2\/posts\/11331","targetHints":{"allow":["GET"]}}],"collection":[{"href":"https:\/\/revistaautobus.com.br\/index.php?rest_route=\/wp\/v2\/posts"}],"about":[{"href":"https:\/\/revistaautobus.com.br\/index.php?rest_route=\/wp\/v2\/types\/post"}],"author":[{"embeddable":true,"href":"https:\/\/revistaautobus.com.br\/index.php?rest_route=\/wp\/v2\/users\/2"}],"replies":[{"embeddable":true,"href":"https:\/\/revistaautobus.com.br\/index.php?rest_route=%2Fwp%2Fv2%2Fcomments&post=11331"}],"version-history":[{"count":3,"href":"https:\/\/revistaautobus.com.br\/index.php?rest_route=\/wp\/v2\/posts\/11331\/revisions"}],"predecessor-version":[{"id":11335,"href":"https:\/\/revistaautobus.com.br\/index.php?rest_route=\/wp\/v2\/posts\/11331\/revisions\/11335"}],"wp:featuredmedia":[{"embeddable":true,"href":"https:\/\/revistaautobus.com.br\/index.php?rest_route=\/wp\/v2\/media\/11332"}],"wp:attachment":[{"href":"https:\/\/revistaautobus.com.br\/index.php?rest_route=%2Fwp%2Fv2%2Fmedia&parent=11331"}],"wp:term":[{"taxonomy":"category","embeddable":true,"href":"https:\/\/revistaautobus.com.br\/index.php?rest_route=%2Fwp%2Fv2%2Fcategories&post=11331"},{"taxonomy":"post_tag","embeddable":true,"href":"https:\/\/revistaautobus.com.br\/index.php?rest_route=%2Fwp%2Fv2%2Ftags&post=11331"}],"curies":[{"name":"wp","href":"https:\/\/api.w.org\/{rel}","templated":true}]}}