{"id":11372,"date":"2024-03-01T10:46:54","date_gmt":"2024-03-01T13:46:54","guid":{"rendered":"https:\/\/revistaautobus.com.br\/?p=11372"},"modified":"2024-03-01T10:46:54","modified_gmt":"2024-03-01T13:46:54","slug":"para-a-volvo-2023-foi-um-ano-de-significativo-crescimento","status":"publish","type":"post","link":"https:\/\/revistaautobus.com.br\/?p=11372","title":{"rendered":"Para a Volvo, 2023 foi um ano de significativo crescimento"},"content":{"rendered":"<p>Apesar de um crescimento total de 6,4%, em 2023, no mercado brasileiro em compara\u00e7\u00e3o ao ano anterior, o que importou mesmo, para a Volvo Buses Latin America, foi a sua expans\u00e3o no segmento rodovi\u00e1rio, que alcan\u00e7ou 60%. Al\u00e9m do Brasil, que representou 55% das vendas na Am\u00e9rica Latina, outros destaques na regi\u00e3o foram o Chile e Peru, que juntos participaram em 30% das 1.275 entregas de \u00f4nibus Volvo no continente.<\/p>\n<p>No mundo, a marca teve uma mudan\u00e7a de neg\u00f3cios, precisamente no mercado europeu, em que deixou de produzir ve\u00edculos integrais (completos), para se concentrar, apenas, na fabrica\u00e7\u00e3o de chassis, formando parcerias com as empresas MCV, do Egito, e Sunsundegui, da Espanha, para o encarro\u00e7amento dos modelos urbanos e rodovi\u00e1rios. Em termos de volumes, foram entregues 5.773 unidades durante o ano que passou.<\/p>\n<p>Por aqui, os neg\u00f3cios foram expressivos. Andr\u00e9 Marques, presidente da Volvo Buses Latin America, disse que 2023 foi um ano hist\u00f3rico, com excelentes resultados no mercado brasileiro. \u201cComercializamos 700 unidades no ano passado. Destaco os 60% de crescimento vindo do setor rodovi\u00e1rio, fruto do reconhecimento aos atributos nos nossos novos chassis rodovi\u00e1rios Euro VI, altamente tecnol\u00f3gicos. Al\u00e9m disso, a seguran\u00e7a \u00e9 um outro aspecto que investimos demais, sempre preocupados em oferecer ve\u00edculos de \u00faltima gera\u00e7\u00e3o\u201d, afirmou.<\/p>\n<p>Durante a coletiva de imprensa, o executivo, tamb\u00e9m, refor\u00e7ou a presen\u00e7a da marca na eletrifica\u00e7\u00e3o dos sistemas de transporte coletivo urbano, por meio de seu chassi BZL El\u00e9trico, e que est\u00e1 sendo demonstrado pelo Brasil e j\u00e1 e produzido aqui. De acordo com a Volvo, seu modelo se destaca por sua alta efici\u00eancia energ\u00e9tica, excelente tempo de recarga das baterias e grande disponibilidade, dentre outras caracter\u00edsticas que est\u00e3o sendo avaliadas. \u201cAs avalia\u00e7\u00f5es em diversas cidades brasileiras t\u00eam sido bem interessantes, mostrando todas as vantagens de nosso chassi BZL, que potencializa novos neg\u00f3cios para este ano\u201d, observou Andr\u00e9.<\/p>\n<p><img loading=\"lazy\" decoding=\"async\" class=\"alignnone wp-image-11375 size-full\" src=\"https:\/\/revistaautobus.com.br\/wp-content\/uploads\/2024\/03\/IMG_20240228_105413335-1.jpg\" alt=\"\" width=\"1000\" height=\"750\" srcset=\"https:\/\/revistaautobus.com.br\/wp-content\/uploads\/2024\/03\/IMG_20240228_105413335-1.jpg 1000w, https:\/\/revistaautobus.com.br\/wp-content\/uploads\/2024\/03\/IMG_20240228_105413335-1-300x225.jpg 300w, https:\/\/revistaautobus.com.br\/wp-content\/uploads\/2024\/03\/IMG_20240228_105413335-1-768x576.jpg 768w\" sizes=\"(max-width: 1000px) 100vw, 1000px\" \/><\/p>\n<p>Contudo, o presidente da Volvo Buses AL ressaltou que o tema necessita levar em considera\u00e7\u00e3o outros itens envolvidos com a pr\u00f3pria eletrifica\u00e7\u00e3o, como no caso, a infraestrutura essencial para o abastecimento dos ve\u00edculos el\u00e9tricos. \u201cA eletrifica\u00e7\u00e3o da frota requer investimentos e planejamento que visem uma transi\u00e7\u00e3o energ\u00e9tica gradual, numa jornada que envolve solu\u00e7\u00f5es completas. J\u00e1 temos a tecnologia veicular, comprovada e eficiente. Precisamos, sim, formar parcerias em todos os aspectos para a opera\u00e7\u00e3o dos \u00f4nibus el\u00e9tricos\u201d, explicou Marques.<\/p>\n<p>Al\u00e9m do Brasil, Chile e Col\u00f4mbia ir\u00e3o ter avalia\u00e7\u00f5es do modelo el\u00e9trico a baterias dentro dos pr\u00f3ximos dias.<\/p>\n<p>Quanto ao mercado rodovi\u00e1rio, a montadora est\u00e1 confiante com o an\u00fancio das associadas da Abrati que pretendem investir R$ 3.6 bilh\u00f5es na renova\u00e7\u00e3o da frota, ap\u00f3s o an\u00fancio da publica\u00e7\u00e3o do Marco Regulat\u00f3rio que d\u00e1 ao setor, mais seguran\u00e7a. Paulo Arabian, diretor Comercial da Volvo Buses LA, disse que o setor est\u00e1 necessitando dessa renova\u00e7\u00e3o em fun\u00e7\u00e3o de diversos aspectos, como o pr\u00f3prio envelhecimento da frota e dos investimentos para a moderniza\u00e7\u00e3o dos servi\u00e7os. \u201cEstamos olhando com bons olhos esse an\u00fancio. A pandemia foi muito severa, o que causou o envelhecimento da frota, que prejudica toda a efici\u00eancia do setor, n\u00e3o entregando uma experi\u00eancia de viagem \u00e0 um passageiro cada vez mais exigente quanto ao n\u00edvel de servi\u00e7os. Al\u00e9m disso, os pre\u00e7os das passagens a\u00e9reas est\u00e3o elevados, fazendo com que a procura pelas passagens rodovi\u00e1rias cres\u00e7a e o segmento tur\u00edstico acompanhe esse fator. E, a pr\u00f3pria situa\u00e7\u00e3o econ\u00f4mica brasileira anima esses investimentos\u201d, destacou o executivo.<\/p>\n<p>Arabian, tamb\u00e9m, comentou que a Volvo est\u00e1 preparada para atender os operadores por meio de sua gama de chassis, considerada por ela a mais moderna do mercado, equipada com motores de 13 litros (nas vers\u00f5es 4&#215;2, 6&#215;2 e 8&#215;2) e de 8 litros (4&#215;2), tendo pacotes de seguran\u00e7a e gest\u00e3o operacional que proporcionam viagens mais c\u00f4modas e eficientes. \u201cIntensificamos nosso plano de produ\u00e7\u00e3o, com produtos cada vez mais modernos e com alto rendimento. Vamos atender com toda a aten\u00e7\u00e3o os nossos clientes que necessitam de ve\u00edculos de \u00faltima gera\u00e7\u00e3o. Destaco, nessa nova plataforma de chassis, a economia de combust\u00edvel, o longo per\u00edodo de troca de \u00f3leo (a partir de 100 mil km), o conforto, a seguran\u00e7a e os sistemas de controle operacional dispostos para o transportador\u201d, afirmou.<\/p>\n<p>Quanto a 2024, no mercado geral, a Volvo espera um crescimento de 20%. Estimativas de neg\u00f3cios, como j\u00e1 dito, com o transporte rodovi\u00e1rio e com os sistemas urbanos, por interm\u00e9dio da eletromobilidade. As elei\u00e7\u00f5es municipais que ocorrer\u00e3o neste ano podem ser um grande est\u00edmulo para o mercado de \u00f4nibus. A fabricante anunciou um novo ciclo de investimentos, entre 2023 e 2025, de R$ 1,5 bilh\u00e3o, como forma de proporcionar inova\u00e7\u00f5es, melhores ve\u00edculos, tecnologia e solu\u00e7\u00f5es relacionadas com o transporte.<\/p>\n<p>Imagens &#8211; Revista AutoBus e Divulga\u00e7\u00e3o<\/p>\n","protected":false},"excerpt":{"rendered":"<p>A retomada das viagens rodovi\u00e1rias deram \u00e2nimo ao setor produtivo<\/p>\n","protected":false},"author":2,"featured_media":11373,"comment_status":"open","ping_status":"open","sticky":false,"template":"","format":"standard","meta":{"_et_pb_use_builder":"","_et_pb_old_content":"","_et_gb_content_width":"","_jetpack_memberships_contains_paid_content":false,"footnotes":""},"categories":[7,10,80],"tags":[331],"class_list":["post-11372","post","type-post","status-publish","format-standard","has-post-thumbnail","hentry","category-mobilidade-urbana","category-montadoras","category-transporte-rodoviario","tag-volvo-buses-la","et-has-post-format-content","et_post_format-et-post-format-standard"],"yoast_head":"<!-- This site is optimized with the Yoast SEO plugin v27.2 - https:\/\/yoast.com\/product\/yoast-seo-wordpress\/ -->\n<title>Para a Volvo, 2023 foi um ano de significativo crescimento - Revista AutoBus<\/title>\n<meta name=\"robots\" content=\"index, follow, max-snippet:-1, max-image-preview:large, max-video-preview:-1\" \/>\n<link rel=\"canonical\" href=\"https:\/\/revistaautobus.com.br\/?p=11372\" \/>\n<meta property=\"og:locale\" content=\"pt_BR\" \/>\n<meta property=\"og:type\" content=\"article\" \/>\n<meta property=\"og:title\" content=\"Para a Volvo, 2023 foi um ano de significativo crescimento - Revista AutoBus\" \/>\n<meta property=\"og:description\" content=\"A retomada das viagens rodovi\u00e1rias deram \u00e2nimo ao setor produtivo\" \/>\n<meta property=\"og:url\" content=\"https:\/\/revistaautobus.com.br\/?p=11372\" \/>\n<meta property=\"og:site_name\" content=\"Revista AutoBus\" \/>\n<meta property=\"article:publisher\" content=\"https:\/\/www.facebook.com\/antonio.ferro.3150\" \/>\n<meta property=\"article:published_time\" content=\"2024-03-01T13:46:54+00:00\" \/>\n<meta property=\"og:image\" content=\"https:\/\/revistaautobus.com.br\/wp-content\/uploads\/2024\/03\/Untitled-1-1.jpg\" \/>\n\t<meta property=\"og:image:width\" content=\"1000\" \/>\n\t<meta property=\"og:image:height\" content=\"666\" \/>\n\t<meta property=\"og:image:type\" content=\"image\/jpeg\" \/>\n<meta name=\"author\" content=\"Antonio Ferro\" \/>\n<meta name=\"twitter:card\" content=\"summary_large_image\" \/>\n<meta name=\"twitter:label1\" content=\"Escrito por\" \/>\n\t<meta name=\"twitter:data1\" content=\"Antonio Ferro\" \/>\n\t<meta name=\"twitter:label2\" content=\"Est. tempo de leitura\" \/>\n\t<meta name=\"twitter:data2\" content=\"4 minutos\" \/>\n<script type=\"application\/ld+json\" class=\"yoast-schema-graph\">{\"@context\":\"https:\/\/schema.org\",\"@graph\":[{\"@type\":\"Article\",\"@id\":\"https:\/\/revistaautobus.com.br\/?p=11372#article\",\"isPartOf\":{\"@id\":\"https:\/\/revistaautobus.com.br\/?p=11372\"},\"author\":{\"name\":\"Antonio Ferro\",\"@id\":\"https:\/\/revistaautobus.com.br\/#\/schema\/person\/54af7c3eb83a310e42ef686ef6d16f50\"},\"headline\":\"Para a Volvo, 2023 foi um ano de significativo crescimento\",\"datePublished\":\"2024-03-01T13:46:54+00:00\",\"mainEntityOfPage\":{\"@id\":\"https:\/\/revistaautobus.com.br\/?p=11372\"},\"wordCount\":860,\"commentCount\":0,\"publisher\":{\"@id\":\"https:\/\/revistaautobus.com.br\/#organization\"},\"image\":{\"@id\":\"https:\/\/revistaautobus.com.br\/?p=11372#primaryimage\"},\"thumbnailUrl\":\"https:\/\/revistaautobus.com.br\/wp-content\/uploads\/2024\/03\/Untitled-1-1.jpg\",\"keywords\":[\"Volvo Buses LA\"],\"articleSection\":[\"Mobilidade Urbana\",\"Montadoras\",\"Transporte rodovi\u00e1rio\"],\"inLanguage\":\"pt-BR\",\"potentialAction\":[{\"@type\":\"CommentAction\",\"name\":\"Comment\",\"target\":[\"https:\/\/revistaautobus.com.br\/?p=11372#respond\"]}]},{\"@type\":\"WebPage\",\"@id\":\"https:\/\/revistaautobus.com.br\/?p=11372\",\"url\":\"https:\/\/revistaautobus.com.br\/?p=11372\",\"name\":\"Para a Volvo, 2023 foi um ano de significativo crescimento - Revista AutoBus\",\"isPartOf\":{\"@id\":\"https:\/\/revistaautobus.com.br\/#website\"},\"primaryImageOfPage\":{\"@id\":\"https:\/\/revistaautobus.com.br\/?p=11372#primaryimage\"},\"image\":{\"@id\":\"https:\/\/revistaautobus.com.br\/?p=11372#primaryimage\"},\"thumbnailUrl\":\"https:\/\/revistaautobus.com.br\/wp-content\/uploads\/2024\/03\/Untitled-1-1.jpg\",\"datePublished\":\"2024-03-01T13:46:54+00:00\",\"breadcrumb\":{\"@id\":\"https:\/\/revistaautobus.com.br\/?p=11372#breadcrumb\"},\"inLanguage\":\"pt-BR\",\"potentialAction\":[{\"@type\":\"ReadAction\",\"target\":[\"https:\/\/revistaautobus.com.br\/?p=11372\"]}]},{\"@type\":\"ImageObject\",\"inLanguage\":\"pt-BR\",\"@id\":\"https:\/\/revistaautobus.com.br\/?p=11372#primaryimage\",\"url\":\"https:\/\/revistaautobus.com.br\/wp-content\/uploads\/2024\/03\/Untitled-1-1.jpg\",\"contentUrl\":\"https:\/\/revistaautobus.com.br\/wp-content\/uploads\/2024\/03\/Untitled-1-1.jpg\",\"width\":1000,\"height\":666},{\"@type\":\"BreadcrumbList\",\"@id\":\"https:\/\/revistaautobus.com.br\/?p=11372#breadcrumb\",\"itemListElement\":[{\"@type\":\"ListItem\",\"position\":1,\"name\":\"In\u00edcio\",\"item\":\"https:\/\/revistaautobus.com.br\/\"},{\"@type\":\"ListItem\",\"position\":2,\"name\":\"Para a Volvo, 2023 foi um ano de significativo crescimento\"}]},{\"@type\":\"WebSite\",\"@id\":\"https:\/\/revistaautobus.com.br\/#website\",\"url\":\"https:\/\/revistaautobus.com.br\/\",\"name\":\"Revista AutoBus\",\"description\":\"\",\"publisher\":{\"@id\":\"https:\/\/revistaautobus.com.br\/#organization\"},\"potentialAction\":[{\"@type\":\"SearchAction\",\"target\":{\"@type\":\"EntryPoint\",\"urlTemplate\":\"https:\/\/revistaautobus.com.br\/?s={search_term_string}\"},\"query-input\":{\"@type\":\"PropertyValueSpecification\",\"valueRequired\":true,\"valueName\":\"search_term_string\"}}],\"inLanguage\":\"pt-BR\"},{\"@type\":\"Organization\",\"@id\":\"https:\/\/revistaautobus.com.br\/#organization\",\"name\":\"Revista AutoBus\",\"url\":\"https:\/\/revistaautobus.com.br\/\",\"logo\":{\"@type\":\"ImageObject\",\"inLanguage\":\"pt-BR\",\"@id\":\"https:\/\/revistaautobus.com.br\/#\/schema\/logo\/image\/\",\"url\":\"https:\/\/revistaautobus.com.br\/wp-content\/uploads\/2024\/11\/logo_revista_autobus_fb.png\",\"contentUrl\":\"https:\/\/revistaautobus.com.br\/wp-content\/uploads\/2024\/11\/logo_revista_autobus_fb.png\",\"width\":836,\"height\":227,\"caption\":\"Revista AutoBus\"},\"image\":{\"@id\":\"https:\/\/revistaautobus.com.br\/#\/schema\/logo\/image\/\"},\"sameAs\":[\"https:\/\/www.facebook.com\/antonio.ferro.3150\",\"https:\/\/www.instagram.com\/revistaautobus\/\"]},{\"@type\":\"Person\",\"@id\":\"https:\/\/revistaautobus.com.br\/#\/schema\/person\/54af7c3eb83a310e42ef686ef6d16f50\",\"name\":\"Antonio Ferro\",\"image\":{\"@type\":\"ImageObject\",\"inLanguage\":\"pt-BR\",\"@id\":\"https:\/\/revistaautobus.com.br\/wp-content\/uploads\/2025\/12\/editor_antonio_ferro-150x150.jpg\",\"url\":\"https:\/\/revistaautobus.com.br\/wp-content\/uploads\/2025\/12\/editor_antonio_ferro-150x150.jpg\",\"contentUrl\":\"https:\/\/revistaautobus.com.br\/wp-content\/uploads\/2025\/12\/editor_antonio_ferro-150x150.jpg\",\"caption\":\"Antonio Ferro\"},\"description\":\"infobus@uol.com.br\",\"url\":\"https:\/\/revistaautobus.com.br\/?author=2\"}]}<\/script>\n<!-- \/ Yoast SEO plugin. -->","yoast_head_json":{"title":"Para a Volvo, 2023 foi um ano de significativo crescimento - Revista AutoBus","robots":{"index":"index","follow":"follow","max-snippet":"max-snippet:-1","max-image-preview":"max-image-preview:large","max-video-preview":"max-video-preview:-1"},"canonical":"https:\/\/revistaautobus.com.br\/?p=11372","og_locale":"pt_BR","og_type":"article","og_title":"Para a Volvo, 2023 foi um ano de significativo crescimento - Revista AutoBus","og_description":"A retomada das viagens rodovi\u00e1rias deram \u00e2nimo ao setor produtivo","og_url":"https:\/\/revistaautobus.com.br\/?p=11372","og_site_name":"Revista AutoBus","article_publisher":"https:\/\/www.facebook.com\/antonio.ferro.3150","article_published_time":"2024-03-01T13:46:54+00:00","og_image":[{"width":1000,"height":666,"url":"https:\/\/revistaautobus.com.br\/wp-content\/uploads\/2024\/03\/Untitled-1-1.jpg","type":"image\/jpeg"}],"author":"Antonio Ferro","twitter_card":"summary_large_image","twitter_misc":{"Escrito por":"Antonio Ferro","Est. tempo de leitura":"4 minutos"},"schema":{"@context":"https:\/\/schema.org","@graph":[{"@type":"Article","@id":"https:\/\/revistaautobus.com.br\/?p=11372#article","isPartOf":{"@id":"https:\/\/revistaautobus.com.br\/?p=11372"},"author":{"name":"Antonio Ferro","@id":"https:\/\/revistaautobus.com.br\/#\/schema\/person\/54af7c3eb83a310e42ef686ef6d16f50"},"headline":"Para a Volvo, 2023 foi um ano de significativo crescimento","datePublished":"2024-03-01T13:46:54+00:00","mainEntityOfPage":{"@id":"https:\/\/revistaautobus.com.br\/?p=11372"},"wordCount":860,"commentCount":0,"publisher":{"@id":"https:\/\/revistaautobus.com.br\/#organization"},"image":{"@id":"https:\/\/revistaautobus.com.br\/?p=11372#primaryimage"},"thumbnailUrl":"https:\/\/revistaautobus.com.br\/wp-content\/uploads\/2024\/03\/Untitled-1-1.jpg","keywords":["Volvo Buses LA"],"articleSection":["Mobilidade Urbana","Montadoras","Transporte rodovi\u00e1rio"],"inLanguage":"pt-BR","potentialAction":[{"@type":"CommentAction","name":"Comment","target":["https:\/\/revistaautobus.com.br\/?p=11372#respond"]}]},{"@type":"WebPage","@id":"https:\/\/revistaautobus.com.br\/?p=11372","url":"https:\/\/revistaautobus.com.br\/?p=11372","name":"Para a Volvo, 2023 foi um ano de significativo crescimento - Revista AutoBus","isPartOf":{"@id":"https:\/\/revistaautobus.com.br\/#website"},"primaryImageOfPage":{"@id":"https:\/\/revistaautobus.com.br\/?p=11372#primaryimage"},"image":{"@id":"https:\/\/revistaautobus.com.br\/?p=11372#primaryimage"},"thumbnailUrl":"https:\/\/revistaautobus.com.br\/wp-content\/uploads\/2024\/03\/Untitled-1-1.jpg","datePublished":"2024-03-01T13:46:54+00:00","breadcrumb":{"@id":"https:\/\/revistaautobus.com.br\/?p=11372#breadcrumb"},"inLanguage":"pt-BR","potentialAction":[{"@type":"ReadAction","target":["https:\/\/revistaautobus.com.br\/?p=11372"]}]},{"@type":"ImageObject","inLanguage":"pt-BR","@id":"https:\/\/revistaautobus.com.br\/?p=11372#primaryimage","url":"https:\/\/revistaautobus.com.br\/wp-content\/uploads\/2024\/03\/Untitled-1-1.jpg","contentUrl":"https:\/\/revistaautobus.com.br\/wp-content\/uploads\/2024\/03\/Untitled-1-1.jpg","width":1000,"height":666},{"@type":"BreadcrumbList","@id":"https:\/\/revistaautobus.com.br\/?p=11372#breadcrumb","itemListElement":[{"@type":"ListItem","position":1,"name":"In\u00edcio","item":"https:\/\/revistaautobus.com.br\/"},{"@type":"ListItem","position":2,"name":"Para a Volvo, 2023 foi um ano de significativo crescimento"}]},{"@type":"WebSite","@id":"https:\/\/revistaautobus.com.br\/#website","url":"https:\/\/revistaautobus.com.br\/","name":"Revista AutoBus","description":"","publisher":{"@id":"https:\/\/revistaautobus.com.br\/#organization"},"potentialAction":[{"@type":"SearchAction","target":{"@type":"EntryPoint","urlTemplate":"https:\/\/revistaautobus.com.br\/?s={search_term_string}"},"query-input":{"@type":"PropertyValueSpecification","valueRequired":true,"valueName":"search_term_string"}}],"inLanguage":"pt-BR"},{"@type":"Organization","@id":"https:\/\/revistaautobus.com.br\/#organization","name":"Revista AutoBus","url":"https:\/\/revistaautobus.com.br\/","logo":{"@type":"ImageObject","inLanguage":"pt-BR","@id":"https:\/\/revistaautobus.com.br\/#\/schema\/logo\/image\/","url":"https:\/\/revistaautobus.com.br\/wp-content\/uploads\/2024\/11\/logo_revista_autobus_fb.png","contentUrl":"https:\/\/revistaautobus.com.br\/wp-content\/uploads\/2024\/11\/logo_revista_autobus_fb.png","width":836,"height":227,"caption":"Revista AutoBus"},"image":{"@id":"https:\/\/revistaautobus.com.br\/#\/schema\/logo\/image\/"},"sameAs":["https:\/\/www.facebook.com\/antonio.ferro.3150","https:\/\/www.instagram.com\/revistaautobus\/"]},{"@type":"Person","@id":"https:\/\/revistaautobus.com.br\/#\/schema\/person\/54af7c3eb83a310e42ef686ef6d16f50","name":"Antonio Ferro","image":{"@type":"ImageObject","inLanguage":"pt-BR","@id":"https:\/\/revistaautobus.com.br\/wp-content\/uploads\/2025\/12\/editor_antonio_ferro-150x150.jpg","url":"https:\/\/revistaautobus.com.br\/wp-content\/uploads\/2025\/12\/editor_antonio_ferro-150x150.jpg","contentUrl":"https:\/\/revistaautobus.com.br\/wp-content\/uploads\/2025\/12\/editor_antonio_ferro-150x150.jpg","caption":"Antonio Ferro"},"description":"infobus@uol.com.br","url":"https:\/\/revistaautobus.com.br\/?author=2"}]}},"jetpack_featured_media_url":"https:\/\/revistaautobus.com.br\/wp-content\/uploads\/2024\/03\/Untitled-1-1.jpg","jetpack_sharing_enabled":true,"_links":{"self":[{"href":"https:\/\/revistaautobus.com.br\/index.php?rest_route=\/wp\/v2\/posts\/11372","targetHints":{"allow":["GET"]}}],"collection":[{"href":"https:\/\/revistaautobus.com.br\/index.php?rest_route=\/wp\/v2\/posts"}],"about":[{"href":"https:\/\/revistaautobus.com.br\/index.php?rest_route=\/wp\/v2\/types\/post"}],"author":[{"embeddable":true,"href":"https:\/\/revistaautobus.com.br\/index.php?rest_route=\/wp\/v2\/users\/2"}],"replies":[{"embeddable":true,"href":"https:\/\/revistaautobus.com.br\/index.php?rest_route=%2Fwp%2Fv2%2Fcomments&post=11372"}],"version-history":[{"count":3,"href":"https:\/\/revistaautobus.com.br\/index.php?rest_route=\/wp\/v2\/posts\/11372\/revisions"}],"predecessor-version":[{"id":11378,"href":"https:\/\/revistaautobus.com.br\/index.php?rest_route=\/wp\/v2\/posts\/11372\/revisions\/11378"}],"wp:featuredmedia":[{"embeddable":true,"href":"https:\/\/revistaautobus.com.br\/index.php?rest_route=\/wp\/v2\/media\/11373"}],"wp:attachment":[{"href":"https:\/\/revistaautobus.com.br\/index.php?rest_route=%2Fwp%2Fv2%2Fmedia&parent=11372"}],"wp:term":[{"taxonomy":"category","embeddable":true,"href":"https:\/\/revistaautobus.com.br\/index.php?rest_route=%2Fwp%2Fv2%2Fcategories&post=11372"},{"taxonomy":"post_tag","embeddable":true,"href":"https:\/\/revistaautobus.com.br\/index.php?rest_route=%2Fwp%2Fv2%2Ftags&post=11372"}],"curies":[{"name":"wp","href":"https:\/\/api.w.org\/{rel}","templated":true}]}}