{"id":11379,"date":"2024-03-01T10:52:11","date_gmt":"2024-03-01T13:52:11","guid":{"rendered":"https:\/\/revistaautobus.com.br\/?p=11379"},"modified":"2024-03-06T10:34:15","modified_gmt":"2024-03-06T13:34:15","slug":"marcopolo-quer-ampliar-sua-participacao-no-mexico","status":"publish","type":"post","link":"https:\/\/revistaautobus.com.br\/?p=11379","title":{"rendered":"Marcopolo quer ampliar sua participa\u00e7\u00e3o no M\u00e9xico"},"content":{"rendered":"<p>A Expo Foro 2024, exposi\u00e7\u00e3o mexicana voltada para o transporte comercial sobre pneus, foi pano de fundo para a fabricante brasileira, Marcopolo, e seu an\u00fancio da fabrica\u00e7\u00e3o local dos ve\u00edculos Torino el\u00e9trico e Paradiso G8, nas vers\u00f5es Paradiso 1200 e Paradiso 1350. Outro destaque foi a apresenta\u00e7\u00e3o do modelo Boxer, \u00f4nibus com <em>design<\/em> exclusivo para o mercado local.<\/p>\n<p>Ao todo, estiveram expostos, no estande da marca, dois modelos rodovi\u00e1rios da Gera\u00e7\u00e3o 8, &#8211; o Paradiso G8 1800 DD e Paradiso G8 1350, este \u00faltimo ser\u00e1 fabricado no M\u00e9xico \u2013, e dois modelos urbanos, um Torino 100% el\u00e9trico, primeiro modelo el\u00e9trico produzido pela Marcopolo no pa\u00eds e a nova gera\u00e7\u00e3o do Boxer. Outras unidades ficaram expostas em estandes da Daimler, o rodovi\u00e1rio Paradiso G8 1200, um urbano Torino convencional, com tecnologia BlueTec Euro VI e um urbano Boxer, com novo <em>design<\/em> e o primeiro com tecnologia Mercedes-Benz Evolution\/Euro VI. J\u00e1 no estande da Scania, foram mostrados um Paradiso 1600 G8 e um Torino com motor traseiro. E, no estande da Volkswagen\/MAN, um Torino Low Entry e um micro-\u00f4nibus Senior.<\/p>\n<div id=\"attachment_11381\" style=\"width: 1034px\" class=\"wp-caption alignnone\"><img loading=\"lazy\" decoding=\"async\" aria-describedby=\"caption-attachment-11381\" class=\"wp-image-11381 size-large\" src=\"https:\/\/revistaautobus.com.br\/wp-content\/uploads\/2024\/03\/27022024-Marcopolo-Mexico_1-1024x575.jpg\" alt=\"\" width=\"1024\" height=\"575\" srcset=\"https:\/\/revistaautobus.com.br\/wp-content\/uploads\/2024\/03\/27022024-Marcopolo-Mexico_1-1024x575.jpg 1024w, https:\/\/revistaautobus.com.br\/wp-content\/uploads\/2024\/03\/27022024-Marcopolo-Mexico_1-300x169.jpg 300w, https:\/\/revistaautobus.com.br\/wp-content\/uploads\/2024\/03\/27022024-Marcopolo-Mexico_1-768x431.jpg 768w, https:\/\/revistaautobus.com.br\/wp-content\/uploads\/2024\/03\/27022024-Marcopolo-Mexico_1-1536x863.jpg 1536w, https:\/\/revistaautobus.com.br\/wp-content\/uploads\/2024\/03\/27022024-Marcopolo-Mexico_1-2048x1151.jpg 2048w, https:\/\/revistaautobus.com.br\/wp-content\/uploads\/2024\/03\/27022024-Marcopolo-Mexico_1-1080x607.jpg 1080w\" sizes=\"(max-width: 1024px) 100vw, 1024px\" \/><p id=\"caption-attachment-11381\" class=\"wp-caption-text\"><span style=\"color: #ff6600;\"><em><strong>A gama Boxer foi renovada<\/strong><\/em><\/span><\/p><\/div>\n<p>A Marcopolo M\u00e9xico celebra seus 25 anos de atua\u00e7\u00e3o local. A unidade de Garcia, localizada na cidade de Monterrey, no estado de Nuevo Leon, aplica tecnologia de ponta para a fabrica\u00e7\u00e3o e montagem de carrocerias, com ergonomia, efici\u00eancia e produtividade, al\u00e9m de possuir o maior portf\u00f3lio de produtos do mercado, desde um micro-\u00f4nibus at\u00e9 o rodovi\u00e1rio<em> Double Decke<\/em>r. S\u00e3o, cerca, de 37 mil unidades produzidas ao longo desse tempo. \u201cOs 25 anos da Marcopolo no M\u00e9xico \u00e9 resultado de muito esfor\u00e7o, dedica\u00e7\u00e3o e empenho de todos os nossos colaboradores, aliados \u00e0 confian\u00e7a dos nossos clientes e parceiros, pois sem eles n\u00e3o ter\u00edamos alcan\u00e7ado esta marca\u201d, disse Lucas Brancher Gabardo, gestor-geral da Marcopolo M\u00e9xico.<\/p>\n<p>Dentre os ve\u00edculos expostos, o modelo Boxer chega \u00e0 sua quarta gera\u00e7\u00e3o e \u00e9 um dos modelos de maior sucesso no pa\u00eds. Ele tem nova vers\u00e3o com mudan\u00e7as de <em>design<\/em> e estrutural, com linhas limpas e din\u00e2micas, consolidando a sua lideran\u00e7a ao introduzir um visual mais atraente e facilidade de manuten\u00e7\u00e3o. \u201cUm dos pontos mais importantes do Boxer Gera\u00e7\u00e3o 4 \u00e9 o novo conceito de projeto, com estrutura mais leve e resistente, com novas ligas especiais de a\u00e7o desenvolvidas por fornecedores locais. Essa evolu\u00e7\u00e3o garante menor peso total do ve\u00edculo e proporciona ganhos de efici\u00eancia, redu\u00e7\u00e3o de consumo de combust\u00edvel e emiss\u00f5es. J\u00e1 s\u00e3o mais de 400 pedidos feitos dessa nova vers\u00e3o\u201d, ressaltou Gabardo.<\/p>\n<p>Durante a mostra, foi anunciado o in\u00edcio da produ\u00e7\u00e3o dos modelos de \u00f4nibus rodovi\u00e1rios da Gera\u00e7\u00e3o 8 em territ\u00f3rio mexicano. Dessa maneira, a unidade est\u00e1 habilitada para fabrica\u00e7\u00e3o dos mais modernos ve\u00edculos da marca. Essa gama \u00e9 comercializada no M\u00e9xico desde 2022, sendo importada do Brasil em sistema PKD, com a montagem final da carro\u00e7aria no chassi realizada localmente.<\/p>\n<p><img loading=\"lazy\" decoding=\"async\" class=\"alignnone wp-image-11449 size-large\" src=\"https:\/\/revistaautobus.com.br\/wp-content\/uploads\/2024\/03\/Ficha-Tecnica-Marcopolo-Expo-Foro-1024x739.jpg\" alt=\"\" width=\"1024\" height=\"739\" srcset=\"https:\/\/revistaautobus.com.br\/wp-content\/uploads\/2024\/03\/Ficha-Tecnica-Marcopolo-Expo-Foro-1024x739.jpg 1024w, https:\/\/revistaautobus.com.br\/wp-content\/uploads\/2024\/03\/Ficha-Tecnica-Marcopolo-Expo-Foro-300x217.jpg 300w, https:\/\/revistaautobus.com.br\/wp-content\/uploads\/2024\/03\/Ficha-Tecnica-Marcopolo-Expo-Foro-768x555.jpg 768w, https:\/\/revistaautobus.com.br\/wp-content\/uploads\/2024\/03\/Ficha-Tecnica-Marcopolo-Expo-Foro-1080x780.jpg 1080w, https:\/\/revistaautobus.com.br\/wp-content\/uploads\/2024\/03\/Ficha-Tecnica-Marcopolo-Expo-Foro.jpg 1090w\" sizes=\"(max-width: 1024px) 100vw, 1024px\" \/><\/p>\n<p>De acordo com a Marcopolo, sua Gera\u00e7\u00e3o 8 representa um avan\u00e7o em inova\u00e7\u00e3o, com padr\u00f5es \u00fanicos de seguran\u00e7a, conforto, conectividade, dirigibilidade e ergonomia para passageiros e motoristas, sendo que as diversas vers\u00f5es de sues \u00f4nibus da linha rodovi\u00e1ria foram desenvolvidas para os modelos de chassis das principais montadoras presentes no mercado mexicano. \u201cA fam\u00edlia G8 j\u00e1 \u00e9 um sucesso de vendas e ultrapassa a marca de 3 mil unidades vendidas, em dois anos e meio de exist\u00eancia. O conforto, seguran\u00e7a e o baixo custo de manuten\u00e7\u00e3o est\u00e3o entre os diferenciais dos \u00f4nibus para o mercado rodovi\u00e1rio\u201d, salientou Gabardo.<\/p>\n<p>O executivo, tamb\u00e9m, lembrou que a Marcopolo cria solu\u00e7\u00f5es de transporte inovadoras para clientes, passageiros, colaboradores e parceiros de neg\u00f3cio. &#8220;A Gera\u00e7\u00e3o 8 traz um conceito que torna os \u00f4nibus mais seguros, confort\u00e1veis, eficientes, rent\u00e1veis e capazes de transformar positivamente a experi\u00eancia de viagem\u201d, finalizou.<\/p>\n<p>Veja, abaixo, mais algumas imagens dos \u00f4nibus Marcopolo expostos no sal\u00e3o mexicano<\/p>\n<p><img loading=\"lazy\" decoding=\"async\" class=\"alignnone wp-image-11404 size-large\" src=\"https:\/\/revistaautobus.com.br\/wp-content\/uploads\/2024\/03\/Estande-1024x768.jpg\" alt=\"\" width=\"1024\" height=\"768\" srcset=\"https:\/\/revistaautobus.com.br\/wp-content\/uploads\/2024\/03\/Estande-1024x768.jpg 1024w, https:\/\/revistaautobus.com.br\/wp-content\/uploads\/2024\/03\/Estande-300x225.jpg 300w, https:\/\/revistaautobus.com.br\/wp-content\/uploads\/2024\/03\/Estande-768x576.jpg 768w, https:\/\/revistaautobus.com.br\/wp-content\/uploads\/2024\/03\/Estande-1080x810.jpg 1080w, https:\/\/revistaautobus.com.br\/wp-content\/uploads\/2024\/03\/Estande.jpg 1280w\" sizes=\"(max-width: 1024px) 100vw, 1024px\" \/><\/p>\n<p><img loading=\"lazy\" decoding=\"async\" class=\"alignnone wp-image-11405 size-large\" src=\"https:\/\/revistaautobus.com.br\/wp-content\/uploads\/2024\/03\/WhatsApp-Image-2024-02-28-at-14.54.41-1024x768.jpeg\" alt=\"\" width=\"1024\" height=\"768\" srcset=\"https:\/\/revistaautobus.com.br\/wp-content\/uploads\/2024\/03\/WhatsApp-Image-2024-02-28-at-14.54.41-1024x768.jpeg 1024w, https:\/\/revistaautobus.com.br\/wp-content\/uploads\/2024\/03\/WhatsApp-Image-2024-02-28-at-14.54.41-300x225.jpeg 300w, https:\/\/revistaautobus.com.br\/wp-content\/uploads\/2024\/03\/WhatsApp-Image-2024-02-28-at-14.54.41-768x576.jpeg 768w, https:\/\/revistaautobus.com.br\/wp-content\/uploads\/2024\/03\/WhatsApp-Image-2024-02-28-at-14.54.41-1536x1152.jpeg 1536w, https:\/\/revistaautobus.com.br\/wp-content\/uploads\/2024\/03\/WhatsApp-Image-2024-02-28-at-14.54.41-2048x1536.jpeg 2048w, https:\/\/revistaautobus.com.br\/wp-content\/uploads\/2024\/03\/WhatsApp-Image-2024-02-28-at-14.54.41-1080x810.jpeg 1080w\" sizes=\"(max-width: 1024px) 100vw, 1024px\" \/><\/p>\n<p><img loading=\"lazy\" decoding=\"async\" class=\"alignnone wp-image-11408 size-full\" src=\"https:\/\/revistaautobus.com.br\/wp-content\/uploads\/2024\/03\/01032024-Marcopolo-Mexico-Geracao-8_1.jpg\" alt=\"\" width=\"1000\" height=\"750\" srcset=\"https:\/\/revistaautobus.com.br\/wp-content\/uploads\/2024\/03\/01032024-Marcopolo-Mexico-Geracao-8_1.jpg 1000w, https:\/\/revistaautobus.com.br\/wp-content\/uploads\/2024\/03\/01032024-Marcopolo-Mexico-Geracao-8_1-300x225.jpg 300w, https:\/\/revistaautobus.com.br\/wp-content\/uploads\/2024\/03\/01032024-Marcopolo-Mexico-Geracao-8_1-768x576.jpg 768w\" sizes=\"(max-width: 1000px) 100vw, 1000px\" \/><\/p>\n<p>Imagens &#8211; Divulga\u00e7\u00e3o<\/p>\n","protected":false},"excerpt":{"rendered":"<p>Fabricante brasileira de carro\u00e7arias para \u00f4nibus refor\u00e7a sua estrat\u00e9gia externa na \u00e1rea comercial <\/p>\n","protected":false},"author":2,"featured_media":11380,"comment_status":"open","ping_status":"open","sticky":false,"template":"","format":"standard","meta":{"_et_pb_use_builder":"","_et_pb_old_content":"","_et_gb_content_width":"","_jetpack_memberships_contains_paid_content":false,"footnotes":""},"categories":[55,53,90],"tags":[717,84],"class_list":["post-11379","post","type-post","status-publish","format-standard","has-post-thumbnail","hentry","category-encarrocadora","category-internacional","category-noticias","tag-expo-foro-2024","tag-marcopolo","et-has-post-format-content","et_post_format-et-post-format-standard"],"yoast_head":"<!-- This site is optimized with the Yoast SEO plugin v27.2 - https:\/\/yoast.com\/product\/yoast-seo-wordpress\/ -->\n<title>Marcopolo quer ampliar sua participa\u00e7\u00e3o no M\u00e9xico - Revista AutoBus<\/title>\n<meta name=\"robots\" content=\"index, follow, max-snippet:-1, max-image-preview:large, max-video-preview:-1\" \/>\n<link rel=\"canonical\" href=\"https:\/\/revistaautobus.com.br\/?p=11379\" \/>\n<meta property=\"og:locale\" content=\"pt_BR\" \/>\n<meta property=\"og:type\" content=\"article\" \/>\n<meta property=\"og:title\" content=\"Marcopolo quer ampliar sua participa\u00e7\u00e3o no M\u00e9xico - Revista AutoBus\" \/>\n<meta property=\"og:description\" content=\"Fabricante brasileira de carro\u00e7arias para \u00f4nibus refor\u00e7a sua estrat\u00e9gia externa na \u00e1rea comercial\" \/>\n<meta property=\"og:url\" content=\"https:\/\/revistaautobus.com.br\/?p=11379\" \/>\n<meta property=\"og:site_name\" content=\"Revista AutoBus\" \/>\n<meta property=\"article:publisher\" content=\"https:\/\/www.facebook.com\/antonio.ferro.3150\" \/>\n<meta property=\"article:published_time\" content=\"2024-03-01T13:52:11+00:00\" \/>\n<meta property=\"article:modified_time\" content=\"2024-03-06T13:34:15+00:00\" \/>\n<meta property=\"og:image\" content=\"https:\/\/revistaautobus.com.br\/wp-content\/uploads\/2024\/03\/WhatsApp-Image-2024-02-28-at-14.54.42-1.jpeg\" \/>\n\t<meta property=\"og:image:width\" content=\"1600\" \/>\n\t<meta property=\"og:image:height\" content=\"1200\" \/>\n\t<meta property=\"og:image:type\" content=\"image\/jpeg\" \/>\n<meta name=\"author\" content=\"Antonio Ferro\" \/>\n<meta name=\"twitter:card\" content=\"summary_large_image\" \/>\n<meta name=\"twitter:label1\" content=\"Escrito por\" \/>\n\t<meta name=\"twitter:data1\" content=\"Antonio Ferro\" \/>\n\t<meta name=\"twitter:label2\" content=\"Est. tempo de leitura\" \/>\n\t<meta name=\"twitter:data2\" content=\"3 minutos\" \/>\n<script type=\"application\/ld+json\" class=\"yoast-schema-graph\">{\"@context\":\"https:\/\/schema.org\",\"@graph\":[{\"@type\":\"Article\",\"@id\":\"https:\/\/revistaautobus.com.br\/?p=11379#article\",\"isPartOf\":{\"@id\":\"https:\/\/revistaautobus.com.br\/?p=11379\"},\"author\":{\"name\":\"Antonio Ferro\",\"@id\":\"https:\/\/revistaautobus.com.br\/#\/schema\/person\/54af7c3eb83a310e42ef686ef6d16f50\"},\"headline\":\"Marcopolo quer ampliar sua participa\u00e7\u00e3o no M\u00e9xico\",\"datePublished\":\"2024-03-01T13:52:11+00:00\",\"dateModified\":\"2024-03-06T13:34:15+00:00\",\"mainEntityOfPage\":{\"@id\":\"https:\/\/revistaautobus.com.br\/?p=11379\"},\"wordCount\":700,\"commentCount\":2,\"publisher\":{\"@id\":\"https:\/\/revistaautobus.com.br\/#organization\"},\"image\":{\"@id\":\"https:\/\/revistaautobus.com.br\/?p=11379#primaryimage\"},\"thumbnailUrl\":\"https:\/\/revistaautobus.com.br\/wp-content\/uploads\/2024\/03\/WhatsApp-Image-2024-02-28-at-14.54.42-1.jpeg\",\"keywords\":[\"Expo Foro 2024\",\"Marcopolo\"],\"articleSection\":[\"Encarro\u00e7adora\",\"Internacional\",\"Not\u00edcias\"],\"inLanguage\":\"pt-BR\",\"potentialAction\":[{\"@type\":\"CommentAction\",\"name\":\"Comment\",\"target\":[\"https:\/\/revistaautobus.com.br\/?p=11379#respond\"]}]},{\"@type\":\"WebPage\",\"@id\":\"https:\/\/revistaautobus.com.br\/?p=11379\",\"url\":\"https:\/\/revistaautobus.com.br\/?p=11379\",\"name\":\"Marcopolo quer ampliar sua participa\u00e7\u00e3o no M\u00e9xico - Revista AutoBus\",\"isPartOf\":{\"@id\":\"https:\/\/revistaautobus.com.br\/#website\"},\"primaryImageOfPage\":{\"@id\":\"https:\/\/revistaautobus.com.br\/?p=11379#primaryimage\"},\"image\":{\"@id\":\"https:\/\/revistaautobus.com.br\/?p=11379#primaryimage\"},\"thumbnailUrl\":\"https:\/\/revistaautobus.com.br\/wp-content\/uploads\/2024\/03\/WhatsApp-Image-2024-02-28-at-14.54.42-1.jpeg\",\"datePublished\":\"2024-03-01T13:52:11+00:00\",\"dateModified\":\"2024-03-06T13:34:15+00:00\",\"breadcrumb\":{\"@id\":\"https:\/\/revistaautobus.com.br\/?p=11379#breadcrumb\"},\"inLanguage\":\"pt-BR\",\"potentialAction\":[{\"@type\":\"ReadAction\",\"target\":[\"https:\/\/revistaautobus.com.br\/?p=11379\"]}]},{\"@type\":\"ImageObject\",\"inLanguage\":\"pt-BR\",\"@id\":\"https:\/\/revistaautobus.com.br\/?p=11379#primaryimage\",\"url\":\"https:\/\/revistaautobus.com.br\/wp-content\/uploads\/2024\/03\/WhatsApp-Image-2024-02-28-at-14.54.42-1.jpeg\",\"contentUrl\":\"https:\/\/revistaautobus.com.br\/wp-content\/uploads\/2024\/03\/WhatsApp-Image-2024-02-28-at-14.54.42-1.jpeg\",\"width\":1600,\"height\":1200},{\"@type\":\"BreadcrumbList\",\"@id\":\"https:\/\/revistaautobus.com.br\/?p=11379#breadcrumb\",\"itemListElement\":[{\"@type\":\"ListItem\",\"position\":1,\"name\":\"In\u00edcio\",\"item\":\"https:\/\/revistaautobus.com.br\/\"},{\"@type\":\"ListItem\",\"position\":2,\"name\":\"Marcopolo quer ampliar sua participa\u00e7\u00e3o no M\u00e9xico\"}]},{\"@type\":\"WebSite\",\"@id\":\"https:\/\/revistaautobus.com.br\/#website\",\"url\":\"https:\/\/revistaautobus.com.br\/\",\"name\":\"Revista AutoBus\",\"description\":\"\",\"publisher\":{\"@id\":\"https:\/\/revistaautobus.com.br\/#organization\"},\"potentialAction\":[{\"@type\":\"SearchAction\",\"target\":{\"@type\":\"EntryPoint\",\"urlTemplate\":\"https:\/\/revistaautobus.com.br\/?s={search_term_string}\"},\"query-input\":{\"@type\":\"PropertyValueSpecification\",\"valueRequired\":true,\"valueName\":\"search_term_string\"}}],\"inLanguage\":\"pt-BR\"},{\"@type\":\"Organization\",\"@id\":\"https:\/\/revistaautobus.com.br\/#organization\",\"name\":\"Revista AutoBus\",\"url\":\"https:\/\/revistaautobus.com.br\/\",\"logo\":{\"@type\":\"ImageObject\",\"inLanguage\":\"pt-BR\",\"@id\":\"https:\/\/revistaautobus.com.br\/#\/schema\/logo\/image\/\",\"url\":\"https:\/\/revistaautobus.com.br\/wp-content\/uploads\/2024\/11\/logo_revista_autobus_fb.png\",\"contentUrl\":\"https:\/\/revistaautobus.com.br\/wp-content\/uploads\/2024\/11\/logo_revista_autobus_fb.png\",\"width\":836,\"height\":227,\"caption\":\"Revista AutoBus\"},\"image\":{\"@id\":\"https:\/\/revistaautobus.com.br\/#\/schema\/logo\/image\/\"},\"sameAs\":[\"https:\/\/www.facebook.com\/antonio.ferro.3150\",\"https:\/\/www.instagram.com\/revistaautobus\/\"]},{\"@type\":\"Person\",\"@id\":\"https:\/\/revistaautobus.com.br\/#\/schema\/person\/54af7c3eb83a310e42ef686ef6d16f50\",\"name\":\"Antonio Ferro\",\"image\":{\"@type\":\"ImageObject\",\"inLanguage\":\"pt-BR\",\"@id\":\"https:\/\/revistaautobus.com.br\/wp-content\/uploads\/2025\/12\/editor_antonio_ferro-150x150.jpg\",\"url\":\"https:\/\/revistaautobus.com.br\/wp-content\/uploads\/2025\/12\/editor_antonio_ferro-150x150.jpg\",\"contentUrl\":\"https:\/\/revistaautobus.com.br\/wp-content\/uploads\/2025\/12\/editor_antonio_ferro-150x150.jpg\",\"caption\":\"Antonio Ferro\"},\"description\":\"infobus@uol.com.br\",\"url\":\"https:\/\/revistaautobus.com.br\/?author=2\"}]}<\/script>\n<!-- \/ Yoast SEO plugin. -->","yoast_head_json":{"title":"Marcopolo quer ampliar sua participa\u00e7\u00e3o no M\u00e9xico - Revista AutoBus","robots":{"index":"index","follow":"follow","max-snippet":"max-snippet:-1","max-image-preview":"max-image-preview:large","max-video-preview":"max-video-preview:-1"},"canonical":"https:\/\/revistaautobus.com.br\/?p=11379","og_locale":"pt_BR","og_type":"article","og_title":"Marcopolo quer ampliar sua participa\u00e7\u00e3o no M\u00e9xico - Revista AutoBus","og_description":"Fabricante brasileira de carro\u00e7arias para \u00f4nibus refor\u00e7a sua estrat\u00e9gia externa na \u00e1rea comercial","og_url":"https:\/\/revistaautobus.com.br\/?p=11379","og_site_name":"Revista AutoBus","article_publisher":"https:\/\/www.facebook.com\/antonio.ferro.3150","article_published_time":"2024-03-01T13:52:11+00:00","article_modified_time":"2024-03-06T13:34:15+00:00","og_image":[{"width":1600,"height":1200,"url":"https:\/\/revistaautobus.com.br\/wp-content\/uploads\/2024\/03\/WhatsApp-Image-2024-02-28-at-14.54.42-1.jpeg","type":"image\/jpeg"}],"author":"Antonio Ferro","twitter_card":"summary_large_image","twitter_misc":{"Escrito por":"Antonio Ferro","Est. tempo de leitura":"3 minutos"},"schema":{"@context":"https:\/\/schema.org","@graph":[{"@type":"Article","@id":"https:\/\/revistaautobus.com.br\/?p=11379#article","isPartOf":{"@id":"https:\/\/revistaautobus.com.br\/?p=11379"},"author":{"name":"Antonio Ferro","@id":"https:\/\/revistaautobus.com.br\/#\/schema\/person\/54af7c3eb83a310e42ef686ef6d16f50"},"headline":"Marcopolo quer ampliar sua participa\u00e7\u00e3o no M\u00e9xico","datePublished":"2024-03-01T13:52:11+00:00","dateModified":"2024-03-06T13:34:15+00:00","mainEntityOfPage":{"@id":"https:\/\/revistaautobus.com.br\/?p=11379"},"wordCount":700,"commentCount":2,"publisher":{"@id":"https:\/\/revistaautobus.com.br\/#organization"},"image":{"@id":"https:\/\/revistaautobus.com.br\/?p=11379#primaryimage"},"thumbnailUrl":"https:\/\/revistaautobus.com.br\/wp-content\/uploads\/2024\/03\/WhatsApp-Image-2024-02-28-at-14.54.42-1.jpeg","keywords":["Expo Foro 2024","Marcopolo"],"articleSection":["Encarro\u00e7adora","Internacional","Not\u00edcias"],"inLanguage":"pt-BR","potentialAction":[{"@type":"CommentAction","name":"Comment","target":["https:\/\/revistaautobus.com.br\/?p=11379#respond"]}]},{"@type":"WebPage","@id":"https:\/\/revistaautobus.com.br\/?p=11379","url":"https:\/\/revistaautobus.com.br\/?p=11379","name":"Marcopolo quer ampliar sua participa\u00e7\u00e3o no M\u00e9xico - Revista AutoBus","isPartOf":{"@id":"https:\/\/revistaautobus.com.br\/#website"},"primaryImageOfPage":{"@id":"https:\/\/revistaautobus.com.br\/?p=11379#primaryimage"},"image":{"@id":"https:\/\/revistaautobus.com.br\/?p=11379#primaryimage"},"thumbnailUrl":"https:\/\/revistaautobus.com.br\/wp-content\/uploads\/2024\/03\/WhatsApp-Image-2024-02-28-at-14.54.42-1.jpeg","datePublished":"2024-03-01T13:52:11+00:00","dateModified":"2024-03-06T13:34:15+00:00","breadcrumb":{"@id":"https:\/\/revistaautobus.com.br\/?p=11379#breadcrumb"},"inLanguage":"pt-BR","potentialAction":[{"@type":"ReadAction","target":["https:\/\/revistaautobus.com.br\/?p=11379"]}]},{"@type":"ImageObject","inLanguage":"pt-BR","@id":"https:\/\/revistaautobus.com.br\/?p=11379#primaryimage","url":"https:\/\/revistaautobus.com.br\/wp-content\/uploads\/2024\/03\/WhatsApp-Image-2024-02-28-at-14.54.42-1.jpeg","contentUrl":"https:\/\/revistaautobus.com.br\/wp-content\/uploads\/2024\/03\/WhatsApp-Image-2024-02-28-at-14.54.42-1.jpeg","width":1600,"height":1200},{"@type":"BreadcrumbList","@id":"https:\/\/revistaautobus.com.br\/?p=11379#breadcrumb","itemListElement":[{"@type":"ListItem","position":1,"name":"In\u00edcio","item":"https:\/\/revistaautobus.com.br\/"},{"@type":"ListItem","position":2,"name":"Marcopolo quer ampliar sua participa\u00e7\u00e3o no M\u00e9xico"}]},{"@type":"WebSite","@id":"https:\/\/revistaautobus.com.br\/#website","url":"https:\/\/revistaautobus.com.br\/","name":"Revista AutoBus","description":"","publisher":{"@id":"https:\/\/revistaautobus.com.br\/#organization"},"potentialAction":[{"@type":"SearchAction","target":{"@type":"EntryPoint","urlTemplate":"https:\/\/revistaautobus.com.br\/?s={search_term_string}"},"query-input":{"@type":"PropertyValueSpecification","valueRequired":true,"valueName":"search_term_string"}}],"inLanguage":"pt-BR"},{"@type":"Organization","@id":"https:\/\/revistaautobus.com.br\/#organization","name":"Revista AutoBus","url":"https:\/\/revistaautobus.com.br\/","logo":{"@type":"ImageObject","inLanguage":"pt-BR","@id":"https:\/\/revistaautobus.com.br\/#\/schema\/logo\/image\/","url":"https:\/\/revistaautobus.com.br\/wp-content\/uploads\/2024\/11\/logo_revista_autobus_fb.png","contentUrl":"https:\/\/revistaautobus.com.br\/wp-content\/uploads\/2024\/11\/logo_revista_autobus_fb.png","width":836,"height":227,"caption":"Revista AutoBus"},"image":{"@id":"https:\/\/revistaautobus.com.br\/#\/schema\/logo\/image\/"},"sameAs":["https:\/\/www.facebook.com\/antonio.ferro.3150","https:\/\/www.instagram.com\/revistaautobus\/"]},{"@type":"Person","@id":"https:\/\/revistaautobus.com.br\/#\/schema\/person\/54af7c3eb83a310e42ef686ef6d16f50","name":"Antonio Ferro","image":{"@type":"ImageObject","inLanguage":"pt-BR","@id":"https:\/\/revistaautobus.com.br\/wp-content\/uploads\/2025\/12\/editor_antonio_ferro-150x150.jpg","url":"https:\/\/revistaautobus.com.br\/wp-content\/uploads\/2025\/12\/editor_antonio_ferro-150x150.jpg","contentUrl":"https:\/\/revistaautobus.com.br\/wp-content\/uploads\/2025\/12\/editor_antonio_ferro-150x150.jpg","caption":"Antonio Ferro"},"description":"infobus@uol.com.br","url":"https:\/\/revistaautobus.com.br\/?author=2"}]}},"jetpack_featured_media_url":"https:\/\/revistaautobus.com.br\/wp-content\/uploads\/2024\/03\/WhatsApp-Image-2024-02-28-at-14.54.42-1.jpeg","jetpack_sharing_enabled":true,"_links":{"self":[{"href":"https:\/\/revistaautobus.com.br\/index.php?rest_route=\/wp\/v2\/posts\/11379","targetHints":{"allow":["GET"]}}],"collection":[{"href":"https:\/\/revistaautobus.com.br\/index.php?rest_route=\/wp\/v2\/posts"}],"about":[{"href":"https:\/\/revistaautobus.com.br\/index.php?rest_route=\/wp\/v2\/types\/post"}],"author":[{"embeddable":true,"href":"https:\/\/revistaautobus.com.br\/index.php?rest_route=\/wp\/v2\/users\/2"}],"replies":[{"embeddable":true,"href":"https:\/\/revistaautobus.com.br\/index.php?rest_route=%2Fwp%2Fv2%2Fcomments&post=11379"}],"version-history":[{"count":6,"href":"https:\/\/revistaautobus.com.br\/index.php?rest_route=\/wp\/v2\/posts\/11379\/revisions"}],"predecessor-version":[{"id":11451,"href":"https:\/\/revistaautobus.com.br\/index.php?rest_route=\/wp\/v2\/posts\/11379\/revisions\/11451"}],"wp:featuredmedia":[{"embeddable":true,"href":"https:\/\/revistaautobus.com.br\/index.php?rest_route=\/wp\/v2\/media\/11380"}],"wp:attachment":[{"href":"https:\/\/revistaautobus.com.br\/index.php?rest_route=%2Fwp%2Fv2%2Fmedia&parent=11379"}],"wp:term":[{"taxonomy":"category","embeddable":true,"href":"https:\/\/revistaautobus.com.br\/index.php?rest_route=%2Fwp%2Fv2%2Fcategories&post=11379"},{"taxonomy":"post_tag","embeddable":true,"href":"https:\/\/revistaautobus.com.br\/index.php?rest_route=%2Fwp%2Fv2%2Ftags&post=11379"}],"curies":[{"name":"wp","href":"https:\/\/api.w.org\/{rel}","templated":true}]}}