{"id":11900,"date":"2024-04-26T14:42:17","date_gmt":"2024-04-26T17:42:17","guid":{"rendered":"https:\/\/revistaautobus.com.br\/?p=11900"},"modified":"2024-04-26T14:42:17","modified_gmt":"2024-04-26T17:42:17","slug":"novo-country-manager-para-o-brasil-na-reservamos-saas","status":"publish","type":"post","link":"https:\/\/revistaautobus.com.br\/?p=11900","title":{"rendered":"Novo Country Manager para o Brasil na Reservamos SaaS"},"content":{"rendered":"<p><span style=\"color: #000080;\"><em><strong>Espa\u00e7o Reservamos<\/strong><\/em><\/span><\/p>\n<p>A Reservamos SaaS est\u00e1 comprometida com a miss\u00e3o de liderar a transforma\u00e7\u00e3o digital no setor de transporte rodovi\u00e1rio de passageiros na regi\u00e3o da Am\u00e9rica Latina. Como parte de sua fase de expans\u00e3o e fortalecimento, continua com a miss\u00e3o de desenvolver a tecnologia e atrair o talento necess\u00e1rio para orientar as empresas do setor rodovi\u00e1rio em dire\u00e7\u00e3o ao seu crescimento digital.<\/p>\n<p>\u00c9 por isso que, a partir deste 22 de abril, anunciamos a integra\u00e7\u00e3o de Thiego Paes \u00e0 Reservamos SaaS como <em>Country Manager<\/em> para o Brasil. Fernando Aguilera, que ocupava anteriormente este cargo, continuar\u00e1 liderando a expans\u00e3o da empresa por meio de projetos especiais, os quais compartilharemos em breve.<\/p>\n<p>Thiego se junta \u00e0 Reservamos SaaS para potencializar os esfor\u00e7os em cultura, equipe, mercados e tecnologia. Desde nossa entrada oficial no Brasil, em janeiro de 2023, cultivamos relacionamentos de confian\u00e7a com os principais atores do setor, fundamentados em nosso conhecimento e experi\u00eancia. Atualmente, estamos em est\u00e1gios avan\u00e7ados de implementa\u00e7\u00e3o e desenvolvimento com grandes empresas no Brasil, acompanhando sua evolu\u00e7\u00e3o e expans\u00e3o digital. Em 2024, consolidamos nossa presen\u00e7a no M\u00e9xico, Col\u00f4mbia e Brasil e, tamb\u00e9m, iniciamos opera\u00e7\u00f5es em outros pa\u00edses da regi\u00e3o, como Chile e Peru, fortalecendo assim nossa presen\u00e7a e compromisso com o crescimento da ind\u00fastria.<\/p>\n<p>A trajet\u00f3ria de Thiego em temas de mobilidade e transporte na regi\u00e3o \u00e9 extensa, destacando-se seu crescimento e lideran\u00e7a de 11 anos na TAM e sua participa\u00e7\u00e3o na forma\u00e7\u00e3o do que hoje \u00e9 a Latam Airlines. No setor de transporte de passageiros, ele iniciou sua carreira com o Grupo JCA, uma das maiores <em>holdings<\/em> do Brasil, empresa propriet\u00e1ria de marcas como Cometa, 1001, Catarinense e Expresso do Sul. Sua contribui\u00e7\u00e3o concentrou-se principalmente em impulsionar o avan\u00e7o do setor, por meio da ado\u00e7\u00e3o de novas tecnologias, implementa\u00e7\u00e3o de mudan\u00e7as nos processos operacionais e introdu\u00e7\u00e3o de novas marcas no mercado.<\/p>\n<p>Sua experi\u00eancia mais recente foi a cria\u00e7\u00e3o e estabelecimento da marca Wemobi, uma empresa rodovi\u00e1ria 100% digital, criada pelo Grupo JCA para enfrentar uma nova tend\u00eancia de concorrentes <em>on-line<\/em>. L\u00e1, Thiego come\u00e7ou como gerente de Projeto, at\u00e9 chegar \u00e0 Ger\u00eancia Geral. Entre seus feitos, destaca-se a publica\u00e7\u00e3o da Revista MIT Technology Review do Brasil, que destaca a Wemobi como um caso de sucesso, por seu crescimento de receita, a partir da implementa\u00e7\u00e3o da tecnologia de Revenue Management da Reservamos SaaS.<\/p>\n<p>\u201cNos \u00faltimos anos, o mercado esteve focado em combater a ilegalidade e sofreu os impactos da pandemia. O tempo e energia dedicados a essas quest\u00f5es acabaram desacelerando os avan\u00e7os tecnol\u00f3gicos, que s\u00e3o essenciais para entender e atender melhor o cliente. No entanto, fazer isso por conta pr\u00f3pria n\u00e3o \u00e9 r\u00e1pido, simples ou eficiente, especialmente considerando os altos custos envolvidos, em um momento de retomada do mercado e necessidade de renova\u00e7\u00e3o da frota. Devemos mostrar como nossa tecnologia pode mudar a estrat\u00e9gia e o futuro deste setor\u201d, ressaltou Thiego.<\/p>\n<p>Thiego considera que a Reservamos SaaS \u00e9 um ecossistema tecnol\u00f3gico com capacidade para oferecer solu\u00e7\u00f5es e ferramentas para todos os tipos de empresas, com uma proposta de valor voltada para apoiar o setor e conect\u00e1-lo com as melhores oportunidades de crescimento. \u201cDesde o primeiro momento, posso apoiar para que nossos parceiros tenham uma vis\u00e3o abrangente de como um produto de an\u00e1lise de mercado, junto com an\u00e1lises personalizadas de seus clientes, lhes permite tomar decis\u00f5es operacionais com economia de custos, para al\u00e9m da efici\u00eancia dos canais. Al\u00e9m disso, manter seus clientes fidelizados com uma experi\u00eancia simples e personalizada por IA, desenvolvida nos melhores centros de tecnologia do mundo. E tudo isso est\u00e1 acess\u00edvel por meio do ecossistema da Reservamos SaaS\u201d, explicou.<\/p>\n","protected":false},"excerpt":{"rendered":"<p>A inclus\u00e3o de Thiego Paes como Country Manager para o Brasil na Reservamos SaaS marca um passo importante para fortalecer a presen\u00e7a da empresa no Pa\u00eds e reafirma o seu compromisso com a evolu\u00e7\u00e3o digital do setor rodovi\u00e1rio em n\u00edvel mundial <\/p>\n","protected":false},"author":2,"featured_media":11901,"comment_status":"open","ping_status":"open","sticky":false,"template":"","format":"standard","meta":{"_et_pb_use_builder":"","_et_pb_old_content":"","_et_gb_content_width":"","_jetpack_memberships_contains_paid_content":false,"footnotes":""},"categories":[90],"tags":[360],"class_list":["post-11900","post","type-post","status-publish","format-standard","has-post-thumbnail","hentry","category-noticias","tag-reservamos","et-has-post-format-content","et_post_format-et-post-format-standard"],"yoast_head":"<!-- This site is optimized with the Yoast SEO plugin v27.2 - https:\/\/yoast.com\/product\/yoast-seo-wordpress\/ -->\n<title>Novo Country Manager para o Brasil na Reservamos SaaS - Revista AutoBus<\/title>\n<meta name=\"robots\" content=\"index, follow, max-snippet:-1, max-image-preview:large, max-video-preview:-1\" \/>\n<link rel=\"canonical\" href=\"https:\/\/revistaautobus.com.br\/?p=11900\" \/>\n<meta property=\"og:locale\" content=\"pt_BR\" \/>\n<meta property=\"og:type\" content=\"article\" \/>\n<meta property=\"og:title\" content=\"Novo Country Manager para o Brasil na Reservamos SaaS - Revista AutoBus\" \/>\n<meta property=\"og:description\" content=\"A inclus\u00e3o de Thiego Paes como Country Manager para o Brasil na Reservamos SaaS marca um passo importante para fortalecer a presen\u00e7a da empresa no Pa\u00eds e reafirma o seu compromisso com a evolu\u00e7\u00e3o digital do setor rodovi\u00e1rio em n\u00edvel mundial\" \/>\n<meta property=\"og:url\" content=\"https:\/\/revistaautobus.com.br\/?p=11900\" \/>\n<meta property=\"og:site_name\" content=\"Revista AutoBus\" \/>\n<meta property=\"article:publisher\" content=\"https:\/\/www.facebook.com\/antonio.ferro.3150\" \/>\n<meta property=\"article:published_time\" content=\"2024-04-26T17:42:17+00:00\" \/>\n<meta property=\"og:image\" content=\"https:\/\/revistaautobus.com.br\/wp-content\/uploads\/2024\/04\/IMG-20240424-WA0001.jpg\" \/>\n\t<meta property=\"og:image:width\" content=\"722\" \/>\n\t<meta property=\"og:image:height\" content=\"1079\" \/>\n\t<meta property=\"og:image:type\" content=\"image\/jpeg\" \/>\n<meta name=\"author\" content=\"Antonio Ferro\" \/>\n<meta name=\"twitter:card\" content=\"summary_large_image\" \/>\n<meta name=\"twitter:label1\" content=\"Escrito por\" \/>\n\t<meta name=\"twitter:data1\" content=\"Antonio Ferro\" \/>\n\t<meta name=\"twitter:label2\" content=\"Est. tempo de leitura\" \/>\n\t<meta name=\"twitter:data2\" content=\"3 minutos\" \/>\n<script type=\"application\/ld+json\" class=\"yoast-schema-graph\">{\"@context\":\"https:\/\/schema.org\",\"@graph\":[{\"@type\":\"Article\",\"@id\":\"https:\/\/revistaautobus.com.br\/?p=11900#article\",\"isPartOf\":{\"@id\":\"https:\/\/revistaautobus.com.br\/?p=11900\"},\"author\":{\"name\":\"Antonio Ferro\",\"@id\":\"https:\/\/revistaautobus.com.br\/#\/schema\/person\/54af7c3eb83a310e42ef686ef6d16f50\"},\"headline\":\"Novo Country Manager para o Brasil na Reservamos SaaS\",\"datePublished\":\"2024-04-26T17:42:17+00:00\",\"mainEntityOfPage\":{\"@id\":\"https:\/\/revistaautobus.com.br\/?p=11900\"},\"wordCount\":658,\"commentCount\":0,\"publisher\":{\"@id\":\"https:\/\/revistaautobus.com.br\/#organization\"},\"image\":{\"@id\":\"https:\/\/revistaautobus.com.br\/?p=11900#primaryimage\"},\"thumbnailUrl\":\"https:\/\/revistaautobus.com.br\/wp-content\/uploads\/2024\/04\/IMG-20240424-WA0001.jpg\",\"keywords\":[\"Reservamos\"],\"articleSection\":[\"Not\u00edcias\"],\"inLanguage\":\"pt-BR\",\"potentialAction\":[{\"@type\":\"CommentAction\",\"name\":\"Comment\",\"target\":[\"https:\/\/revistaautobus.com.br\/?p=11900#respond\"]}]},{\"@type\":\"WebPage\",\"@id\":\"https:\/\/revistaautobus.com.br\/?p=11900\",\"url\":\"https:\/\/revistaautobus.com.br\/?p=11900\",\"name\":\"Novo Country Manager para o Brasil na Reservamos SaaS - Revista AutoBus\",\"isPartOf\":{\"@id\":\"https:\/\/revistaautobus.com.br\/#website\"},\"primaryImageOfPage\":{\"@id\":\"https:\/\/revistaautobus.com.br\/?p=11900#primaryimage\"},\"image\":{\"@id\":\"https:\/\/revistaautobus.com.br\/?p=11900#primaryimage\"},\"thumbnailUrl\":\"https:\/\/revistaautobus.com.br\/wp-content\/uploads\/2024\/04\/IMG-20240424-WA0001.jpg\",\"datePublished\":\"2024-04-26T17:42:17+00:00\",\"breadcrumb\":{\"@id\":\"https:\/\/revistaautobus.com.br\/?p=11900#breadcrumb\"},\"inLanguage\":\"pt-BR\",\"potentialAction\":[{\"@type\":\"ReadAction\",\"target\":[\"https:\/\/revistaautobus.com.br\/?p=11900\"]}]},{\"@type\":\"ImageObject\",\"inLanguage\":\"pt-BR\",\"@id\":\"https:\/\/revistaautobus.com.br\/?p=11900#primaryimage\",\"url\":\"https:\/\/revistaautobus.com.br\/wp-content\/uploads\/2024\/04\/IMG-20240424-WA0001.jpg\",\"contentUrl\":\"https:\/\/revistaautobus.com.br\/wp-content\/uploads\/2024\/04\/IMG-20240424-WA0001.jpg\",\"width\":722,\"height\":1079},{\"@type\":\"BreadcrumbList\",\"@id\":\"https:\/\/revistaautobus.com.br\/?p=11900#breadcrumb\",\"itemListElement\":[{\"@type\":\"ListItem\",\"position\":1,\"name\":\"In\u00edcio\",\"item\":\"https:\/\/revistaautobus.com.br\/\"},{\"@type\":\"ListItem\",\"position\":2,\"name\":\"Novo Country Manager para o Brasil na Reservamos SaaS\"}]},{\"@type\":\"WebSite\",\"@id\":\"https:\/\/revistaautobus.com.br\/#website\",\"url\":\"https:\/\/revistaautobus.com.br\/\",\"name\":\"Revista AutoBus\",\"description\":\"\",\"publisher\":{\"@id\":\"https:\/\/revistaautobus.com.br\/#organization\"},\"potentialAction\":[{\"@type\":\"SearchAction\",\"target\":{\"@type\":\"EntryPoint\",\"urlTemplate\":\"https:\/\/revistaautobus.com.br\/?s={search_term_string}\"},\"query-input\":{\"@type\":\"PropertyValueSpecification\",\"valueRequired\":true,\"valueName\":\"search_term_string\"}}],\"inLanguage\":\"pt-BR\"},{\"@type\":\"Organization\",\"@id\":\"https:\/\/revistaautobus.com.br\/#organization\",\"name\":\"Revista AutoBus\",\"url\":\"https:\/\/revistaautobus.com.br\/\",\"logo\":{\"@type\":\"ImageObject\",\"inLanguage\":\"pt-BR\",\"@id\":\"https:\/\/revistaautobus.com.br\/#\/schema\/logo\/image\/\",\"url\":\"https:\/\/revistaautobus.com.br\/wp-content\/uploads\/2024\/11\/logo_revista_autobus_fb.png\",\"contentUrl\":\"https:\/\/revistaautobus.com.br\/wp-content\/uploads\/2024\/11\/logo_revista_autobus_fb.png\",\"width\":836,\"height\":227,\"caption\":\"Revista AutoBus\"},\"image\":{\"@id\":\"https:\/\/revistaautobus.com.br\/#\/schema\/logo\/image\/\"},\"sameAs\":[\"https:\/\/www.facebook.com\/antonio.ferro.3150\",\"https:\/\/www.instagram.com\/revistaautobus\/\"]},{\"@type\":\"Person\",\"@id\":\"https:\/\/revistaautobus.com.br\/#\/schema\/person\/54af7c3eb83a310e42ef686ef6d16f50\",\"name\":\"Antonio Ferro\",\"image\":{\"@type\":\"ImageObject\",\"inLanguage\":\"pt-BR\",\"@id\":\"https:\/\/revistaautobus.com.br\/wp-content\/uploads\/2025\/12\/editor_antonio_ferro-150x150.jpg\",\"url\":\"https:\/\/revistaautobus.com.br\/wp-content\/uploads\/2025\/12\/editor_antonio_ferro-150x150.jpg\",\"contentUrl\":\"https:\/\/revistaautobus.com.br\/wp-content\/uploads\/2025\/12\/editor_antonio_ferro-150x150.jpg\",\"caption\":\"Antonio Ferro\"},\"description\":\"infobus@uol.com.br\",\"url\":\"https:\/\/revistaautobus.com.br\/?author=2\"}]}<\/script>\n<!-- \/ Yoast SEO plugin. -->","yoast_head_json":{"title":"Novo Country Manager para o Brasil na Reservamos SaaS - Revista AutoBus","robots":{"index":"index","follow":"follow","max-snippet":"max-snippet:-1","max-image-preview":"max-image-preview:large","max-video-preview":"max-video-preview:-1"},"canonical":"https:\/\/revistaautobus.com.br\/?p=11900","og_locale":"pt_BR","og_type":"article","og_title":"Novo Country Manager para o Brasil na Reservamos SaaS - Revista AutoBus","og_description":"A inclus\u00e3o de Thiego Paes como Country Manager para o Brasil na Reservamos SaaS marca um passo importante para fortalecer a presen\u00e7a da empresa no Pa\u00eds e reafirma o seu compromisso com a evolu\u00e7\u00e3o digital do setor rodovi\u00e1rio em n\u00edvel mundial","og_url":"https:\/\/revistaautobus.com.br\/?p=11900","og_site_name":"Revista AutoBus","article_publisher":"https:\/\/www.facebook.com\/antonio.ferro.3150","article_published_time":"2024-04-26T17:42:17+00:00","og_image":[{"width":722,"height":1079,"url":"https:\/\/revistaautobus.com.br\/wp-content\/uploads\/2024\/04\/IMG-20240424-WA0001.jpg","type":"image\/jpeg"}],"author":"Antonio Ferro","twitter_card":"summary_large_image","twitter_misc":{"Escrito por":"Antonio Ferro","Est. tempo de leitura":"3 minutos"},"schema":{"@context":"https:\/\/schema.org","@graph":[{"@type":"Article","@id":"https:\/\/revistaautobus.com.br\/?p=11900#article","isPartOf":{"@id":"https:\/\/revistaautobus.com.br\/?p=11900"},"author":{"name":"Antonio Ferro","@id":"https:\/\/revistaautobus.com.br\/#\/schema\/person\/54af7c3eb83a310e42ef686ef6d16f50"},"headline":"Novo Country Manager para o Brasil na Reservamos SaaS","datePublished":"2024-04-26T17:42:17+00:00","mainEntityOfPage":{"@id":"https:\/\/revistaautobus.com.br\/?p=11900"},"wordCount":658,"commentCount":0,"publisher":{"@id":"https:\/\/revistaautobus.com.br\/#organization"},"image":{"@id":"https:\/\/revistaautobus.com.br\/?p=11900#primaryimage"},"thumbnailUrl":"https:\/\/revistaautobus.com.br\/wp-content\/uploads\/2024\/04\/IMG-20240424-WA0001.jpg","keywords":["Reservamos"],"articleSection":["Not\u00edcias"],"inLanguage":"pt-BR","potentialAction":[{"@type":"CommentAction","name":"Comment","target":["https:\/\/revistaautobus.com.br\/?p=11900#respond"]}]},{"@type":"WebPage","@id":"https:\/\/revistaautobus.com.br\/?p=11900","url":"https:\/\/revistaautobus.com.br\/?p=11900","name":"Novo Country Manager para o Brasil na Reservamos SaaS - Revista AutoBus","isPartOf":{"@id":"https:\/\/revistaautobus.com.br\/#website"},"primaryImageOfPage":{"@id":"https:\/\/revistaautobus.com.br\/?p=11900#primaryimage"},"image":{"@id":"https:\/\/revistaautobus.com.br\/?p=11900#primaryimage"},"thumbnailUrl":"https:\/\/revistaautobus.com.br\/wp-content\/uploads\/2024\/04\/IMG-20240424-WA0001.jpg","datePublished":"2024-04-26T17:42:17+00:00","breadcrumb":{"@id":"https:\/\/revistaautobus.com.br\/?p=11900#breadcrumb"},"inLanguage":"pt-BR","potentialAction":[{"@type":"ReadAction","target":["https:\/\/revistaautobus.com.br\/?p=11900"]}]},{"@type":"ImageObject","inLanguage":"pt-BR","@id":"https:\/\/revistaautobus.com.br\/?p=11900#primaryimage","url":"https:\/\/revistaautobus.com.br\/wp-content\/uploads\/2024\/04\/IMG-20240424-WA0001.jpg","contentUrl":"https:\/\/revistaautobus.com.br\/wp-content\/uploads\/2024\/04\/IMG-20240424-WA0001.jpg","width":722,"height":1079},{"@type":"BreadcrumbList","@id":"https:\/\/revistaautobus.com.br\/?p=11900#breadcrumb","itemListElement":[{"@type":"ListItem","position":1,"name":"In\u00edcio","item":"https:\/\/revistaautobus.com.br\/"},{"@type":"ListItem","position":2,"name":"Novo Country Manager para o Brasil na Reservamos SaaS"}]},{"@type":"WebSite","@id":"https:\/\/revistaautobus.com.br\/#website","url":"https:\/\/revistaautobus.com.br\/","name":"Revista AutoBus","description":"","publisher":{"@id":"https:\/\/revistaautobus.com.br\/#organization"},"potentialAction":[{"@type":"SearchAction","target":{"@type":"EntryPoint","urlTemplate":"https:\/\/revistaautobus.com.br\/?s={search_term_string}"},"query-input":{"@type":"PropertyValueSpecification","valueRequired":true,"valueName":"search_term_string"}}],"inLanguage":"pt-BR"},{"@type":"Organization","@id":"https:\/\/revistaautobus.com.br\/#organization","name":"Revista AutoBus","url":"https:\/\/revistaautobus.com.br\/","logo":{"@type":"ImageObject","inLanguage":"pt-BR","@id":"https:\/\/revistaautobus.com.br\/#\/schema\/logo\/image\/","url":"https:\/\/revistaautobus.com.br\/wp-content\/uploads\/2024\/11\/logo_revista_autobus_fb.png","contentUrl":"https:\/\/revistaautobus.com.br\/wp-content\/uploads\/2024\/11\/logo_revista_autobus_fb.png","width":836,"height":227,"caption":"Revista AutoBus"},"image":{"@id":"https:\/\/revistaautobus.com.br\/#\/schema\/logo\/image\/"},"sameAs":["https:\/\/www.facebook.com\/antonio.ferro.3150","https:\/\/www.instagram.com\/revistaautobus\/"]},{"@type":"Person","@id":"https:\/\/revistaautobus.com.br\/#\/schema\/person\/54af7c3eb83a310e42ef686ef6d16f50","name":"Antonio Ferro","image":{"@type":"ImageObject","inLanguage":"pt-BR","@id":"https:\/\/revistaautobus.com.br\/wp-content\/uploads\/2025\/12\/editor_antonio_ferro-150x150.jpg","url":"https:\/\/revistaautobus.com.br\/wp-content\/uploads\/2025\/12\/editor_antonio_ferro-150x150.jpg","contentUrl":"https:\/\/revistaautobus.com.br\/wp-content\/uploads\/2025\/12\/editor_antonio_ferro-150x150.jpg","caption":"Antonio Ferro"},"description":"infobus@uol.com.br","url":"https:\/\/revistaautobus.com.br\/?author=2"}]}},"jetpack_featured_media_url":"https:\/\/revistaautobus.com.br\/wp-content\/uploads\/2024\/04\/IMG-20240424-WA0001.jpg","jetpack_sharing_enabled":true,"_links":{"self":[{"href":"https:\/\/revistaautobus.com.br\/index.php?rest_route=\/wp\/v2\/posts\/11900","targetHints":{"allow":["GET"]}}],"collection":[{"href":"https:\/\/revistaautobus.com.br\/index.php?rest_route=\/wp\/v2\/posts"}],"about":[{"href":"https:\/\/revistaautobus.com.br\/index.php?rest_route=\/wp\/v2\/types\/post"}],"author":[{"embeddable":true,"href":"https:\/\/revistaautobus.com.br\/index.php?rest_route=\/wp\/v2\/users\/2"}],"replies":[{"embeddable":true,"href":"https:\/\/revistaautobus.com.br\/index.php?rest_route=%2Fwp%2Fv2%2Fcomments&post=11900"}],"version-history":[{"count":2,"href":"https:\/\/revistaautobus.com.br\/index.php?rest_route=\/wp\/v2\/posts\/11900\/revisions"}],"predecessor-version":[{"id":11903,"href":"https:\/\/revistaautobus.com.br\/index.php?rest_route=\/wp\/v2\/posts\/11900\/revisions\/11903"}],"wp:featuredmedia":[{"embeddable":true,"href":"https:\/\/revistaautobus.com.br\/index.php?rest_route=\/wp\/v2\/media\/11901"}],"wp:attachment":[{"href":"https:\/\/revistaautobus.com.br\/index.php?rest_route=%2Fwp%2Fv2%2Fmedia&parent=11900"}],"wp:term":[{"taxonomy":"category","embeddable":true,"href":"https:\/\/revistaautobus.com.br\/index.php?rest_route=%2Fwp%2Fv2%2Fcategories&post=11900"},{"taxonomy":"post_tag","embeddable":true,"href":"https:\/\/revistaautobus.com.br\/index.php?rest_route=%2Fwp%2Fv2%2Ftags&post=11900"}],"curies":[{"name":"wp","href":"https:\/\/api.w.org\/{rel}","templated":true}]}}