{"id":11904,"date":"2024-04-26T14:46:47","date_gmt":"2024-04-26T17:46:47","guid":{"rendered":"https:\/\/revistaautobus.com.br\/?p=11904"},"modified":"2024-04-26T14:46:47","modified_gmt":"2024-04-26T17:46:47","slug":"porto-alegre-recebe-novos-onibus-eletricos","status":"publish","type":"post","link":"https:\/\/revistaautobus.com.br\/?p=11904","title":{"rendered":"Porto Alegre recebe novos \u00f4nibus el\u00e9tricos"},"content":{"rendered":"<p>A empresa Sudeste Transportes Coletivos Ltda., operadora do transporte coletivo de de Porto Alegre, RS, recebeu, h\u00e1 poucos dias, quatro novos \u00f4nibus el\u00e9tricos (100% a baterias), com carro\u00e7aria eMillennium, da fabricante paulista Caio, e piso baixo. De acordo com a encarro\u00e7adora, al\u00e9m de modernos, com alta tecnologia e sustent\u00e1veis, os novos \u00f4nibus visam levar comodidade e viagens mais silenciosas, cumprindo o objetivo primordial, que \u00e9 transportar os passageiros com conforto, qualidade e seguran\u00e7a, al\u00e9m de contar tamb\u00e9m, com a diminui\u00e7\u00e3o de fontes motrizes de energia, menos poluente e menos geradoras de gases de efeito estufa, na frota de transporte coletivo urbano na cidade de Porto Alegre.<\/p>\n<p>A carro\u00e7aria tem 12,15 metros de comprimento e capacidade total para 71 pessoas. Segundo a Caio, visando a comodidade dos passageiros ela est\u00e1 equipada com ar-condicionado, poltronas confort\u00e1veis, vidros colados nas janelas e tomadas de USB nas laterais. J\u00e1 para os motoristas, destaque para o sistema multiplex, que facilita o controle de v\u00e1rios itens do \u00f4nibus. \u201cO projeto de Porto Alegre \u00e9 uma grande oportunidade para que o Pa\u00eds tenha \u00f4nibus urbanos sustent\u00e1veis, proporcionando um transporte eficiente e menos poluente, atendendo \u00e0s novas tend\u00eancias da mobilidade urbana\u201d, disse Jos\u00e9 Gildo Vendramini (Zezinho), gerente nacional de vendas da Caio.<\/p>\n<p><img loading=\"lazy\" decoding=\"async\" class=\"alignnone wp-image-11906 size-full\" src=\"https:\/\/revistaautobus.com.br\/wp-content\/uploads\/2024\/04\/Pedro-Piegas-PMPA.jpeg\" alt=\"\" width=\"1000\" height=\"666\" srcset=\"https:\/\/revistaautobus.com.br\/wp-content\/uploads\/2024\/04\/Pedro-Piegas-PMPA.jpeg 1000w, https:\/\/revistaautobus.com.br\/wp-content\/uploads\/2024\/04\/Pedro-Piegas-PMPA-300x200.jpeg 300w, https:\/\/revistaautobus.com.br\/wp-content\/uploads\/2024\/04\/Pedro-Piegas-PMPA-768x511.jpeg 768w\" sizes=\"(max-width: 1000px) 100vw, 1000px\" \/><\/p>\n<p>Os \u00f4nibus entregues \u00e0 Porto Alegre foram desenvolvidos com tecnologia 100% brasileira, tendo chassi Mercedes-Benz 0500-U, preparada para esse tipo de tra\u00e7\u00e3o, motor e baterias da Weg e integra\u00e7\u00e3o eletr\u00f4nica da Eletra.<\/p>\n<p>Conforme informou a prefeitura de Porto Alegre, est\u00e3o previstos novos investimentos em \u00f4nibus com tra\u00e7\u00e3o el\u00e9trica, que totalizar\u00e3o R$ 38 milh\u00f5es, sendo que outros oito ve\u00edculos devem chegar nas pr\u00f3ximas semanas.<\/p>\n<p>A prefeitura da capital ga\u00facha, ainda, informou que a infraestrutura de recarga est\u00e1 sendo implementada nas garagens da Nortran, Sudeste e VTC, com esta\u00e7\u00f5es de recarga com capacidade de 180 kW com dois cabos para recarga, com capacidade de recarregar dois \u00f4nibus simultaneamente por equipamento com 90 kW de pot\u00eancia cada.<\/p>\n<p>Imagens &#8211; Caio e Prefeitura de Porto Alegre<\/p>\n","protected":false},"excerpt":{"rendered":"<p>Com carro\u00e7arias Caio, os ve\u00edculos s\u00e3o os primeiros na cidade a promover um transporte coletivo mais sustent\u00e1vel em termos ambientais<\/p>\n","protected":false},"author":2,"featured_media":11905,"comment_status":"open","ping_status":"open","sticky":false,"template":"","format":"standard","meta":{"_et_pb_use_builder":"","_et_pb_old_content":"","_et_gb_content_width":"","_jetpack_memberships_contains_paid_content":false,"footnotes":""},"categories":[55,526,73],"tags":[83,376],"class_list":["post-11904","post","type-post","status-publish","format-standard","has-post-thumbnail","hentry","category-encarrocadora","category-onibus-eletrico","category-tecnologia","tag-caio","tag-emillennium","et-has-post-format-content","et_post_format-et-post-format-standard"],"yoast_head":"<!-- This site is optimized with the Yoast SEO plugin v27.2 - https:\/\/yoast.com\/product\/yoast-seo-wordpress\/ -->\n<title>Porto Alegre recebe novos \u00f4nibus el\u00e9tricos - Revista AutoBus<\/title>\n<meta name=\"robots\" content=\"index, follow, max-snippet:-1, max-image-preview:large, max-video-preview:-1\" \/>\n<link rel=\"canonical\" href=\"https:\/\/revistaautobus.com.br\/?p=11904\" \/>\n<meta property=\"og:locale\" content=\"pt_BR\" \/>\n<meta property=\"og:type\" content=\"article\" \/>\n<meta property=\"og:title\" content=\"Porto Alegre recebe novos \u00f4nibus el\u00e9tricos - Revista AutoBus\" \/>\n<meta property=\"og:description\" content=\"Com carro\u00e7arias Caio, os ve\u00edculos s\u00e3o os primeiros na cidade a promover um transporte coletivo mais sustent\u00e1vel em termos ambientais\" \/>\n<meta property=\"og:url\" content=\"https:\/\/revistaautobus.com.br\/?p=11904\" \/>\n<meta property=\"og:site_name\" content=\"Revista AutoBus\" \/>\n<meta property=\"article:publisher\" content=\"https:\/\/www.facebook.com\/antonio.ferro.3150\" \/>\n<meta property=\"article:published_time\" content=\"2024-04-26T17:46:47+00:00\" \/>\n<meta property=\"og:image\" content=\"https:\/\/revistaautobus.com.br\/wp-content\/uploads\/2024\/04\/eMillennium-Porto-Alegre.jpg\" \/>\n\t<meta property=\"og:image:width\" content=\"1080\" \/>\n\t<meta property=\"og:image:height\" content=\"1080\" \/>\n\t<meta property=\"og:image:type\" content=\"image\/jpeg\" \/>\n<meta name=\"author\" content=\"Antonio Ferro\" \/>\n<meta name=\"twitter:card\" content=\"summary_large_image\" \/>\n<meta name=\"twitter:label1\" content=\"Escrito por\" \/>\n\t<meta name=\"twitter:data1\" content=\"Antonio Ferro\" \/>\n\t<meta name=\"twitter:label2\" content=\"Est. tempo de leitura\" \/>\n\t<meta name=\"twitter:data2\" content=\"2 minutos\" \/>\n<script type=\"application\/ld+json\" class=\"yoast-schema-graph\">{\"@context\":\"https:\/\/schema.org\",\"@graph\":[{\"@type\":\"Article\",\"@id\":\"https:\/\/revistaautobus.com.br\/?p=11904#article\",\"isPartOf\":{\"@id\":\"https:\/\/revistaautobus.com.br\/?p=11904\"},\"author\":{\"name\":\"Antonio Ferro\",\"@id\":\"https:\/\/revistaautobus.com.br\/#\/schema\/person\/54af7c3eb83a310e42ef686ef6d16f50\"},\"headline\":\"Porto Alegre recebe novos \u00f4nibus el\u00e9tricos\",\"datePublished\":\"2024-04-26T17:46:47+00:00\",\"mainEntityOfPage\":{\"@id\":\"https:\/\/revistaautobus.com.br\/?p=11904\"},\"wordCount\":351,\"commentCount\":0,\"publisher\":{\"@id\":\"https:\/\/revistaautobus.com.br\/#organization\"},\"image\":{\"@id\":\"https:\/\/revistaautobus.com.br\/?p=11904#primaryimage\"},\"thumbnailUrl\":\"https:\/\/revistaautobus.com.br\/wp-content\/uploads\/2024\/04\/eMillennium-Porto-Alegre.jpg\",\"keywords\":[\"Caio\",\"eMillennium\"],\"articleSection\":[\"Encarro\u00e7adora\",\"\u00d4nibus el\u00e9trico\",\"Tecnologia\"],\"inLanguage\":\"pt-BR\",\"potentialAction\":[{\"@type\":\"CommentAction\",\"name\":\"Comment\",\"target\":[\"https:\/\/revistaautobus.com.br\/?p=11904#respond\"]}]},{\"@type\":\"WebPage\",\"@id\":\"https:\/\/revistaautobus.com.br\/?p=11904\",\"url\":\"https:\/\/revistaautobus.com.br\/?p=11904\",\"name\":\"Porto Alegre recebe novos \u00f4nibus el\u00e9tricos - Revista AutoBus\",\"isPartOf\":{\"@id\":\"https:\/\/revistaautobus.com.br\/#website\"},\"primaryImageOfPage\":{\"@id\":\"https:\/\/revistaautobus.com.br\/?p=11904#primaryimage\"},\"image\":{\"@id\":\"https:\/\/revistaautobus.com.br\/?p=11904#primaryimage\"},\"thumbnailUrl\":\"https:\/\/revistaautobus.com.br\/wp-content\/uploads\/2024\/04\/eMillennium-Porto-Alegre.jpg\",\"datePublished\":\"2024-04-26T17:46:47+00:00\",\"breadcrumb\":{\"@id\":\"https:\/\/revistaautobus.com.br\/?p=11904#breadcrumb\"},\"inLanguage\":\"pt-BR\",\"potentialAction\":[{\"@type\":\"ReadAction\",\"target\":[\"https:\/\/revistaautobus.com.br\/?p=11904\"]}]},{\"@type\":\"ImageObject\",\"inLanguage\":\"pt-BR\",\"@id\":\"https:\/\/revistaautobus.com.br\/?p=11904#primaryimage\",\"url\":\"https:\/\/revistaautobus.com.br\/wp-content\/uploads\/2024\/04\/eMillennium-Porto-Alegre.jpg\",\"contentUrl\":\"https:\/\/revistaautobus.com.br\/wp-content\/uploads\/2024\/04\/eMillennium-Porto-Alegre.jpg\",\"width\":1080,\"height\":1080},{\"@type\":\"BreadcrumbList\",\"@id\":\"https:\/\/revistaautobus.com.br\/?p=11904#breadcrumb\",\"itemListElement\":[{\"@type\":\"ListItem\",\"position\":1,\"name\":\"In\u00edcio\",\"item\":\"https:\/\/revistaautobus.com.br\/\"},{\"@type\":\"ListItem\",\"position\":2,\"name\":\"Porto Alegre recebe novos \u00f4nibus el\u00e9tricos\"}]},{\"@type\":\"WebSite\",\"@id\":\"https:\/\/revistaautobus.com.br\/#website\",\"url\":\"https:\/\/revistaautobus.com.br\/\",\"name\":\"Revista AutoBus\",\"description\":\"\",\"publisher\":{\"@id\":\"https:\/\/revistaautobus.com.br\/#organization\"},\"potentialAction\":[{\"@type\":\"SearchAction\",\"target\":{\"@type\":\"EntryPoint\",\"urlTemplate\":\"https:\/\/revistaautobus.com.br\/?s={search_term_string}\"},\"query-input\":{\"@type\":\"PropertyValueSpecification\",\"valueRequired\":true,\"valueName\":\"search_term_string\"}}],\"inLanguage\":\"pt-BR\"},{\"@type\":\"Organization\",\"@id\":\"https:\/\/revistaautobus.com.br\/#organization\",\"name\":\"Revista AutoBus\",\"url\":\"https:\/\/revistaautobus.com.br\/\",\"logo\":{\"@type\":\"ImageObject\",\"inLanguage\":\"pt-BR\",\"@id\":\"https:\/\/revistaautobus.com.br\/#\/schema\/logo\/image\/\",\"url\":\"https:\/\/revistaautobus.com.br\/wp-content\/uploads\/2024\/11\/logo_revista_autobus_fb.png\",\"contentUrl\":\"https:\/\/revistaautobus.com.br\/wp-content\/uploads\/2024\/11\/logo_revista_autobus_fb.png\",\"width\":836,\"height\":227,\"caption\":\"Revista AutoBus\"},\"image\":{\"@id\":\"https:\/\/revistaautobus.com.br\/#\/schema\/logo\/image\/\"},\"sameAs\":[\"https:\/\/www.facebook.com\/antonio.ferro.3150\",\"https:\/\/www.instagram.com\/revistaautobus\/\"]},{\"@type\":\"Person\",\"@id\":\"https:\/\/revistaautobus.com.br\/#\/schema\/person\/54af7c3eb83a310e42ef686ef6d16f50\",\"name\":\"Antonio Ferro\",\"image\":{\"@type\":\"ImageObject\",\"inLanguage\":\"pt-BR\",\"@id\":\"https:\/\/revistaautobus.com.br\/wp-content\/uploads\/2025\/12\/editor_antonio_ferro-150x150.jpg\",\"url\":\"https:\/\/revistaautobus.com.br\/wp-content\/uploads\/2025\/12\/editor_antonio_ferro-150x150.jpg\",\"contentUrl\":\"https:\/\/revistaautobus.com.br\/wp-content\/uploads\/2025\/12\/editor_antonio_ferro-150x150.jpg\",\"caption\":\"Antonio Ferro\"},\"description\":\"infobus@uol.com.br\",\"url\":\"https:\/\/revistaautobus.com.br\/?author=2\"}]}<\/script>\n<!-- \/ Yoast SEO plugin. -->","yoast_head_json":{"title":"Porto Alegre recebe novos \u00f4nibus el\u00e9tricos - Revista AutoBus","robots":{"index":"index","follow":"follow","max-snippet":"max-snippet:-1","max-image-preview":"max-image-preview:large","max-video-preview":"max-video-preview:-1"},"canonical":"https:\/\/revistaautobus.com.br\/?p=11904","og_locale":"pt_BR","og_type":"article","og_title":"Porto Alegre recebe novos \u00f4nibus el\u00e9tricos - Revista AutoBus","og_description":"Com carro\u00e7arias Caio, os ve\u00edculos s\u00e3o os primeiros na cidade a promover um transporte coletivo mais sustent\u00e1vel em termos ambientais","og_url":"https:\/\/revistaautobus.com.br\/?p=11904","og_site_name":"Revista AutoBus","article_publisher":"https:\/\/www.facebook.com\/antonio.ferro.3150","article_published_time":"2024-04-26T17:46:47+00:00","og_image":[{"width":1080,"height":1080,"url":"https:\/\/revistaautobus.com.br\/wp-content\/uploads\/2024\/04\/eMillennium-Porto-Alegre.jpg","type":"image\/jpeg"}],"author":"Antonio Ferro","twitter_card":"summary_large_image","twitter_misc":{"Escrito por":"Antonio Ferro","Est. tempo de leitura":"2 minutos"},"schema":{"@context":"https:\/\/schema.org","@graph":[{"@type":"Article","@id":"https:\/\/revistaautobus.com.br\/?p=11904#article","isPartOf":{"@id":"https:\/\/revistaautobus.com.br\/?p=11904"},"author":{"name":"Antonio Ferro","@id":"https:\/\/revistaautobus.com.br\/#\/schema\/person\/54af7c3eb83a310e42ef686ef6d16f50"},"headline":"Porto Alegre recebe novos \u00f4nibus el\u00e9tricos","datePublished":"2024-04-26T17:46:47+00:00","mainEntityOfPage":{"@id":"https:\/\/revistaautobus.com.br\/?p=11904"},"wordCount":351,"commentCount":0,"publisher":{"@id":"https:\/\/revistaautobus.com.br\/#organization"},"image":{"@id":"https:\/\/revistaautobus.com.br\/?p=11904#primaryimage"},"thumbnailUrl":"https:\/\/revistaautobus.com.br\/wp-content\/uploads\/2024\/04\/eMillennium-Porto-Alegre.jpg","keywords":["Caio","eMillennium"],"articleSection":["Encarro\u00e7adora","\u00d4nibus el\u00e9trico","Tecnologia"],"inLanguage":"pt-BR","potentialAction":[{"@type":"CommentAction","name":"Comment","target":["https:\/\/revistaautobus.com.br\/?p=11904#respond"]}]},{"@type":"WebPage","@id":"https:\/\/revistaautobus.com.br\/?p=11904","url":"https:\/\/revistaautobus.com.br\/?p=11904","name":"Porto Alegre recebe novos \u00f4nibus el\u00e9tricos - Revista AutoBus","isPartOf":{"@id":"https:\/\/revistaautobus.com.br\/#website"},"primaryImageOfPage":{"@id":"https:\/\/revistaautobus.com.br\/?p=11904#primaryimage"},"image":{"@id":"https:\/\/revistaautobus.com.br\/?p=11904#primaryimage"},"thumbnailUrl":"https:\/\/revistaautobus.com.br\/wp-content\/uploads\/2024\/04\/eMillennium-Porto-Alegre.jpg","datePublished":"2024-04-26T17:46:47+00:00","breadcrumb":{"@id":"https:\/\/revistaautobus.com.br\/?p=11904#breadcrumb"},"inLanguage":"pt-BR","potentialAction":[{"@type":"ReadAction","target":["https:\/\/revistaautobus.com.br\/?p=11904"]}]},{"@type":"ImageObject","inLanguage":"pt-BR","@id":"https:\/\/revistaautobus.com.br\/?p=11904#primaryimage","url":"https:\/\/revistaautobus.com.br\/wp-content\/uploads\/2024\/04\/eMillennium-Porto-Alegre.jpg","contentUrl":"https:\/\/revistaautobus.com.br\/wp-content\/uploads\/2024\/04\/eMillennium-Porto-Alegre.jpg","width":1080,"height":1080},{"@type":"BreadcrumbList","@id":"https:\/\/revistaautobus.com.br\/?p=11904#breadcrumb","itemListElement":[{"@type":"ListItem","position":1,"name":"In\u00edcio","item":"https:\/\/revistaautobus.com.br\/"},{"@type":"ListItem","position":2,"name":"Porto Alegre recebe novos \u00f4nibus el\u00e9tricos"}]},{"@type":"WebSite","@id":"https:\/\/revistaautobus.com.br\/#website","url":"https:\/\/revistaautobus.com.br\/","name":"Revista AutoBus","description":"","publisher":{"@id":"https:\/\/revistaautobus.com.br\/#organization"},"potentialAction":[{"@type":"SearchAction","target":{"@type":"EntryPoint","urlTemplate":"https:\/\/revistaautobus.com.br\/?s={search_term_string}"},"query-input":{"@type":"PropertyValueSpecification","valueRequired":true,"valueName":"search_term_string"}}],"inLanguage":"pt-BR"},{"@type":"Organization","@id":"https:\/\/revistaautobus.com.br\/#organization","name":"Revista AutoBus","url":"https:\/\/revistaautobus.com.br\/","logo":{"@type":"ImageObject","inLanguage":"pt-BR","@id":"https:\/\/revistaautobus.com.br\/#\/schema\/logo\/image\/","url":"https:\/\/revistaautobus.com.br\/wp-content\/uploads\/2024\/11\/logo_revista_autobus_fb.png","contentUrl":"https:\/\/revistaautobus.com.br\/wp-content\/uploads\/2024\/11\/logo_revista_autobus_fb.png","width":836,"height":227,"caption":"Revista AutoBus"},"image":{"@id":"https:\/\/revistaautobus.com.br\/#\/schema\/logo\/image\/"},"sameAs":["https:\/\/www.facebook.com\/antonio.ferro.3150","https:\/\/www.instagram.com\/revistaautobus\/"]},{"@type":"Person","@id":"https:\/\/revistaautobus.com.br\/#\/schema\/person\/54af7c3eb83a310e42ef686ef6d16f50","name":"Antonio Ferro","image":{"@type":"ImageObject","inLanguage":"pt-BR","@id":"https:\/\/revistaautobus.com.br\/wp-content\/uploads\/2025\/12\/editor_antonio_ferro-150x150.jpg","url":"https:\/\/revistaautobus.com.br\/wp-content\/uploads\/2025\/12\/editor_antonio_ferro-150x150.jpg","contentUrl":"https:\/\/revistaautobus.com.br\/wp-content\/uploads\/2025\/12\/editor_antonio_ferro-150x150.jpg","caption":"Antonio Ferro"},"description":"infobus@uol.com.br","url":"https:\/\/revistaautobus.com.br\/?author=2"}]}},"jetpack_featured_media_url":"https:\/\/revistaautobus.com.br\/wp-content\/uploads\/2024\/04\/eMillennium-Porto-Alegre.jpg","jetpack_sharing_enabled":true,"_links":{"self":[{"href":"https:\/\/revistaautobus.com.br\/index.php?rest_route=\/wp\/v2\/posts\/11904","targetHints":{"allow":["GET"]}}],"collection":[{"href":"https:\/\/revistaautobus.com.br\/index.php?rest_route=\/wp\/v2\/posts"}],"about":[{"href":"https:\/\/revistaautobus.com.br\/index.php?rest_route=\/wp\/v2\/types\/post"}],"author":[{"embeddable":true,"href":"https:\/\/revistaautobus.com.br\/index.php?rest_route=\/wp\/v2\/users\/2"}],"replies":[{"embeddable":true,"href":"https:\/\/revistaautobus.com.br\/index.php?rest_route=%2Fwp%2Fv2%2Fcomments&post=11904"}],"version-history":[{"count":3,"href":"https:\/\/revistaautobus.com.br\/index.php?rest_route=\/wp\/v2\/posts\/11904\/revisions"}],"predecessor-version":[{"id":11909,"href":"https:\/\/revistaautobus.com.br\/index.php?rest_route=\/wp\/v2\/posts\/11904\/revisions\/11909"}],"wp:featuredmedia":[{"embeddable":true,"href":"https:\/\/revistaautobus.com.br\/index.php?rest_route=\/wp\/v2\/media\/11905"}],"wp:attachment":[{"href":"https:\/\/revistaautobus.com.br\/index.php?rest_route=%2Fwp%2Fv2%2Fmedia&parent=11904"}],"wp:term":[{"taxonomy":"category","embeddable":true,"href":"https:\/\/revistaautobus.com.br\/index.php?rest_route=%2Fwp%2Fv2%2Fcategories&post=11904"},{"taxonomy":"post_tag","embeddable":true,"href":"https:\/\/revistaautobus.com.br\/index.php?rest_route=%2Fwp%2Fv2%2Ftags&post=11904"}],"curies":[{"name":"wp","href":"https:\/\/api.w.org\/{rel}","templated":true}]}}