{"id":11910,"date":"2024-04-26T15:06:08","date_gmt":"2024-04-26T18:06:08","guid":{"rendered":"https:\/\/revistaautobus.com.br\/?p=11910"},"modified":"2024-04-26T15:06:08","modified_gmt":"2024-04-26T18:06:08","slug":"busscar-atende-as-demandas-de-seus-clientes","status":"publish","type":"post","link":"https:\/\/revistaautobus.com.br\/?p=11910","title":{"rendered":"Busscar atende \u00e0s demandas de seus clientes"},"content":{"rendered":"<p>Operador satisfeito com o seu produto \u00f4nibus responde positivamente com novas aquisi\u00e7\u00f5es. E \u00e9 isso que tem acontecido com a fabricante catarinense de carro\u00e7arias rodovi\u00e1rias, Busscar, que tem recebido novos pedidos de neg\u00f3cios. H\u00e1 pouco tempo, importantes transportadoras receberam novos \u00f4nibus para a renova\u00e7\u00e3o de suas respectivas frotas.<\/p>\n<p>O Grupo Comporte, por exemplo, continua recebendo as carro\u00e7arias Vissta Buss 365, sendo oito \u00f4nibus destinados ao Expresso Itamarati, tr\u00eas para o Expresso Maring\u00e1 e cinco \u00e0 Via\u00e7\u00e3o Piracicabana. Dos 16 ve\u00edculos, 11 t\u00eam chassi Mercedes-Benz O-500 RS e outros cinco t\u00eam chassi Scania K370C B4x2. Cada \u00f4nibus conta com 42 poltronas Class Leito Turismo com apoio para bra\u00e7os, pernas e p\u00e9s.<\/p>\n<p>Para melhor e confort\u00e1vel condu\u00e7\u00e3o, os ve\u00edculos contam com transmiss\u00e3o automatizada e sensor de estacionamento. Quanto ao passageiro, ele pode ter \u00e0 disposi\u00e7\u00e3o o sistema de ar-condicionado, sanit\u00e1rio e geladeira no final do corredor.<\/p>\n<p>J\u00e1 a Piccolotur Transportes Tur\u00edsticos, de Jundia\u00ed (SP), ter\u00e1 oito unidades da carro\u00e7aria El Buss FT, com chassi Volkswagen 17.230. Tal ve\u00edculo vem equipado com ar-condicionado, porta-pacotes com luz de leitura e conjunto de porta-copos individuais. S\u00e3o 47 poltronas Class Soft com tomada USB individual, cinto de seguran\u00e7a de tr\u00eas pontos retr\u00e1til e encosto para bra\u00e7os e p\u00e9s.<\/p>\n<p><img loading=\"lazy\" decoding=\"async\" class=\"alignnone wp-image-11912 size-full\" src=\"https:\/\/revistaautobus.com.br\/wp-content\/uploads\/2024\/04\/DSC_0427.jpg\" alt=\"\" width=\"1024\" height=\"682\" srcset=\"https:\/\/revistaautobus.com.br\/wp-content\/uploads\/2024\/04\/DSC_0427.jpg 1024w, https:\/\/revistaautobus.com.br\/wp-content\/uploads\/2024\/04\/DSC_0427-300x200.jpg 300w, https:\/\/revistaautobus.com.br\/wp-content\/uploads\/2024\/04\/DSC_0427-768x512.jpg 768w\" sizes=\"(max-width: 1024px) 100vw, 1024px\" \/><\/p>\n<p>A operadora foi fundada em 1959, atuando no mercado com servi\u00e7os regulares de curtas dist\u00e2ncias, dentro do estado de S\u00e3o Paulo, at\u00e9 roteiros tur\u00edsticos por todo o Brasil.<\/p>\n<p>Para o Nordeste, precisamente, em Vit\u00f3ria da Conquista, BA, a fabricante produziu 16 carro\u00e7arias Vissta Buss 360, adquiridas pela empresa do Grupo Novo Horizonte, Jotamar Com\u00e9rcio de Pe\u00e7as e Transporte Rodovi\u00e1rio. Elas receberam o chassi Mercedes-Benz O-500 RS.<\/p>\n<p><img loading=\"lazy\" decoding=\"async\" class=\"alignnone wp-image-11913 size-full\" src=\"https:\/\/revistaautobus.com.br\/wp-content\/uploads\/2024\/04\/DSC_0711.jpg\" alt=\"\" width=\"1024\" height=\"682\" srcset=\"https:\/\/revistaautobus.com.br\/wp-content\/uploads\/2024\/04\/DSC_0711.jpg 1024w, https:\/\/revistaautobus.com.br\/wp-content\/uploads\/2024\/04\/DSC_0711-300x200.jpg 300w, https:\/\/revistaautobus.com.br\/wp-content\/uploads\/2024\/04\/DSC_0711-768x512.jpg 768w\" sizes=\"(max-width: 1024px) 100vw, 1024px\" \/><\/p>\n<p>De acordo com a Busscar, os ve\u00edculos t\u00eam 46 poltronas Class Leito Turismo, revestidas em tecido e equipadas com apoio de cabe\u00e7a com viscoel\u00e1stico, conjunto de porta-copos individuais, porta-revistas e apoio de bra\u00e7o, pernas e p\u00e9s, al\u00e9m de portas USB.<\/p>\n<p>Imagens &#8211; Divulga\u00e7\u00e3o<\/p>\n","protected":false},"excerpt":{"rendered":"<p>Mercado aquecido para a marca catarinense, de Joinville<\/p>\n","protected":false},"author":2,"featured_media":11911,"comment_status":"open","ping_status":"open","sticky":false,"template":"","format":"standard","meta":{"_et_pb_use_builder":"","_et_pb_old_content":"","_et_gb_content_width":"","_jetpack_memberships_contains_paid_content":false,"footnotes":""},"categories":[55,80],"tags":[56],"class_list":["post-11910","post","type-post","status-publish","format-standard","has-post-thumbnail","hentry","category-encarrocadora","category-transporte-rodoviario","tag-busscar","et-has-post-format-content","et_post_format-et-post-format-standard"],"yoast_head":"<!-- This site is optimized with the Yoast SEO plugin v27.2 - https:\/\/yoast.com\/product\/yoast-seo-wordpress\/ -->\n<title>Busscar atende \u00e0s demandas de seus clientes - Revista AutoBus<\/title>\n<meta name=\"robots\" content=\"index, follow, max-snippet:-1, max-image-preview:large, max-video-preview:-1\" \/>\n<link rel=\"canonical\" href=\"https:\/\/revistaautobus.com.br\/?p=11910\" \/>\n<meta property=\"og:locale\" content=\"pt_BR\" \/>\n<meta property=\"og:type\" content=\"article\" \/>\n<meta property=\"og:title\" content=\"Busscar atende \u00e0s demandas de seus clientes - Revista AutoBus\" \/>\n<meta property=\"og:description\" content=\"Mercado aquecido para a marca catarinense, de Joinville\" \/>\n<meta property=\"og:url\" content=\"https:\/\/revistaautobus.com.br\/?p=11910\" \/>\n<meta property=\"og:site_name\" content=\"Revista AutoBus\" \/>\n<meta property=\"article:publisher\" content=\"https:\/\/www.facebook.com\/antonio.ferro.3150\" \/>\n<meta property=\"article:published_time\" content=\"2024-04-26T18:06:08+00:00\" \/>\n<meta property=\"og:image\" content=\"https:\/\/revistaautobus.com.br\/wp-content\/uploads\/2024\/04\/DSC_0315.jpg\" \/>\n\t<meta property=\"og:image:width\" content=\"1024\" \/>\n\t<meta property=\"og:image:height\" content=\"682\" \/>\n\t<meta property=\"og:image:type\" content=\"image\/jpeg\" \/>\n<meta name=\"author\" content=\"Antonio Ferro\" \/>\n<meta name=\"twitter:card\" content=\"summary_large_image\" \/>\n<meta name=\"twitter:label1\" content=\"Escrito por\" \/>\n\t<meta name=\"twitter:data1\" content=\"Antonio Ferro\" \/>\n\t<meta name=\"twitter:label2\" content=\"Est. tempo de leitura\" \/>\n\t<meta name=\"twitter:data2\" content=\"2 minutos\" \/>\n<script type=\"application\/ld+json\" class=\"yoast-schema-graph\">{\"@context\":\"https:\/\/schema.org\",\"@graph\":[{\"@type\":\"Article\",\"@id\":\"https:\/\/revistaautobus.com.br\/?p=11910#article\",\"isPartOf\":{\"@id\":\"https:\/\/revistaautobus.com.br\/?p=11910\"},\"author\":{\"name\":\"Antonio Ferro\",\"@id\":\"https:\/\/revistaautobus.com.br\/#\/schema\/person\/54af7c3eb83a310e42ef686ef6d16f50\"},\"headline\":\"Busscar atende \u00e0s demandas de seus clientes\",\"datePublished\":\"2024-04-26T18:06:08+00:00\",\"mainEntityOfPage\":{\"@id\":\"https:\/\/revistaautobus.com.br\/?p=11910\"},\"wordCount\":352,\"commentCount\":0,\"publisher\":{\"@id\":\"https:\/\/revistaautobus.com.br\/#organization\"},\"image\":{\"@id\":\"https:\/\/revistaautobus.com.br\/?p=11910#primaryimage\"},\"thumbnailUrl\":\"https:\/\/revistaautobus.com.br\/wp-content\/uploads\/2024\/04\/DSC_0315.jpg\",\"keywords\":[\"Busscar\"],\"articleSection\":[\"Encarro\u00e7adora\",\"Transporte rodovi\u00e1rio\"],\"inLanguage\":\"pt-BR\",\"potentialAction\":[{\"@type\":\"CommentAction\",\"name\":\"Comment\",\"target\":[\"https:\/\/revistaautobus.com.br\/?p=11910#respond\"]}]},{\"@type\":\"WebPage\",\"@id\":\"https:\/\/revistaautobus.com.br\/?p=11910\",\"url\":\"https:\/\/revistaautobus.com.br\/?p=11910\",\"name\":\"Busscar atende \u00e0s demandas de seus clientes - Revista AutoBus\",\"isPartOf\":{\"@id\":\"https:\/\/revistaautobus.com.br\/#website\"},\"primaryImageOfPage\":{\"@id\":\"https:\/\/revistaautobus.com.br\/?p=11910#primaryimage\"},\"image\":{\"@id\":\"https:\/\/revistaautobus.com.br\/?p=11910#primaryimage\"},\"thumbnailUrl\":\"https:\/\/revistaautobus.com.br\/wp-content\/uploads\/2024\/04\/DSC_0315.jpg\",\"datePublished\":\"2024-04-26T18:06:08+00:00\",\"breadcrumb\":{\"@id\":\"https:\/\/revistaautobus.com.br\/?p=11910#breadcrumb\"},\"inLanguage\":\"pt-BR\",\"potentialAction\":[{\"@type\":\"ReadAction\",\"target\":[\"https:\/\/revistaautobus.com.br\/?p=11910\"]}]},{\"@type\":\"ImageObject\",\"inLanguage\":\"pt-BR\",\"@id\":\"https:\/\/revistaautobus.com.br\/?p=11910#primaryimage\",\"url\":\"https:\/\/revistaautobus.com.br\/wp-content\/uploads\/2024\/04\/DSC_0315.jpg\",\"contentUrl\":\"https:\/\/revistaautobus.com.br\/wp-content\/uploads\/2024\/04\/DSC_0315.jpg\",\"width\":1024,\"height\":682},{\"@type\":\"BreadcrumbList\",\"@id\":\"https:\/\/revistaautobus.com.br\/?p=11910#breadcrumb\",\"itemListElement\":[{\"@type\":\"ListItem\",\"position\":1,\"name\":\"In\u00edcio\",\"item\":\"https:\/\/revistaautobus.com.br\/\"},{\"@type\":\"ListItem\",\"position\":2,\"name\":\"Busscar atende \u00e0s demandas de seus clientes\"}]},{\"@type\":\"WebSite\",\"@id\":\"https:\/\/revistaautobus.com.br\/#website\",\"url\":\"https:\/\/revistaautobus.com.br\/\",\"name\":\"Revista AutoBus\",\"description\":\"\",\"publisher\":{\"@id\":\"https:\/\/revistaautobus.com.br\/#organization\"},\"potentialAction\":[{\"@type\":\"SearchAction\",\"target\":{\"@type\":\"EntryPoint\",\"urlTemplate\":\"https:\/\/revistaautobus.com.br\/?s={search_term_string}\"},\"query-input\":{\"@type\":\"PropertyValueSpecification\",\"valueRequired\":true,\"valueName\":\"search_term_string\"}}],\"inLanguage\":\"pt-BR\"},{\"@type\":\"Organization\",\"@id\":\"https:\/\/revistaautobus.com.br\/#organization\",\"name\":\"Revista AutoBus\",\"url\":\"https:\/\/revistaautobus.com.br\/\",\"logo\":{\"@type\":\"ImageObject\",\"inLanguage\":\"pt-BR\",\"@id\":\"https:\/\/revistaautobus.com.br\/#\/schema\/logo\/image\/\",\"url\":\"https:\/\/revistaautobus.com.br\/wp-content\/uploads\/2024\/11\/logo_revista_autobus_fb.png\",\"contentUrl\":\"https:\/\/revistaautobus.com.br\/wp-content\/uploads\/2024\/11\/logo_revista_autobus_fb.png\",\"width\":836,\"height\":227,\"caption\":\"Revista AutoBus\"},\"image\":{\"@id\":\"https:\/\/revistaautobus.com.br\/#\/schema\/logo\/image\/\"},\"sameAs\":[\"https:\/\/www.facebook.com\/antonio.ferro.3150\",\"https:\/\/www.instagram.com\/revistaautobus\/\"]},{\"@type\":\"Person\",\"@id\":\"https:\/\/revistaautobus.com.br\/#\/schema\/person\/54af7c3eb83a310e42ef686ef6d16f50\",\"name\":\"Antonio Ferro\",\"image\":{\"@type\":\"ImageObject\",\"inLanguage\":\"pt-BR\",\"@id\":\"https:\/\/revistaautobus.com.br\/wp-content\/uploads\/2025\/12\/editor_antonio_ferro-150x150.jpg\",\"url\":\"https:\/\/revistaautobus.com.br\/wp-content\/uploads\/2025\/12\/editor_antonio_ferro-150x150.jpg\",\"contentUrl\":\"https:\/\/revistaautobus.com.br\/wp-content\/uploads\/2025\/12\/editor_antonio_ferro-150x150.jpg\",\"caption\":\"Antonio Ferro\"},\"description\":\"infobus@uol.com.br\",\"url\":\"https:\/\/revistaautobus.com.br\/?author=2\"}]}<\/script>\n<!-- \/ Yoast SEO plugin. -->","yoast_head_json":{"title":"Busscar atende \u00e0s demandas de seus clientes - Revista AutoBus","robots":{"index":"index","follow":"follow","max-snippet":"max-snippet:-1","max-image-preview":"max-image-preview:large","max-video-preview":"max-video-preview:-1"},"canonical":"https:\/\/revistaautobus.com.br\/?p=11910","og_locale":"pt_BR","og_type":"article","og_title":"Busscar atende \u00e0s demandas de seus clientes - Revista AutoBus","og_description":"Mercado aquecido para a marca catarinense, de Joinville","og_url":"https:\/\/revistaautobus.com.br\/?p=11910","og_site_name":"Revista AutoBus","article_publisher":"https:\/\/www.facebook.com\/antonio.ferro.3150","article_published_time":"2024-04-26T18:06:08+00:00","og_image":[{"width":1024,"height":682,"url":"https:\/\/revistaautobus.com.br\/wp-content\/uploads\/2024\/04\/DSC_0315.jpg","type":"image\/jpeg"}],"author":"Antonio Ferro","twitter_card":"summary_large_image","twitter_misc":{"Escrito por":"Antonio Ferro","Est. tempo de leitura":"2 minutos"},"schema":{"@context":"https:\/\/schema.org","@graph":[{"@type":"Article","@id":"https:\/\/revistaautobus.com.br\/?p=11910#article","isPartOf":{"@id":"https:\/\/revistaautobus.com.br\/?p=11910"},"author":{"name":"Antonio Ferro","@id":"https:\/\/revistaautobus.com.br\/#\/schema\/person\/54af7c3eb83a310e42ef686ef6d16f50"},"headline":"Busscar atende \u00e0s demandas de seus clientes","datePublished":"2024-04-26T18:06:08+00:00","mainEntityOfPage":{"@id":"https:\/\/revistaautobus.com.br\/?p=11910"},"wordCount":352,"commentCount":0,"publisher":{"@id":"https:\/\/revistaautobus.com.br\/#organization"},"image":{"@id":"https:\/\/revistaautobus.com.br\/?p=11910#primaryimage"},"thumbnailUrl":"https:\/\/revistaautobus.com.br\/wp-content\/uploads\/2024\/04\/DSC_0315.jpg","keywords":["Busscar"],"articleSection":["Encarro\u00e7adora","Transporte rodovi\u00e1rio"],"inLanguage":"pt-BR","potentialAction":[{"@type":"CommentAction","name":"Comment","target":["https:\/\/revistaautobus.com.br\/?p=11910#respond"]}]},{"@type":"WebPage","@id":"https:\/\/revistaautobus.com.br\/?p=11910","url":"https:\/\/revistaautobus.com.br\/?p=11910","name":"Busscar atende \u00e0s demandas de seus clientes - Revista AutoBus","isPartOf":{"@id":"https:\/\/revistaautobus.com.br\/#website"},"primaryImageOfPage":{"@id":"https:\/\/revistaautobus.com.br\/?p=11910#primaryimage"},"image":{"@id":"https:\/\/revistaautobus.com.br\/?p=11910#primaryimage"},"thumbnailUrl":"https:\/\/revistaautobus.com.br\/wp-content\/uploads\/2024\/04\/DSC_0315.jpg","datePublished":"2024-04-26T18:06:08+00:00","breadcrumb":{"@id":"https:\/\/revistaautobus.com.br\/?p=11910#breadcrumb"},"inLanguage":"pt-BR","potentialAction":[{"@type":"ReadAction","target":["https:\/\/revistaautobus.com.br\/?p=11910"]}]},{"@type":"ImageObject","inLanguage":"pt-BR","@id":"https:\/\/revistaautobus.com.br\/?p=11910#primaryimage","url":"https:\/\/revistaautobus.com.br\/wp-content\/uploads\/2024\/04\/DSC_0315.jpg","contentUrl":"https:\/\/revistaautobus.com.br\/wp-content\/uploads\/2024\/04\/DSC_0315.jpg","width":1024,"height":682},{"@type":"BreadcrumbList","@id":"https:\/\/revistaautobus.com.br\/?p=11910#breadcrumb","itemListElement":[{"@type":"ListItem","position":1,"name":"In\u00edcio","item":"https:\/\/revistaautobus.com.br\/"},{"@type":"ListItem","position":2,"name":"Busscar atende \u00e0s demandas de seus clientes"}]},{"@type":"WebSite","@id":"https:\/\/revistaautobus.com.br\/#website","url":"https:\/\/revistaautobus.com.br\/","name":"Revista AutoBus","description":"","publisher":{"@id":"https:\/\/revistaautobus.com.br\/#organization"},"potentialAction":[{"@type":"SearchAction","target":{"@type":"EntryPoint","urlTemplate":"https:\/\/revistaautobus.com.br\/?s={search_term_string}"},"query-input":{"@type":"PropertyValueSpecification","valueRequired":true,"valueName":"search_term_string"}}],"inLanguage":"pt-BR"},{"@type":"Organization","@id":"https:\/\/revistaautobus.com.br\/#organization","name":"Revista AutoBus","url":"https:\/\/revistaautobus.com.br\/","logo":{"@type":"ImageObject","inLanguage":"pt-BR","@id":"https:\/\/revistaautobus.com.br\/#\/schema\/logo\/image\/","url":"https:\/\/revistaautobus.com.br\/wp-content\/uploads\/2024\/11\/logo_revista_autobus_fb.png","contentUrl":"https:\/\/revistaautobus.com.br\/wp-content\/uploads\/2024\/11\/logo_revista_autobus_fb.png","width":836,"height":227,"caption":"Revista AutoBus"},"image":{"@id":"https:\/\/revistaautobus.com.br\/#\/schema\/logo\/image\/"},"sameAs":["https:\/\/www.facebook.com\/antonio.ferro.3150","https:\/\/www.instagram.com\/revistaautobus\/"]},{"@type":"Person","@id":"https:\/\/revistaautobus.com.br\/#\/schema\/person\/54af7c3eb83a310e42ef686ef6d16f50","name":"Antonio Ferro","image":{"@type":"ImageObject","inLanguage":"pt-BR","@id":"https:\/\/revistaautobus.com.br\/wp-content\/uploads\/2025\/12\/editor_antonio_ferro-150x150.jpg","url":"https:\/\/revistaautobus.com.br\/wp-content\/uploads\/2025\/12\/editor_antonio_ferro-150x150.jpg","contentUrl":"https:\/\/revistaautobus.com.br\/wp-content\/uploads\/2025\/12\/editor_antonio_ferro-150x150.jpg","caption":"Antonio Ferro"},"description":"infobus@uol.com.br","url":"https:\/\/revistaautobus.com.br\/?author=2"}]}},"jetpack_featured_media_url":"https:\/\/revistaautobus.com.br\/wp-content\/uploads\/2024\/04\/DSC_0315.jpg","jetpack_sharing_enabled":true,"_links":{"self":[{"href":"https:\/\/revistaautobus.com.br\/index.php?rest_route=\/wp\/v2\/posts\/11910","targetHints":{"allow":["GET"]}}],"collection":[{"href":"https:\/\/revistaautobus.com.br\/index.php?rest_route=\/wp\/v2\/posts"}],"about":[{"href":"https:\/\/revistaautobus.com.br\/index.php?rest_route=\/wp\/v2\/types\/post"}],"author":[{"embeddable":true,"href":"https:\/\/revistaautobus.com.br\/index.php?rest_route=\/wp\/v2\/users\/2"}],"replies":[{"embeddable":true,"href":"https:\/\/revistaautobus.com.br\/index.php?rest_route=%2Fwp%2Fv2%2Fcomments&post=11910"}],"version-history":[{"count":2,"href":"https:\/\/revistaautobus.com.br\/index.php?rest_route=\/wp\/v2\/posts\/11910\/revisions"}],"predecessor-version":[{"id":11915,"href":"https:\/\/revistaautobus.com.br\/index.php?rest_route=\/wp\/v2\/posts\/11910\/revisions\/11915"}],"wp:featuredmedia":[{"embeddable":true,"href":"https:\/\/revistaautobus.com.br\/index.php?rest_route=\/wp\/v2\/media\/11911"}],"wp:attachment":[{"href":"https:\/\/revistaautobus.com.br\/index.php?rest_route=%2Fwp%2Fv2%2Fmedia&parent=11910"}],"wp:term":[{"taxonomy":"category","embeddable":true,"href":"https:\/\/revistaautobus.com.br\/index.php?rest_route=%2Fwp%2Fv2%2Fcategories&post=11910"},{"taxonomy":"post_tag","embeddable":true,"href":"https:\/\/revistaautobus.com.br\/index.php?rest_route=%2Fwp%2Fv2%2Ftags&post=11910"}],"curies":[{"name":"wp","href":"https:\/\/api.w.org\/{rel}","templated":true}]}}