{"id":11928,"date":"2024-04-30T11:04:59","date_gmt":"2024-04-30T14:04:59","guid":{"rendered":"https:\/\/revistaautobus.com.br\/?p=11928"},"modified":"2024-04-30T11:06:23","modified_gmt":"2024-04-30T14:06:23","slug":"2024-esta-indo-e-o-que-ainda-podemos-esperar-dele","status":"publish","type":"post","link":"https:\/\/revistaautobus.com.br\/?p=11928","title":{"rendered":"2024 est\u00e1 indo. E o que, ainda, podemos esperar dele?"},"content":{"rendered":"<p>J\u00e1 estamos, praticamente, em meados do ano (a cada dia percebo que ele voa e n\u00e3o corre \u2013 ser\u00e1 crise da idade?) e o que constatamos que houve de resolu\u00e7\u00e3o para os problemas envoltos do transporte coletivo realizado pelo \u00f4nibus? Sempre uma pergunta, n\u00e9?<\/p>\n<p>Vou ser pr\u00e1tico. Pouca coisa de solu\u00e7\u00e3o ou quase nada (copo meio cheio ou meio vazio?), para ser sincero. No segmento urbano, pelo lado financeiro, as cidades continuam com suas ajudas para manter os sistemas em p\u00e9 ou melhor, rodando, n\u00e3o deixando quem mais precisa da mobilidade coletiva na m\u00e3o ou a p\u00e9. Al\u00e9m disso, tarifa zero \u00e9 um meio de proporcionar melhores condi\u00e7\u00f5es econ\u00f4micas e oportunidades para o p\u00fablico que tem que se deslocar em suas tarefas di\u00e1rias ou, para o gestor p\u00fablico, conquistar a aprova\u00e7\u00e3o pol\u00edtica, desde que haja or\u00e7amento suficiente para isso.<\/p>\n<p>Ainda, no quesito transporte coletivo urbano, o bus\u00e3o nosso de cada dia continua n\u00e3o recebendo aten\u00e7\u00e3o dos prefeitos quanto a promover efici\u00eancia operacional, por meio de vias segregadas, aquelas que lhes conferem velocidade, reduzindo os tempos das viagens. \u201cResurtado\u201d, como diria meu pai, o desempenho continua daquele jeito que conhecemos.<\/p>\n<p>Se falarmos de eletrifica\u00e7\u00e3o ou mesmo da possibilidade de transformarmos os sistemas livres das emiss\u00f5es poluentes, continuamos a ver a ind\u00fastria querendo vender (\u00f4nibus el\u00e9trico), os prefeitos em a\u00e7\u00f5es de status para mostrar que est\u00e3o compromissados com o meio ambiente, a car\u00eancia de infraestrutura para o abastecimento energ\u00e9tico, as d\u00favidas sobre quem vai bancar o investimento (que n\u00e3o \u00e9 barato) e o desinteresse por outros modelos que podem, sim, contribuir com o transporte limpo (digo biocombust\u00edveis). N\u00e3o me julguem, pois tratam-se de constata\u00e7\u00f5es vindas deste editor. Ser\u00e1 que preso nos congestionamentos, esse modelo de transporte ter\u00e1 valia?<\/p>\n<p>Quanto ao transporte rodovi\u00e1rio, o Brasil tira de letra e \u00e9 <i>expert<\/i> no desenvolvimento e opera\u00e7\u00e3o dos melhores ve\u00edculos, com transportadoras que se preocupam em disponibilizar aos seus passageiros inova\u00e7\u00f5es e servi\u00e7os que se destacam pelas caracter\u00edsticas da seguran\u00e7a e do conforto.<\/p>\n<p>Pelo lado dos fabricantes nacionais, n\u00e3o h\u00e1 d\u00favidas que fazem o que \u00e9 adequado ao mercado, sempre pensando em atender as demandas de cada setor com seus interesses espec\u00edficos, com produtos relacionados aos servi\u00e7os e os nichos de opera\u00e7\u00e3o. Se h\u00e1 procura, h\u00e1 produto. Tarefa dada, tarefa cumprida.<\/p>\n<p>Neste, quase meados de 2024, o pleno funcionamento dos sistemas urbanos, ainda, continua comprometido com a falta de observa\u00e7\u00e3o aos preceitos da prioridade aos \u00f4nibus no tr\u00e1fego vi\u00e1rio, sempre disputando espa\u00e7o com outros modais motorizados. O ano se vai e os investimentos em infraestrutura continuam politizados, sem o modal receber a devida aten\u00e7\u00e3o dos prefeitos. O Governo Federal disponibiliza o PAC (Programa de Acelera\u00e7\u00e3o do Crescimento) para o incentivo aos diversos segmentos relacionados \u2013 infraestrutura, ve\u00edculos, tecnologia etc. Mas, depende das decis\u00f5es dos mandat\u00e1rios p\u00fablicos municipais quanto a investir no transporte coletivo.<\/p>\n<p>E, sobre a tecnologia, ahhh!!!, isso temos de sobra e sabemos produzir a melhor em termos de gest\u00e3o, monitoramento e controle operacional, com empresas dedicadas a desenvolver recursos que provocam o bom desempenho dos servi\u00e7os. Restam aos gestores p\u00fablicos do transporte ter a sapi\u00eancia na utiliza\u00e7\u00e3o de todas essas ferramentas. Portanto, 2024 n\u00e3o deixa a desejar a respeito do que o segmento pode ter para o seu benef\u00edcio.<\/p>\n<p>Em mais alguns meses teremos uma grande feira que ressaltar\u00e1 a ind\u00fastria brasileira do \u00f4nibus e toda a sua capacidade em projetar, criar e produzir os mais modernos conceitos que impactam, de maneira positiva, na mobilidade coletiva nacional. \u00c9 l\u00e1, que veremos tudo o que ser\u00e1 proposto para que as cidades e seus sistemas de transporte coletivo sobre pneus se modernizem e avancem em dire\u00e7\u00e3o \u00e0 uma mobilidade eficiente e sustent\u00e1vel. Que sejamos ouvidos!!<\/p>\n<p>Lembrando &#8211; Transporte coletivo n\u00e3o pode ficar a merc\u00ea de decis\u00f5es judiciais que comprometam-lhe a sua essencial finalidade, que \u00e9 dar um deslocamento digno e qualificado \u00e0s pessoas.<\/p>\n<p>Imagem &#8211; Reprodu\u00e7\u00e3o<\/p>\n","protected":false},"excerpt":{"rendered":"<p>Neste, quase meados de 2024, o pleno funcionamento dos sistemas urbanos, ainda, continua comprometido com a falta de observa\u00e7\u00e3o aos preceitos da prioridade aos \u00f4nibus no tr\u00e1fego vi\u00e1rio, sempre disputando espa\u00e7o com outros modais motorizados<\/p>\n","protected":false},"author":2,"featured_media":11929,"comment_status":"open","ping_status":"open","sticky":false,"template":"","format":"standard","meta":{"_et_pb_use_builder":"","_et_pb_old_content":"","_et_gb_content_width":"","_jetpack_memberships_contains_paid_content":false,"footnotes":""},"categories":[52,41],"tags":[19],"class_list":["post-11928","post","type-post","status-publish","format-standard","has-post-thumbnail","hentry","category-especialistas","category-ponto-de-vista","tag-transporte-coletivo","et-has-post-format-content","et_post_format-et-post-format-standard"],"yoast_head":"<!-- This site is optimized with the Yoast SEO plugin v27.2 - https:\/\/yoast.com\/product\/yoast-seo-wordpress\/ -->\n<title>2024 est\u00e1 indo. E o que, ainda, podemos esperar dele? - Revista AutoBus<\/title>\n<meta name=\"robots\" content=\"index, follow, max-snippet:-1, max-image-preview:large, max-video-preview:-1\" \/>\n<link rel=\"canonical\" href=\"https:\/\/revistaautobus.com.br\/?p=11928\" \/>\n<meta property=\"og:locale\" content=\"pt_BR\" \/>\n<meta property=\"og:type\" content=\"article\" \/>\n<meta property=\"og:title\" content=\"2024 est\u00e1 indo. E o que, ainda, podemos esperar dele? - Revista AutoBus\" \/>\n<meta property=\"og:description\" content=\"Neste, quase meados de 2024, o pleno funcionamento dos sistemas urbanos, ainda, continua comprometido com a falta de observa\u00e7\u00e3o aos preceitos da prioridade aos \u00f4nibus no tr\u00e1fego vi\u00e1rio, sempre disputando espa\u00e7o com outros modais motorizados\" \/>\n<meta property=\"og:url\" content=\"https:\/\/revistaautobus.com.br\/?p=11928\" \/>\n<meta property=\"og:site_name\" content=\"Revista AutoBus\" \/>\n<meta property=\"article:publisher\" content=\"https:\/\/www.facebook.com\/antonio.ferro.3150\" \/>\n<meta property=\"article:published_time\" content=\"2024-04-30T14:04:59+00:00\" \/>\n<meta property=\"article:modified_time\" content=\"2024-04-30T14:06:23+00:00\" \/>\n<meta property=\"og:image\" content=\"https:\/\/revistaautobus.com.br\/wp-content\/uploads\/2024\/04\/OIG2.jMrOO2x.jpg\" \/>\n\t<meta property=\"og:image:width\" content=\"1024\" \/>\n\t<meta property=\"og:image:height\" content=\"1024\" \/>\n\t<meta property=\"og:image:type\" content=\"image\/jpeg\" \/>\n<meta name=\"author\" content=\"Antonio Ferro\" \/>\n<meta name=\"twitter:card\" content=\"summary_large_image\" \/>\n<meta name=\"twitter:label1\" content=\"Escrito por\" \/>\n\t<meta name=\"twitter:data1\" content=\"Antonio Ferro\" \/>\n\t<meta name=\"twitter:label2\" content=\"Est. tempo de leitura\" \/>\n\t<meta name=\"twitter:data2\" content=\"3 minutos\" \/>\n<script type=\"application\/ld+json\" class=\"yoast-schema-graph\">{\"@context\":\"https:\/\/schema.org\",\"@graph\":[{\"@type\":\"Article\",\"@id\":\"https:\/\/revistaautobus.com.br\/?p=11928#article\",\"isPartOf\":{\"@id\":\"https:\/\/revistaautobus.com.br\/?p=11928\"},\"author\":{\"name\":\"Antonio Ferro\",\"@id\":\"https:\/\/revistaautobus.com.br\/#\/schema\/person\/54af7c3eb83a310e42ef686ef6d16f50\"},\"headline\":\"2024 est\u00e1 indo. E o que, ainda, podemos esperar dele?\",\"datePublished\":\"2024-04-30T14:04:59+00:00\",\"dateModified\":\"2024-04-30T14:06:23+00:00\",\"mainEntityOfPage\":{\"@id\":\"https:\/\/revistaautobus.com.br\/?p=11928\"},\"wordCount\":706,\"commentCount\":0,\"publisher\":{\"@id\":\"https:\/\/revistaautobus.com.br\/#organization\"},\"image\":{\"@id\":\"https:\/\/revistaautobus.com.br\/?p=11928#primaryimage\"},\"thumbnailUrl\":\"https:\/\/revistaautobus.com.br\/wp-content\/uploads\/2024\/04\/OIG2.jMrOO2x.jpg\",\"keywords\":[\"transporte coletivo\"],\"articleSection\":[\"Especialistas\",\"Ponto de Vista\"],\"inLanguage\":\"pt-BR\",\"potentialAction\":[{\"@type\":\"CommentAction\",\"name\":\"Comment\",\"target\":[\"https:\/\/revistaautobus.com.br\/?p=11928#respond\"]}]},{\"@type\":\"WebPage\",\"@id\":\"https:\/\/revistaautobus.com.br\/?p=11928\",\"url\":\"https:\/\/revistaautobus.com.br\/?p=11928\",\"name\":\"2024 est\u00e1 indo. E o que, ainda, podemos esperar dele? - Revista AutoBus\",\"isPartOf\":{\"@id\":\"https:\/\/revistaautobus.com.br\/#website\"},\"primaryImageOfPage\":{\"@id\":\"https:\/\/revistaautobus.com.br\/?p=11928#primaryimage\"},\"image\":{\"@id\":\"https:\/\/revistaautobus.com.br\/?p=11928#primaryimage\"},\"thumbnailUrl\":\"https:\/\/revistaautobus.com.br\/wp-content\/uploads\/2024\/04\/OIG2.jMrOO2x.jpg\",\"datePublished\":\"2024-04-30T14:04:59+00:00\",\"dateModified\":\"2024-04-30T14:06:23+00:00\",\"breadcrumb\":{\"@id\":\"https:\/\/revistaautobus.com.br\/?p=11928#breadcrumb\"},\"inLanguage\":\"pt-BR\",\"potentialAction\":[{\"@type\":\"ReadAction\",\"target\":[\"https:\/\/revistaautobus.com.br\/?p=11928\"]}]},{\"@type\":\"ImageObject\",\"inLanguage\":\"pt-BR\",\"@id\":\"https:\/\/revistaautobus.com.br\/?p=11928#primaryimage\",\"url\":\"https:\/\/revistaautobus.com.br\/wp-content\/uploads\/2024\/04\/OIG2.jMrOO2x.jpg\",\"contentUrl\":\"https:\/\/revistaautobus.com.br\/wp-content\/uploads\/2024\/04\/OIG2.jMrOO2x.jpg\",\"width\":1024,\"height\":1024},{\"@type\":\"BreadcrumbList\",\"@id\":\"https:\/\/revistaautobus.com.br\/?p=11928#breadcrumb\",\"itemListElement\":[{\"@type\":\"ListItem\",\"position\":1,\"name\":\"In\u00edcio\",\"item\":\"https:\/\/revistaautobus.com.br\/\"},{\"@type\":\"ListItem\",\"position\":2,\"name\":\"2024 est\u00e1 indo. E o que, ainda, podemos esperar dele?\"}]},{\"@type\":\"WebSite\",\"@id\":\"https:\/\/revistaautobus.com.br\/#website\",\"url\":\"https:\/\/revistaautobus.com.br\/\",\"name\":\"Revista AutoBus\",\"description\":\"\",\"publisher\":{\"@id\":\"https:\/\/revistaautobus.com.br\/#organization\"},\"potentialAction\":[{\"@type\":\"SearchAction\",\"target\":{\"@type\":\"EntryPoint\",\"urlTemplate\":\"https:\/\/revistaautobus.com.br\/?s={search_term_string}\"},\"query-input\":{\"@type\":\"PropertyValueSpecification\",\"valueRequired\":true,\"valueName\":\"search_term_string\"}}],\"inLanguage\":\"pt-BR\"},{\"@type\":\"Organization\",\"@id\":\"https:\/\/revistaautobus.com.br\/#organization\",\"name\":\"Revista AutoBus\",\"url\":\"https:\/\/revistaautobus.com.br\/\",\"logo\":{\"@type\":\"ImageObject\",\"inLanguage\":\"pt-BR\",\"@id\":\"https:\/\/revistaautobus.com.br\/#\/schema\/logo\/image\/\",\"url\":\"https:\/\/revistaautobus.com.br\/wp-content\/uploads\/2024\/11\/logo_revista_autobus_fb.png\",\"contentUrl\":\"https:\/\/revistaautobus.com.br\/wp-content\/uploads\/2024\/11\/logo_revista_autobus_fb.png\",\"width\":836,\"height\":227,\"caption\":\"Revista AutoBus\"},\"image\":{\"@id\":\"https:\/\/revistaautobus.com.br\/#\/schema\/logo\/image\/\"},\"sameAs\":[\"https:\/\/www.facebook.com\/antonio.ferro.3150\",\"https:\/\/www.instagram.com\/revistaautobus\/\"]},{\"@type\":\"Person\",\"@id\":\"https:\/\/revistaautobus.com.br\/#\/schema\/person\/54af7c3eb83a310e42ef686ef6d16f50\",\"name\":\"Antonio Ferro\",\"image\":{\"@type\":\"ImageObject\",\"inLanguage\":\"pt-BR\",\"@id\":\"https:\/\/revistaautobus.com.br\/wp-content\/uploads\/2025\/12\/editor_antonio_ferro-150x150.jpg\",\"url\":\"https:\/\/revistaautobus.com.br\/wp-content\/uploads\/2025\/12\/editor_antonio_ferro-150x150.jpg\",\"contentUrl\":\"https:\/\/revistaautobus.com.br\/wp-content\/uploads\/2025\/12\/editor_antonio_ferro-150x150.jpg\",\"caption\":\"Antonio Ferro\"},\"description\":\"infobus@uol.com.br\",\"url\":\"https:\/\/revistaautobus.com.br\/?author=2\"}]}<\/script>\n<!-- \/ Yoast SEO plugin. -->","yoast_head_json":{"title":"2024 est\u00e1 indo. E o que, ainda, podemos esperar dele? - Revista AutoBus","robots":{"index":"index","follow":"follow","max-snippet":"max-snippet:-1","max-image-preview":"max-image-preview:large","max-video-preview":"max-video-preview:-1"},"canonical":"https:\/\/revistaautobus.com.br\/?p=11928","og_locale":"pt_BR","og_type":"article","og_title":"2024 est\u00e1 indo. E o que, ainda, podemos esperar dele? - Revista AutoBus","og_description":"Neste, quase meados de 2024, o pleno funcionamento dos sistemas urbanos, ainda, continua comprometido com a falta de observa\u00e7\u00e3o aos preceitos da prioridade aos \u00f4nibus no tr\u00e1fego vi\u00e1rio, sempre disputando espa\u00e7o com outros modais motorizados","og_url":"https:\/\/revistaautobus.com.br\/?p=11928","og_site_name":"Revista AutoBus","article_publisher":"https:\/\/www.facebook.com\/antonio.ferro.3150","article_published_time":"2024-04-30T14:04:59+00:00","article_modified_time":"2024-04-30T14:06:23+00:00","og_image":[{"width":1024,"height":1024,"url":"https:\/\/revistaautobus.com.br\/wp-content\/uploads\/2024\/04\/OIG2.jMrOO2x.jpg","type":"image\/jpeg"}],"author":"Antonio Ferro","twitter_card":"summary_large_image","twitter_misc":{"Escrito por":"Antonio Ferro","Est. tempo de leitura":"3 minutos"},"schema":{"@context":"https:\/\/schema.org","@graph":[{"@type":"Article","@id":"https:\/\/revistaautobus.com.br\/?p=11928#article","isPartOf":{"@id":"https:\/\/revistaautobus.com.br\/?p=11928"},"author":{"name":"Antonio Ferro","@id":"https:\/\/revistaautobus.com.br\/#\/schema\/person\/54af7c3eb83a310e42ef686ef6d16f50"},"headline":"2024 est\u00e1 indo. E o que, ainda, podemos esperar dele?","datePublished":"2024-04-30T14:04:59+00:00","dateModified":"2024-04-30T14:06:23+00:00","mainEntityOfPage":{"@id":"https:\/\/revistaautobus.com.br\/?p=11928"},"wordCount":706,"commentCount":0,"publisher":{"@id":"https:\/\/revistaautobus.com.br\/#organization"},"image":{"@id":"https:\/\/revistaautobus.com.br\/?p=11928#primaryimage"},"thumbnailUrl":"https:\/\/revistaautobus.com.br\/wp-content\/uploads\/2024\/04\/OIG2.jMrOO2x.jpg","keywords":["transporte coletivo"],"articleSection":["Especialistas","Ponto de Vista"],"inLanguage":"pt-BR","potentialAction":[{"@type":"CommentAction","name":"Comment","target":["https:\/\/revistaautobus.com.br\/?p=11928#respond"]}]},{"@type":"WebPage","@id":"https:\/\/revistaautobus.com.br\/?p=11928","url":"https:\/\/revistaautobus.com.br\/?p=11928","name":"2024 est\u00e1 indo. E o que, ainda, podemos esperar dele? - Revista AutoBus","isPartOf":{"@id":"https:\/\/revistaautobus.com.br\/#website"},"primaryImageOfPage":{"@id":"https:\/\/revistaautobus.com.br\/?p=11928#primaryimage"},"image":{"@id":"https:\/\/revistaautobus.com.br\/?p=11928#primaryimage"},"thumbnailUrl":"https:\/\/revistaautobus.com.br\/wp-content\/uploads\/2024\/04\/OIG2.jMrOO2x.jpg","datePublished":"2024-04-30T14:04:59+00:00","dateModified":"2024-04-30T14:06:23+00:00","breadcrumb":{"@id":"https:\/\/revistaautobus.com.br\/?p=11928#breadcrumb"},"inLanguage":"pt-BR","potentialAction":[{"@type":"ReadAction","target":["https:\/\/revistaautobus.com.br\/?p=11928"]}]},{"@type":"ImageObject","inLanguage":"pt-BR","@id":"https:\/\/revistaautobus.com.br\/?p=11928#primaryimage","url":"https:\/\/revistaautobus.com.br\/wp-content\/uploads\/2024\/04\/OIG2.jMrOO2x.jpg","contentUrl":"https:\/\/revistaautobus.com.br\/wp-content\/uploads\/2024\/04\/OIG2.jMrOO2x.jpg","width":1024,"height":1024},{"@type":"BreadcrumbList","@id":"https:\/\/revistaautobus.com.br\/?p=11928#breadcrumb","itemListElement":[{"@type":"ListItem","position":1,"name":"In\u00edcio","item":"https:\/\/revistaautobus.com.br\/"},{"@type":"ListItem","position":2,"name":"2024 est\u00e1 indo. E o que, ainda, podemos esperar dele?"}]},{"@type":"WebSite","@id":"https:\/\/revistaautobus.com.br\/#website","url":"https:\/\/revistaautobus.com.br\/","name":"Revista AutoBus","description":"","publisher":{"@id":"https:\/\/revistaautobus.com.br\/#organization"},"potentialAction":[{"@type":"SearchAction","target":{"@type":"EntryPoint","urlTemplate":"https:\/\/revistaautobus.com.br\/?s={search_term_string}"},"query-input":{"@type":"PropertyValueSpecification","valueRequired":true,"valueName":"search_term_string"}}],"inLanguage":"pt-BR"},{"@type":"Organization","@id":"https:\/\/revistaautobus.com.br\/#organization","name":"Revista AutoBus","url":"https:\/\/revistaautobus.com.br\/","logo":{"@type":"ImageObject","inLanguage":"pt-BR","@id":"https:\/\/revistaautobus.com.br\/#\/schema\/logo\/image\/","url":"https:\/\/revistaautobus.com.br\/wp-content\/uploads\/2024\/11\/logo_revista_autobus_fb.png","contentUrl":"https:\/\/revistaautobus.com.br\/wp-content\/uploads\/2024\/11\/logo_revista_autobus_fb.png","width":836,"height":227,"caption":"Revista AutoBus"},"image":{"@id":"https:\/\/revistaautobus.com.br\/#\/schema\/logo\/image\/"},"sameAs":["https:\/\/www.facebook.com\/antonio.ferro.3150","https:\/\/www.instagram.com\/revistaautobus\/"]},{"@type":"Person","@id":"https:\/\/revistaautobus.com.br\/#\/schema\/person\/54af7c3eb83a310e42ef686ef6d16f50","name":"Antonio Ferro","image":{"@type":"ImageObject","inLanguage":"pt-BR","@id":"https:\/\/revistaautobus.com.br\/wp-content\/uploads\/2025\/12\/editor_antonio_ferro-150x150.jpg","url":"https:\/\/revistaautobus.com.br\/wp-content\/uploads\/2025\/12\/editor_antonio_ferro-150x150.jpg","contentUrl":"https:\/\/revistaautobus.com.br\/wp-content\/uploads\/2025\/12\/editor_antonio_ferro-150x150.jpg","caption":"Antonio Ferro"},"description":"infobus@uol.com.br","url":"https:\/\/revistaautobus.com.br\/?author=2"}]}},"jetpack_featured_media_url":"https:\/\/revistaautobus.com.br\/wp-content\/uploads\/2024\/04\/OIG2.jMrOO2x.jpg","jetpack_sharing_enabled":true,"_links":{"self":[{"href":"https:\/\/revistaautobus.com.br\/index.php?rest_route=\/wp\/v2\/posts\/11928","targetHints":{"allow":["GET"]}}],"collection":[{"href":"https:\/\/revistaautobus.com.br\/index.php?rest_route=\/wp\/v2\/posts"}],"about":[{"href":"https:\/\/revistaautobus.com.br\/index.php?rest_route=\/wp\/v2\/types\/post"}],"author":[{"embeddable":true,"href":"https:\/\/revistaautobus.com.br\/index.php?rest_route=\/wp\/v2\/users\/2"}],"replies":[{"embeddable":true,"href":"https:\/\/revistaautobus.com.br\/index.php?rest_route=%2Fwp%2Fv2%2Fcomments&post=11928"}],"version-history":[{"count":2,"href":"https:\/\/revistaautobus.com.br\/index.php?rest_route=\/wp\/v2\/posts\/11928\/revisions"}],"predecessor-version":[{"id":11932,"href":"https:\/\/revistaautobus.com.br\/index.php?rest_route=\/wp\/v2\/posts\/11928\/revisions\/11932"}],"wp:featuredmedia":[{"embeddable":true,"href":"https:\/\/revistaautobus.com.br\/index.php?rest_route=\/wp\/v2\/media\/11929"}],"wp:attachment":[{"href":"https:\/\/revistaautobus.com.br\/index.php?rest_route=%2Fwp%2Fv2%2Fmedia&parent=11928"}],"wp:term":[{"taxonomy":"category","embeddable":true,"href":"https:\/\/revistaautobus.com.br\/index.php?rest_route=%2Fwp%2Fv2%2Fcategories&post=11928"},{"taxonomy":"post_tag","embeddable":true,"href":"https:\/\/revistaautobus.com.br\/index.php?rest_route=%2Fwp%2Fv2%2Ftags&post=11928"}],"curies":[{"name":"wp","href":"https:\/\/api.w.org\/{rel}","templated":true}]}}