{"id":11964,"date":"2024-05-08T08:06:05","date_gmt":"2024-05-08T11:06:05","guid":{"rendered":"https:\/\/revistaautobus.com.br\/?p=11964"},"modified":"2024-05-09T07:43:39","modified_gmt":"2024-05-09T10:43:39","slug":"o-show-da-madona-movimentou-os-onibus-ate-a-cidade-maravilhosa","status":"publish","type":"post","link":"https:\/\/revistaautobus.com.br\/?p=11964","title":{"rendered":"O Show da Madona movimentou os \u00f4nibus at\u00e9 a Cidade Maravilhosa"},"content":{"rendered":"<p>Acontecida no dia 4 de maio passado, nas areias da praia de Copacabana, da cidade do Rio de Janeiro, a \u00faltima etapa da turn\u00ea mundial da cantora Madona reuniu 1,6 milh\u00e3o de pessoas, sendo que muitas delas se utilizaram dos servi\u00e7os de \u00f4nibus rodovi\u00e1rios para chegarem at\u00e9 a capital fluminense.<\/p>\n<p>Pele Rodovi\u00e1ria do Rio desembarcaram passageiros vindos de muitos lugares do Brasil, como Belo Horizonte, S\u00e3o Jos\u00e9 dos Campos, Taubat\u00e9, Santos, Vassouras, Juiz de Fora, Ouro Preto, Ribeir\u00e3o Preto, Bras\u00edlia e S\u00e3o Paulo. O Grupo JCA, com suas operadoras, informou que houve um aumento de 40% no volume de viagens comercializadas em dire\u00e7\u00e3o \u00e0 capital fluminense no per\u00edodo do show da cantora \u2013 entre 3 e 5 de maio \u2013 quando comparado aos fins de semana que n\u00e3o estejam conectados com feriados e eventos. Sua wemobi, <em>startup<\/em> de viagens rodovi\u00e1rias, registrou um crescimento de 188% em viagens adquiridas para a capital fluminense durante o per\u00edodo do show \u2013 no fim de semana de 3 a 5 de maio de 2024.<\/p>\n<p>O movimento no terminal carioca mostrou um aumento de mais de 20% de desembarques em rela\u00e7\u00e3o a dias normais, com viajantes oriundos principalmente dos estados de S\u00e3o Paulo, Minas Gerais e interior do Estado do Rio de Janeiro. Segundo Roberta Faria, diretora-geral da Rodovi\u00e1ria do Rio S\/A, o terminal recebeu a demanda tanto de turistas nacionais que foram de \u00f4nibus para o Rio, quanto os internacionais que tamb\u00e9m assistiram ao show, mas que puderam aproveitar a estadia e fazer turismo em cidades pr\u00f3ximas como serrana, lagos e costa verde do Estado.<\/p>\n<p>A capixaba, Via\u00e7\u00e3o \u00c1guia Branca, teve um movimento, na sua linha entre as capitais paulista e fluminense, que superou os 35% de expectativa de passageiros circulando no Rio de Janeiro. Para atender \u00e0 essa demanda, foi necess\u00e1rio abrir cerca de 125 hor\u00e1rios extras saindo de S\u00e3o Paulo com destino \u00e0 Cidade Maravilhosa.<\/p>\n<p>Entre os dias 29 de abril e 6 de maio, a Rodovi\u00e1ria do Rio teve um movimento que ultrapassou as 221 mil pessoas, com embarques e desembarques. Chegaram para o show da diva pop diversos modelos de \u00f4nibus, inclusive com dois pavimentos nas categorias leito, leito cama e semileito. \u201cA chegada de Madonna ao Rio foi muito positiva para a cidade, pois, al\u00e9m de fomentar o turismo e a hotelaria fora das \u00e9pocas de grande demanda, ainda favoreceu o com\u00e9rcio local e eventos paralelos. E, para entreter os passageiros que chegaram em nossos \u00f4nibus para o show, criamos essa recep\u00e7\u00e3o irreverente com a cover da Madonna,\u00a0 Izlene Cristina, atriz e cantora l\u00edrica, que deixou o p\u00fablico no clima da rainha pop\u201d, disse Let\u00edcia Pineschi, diretora de Marketing do Grupo Guanabara.<\/p>\n<p>Imagem &#8211; Rodovi\u00e1ria do Rio<\/p>\n","protected":false},"excerpt":{"rendered":"<p>Movimento de \u00f4nibus rodovi\u00e1rio na capital fluminense foi muito significativo<\/p>\n","protected":false},"author":2,"featured_media":11965,"comment_status":"open","ping_status":"open","sticky":false,"template":"","format":"standard","meta":{"_et_pb_use_builder":"","_et_pb_old_content":"","_et_gb_content_width":"","_jetpack_memberships_contains_paid_content":false,"footnotes":""},"categories":[90,80],"tags":[756],"class_list":["post-11964","post","type-post","status-publish","format-standard","has-post-thumbnail","hentry","category-noticias","category-transporte-rodoviario","tag-rodoviaria-do-rio-de-janeiro","et-has-post-format-content","et_post_format-et-post-format-standard"],"yoast_head":"<!-- This site is optimized with the Yoast SEO plugin v27.2 - https:\/\/yoast.com\/product\/yoast-seo-wordpress\/ -->\n<title>O Show da Madona movimentou os \u00f4nibus at\u00e9 a Cidade Maravilhosa - Revista AutoBus<\/title>\n<meta name=\"robots\" content=\"index, follow, max-snippet:-1, max-image-preview:large, max-video-preview:-1\" \/>\n<link rel=\"canonical\" href=\"https:\/\/revistaautobus.com.br\/?p=11964\" \/>\n<meta property=\"og:locale\" content=\"pt_BR\" \/>\n<meta property=\"og:type\" content=\"article\" \/>\n<meta property=\"og:title\" content=\"O Show da Madona movimentou os \u00f4nibus at\u00e9 a Cidade Maravilhosa - Revista AutoBus\" \/>\n<meta property=\"og:description\" content=\"Movimento de \u00f4nibus rodovi\u00e1rio na capital fluminense foi muito significativo\" \/>\n<meta property=\"og:url\" content=\"https:\/\/revistaautobus.com.br\/?p=11964\" \/>\n<meta property=\"og:site_name\" content=\"Revista AutoBus\" \/>\n<meta property=\"article:publisher\" content=\"https:\/\/www.facebook.com\/antonio.ferro.3150\" \/>\n<meta property=\"article:published_time\" content=\"2024-05-08T11:06:05+00:00\" \/>\n<meta property=\"article:modified_time\" content=\"2024-05-09T10:43:39+00:00\" \/>\n<meta property=\"og:image\" content=\"https:\/\/revistaautobus.com.br\/wp-content\/uploads\/2024\/05\/IMG-20240507-WA0075.jpg\" \/>\n\t<meta property=\"og:image:width\" content=\"1000\" \/>\n\t<meta property=\"og:image:height\" content=\"751\" \/>\n\t<meta property=\"og:image:type\" content=\"image\/jpeg\" \/>\n<meta name=\"author\" content=\"Antonio Ferro\" \/>\n<meta name=\"twitter:card\" content=\"summary_large_image\" \/>\n<meta name=\"twitter:label1\" content=\"Escrito por\" \/>\n\t<meta name=\"twitter:data1\" content=\"Antonio Ferro\" \/>\n\t<meta name=\"twitter:label2\" content=\"Est. tempo de leitura\" \/>\n\t<meta name=\"twitter:data2\" content=\"2 minutos\" \/>\n<script type=\"application\/ld+json\" class=\"yoast-schema-graph\">{\"@context\":\"https:\/\/schema.org\",\"@graph\":[{\"@type\":\"Article\",\"@id\":\"https:\/\/revistaautobus.com.br\/?p=11964#article\",\"isPartOf\":{\"@id\":\"https:\/\/revistaautobus.com.br\/?p=11964\"},\"author\":{\"name\":\"Antonio Ferro\",\"@id\":\"https:\/\/revistaautobus.com.br\/#\/schema\/person\/54af7c3eb83a310e42ef686ef6d16f50\"},\"headline\":\"O Show da Madona movimentou os \u00f4nibus at\u00e9 a Cidade Maravilhosa\",\"datePublished\":\"2024-05-08T11:06:05+00:00\",\"dateModified\":\"2024-05-09T10:43:39+00:00\",\"mainEntityOfPage\":{\"@id\":\"https:\/\/revistaautobus.com.br\/?p=11964\"},\"wordCount\":469,\"commentCount\":0,\"publisher\":{\"@id\":\"https:\/\/revistaautobus.com.br\/#organization\"},\"image\":{\"@id\":\"https:\/\/revistaautobus.com.br\/?p=11964#primaryimage\"},\"thumbnailUrl\":\"https:\/\/revistaautobus.com.br\/wp-content\/uploads\/2024\/05\/IMG-20240507-WA0075.jpg\",\"keywords\":[\"Rodovi\u00e1ria do Rio de Janeiro\"],\"articleSection\":[\"Not\u00edcias\",\"Transporte rodovi\u00e1rio\"],\"inLanguage\":\"pt-BR\",\"potentialAction\":[{\"@type\":\"CommentAction\",\"name\":\"Comment\",\"target\":[\"https:\/\/revistaautobus.com.br\/?p=11964#respond\"]}]},{\"@type\":\"WebPage\",\"@id\":\"https:\/\/revistaautobus.com.br\/?p=11964\",\"url\":\"https:\/\/revistaautobus.com.br\/?p=11964\",\"name\":\"O Show da Madona movimentou os \u00f4nibus at\u00e9 a Cidade Maravilhosa - Revista AutoBus\",\"isPartOf\":{\"@id\":\"https:\/\/revistaautobus.com.br\/#website\"},\"primaryImageOfPage\":{\"@id\":\"https:\/\/revistaautobus.com.br\/?p=11964#primaryimage\"},\"image\":{\"@id\":\"https:\/\/revistaautobus.com.br\/?p=11964#primaryimage\"},\"thumbnailUrl\":\"https:\/\/revistaautobus.com.br\/wp-content\/uploads\/2024\/05\/IMG-20240507-WA0075.jpg\",\"datePublished\":\"2024-05-08T11:06:05+00:00\",\"dateModified\":\"2024-05-09T10:43:39+00:00\",\"breadcrumb\":{\"@id\":\"https:\/\/revistaautobus.com.br\/?p=11964#breadcrumb\"},\"inLanguage\":\"pt-BR\",\"potentialAction\":[{\"@type\":\"ReadAction\",\"target\":[\"https:\/\/revistaautobus.com.br\/?p=11964\"]}]},{\"@type\":\"ImageObject\",\"inLanguage\":\"pt-BR\",\"@id\":\"https:\/\/revistaautobus.com.br\/?p=11964#primaryimage\",\"url\":\"https:\/\/revistaautobus.com.br\/wp-content\/uploads\/2024\/05\/IMG-20240507-WA0075.jpg\",\"contentUrl\":\"https:\/\/revistaautobus.com.br\/wp-content\/uploads\/2024\/05\/IMG-20240507-WA0075.jpg\",\"width\":1000,\"height\":751},{\"@type\":\"BreadcrumbList\",\"@id\":\"https:\/\/revistaautobus.com.br\/?p=11964#breadcrumb\",\"itemListElement\":[{\"@type\":\"ListItem\",\"position\":1,\"name\":\"In\u00edcio\",\"item\":\"https:\/\/revistaautobus.com.br\/\"},{\"@type\":\"ListItem\",\"position\":2,\"name\":\"O Show da Madona movimentou os \u00f4nibus at\u00e9 a Cidade Maravilhosa\"}]},{\"@type\":\"WebSite\",\"@id\":\"https:\/\/revistaautobus.com.br\/#website\",\"url\":\"https:\/\/revistaautobus.com.br\/\",\"name\":\"Revista AutoBus\",\"description\":\"\",\"publisher\":{\"@id\":\"https:\/\/revistaautobus.com.br\/#organization\"},\"potentialAction\":[{\"@type\":\"SearchAction\",\"target\":{\"@type\":\"EntryPoint\",\"urlTemplate\":\"https:\/\/revistaautobus.com.br\/?s={search_term_string}\"},\"query-input\":{\"@type\":\"PropertyValueSpecification\",\"valueRequired\":true,\"valueName\":\"search_term_string\"}}],\"inLanguage\":\"pt-BR\"},{\"@type\":\"Organization\",\"@id\":\"https:\/\/revistaautobus.com.br\/#organization\",\"name\":\"Revista AutoBus\",\"url\":\"https:\/\/revistaautobus.com.br\/\",\"logo\":{\"@type\":\"ImageObject\",\"inLanguage\":\"pt-BR\",\"@id\":\"https:\/\/revistaautobus.com.br\/#\/schema\/logo\/image\/\",\"url\":\"https:\/\/revistaautobus.com.br\/wp-content\/uploads\/2024\/11\/logo_revista_autobus_fb.png\",\"contentUrl\":\"https:\/\/revistaautobus.com.br\/wp-content\/uploads\/2024\/11\/logo_revista_autobus_fb.png\",\"width\":836,\"height\":227,\"caption\":\"Revista AutoBus\"},\"image\":{\"@id\":\"https:\/\/revistaautobus.com.br\/#\/schema\/logo\/image\/\"},\"sameAs\":[\"https:\/\/www.facebook.com\/antonio.ferro.3150\",\"https:\/\/www.instagram.com\/revistaautobus\/\"]},{\"@type\":\"Person\",\"@id\":\"https:\/\/revistaautobus.com.br\/#\/schema\/person\/54af7c3eb83a310e42ef686ef6d16f50\",\"name\":\"Antonio Ferro\",\"image\":{\"@type\":\"ImageObject\",\"inLanguage\":\"pt-BR\",\"@id\":\"https:\/\/revistaautobus.com.br\/wp-content\/uploads\/2025\/12\/editor_antonio_ferro-150x150.jpg\",\"url\":\"https:\/\/revistaautobus.com.br\/wp-content\/uploads\/2025\/12\/editor_antonio_ferro-150x150.jpg\",\"contentUrl\":\"https:\/\/revistaautobus.com.br\/wp-content\/uploads\/2025\/12\/editor_antonio_ferro-150x150.jpg\",\"caption\":\"Antonio Ferro\"},\"description\":\"infobus@uol.com.br\",\"url\":\"https:\/\/revistaautobus.com.br\/?author=2\"}]}<\/script>\n<!-- \/ Yoast SEO plugin. -->","yoast_head_json":{"title":"O Show da Madona movimentou os \u00f4nibus at\u00e9 a Cidade Maravilhosa - Revista AutoBus","robots":{"index":"index","follow":"follow","max-snippet":"max-snippet:-1","max-image-preview":"max-image-preview:large","max-video-preview":"max-video-preview:-1"},"canonical":"https:\/\/revistaautobus.com.br\/?p=11964","og_locale":"pt_BR","og_type":"article","og_title":"O Show da Madona movimentou os \u00f4nibus at\u00e9 a Cidade Maravilhosa - Revista AutoBus","og_description":"Movimento de \u00f4nibus rodovi\u00e1rio na capital fluminense foi muito significativo","og_url":"https:\/\/revistaautobus.com.br\/?p=11964","og_site_name":"Revista AutoBus","article_publisher":"https:\/\/www.facebook.com\/antonio.ferro.3150","article_published_time":"2024-05-08T11:06:05+00:00","article_modified_time":"2024-05-09T10:43:39+00:00","og_image":[{"width":1000,"height":751,"url":"https:\/\/revistaautobus.com.br\/wp-content\/uploads\/2024\/05\/IMG-20240507-WA0075.jpg","type":"image\/jpeg"}],"author":"Antonio Ferro","twitter_card":"summary_large_image","twitter_misc":{"Escrito por":"Antonio Ferro","Est. tempo de leitura":"2 minutos"},"schema":{"@context":"https:\/\/schema.org","@graph":[{"@type":"Article","@id":"https:\/\/revistaautobus.com.br\/?p=11964#article","isPartOf":{"@id":"https:\/\/revistaautobus.com.br\/?p=11964"},"author":{"name":"Antonio Ferro","@id":"https:\/\/revistaautobus.com.br\/#\/schema\/person\/54af7c3eb83a310e42ef686ef6d16f50"},"headline":"O Show da Madona movimentou os \u00f4nibus at\u00e9 a Cidade Maravilhosa","datePublished":"2024-05-08T11:06:05+00:00","dateModified":"2024-05-09T10:43:39+00:00","mainEntityOfPage":{"@id":"https:\/\/revistaautobus.com.br\/?p=11964"},"wordCount":469,"commentCount":0,"publisher":{"@id":"https:\/\/revistaautobus.com.br\/#organization"},"image":{"@id":"https:\/\/revistaautobus.com.br\/?p=11964#primaryimage"},"thumbnailUrl":"https:\/\/revistaautobus.com.br\/wp-content\/uploads\/2024\/05\/IMG-20240507-WA0075.jpg","keywords":["Rodovi\u00e1ria do Rio de Janeiro"],"articleSection":["Not\u00edcias","Transporte rodovi\u00e1rio"],"inLanguage":"pt-BR","potentialAction":[{"@type":"CommentAction","name":"Comment","target":["https:\/\/revistaautobus.com.br\/?p=11964#respond"]}]},{"@type":"WebPage","@id":"https:\/\/revistaautobus.com.br\/?p=11964","url":"https:\/\/revistaautobus.com.br\/?p=11964","name":"O Show da Madona movimentou os \u00f4nibus at\u00e9 a Cidade Maravilhosa - Revista AutoBus","isPartOf":{"@id":"https:\/\/revistaautobus.com.br\/#website"},"primaryImageOfPage":{"@id":"https:\/\/revistaautobus.com.br\/?p=11964#primaryimage"},"image":{"@id":"https:\/\/revistaautobus.com.br\/?p=11964#primaryimage"},"thumbnailUrl":"https:\/\/revistaautobus.com.br\/wp-content\/uploads\/2024\/05\/IMG-20240507-WA0075.jpg","datePublished":"2024-05-08T11:06:05+00:00","dateModified":"2024-05-09T10:43:39+00:00","breadcrumb":{"@id":"https:\/\/revistaautobus.com.br\/?p=11964#breadcrumb"},"inLanguage":"pt-BR","potentialAction":[{"@type":"ReadAction","target":["https:\/\/revistaautobus.com.br\/?p=11964"]}]},{"@type":"ImageObject","inLanguage":"pt-BR","@id":"https:\/\/revistaautobus.com.br\/?p=11964#primaryimage","url":"https:\/\/revistaautobus.com.br\/wp-content\/uploads\/2024\/05\/IMG-20240507-WA0075.jpg","contentUrl":"https:\/\/revistaautobus.com.br\/wp-content\/uploads\/2024\/05\/IMG-20240507-WA0075.jpg","width":1000,"height":751},{"@type":"BreadcrumbList","@id":"https:\/\/revistaautobus.com.br\/?p=11964#breadcrumb","itemListElement":[{"@type":"ListItem","position":1,"name":"In\u00edcio","item":"https:\/\/revistaautobus.com.br\/"},{"@type":"ListItem","position":2,"name":"O Show da Madona movimentou os \u00f4nibus at\u00e9 a Cidade Maravilhosa"}]},{"@type":"WebSite","@id":"https:\/\/revistaautobus.com.br\/#website","url":"https:\/\/revistaautobus.com.br\/","name":"Revista AutoBus","description":"","publisher":{"@id":"https:\/\/revistaautobus.com.br\/#organization"},"potentialAction":[{"@type":"SearchAction","target":{"@type":"EntryPoint","urlTemplate":"https:\/\/revistaautobus.com.br\/?s={search_term_string}"},"query-input":{"@type":"PropertyValueSpecification","valueRequired":true,"valueName":"search_term_string"}}],"inLanguage":"pt-BR"},{"@type":"Organization","@id":"https:\/\/revistaautobus.com.br\/#organization","name":"Revista AutoBus","url":"https:\/\/revistaautobus.com.br\/","logo":{"@type":"ImageObject","inLanguage":"pt-BR","@id":"https:\/\/revistaautobus.com.br\/#\/schema\/logo\/image\/","url":"https:\/\/revistaautobus.com.br\/wp-content\/uploads\/2024\/11\/logo_revista_autobus_fb.png","contentUrl":"https:\/\/revistaautobus.com.br\/wp-content\/uploads\/2024\/11\/logo_revista_autobus_fb.png","width":836,"height":227,"caption":"Revista AutoBus"},"image":{"@id":"https:\/\/revistaautobus.com.br\/#\/schema\/logo\/image\/"},"sameAs":["https:\/\/www.facebook.com\/antonio.ferro.3150","https:\/\/www.instagram.com\/revistaautobus\/"]},{"@type":"Person","@id":"https:\/\/revistaautobus.com.br\/#\/schema\/person\/54af7c3eb83a310e42ef686ef6d16f50","name":"Antonio Ferro","image":{"@type":"ImageObject","inLanguage":"pt-BR","@id":"https:\/\/revistaautobus.com.br\/wp-content\/uploads\/2025\/12\/editor_antonio_ferro-150x150.jpg","url":"https:\/\/revistaautobus.com.br\/wp-content\/uploads\/2025\/12\/editor_antonio_ferro-150x150.jpg","contentUrl":"https:\/\/revistaautobus.com.br\/wp-content\/uploads\/2025\/12\/editor_antonio_ferro-150x150.jpg","caption":"Antonio Ferro"},"description":"infobus@uol.com.br","url":"https:\/\/revistaautobus.com.br\/?author=2"}]}},"jetpack_featured_media_url":"https:\/\/revistaautobus.com.br\/wp-content\/uploads\/2024\/05\/IMG-20240507-WA0075.jpg","jetpack_sharing_enabled":true,"_links":{"self":[{"href":"https:\/\/revistaautobus.com.br\/index.php?rest_route=\/wp\/v2\/posts\/11964","targetHints":{"allow":["GET"]}}],"collection":[{"href":"https:\/\/revistaautobus.com.br\/index.php?rest_route=\/wp\/v2\/posts"}],"about":[{"href":"https:\/\/revistaautobus.com.br\/index.php?rest_route=\/wp\/v2\/types\/post"}],"author":[{"embeddable":true,"href":"https:\/\/revistaautobus.com.br\/index.php?rest_route=\/wp\/v2\/users\/2"}],"replies":[{"embeddable":true,"href":"https:\/\/revistaautobus.com.br\/index.php?rest_route=%2Fwp%2Fv2%2Fcomments&post=11964"}],"version-history":[{"count":2,"href":"https:\/\/revistaautobus.com.br\/index.php?rest_route=\/wp\/v2\/posts\/11964\/revisions"}],"predecessor-version":[{"id":12007,"href":"https:\/\/revistaautobus.com.br\/index.php?rest_route=\/wp\/v2\/posts\/11964\/revisions\/12007"}],"wp:featuredmedia":[{"embeddable":true,"href":"https:\/\/revistaautobus.com.br\/index.php?rest_route=\/wp\/v2\/media\/11965"}],"wp:attachment":[{"href":"https:\/\/revistaautobus.com.br\/index.php?rest_route=%2Fwp%2Fv2%2Fmedia&parent=11964"}],"wp:term":[{"taxonomy":"category","embeddable":true,"href":"https:\/\/revistaautobus.com.br\/index.php?rest_route=%2Fwp%2Fv2%2Fcategories&post=11964"},{"taxonomy":"post_tag","embeddable":true,"href":"https:\/\/revistaautobus.com.br\/index.php?rest_route=%2Fwp%2Fv2%2Ftags&post=11964"}],"curies":[{"name":"wp","href":"https:\/\/api.w.org\/{rel}","templated":true}]}}