{"id":12021,"date":"2024-05-13T10:51:37","date_gmt":"2024-05-13T13:51:37","guid":{"rendered":"https:\/\/revistaautobus.com.br\/?p=12021"},"modified":"2024-11-11T15:36:59","modified_gmt":"2024-11-11T18:36:59","slug":"em-jundiai-o-micro-onibus-eletrico-ankai-iniciara-os-testes","status":"publish","type":"post","link":"https:\/\/revistaautobus.com.br\/?p=12021","title":{"rendered":"Em Jundia\u00ed, o micro-\u00f4nibus el\u00e9trico Ankai iniciar\u00e1 os testes"},"content":{"rendered":"<p>A fabricante chinesa de \u00f4nibus el\u00e9trico, Ankai, j\u00e1 est\u00e1 em campo com suas estrat\u00e9gias comerciais para conquistar o mercado. Recentemente, a cidade paulista de Jundia\u00ed come\u00e7ar\u00e1 a testar um modelo de micro-\u00f4nibus el\u00e9trico (a baterias). Trata-se do Ankai OE-6 I Micro, que, a partir de julho pr\u00f3ximo, ser\u00e1 usado em rotas da \u00e1rea central do munic\u00edpio.<\/p>\n<p>Com comprimento de 6,54 metros, altura de 2,87 metros e largura de 2,10 metros, o ve\u00edculo tem autonomia de 250 Km (com ar-condicionado ligado), sendo ideal para transitar em vias estreitas. Sua capacidade \u00e9 para 13 pessoas sentadas. Jundia\u00ed j\u00e1 tem, desde agosto de 2022, uma esta\u00e7\u00e3o de recarga de ve\u00edculos el\u00e9tricos, instalada em frente ao Pa\u00e7o Municipal, que visa atender \u00e0 demanda de ve\u00edculos automotivos el\u00e9tricos oficiais e de propriedade de mun\u00edcipes. Segundo a prefeitura local, essa iniciativa faz parte das a\u00e7\u00f5es direcionadas para o conceito de Cidade Inteligente e alinhada aos objetivos para o Desenvolvimento Sustent\u00e1vel (ODS) da Organiza\u00e7\u00e3o das Na\u00e7\u00f5es Unidas (ONU) pelo meio ambiente.<\/p>\n<p>Para Silvestre Cavalcante de Sousa, diretor de Vendas Governamentais da JAC Motors\/Ankai, a principal caracter\u00edstica desse modelo \u00e9 a facilidade em realizar manobras onde possam ocorrer situa\u00e7\u00f5es adversas \u00e0 dirigibilidade. \u201cEsse micro-\u00f4nibus \u00e9 indicado para operar em linhas centrais onde naturalmente as vias s\u00e3o um pouco mais restritas, al\u00e9m de uma maior acessibilidade para pessoas com defici\u00eancias, buscando a humaniza\u00e7\u00e3o do transporte p\u00fablico\u201d, comentou.<\/p>\n<p>Imagem &#8211; Divulga\u00e7\u00e3o<\/p>\n","protected":false},"excerpt":{"rendered":"<p>A eletrifica\u00e7\u00e3o da frota est\u00e1 em estudo na cidade paulista<\/p>\n","protected":false},"author":2,"featured_media":13837,"comment_status":"open","ping_status":"open","sticky":false,"template":"","format":"standard","meta":{"_et_pb_use_builder":"","_et_pb_old_content":"","_et_gb_content_width":"","_jetpack_memberships_contains_paid_content":false,"footnotes":""},"categories":[5,562,526],"tags":[761],"class_list":["post-12021","post","type-post","status-publish","format-standard","has-post-thumbnail","hentry","category-conexao-mobilidade","category-eletrificacao","category-onibus-eletrico","tag-micro-onibus-eletrico-ankai","et-has-post-format-content","et_post_format-et-post-format-standard"],"yoast_head":"<!-- This site is optimized with the Yoast SEO plugin v27.2 - https:\/\/yoast.com\/product\/yoast-seo-wordpress\/ -->\n<title>Em Jundia\u00ed, o micro-\u00f4nibus el\u00e9trico Ankai iniciar\u00e1 os testes - Revista AutoBus<\/title>\n<meta name=\"robots\" content=\"index, follow, max-snippet:-1, max-image-preview:large, max-video-preview:-1\" \/>\n<link rel=\"canonical\" href=\"https:\/\/revistaautobus.com.br\/?p=12021\" \/>\n<meta property=\"og:locale\" content=\"pt_BR\" \/>\n<meta property=\"og:type\" content=\"article\" \/>\n<meta property=\"og:title\" content=\"Em Jundia\u00ed, o micro-\u00f4nibus el\u00e9trico Ankai iniciar\u00e1 os testes - Revista AutoBus\" \/>\n<meta property=\"og:description\" content=\"A eletrifica\u00e7\u00e3o da frota est\u00e1 em estudo na cidade paulista\" \/>\n<meta property=\"og:url\" content=\"https:\/\/revistaautobus.com.br\/?p=12021\" \/>\n<meta property=\"og:site_name\" content=\"Revista AutoBus\" \/>\n<meta property=\"article:publisher\" content=\"https:\/\/www.facebook.com\/antonio.ferro.3150\" \/>\n<meta property=\"article:published_time\" content=\"2024-05-13T13:51:37+00:00\" \/>\n<meta property=\"article:modified_time\" content=\"2024-11-11T18:36:59+00:00\" \/>\n<meta property=\"og:image\" content=\"https:\/\/revistaautobus.com.br\/wp-content\/uploads\/2024\/05\/Micro_onibus01.jpg\" \/>\n\t<meta property=\"og:image:width\" content=\"1391\" \/>\n\t<meta property=\"og:image:height\" content=\"928\" \/>\n\t<meta property=\"og:image:type\" content=\"image\/jpeg\" \/>\n<meta name=\"author\" content=\"Antonio Ferro\" \/>\n<meta name=\"twitter:card\" content=\"summary_large_image\" \/>\n<meta name=\"twitter:label1\" content=\"Escrito por\" \/>\n\t<meta name=\"twitter:data1\" content=\"Antonio Ferro\" \/>\n\t<meta name=\"twitter:label2\" content=\"Est. tempo de leitura\" \/>\n\t<meta name=\"twitter:data2\" content=\"1 minuto\" \/>\n<script type=\"application\/ld+json\" class=\"yoast-schema-graph\">{\"@context\":\"https:\/\/schema.org\",\"@graph\":[{\"@type\":\"Article\",\"@id\":\"https:\/\/revistaautobus.com.br\/?p=12021#article\",\"isPartOf\":{\"@id\":\"https:\/\/revistaautobus.com.br\/?p=12021\"},\"author\":{\"name\":\"Antonio Ferro\",\"@id\":\"https:\/\/revistaautobus.com.br\/#\/schema\/person\/54af7c3eb83a310e42ef686ef6d16f50\"},\"headline\":\"Em Jundia\u00ed, o micro-\u00f4nibus el\u00e9trico Ankai iniciar\u00e1 os testes\",\"datePublished\":\"2024-05-13T13:51:37+00:00\",\"dateModified\":\"2024-11-11T18:36:59+00:00\",\"mainEntityOfPage\":{\"@id\":\"https:\/\/revistaautobus.com.br\/?p=12021\"},\"wordCount\":260,\"commentCount\":0,\"publisher\":{\"@id\":\"https:\/\/revistaautobus.com.br\/#organization\"},\"image\":{\"@id\":\"https:\/\/revistaautobus.com.br\/?p=12021#primaryimage\"},\"thumbnailUrl\":\"https:\/\/revistaautobus.com.br\/wp-content\/uploads\/2024\/05\/Micro_onibus01.jpg\",\"keywords\":[\"Micro-\u00f4nibus el\u00e9trico Ankai\"],\"articleSection\":[\"Conex\u00e3o Mobilidade\",\"Eletrifica\u00e7\u00e3o\",\"\u00d4nibus el\u00e9trico\"],\"inLanguage\":\"pt-BR\",\"potentialAction\":[{\"@type\":\"CommentAction\",\"name\":\"Comment\",\"target\":[\"https:\/\/revistaautobus.com.br\/?p=12021#respond\"]}]},{\"@type\":\"WebPage\",\"@id\":\"https:\/\/revistaautobus.com.br\/?p=12021\",\"url\":\"https:\/\/revistaautobus.com.br\/?p=12021\",\"name\":\"Em Jundia\u00ed, o micro-\u00f4nibus el\u00e9trico Ankai iniciar\u00e1 os testes - Revista AutoBus\",\"isPartOf\":{\"@id\":\"https:\/\/revistaautobus.com.br\/#website\"},\"primaryImageOfPage\":{\"@id\":\"https:\/\/revistaautobus.com.br\/?p=12021#primaryimage\"},\"image\":{\"@id\":\"https:\/\/revistaautobus.com.br\/?p=12021#primaryimage\"},\"thumbnailUrl\":\"https:\/\/revistaautobus.com.br\/wp-content\/uploads\/2024\/05\/Micro_onibus01.jpg\",\"datePublished\":\"2024-05-13T13:51:37+00:00\",\"dateModified\":\"2024-11-11T18:36:59+00:00\",\"breadcrumb\":{\"@id\":\"https:\/\/revistaautobus.com.br\/?p=12021#breadcrumb\"},\"inLanguage\":\"pt-BR\",\"potentialAction\":[{\"@type\":\"ReadAction\",\"target\":[\"https:\/\/revistaautobus.com.br\/?p=12021\"]}]},{\"@type\":\"ImageObject\",\"inLanguage\":\"pt-BR\",\"@id\":\"https:\/\/revistaautobus.com.br\/?p=12021#primaryimage\",\"url\":\"https:\/\/revistaautobus.com.br\/wp-content\/uploads\/2024\/05\/Micro_onibus01.jpg\",\"contentUrl\":\"https:\/\/revistaautobus.com.br\/wp-content\/uploads\/2024\/05\/Micro_onibus01.jpg\",\"width\":1391,\"height\":928},{\"@type\":\"BreadcrumbList\",\"@id\":\"https:\/\/revistaautobus.com.br\/?p=12021#breadcrumb\",\"itemListElement\":[{\"@type\":\"ListItem\",\"position\":1,\"name\":\"In\u00edcio\",\"item\":\"https:\/\/revistaautobus.com.br\/\"},{\"@type\":\"ListItem\",\"position\":2,\"name\":\"Em Jundia\u00ed, o micro-\u00f4nibus el\u00e9trico Ankai iniciar\u00e1 os testes\"}]},{\"@type\":\"WebSite\",\"@id\":\"https:\/\/revistaautobus.com.br\/#website\",\"url\":\"https:\/\/revistaautobus.com.br\/\",\"name\":\"Revista AutoBus\",\"description\":\"\",\"publisher\":{\"@id\":\"https:\/\/revistaautobus.com.br\/#organization\"},\"potentialAction\":[{\"@type\":\"SearchAction\",\"target\":{\"@type\":\"EntryPoint\",\"urlTemplate\":\"https:\/\/revistaautobus.com.br\/?s={search_term_string}\"},\"query-input\":{\"@type\":\"PropertyValueSpecification\",\"valueRequired\":true,\"valueName\":\"search_term_string\"}}],\"inLanguage\":\"pt-BR\"},{\"@type\":\"Organization\",\"@id\":\"https:\/\/revistaautobus.com.br\/#organization\",\"name\":\"Revista AutoBus\",\"url\":\"https:\/\/revistaautobus.com.br\/\",\"logo\":{\"@type\":\"ImageObject\",\"inLanguage\":\"pt-BR\",\"@id\":\"https:\/\/revistaautobus.com.br\/#\/schema\/logo\/image\/\",\"url\":\"https:\/\/revistaautobus.com.br\/wp-content\/uploads\/2024\/11\/logo_revista_autobus_fb.png\",\"contentUrl\":\"https:\/\/revistaautobus.com.br\/wp-content\/uploads\/2024\/11\/logo_revista_autobus_fb.png\",\"width\":836,\"height\":227,\"caption\":\"Revista AutoBus\"},\"image\":{\"@id\":\"https:\/\/revistaautobus.com.br\/#\/schema\/logo\/image\/\"},\"sameAs\":[\"https:\/\/www.facebook.com\/antonio.ferro.3150\",\"https:\/\/www.instagram.com\/revistaautobus\/\"]},{\"@type\":\"Person\",\"@id\":\"https:\/\/revistaautobus.com.br\/#\/schema\/person\/54af7c3eb83a310e42ef686ef6d16f50\",\"name\":\"Antonio Ferro\",\"image\":{\"@type\":\"ImageObject\",\"inLanguage\":\"pt-BR\",\"@id\":\"https:\/\/revistaautobus.com.br\/wp-content\/uploads\/2025\/12\/editor_antonio_ferro-150x150.jpg\",\"url\":\"https:\/\/revistaautobus.com.br\/wp-content\/uploads\/2025\/12\/editor_antonio_ferro-150x150.jpg\",\"contentUrl\":\"https:\/\/revistaautobus.com.br\/wp-content\/uploads\/2025\/12\/editor_antonio_ferro-150x150.jpg\",\"caption\":\"Antonio Ferro\"},\"description\":\"infobus@uol.com.br\",\"url\":\"https:\/\/revistaautobus.com.br\/?author=2\"}]}<\/script>\n<!-- \/ Yoast SEO plugin. -->","yoast_head_json":{"title":"Em Jundia\u00ed, o micro-\u00f4nibus el\u00e9trico Ankai iniciar\u00e1 os testes - Revista AutoBus","robots":{"index":"index","follow":"follow","max-snippet":"max-snippet:-1","max-image-preview":"max-image-preview:large","max-video-preview":"max-video-preview:-1"},"canonical":"https:\/\/revistaautobus.com.br\/?p=12021","og_locale":"pt_BR","og_type":"article","og_title":"Em Jundia\u00ed, o micro-\u00f4nibus el\u00e9trico Ankai iniciar\u00e1 os testes - Revista AutoBus","og_description":"A eletrifica\u00e7\u00e3o da frota est\u00e1 em estudo na cidade paulista","og_url":"https:\/\/revistaautobus.com.br\/?p=12021","og_site_name":"Revista AutoBus","article_publisher":"https:\/\/www.facebook.com\/antonio.ferro.3150","article_published_time":"2024-05-13T13:51:37+00:00","article_modified_time":"2024-11-11T18:36:59+00:00","og_image":[{"width":1391,"height":928,"url":"https:\/\/revistaautobus.com.br\/wp-content\/uploads\/2024\/05\/Micro_onibus01.jpg","type":"image\/jpeg"}],"author":"Antonio Ferro","twitter_card":"summary_large_image","twitter_misc":{"Escrito por":"Antonio Ferro","Est. tempo de leitura":"1 minuto"},"schema":{"@context":"https:\/\/schema.org","@graph":[{"@type":"Article","@id":"https:\/\/revistaautobus.com.br\/?p=12021#article","isPartOf":{"@id":"https:\/\/revistaautobus.com.br\/?p=12021"},"author":{"name":"Antonio Ferro","@id":"https:\/\/revistaautobus.com.br\/#\/schema\/person\/54af7c3eb83a310e42ef686ef6d16f50"},"headline":"Em Jundia\u00ed, o micro-\u00f4nibus el\u00e9trico Ankai iniciar\u00e1 os testes","datePublished":"2024-05-13T13:51:37+00:00","dateModified":"2024-11-11T18:36:59+00:00","mainEntityOfPage":{"@id":"https:\/\/revistaautobus.com.br\/?p=12021"},"wordCount":260,"commentCount":0,"publisher":{"@id":"https:\/\/revistaautobus.com.br\/#organization"},"image":{"@id":"https:\/\/revistaautobus.com.br\/?p=12021#primaryimage"},"thumbnailUrl":"https:\/\/revistaautobus.com.br\/wp-content\/uploads\/2024\/05\/Micro_onibus01.jpg","keywords":["Micro-\u00f4nibus el\u00e9trico Ankai"],"articleSection":["Conex\u00e3o Mobilidade","Eletrifica\u00e7\u00e3o","\u00d4nibus el\u00e9trico"],"inLanguage":"pt-BR","potentialAction":[{"@type":"CommentAction","name":"Comment","target":["https:\/\/revistaautobus.com.br\/?p=12021#respond"]}]},{"@type":"WebPage","@id":"https:\/\/revistaautobus.com.br\/?p=12021","url":"https:\/\/revistaautobus.com.br\/?p=12021","name":"Em Jundia\u00ed, o micro-\u00f4nibus el\u00e9trico Ankai iniciar\u00e1 os testes - Revista AutoBus","isPartOf":{"@id":"https:\/\/revistaautobus.com.br\/#website"},"primaryImageOfPage":{"@id":"https:\/\/revistaautobus.com.br\/?p=12021#primaryimage"},"image":{"@id":"https:\/\/revistaautobus.com.br\/?p=12021#primaryimage"},"thumbnailUrl":"https:\/\/revistaautobus.com.br\/wp-content\/uploads\/2024\/05\/Micro_onibus01.jpg","datePublished":"2024-05-13T13:51:37+00:00","dateModified":"2024-11-11T18:36:59+00:00","breadcrumb":{"@id":"https:\/\/revistaautobus.com.br\/?p=12021#breadcrumb"},"inLanguage":"pt-BR","potentialAction":[{"@type":"ReadAction","target":["https:\/\/revistaautobus.com.br\/?p=12021"]}]},{"@type":"ImageObject","inLanguage":"pt-BR","@id":"https:\/\/revistaautobus.com.br\/?p=12021#primaryimage","url":"https:\/\/revistaautobus.com.br\/wp-content\/uploads\/2024\/05\/Micro_onibus01.jpg","contentUrl":"https:\/\/revistaautobus.com.br\/wp-content\/uploads\/2024\/05\/Micro_onibus01.jpg","width":1391,"height":928},{"@type":"BreadcrumbList","@id":"https:\/\/revistaautobus.com.br\/?p=12021#breadcrumb","itemListElement":[{"@type":"ListItem","position":1,"name":"In\u00edcio","item":"https:\/\/revistaautobus.com.br\/"},{"@type":"ListItem","position":2,"name":"Em Jundia\u00ed, o micro-\u00f4nibus el\u00e9trico Ankai iniciar\u00e1 os testes"}]},{"@type":"WebSite","@id":"https:\/\/revistaautobus.com.br\/#website","url":"https:\/\/revistaautobus.com.br\/","name":"Revista AutoBus","description":"","publisher":{"@id":"https:\/\/revistaautobus.com.br\/#organization"},"potentialAction":[{"@type":"SearchAction","target":{"@type":"EntryPoint","urlTemplate":"https:\/\/revistaautobus.com.br\/?s={search_term_string}"},"query-input":{"@type":"PropertyValueSpecification","valueRequired":true,"valueName":"search_term_string"}}],"inLanguage":"pt-BR"},{"@type":"Organization","@id":"https:\/\/revistaautobus.com.br\/#organization","name":"Revista AutoBus","url":"https:\/\/revistaautobus.com.br\/","logo":{"@type":"ImageObject","inLanguage":"pt-BR","@id":"https:\/\/revistaautobus.com.br\/#\/schema\/logo\/image\/","url":"https:\/\/revistaautobus.com.br\/wp-content\/uploads\/2024\/11\/logo_revista_autobus_fb.png","contentUrl":"https:\/\/revistaautobus.com.br\/wp-content\/uploads\/2024\/11\/logo_revista_autobus_fb.png","width":836,"height":227,"caption":"Revista AutoBus"},"image":{"@id":"https:\/\/revistaautobus.com.br\/#\/schema\/logo\/image\/"},"sameAs":["https:\/\/www.facebook.com\/antonio.ferro.3150","https:\/\/www.instagram.com\/revistaautobus\/"]},{"@type":"Person","@id":"https:\/\/revistaautobus.com.br\/#\/schema\/person\/54af7c3eb83a310e42ef686ef6d16f50","name":"Antonio Ferro","image":{"@type":"ImageObject","inLanguage":"pt-BR","@id":"https:\/\/revistaautobus.com.br\/wp-content\/uploads\/2025\/12\/editor_antonio_ferro-150x150.jpg","url":"https:\/\/revistaautobus.com.br\/wp-content\/uploads\/2025\/12\/editor_antonio_ferro-150x150.jpg","contentUrl":"https:\/\/revistaautobus.com.br\/wp-content\/uploads\/2025\/12\/editor_antonio_ferro-150x150.jpg","caption":"Antonio Ferro"},"description":"infobus@uol.com.br","url":"https:\/\/revistaautobus.com.br\/?author=2"}]}},"jetpack_featured_media_url":"https:\/\/revistaautobus.com.br\/wp-content\/uploads\/2024\/05\/Micro_onibus01.jpg","jetpack_sharing_enabled":true,"_links":{"self":[{"href":"https:\/\/revistaautobus.com.br\/index.php?rest_route=\/wp\/v2\/posts\/12021","targetHints":{"allow":["GET"]}}],"collection":[{"href":"https:\/\/revistaautobus.com.br\/index.php?rest_route=\/wp\/v2\/posts"}],"about":[{"href":"https:\/\/revistaautobus.com.br\/index.php?rest_route=\/wp\/v2\/types\/post"}],"author":[{"embeddable":true,"href":"https:\/\/revistaautobus.com.br\/index.php?rest_route=\/wp\/v2\/users\/2"}],"replies":[{"embeddable":true,"href":"https:\/\/revistaautobus.com.br\/index.php?rest_route=%2Fwp%2Fv2%2Fcomments&post=12021"}],"version-history":[{"count":2,"href":"https:\/\/revistaautobus.com.br\/index.php?rest_route=\/wp\/v2\/posts\/12021\/revisions"}],"predecessor-version":[{"id":12024,"href":"https:\/\/revistaautobus.com.br\/index.php?rest_route=\/wp\/v2\/posts\/12021\/revisions\/12024"}],"wp:featuredmedia":[{"embeddable":true,"href":"https:\/\/revistaautobus.com.br\/index.php?rest_route=\/wp\/v2\/media\/13837"}],"wp:attachment":[{"href":"https:\/\/revistaautobus.com.br\/index.php?rest_route=%2Fwp%2Fv2%2Fmedia&parent=12021"}],"wp:term":[{"taxonomy":"category","embeddable":true,"href":"https:\/\/revistaautobus.com.br\/index.php?rest_route=%2Fwp%2Fv2%2Fcategories&post=12021"},{"taxonomy":"post_tag","embeddable":true,"href":"https:\/\/revistaautobus.com.br\/index.php?rest_route=%2Fwp%2Fv2%2Ftags&post=12021"}],"curies":[{"name":"wp","href":"https:\/\/api.w.org\/{rel}","templated":true}]}}