{"id":12130,"date":"2024-05-27T09:03:24","date_gmt":"2024-05-27T12:03:24","guid":{"rendered":"https:\/\/revistaautobus.com.br\/?p=12130"},"modified":"2024-05-27T09:03:24","modified_gmt":"2024-05-27T12:03:24","slug":"frotistas-urbanos-com-novos-caio","status":"publish","type":"post","link":"https:\/\/revistaautobus.com.br\/?p=12130","title":{"rendered":"Frotistas urbanos com novos Caio"},"content":{"rendered":"<p>Duas operadoras brasileiras de \u00f4nibus urbanos receberam, recentemente, novas unidades para a renova\u00e7\u00e3o de suas respectivas frotas, com modelo de carro\u00e7arias produzido pela Caio. A Transnacional, de Jo\u00e3o Pessoa, PB, investiu em mais cinco unidade do modelo Apache Vip com 12,50 metros de comprimento e capacidade total para 88 pessoas, sobre chassis OF-1721\/59 da Mercedes-Benz.<\/p>\n<p>O representante de vendas, Rog\u00e9rio Soares, disse que esse neg\u00f3cio refor\u00e7a a parceria entre a Caio e a operadora. \u201cPara a Caio, \u00e9 gratificante contribuir para a expans\u00e3o da frota do Grupo A. C\u00e2ndido, um importante operador de transportes urbanos nas cidades da Para\u00edba, incluindo Jo\u00e3o Pessoa, Campina Grande e Natal, no Rio Grande do Norte, que visa fornecer um transporte diferenciado e seguro para seus passageiros\u201d, comentou.<\/p>\n<p>J\u00e1 a Transporte Coletivo Cidade Can\u00e7\u00e3o, do Grupo Comporte, adquiriu 19 unidades da mesma carro\u00e7aria, que j\u00e1 conta com 30 unidades do modelo em opera\u00e7\u00e3o, adquiridas em 2023. Os novos ve\u00edculos ir\u00e3o operar na cidade paranaense de Maring\u00e1. Tais ve\u00edculos contam com 12,70 metros de comprimento, lota\u00e7\u00e3o total para 87 passageiros e receberam chassis Mercedes-Benz, OF 1721.<\/p>\n<p><img loading=\"lazy\" decoding=\"async\" class=\"alignnone wp-image-12132 size-large\" src=\"https:\/\/revistaautobus.com.br\/wp-content\/uploads\/2024\/05\/Transporte-Coletivo-Cidade-Cancao-1024x768.jpg\" alt=\"\" width=\"1024\" height=\"768\" srcset=\"https:\/\/revistaautobus.com.br\/wp-content\/uploads\/2024\/05\/Transporte-Coletivo-Cidade-Cancao-1024x768.jpg 1024w, https:\/\/revistaautobus.com.br\/wp-content\/uploads\/2024\/05\/Transporte-Coletivo-Cidade-Cancao-300x225.jpg 300w, https:\/\/revistaautobus.com.br\/wp-content\/uploads\/2024\/05\/Transporte-Coletivo-Cidade-Cancao-768x576.jpg 768w, https:\/\/revistaautobus.com.br\/wp-content\/uploads\/2024\/05\/Transporte-Coletivo-Cidade-Cancao-1536x1152.jpg 1536w, https:\/\/revistaautobus.com.br\/wp-content\/uploads\/2024\/05\/Transporte-Coletivo-Cidade-Cancao-1080x810.jpg 1080w, https:\/\/revistaautobus.com.br\/wp-content\/uploads\/2024\/05\/Transporte-Coletivo-Cidade-Cancao.jpg 1600w\" sizes=\"(max-width: 1024px) 100vw, 1024px\" \/><\/p>\n<p>O representante de vendas, Jocem\u00e1rio Dartora, destaca que j\u00e1 est\u00e3o previstos mais 40 \u00f4nibus Apache Vip para serem entregues \u00e0 transportadora no m\u00eas de julho. \u201cA expans\u00e3o da frota de \u00f4nibus da Transporte Coletivo Cidade Can\u00e7\u00e3o, com os \u00f4nibus da marca Caio, contribui para o aprimoramento do transporte p\u00fablico em Maring\u00e1, facilitando a mobilidade dos passageiros e fortalecendo a reputa\u00e7\u00e3o da cidade como um modelo de planejamento urbano e sustentabilidade\u201d, disse.<\/p>\n<p>Imagens &#8211; Divulga\u00e7\u00e3o<\/p>\n","protected":false},"excerpt":{"rendered":"<p>A fabricante de carro\u00e7arias urbanas mantem-se l\u00edder no mercado nacional<\/p>\n","protected":false},"author":2,"featured_media":12131,"comment_status":"open","ping_status":"open","sticky":false,"template":"","format":"standard","meta":{"_et_pb_use_builder":"","_et_pb_old_content":"","_et_gb_content_width":"","_jetpack_memberships_contains_paid_content":false,"footnotes":""},"categories":[1],"tags":[103,83],"class_list":["post-12130","post","type-post","status-publish","format-standard","has-post-thumbnail","hentry","category-sem-categoria","tag-apache-vip","tag-caio","et-has-post-format-content","et_post_format-et-post-format-standard"],"yoast_head":"<!-- This site is optimized with the Yoast SEO plugin v27.2 - https:\/\/yoast.com\/product\/yoast-seo-wordpress\/ -->\n<title>Frotistas urbanos com novos Caio - Revista AutoBus<\/title>\n<meta name=\"robots\" content=\"index, follow, max-snippet:-1, max-image-preview:large, max-video-preview:-1\" \/>\n<link rel=\"canonical\" href=\"https:\/\/revistaautobus.com.br\/?p=12130\" \/>\n<meta property=\"og:locale\" content=\"pt_BR\" \/>\n<meta property=\"og:type\" content=\"article\" \/>\n<meta property=\"og:title\" content=\"Frotistas urbanos com novos Caio - Revista AutoBus\" \/>\n<meta property=\"og:description\" content=\"A fabricante de carro\u00e7arias urbanas mantem-se l\u00edder no mercado nacional\" \/>\n<meta property=\"og:url\" content=\"https:\/\/revistaautobus.com.br\/?p=12130\" \/>\n<meta property=\"og:site_name\" content=\"Revista AutoBus\" \/>\n<meta property=\"article:publisher\" content=\"https:\/\/www.facebook.com\/antonio.ferro.3150\" \/>\n<meta property=\"article:published_time\" content=\"2024-05-27T12:03:24+00:00\" \/>\n<meta property=\"og:image\" content=\"https:\/\/revistaautobus.com.br\/wp-content\/uploads\/2024\/05\/Transnacional.jpg\" \/>\n\t<meta property=\"og:image:width\" content=\"1600\" \/>\n\t<meta property=\"og:image:height\" content=\"1200\" \/>\n\t<meta property=\"og:image:type\" content=\"image\/jpeg\" \/>\n<meta name=\"author\" content=\"Antonio Ferro\" \/>\n<meta name=\"twitter:card\" content=\"summary_large_image\" \/>\n<meta name=\"twitter:label1\" content=\"Escrito por\" \/>\n\t<meta name=\"twitter:data1\" content=\"Antonio Ferro\" \/>\n\t<meta name=\"twitter:label2\" content=\"Est. tempo de leitura\" \/>\n\t<meta name=\"twitter:data2\" content=\"1 minuto\" \/>\n<script type=\"application\/ld+json\" class=\"yoast-schema-graph\">{\"@context\":\"https:\/\/schema.org\",\"@graph\":[{\"@type\":\"Article\",\"@id\":\"https:\/\/revistaautobus.com.br\/?p=12130#article\",\"isPartOf\":{\"@id\":\"https:\/\/revistaautobus.com.br\/?p=12130\"},\"author\":{\"name\":\"Antonio Ferro\",\"@id\":\"https:\/\/revistaautobus.com.br\/#\/schema\/person\/54af7c3eb83a310e42ef686ef6d16f50\"},\"headline\":\"Frotistas urbanos com novos Caio\",\"datePublished\":\"2024-05-27T12:03:24+00:00\",\"mainEntityOfPage\":{\"@id\":\"https:\/\/revistaautobus.com.br\/?p=12130\"},\"wordCount\":273,\"commentCount\":0,\"publisher\":{\"@id\":\"https:\/\/revistaautobus.com.br\/#organization\"},\"image\":{\"@id\":\"https:\/\/revistaautobus.com.br\/?p=12130#primaryimage\"},\"thumbnailUrl\":\"https:\/\/revistaautobus.com.br\/wp-content\/uploads\/2024\/05\/Transnacional.jpg\",\"keywords\":[\"Apache VIP\",\"Caio\"],\"inLanguage\":\"pt-BR\",\"potentialAction\":[{\"@type\":\"CommentAction\",\"name\":\"Comment\",\"target\":[\"https:\/\/revistaautobus.com.br\/?p=12130#respond\"]}]},{\"@type\":\"WebPage\",\"@id\":\"https:\/\/revistaautobus.com.br\/?p=12130\",\"url\":\"https:\/\/revistaautobus.com.br\/?p=12130\",\"name\":\"Frotistas urbanos com novos Caio - Revista AutoBus\",\"isPartOf\":{\"@id\":\"https:\/\/revistaautobus.com.br\/#website\"},\"primaryImageOfPage\":{\"@id\":\"https:\/\/revistaautobus.com.br\/?p=12130#primaryimage\"},\"image\":{\"@id\":\"https:\/\/revistaautobus.com.br\/?p=12130#primaryimage\"},\"thumbnailUrl\":\"https:\/\/revistaautobus.com.br\/wp-content\/uploads\/2024\/05\/Transnacional.jpg\",\"datePublished\":\"2024-05-27T12:03:24+00:00\",\"breadcrumb\":{\"@id\":\"https:\/\/revistaautobus.com.br\/?p=12130#breadcrumb\"},\"inLanguage\":\"pt-BR\",\"potentialAction\":[{\"@type\":\"ReadAction\",\"target\":[\"https:\/\/revistaautobus.com.br\/?p=12130\"]}]},{\"@type\":\"ImageObject\",\"inLanguage\":\"pt-BR\",\"@id\":\"https:\/\/revistaautobus.com.br\/?p=12130#primaryimage\",\"url\":\"https:\/\/revistaautobus.com.br\/wp-content\/uploads\/2024\/05\/Transnacional.jpg\",\"contentUrl\":\"https:\/\/revistaautobus.com.br\/wp-content\/uploads\/2024\/05\/Transnacional.jpg\",\"width\":1600,\"height\":1200},{\"@type\":\"BreadcrumbList\",\"@id\":\"https:\/\/revistaautobus.com.br\/?p=12130#breadcrumb\",\"itemListElement\":[{\"@type\":\"ListItem\",\"position\":1,\"name\":\"In\u00edcio\",\"item\":\"https:\/\/revistaautobus.com.br\/\"},{\"@type\":\"ListItem\",\"position\":2,\"name\":\"Frotistas urbanos com novos Caio\"}]},{\"@type\":\"WebSite\",\"@id\":\"https:\/\/revistaautobus.com.br\/#website\",\"url\":\"https:\/\/revistaautobus.com.br\/\",\"name\":\"Revista AutoBus\",\"description\":\"\",\"publisher\":{\"@id\":\"https:\/\/revistaautobus.com.br\/#organization\"},\"potentialAction\":[{\"@type\":\"SearchAction\",\"target\":{\"@type\":\"EntryPoint\",\"urlTemplate\":\"https:\/\/revistaautobus.com.br\/?s={search_term_string}\"},\"query-input\":{\"@type\":\"PropertyValueSpecification\",\"valueRequired\":true,\"valueName\":\"search_term_string\"}}],\"inLanguage\":\"pt-BR\"},{\"@type\":\"Organization\",\"@id\":\"https:\/\/revistaautobus.com.br\/#organization\",\"name\":\"Revista AutoBus\",\"url\":\"https:\/\/revistaautobus.com.br\/\",\"logo\":{\"@type\":\"ImageObject\",\"inLanguage\":\"pt-BR\",\"@id\":\"https:\/\/revistaautobus.com.br\/#\/schema\/logo\/image\/\",\"url\":\"https:\/\/revistaautobus.com.br\/wp-content\/uploads\/2024\/11\/logo_revista_autobus_fb.png\",\"contentUrl\":\"https:\/\/revistaautobus.com.br\/wp-content\/uploads\/2024\/11\/logo_revista_autobus_fb.png\",\"width\":836,\"height\":227,\"caption\":\"Revista AutoBus\"},\"image\":{\"@id\":\"https:\/\/revistaautobus.com.br\/#\/schema\/logo\/image\/\"},\"sameAs\":[\"https:\/\/www.facebook.com\/antonio.ferro.3150\",\"https:\/\/www.instagram.com\/revistaautobus\/\"]},{\"@type\":\"Person\",\"@id\":\"https:\/\/revistaautobus.com.br\/#\/schema\/person\/54af7c3eb83a310e42ef686ef6d16f50\",\"name\":\"Antonio Ferro\",\"image\":{\"@type\":\"ImageObject\",\"inLanguage\":\"pt-BR\",\"@id\":\"https:\/\/revistaautobus.com.br\/wp-content\/uploads\/2025\/12\/editor_antonio_ferro-150x150.jpg\",\"url\":\"https:\/\/revistaautobus.com.br\/wp-content\/uploads\/2025\/12\/editor_antonio_ferro-150x150.jpg\",\"contentUrl\":\"https:\/\/revistaautobus.com.br\/wp-content\/uploads\/2025\/12\/editor_antonio_ferro-150x150.jpg\",\"caption\":\"Antonio Ferro\"},\"description\":\"infobus@uol.com.br\",\"url\":\"https:\/\/revistaautobus.com.br\/?author=2\"}]}<\/script>\n<!-- \/ Yoast SEO plugin. -->","yoast_head_json":{"title":"Frotistas urbanos com novos Caio - Revista AutoBus","robots":{"index":"index","follow":"follow","max-snippet":"max-snippet:-1","max-image-preview":"max-image-preview:large","max-video-preview":"max-video-preview:-1"},"canonical":"https:\/\/revistaautobus.com.br\/?p=12130","og_locale":"pt_BR","og_type":"article","og_title":"Frotistas urbanos com novos Caio - Revista AutoBus","og_description":"A fabricante de carro\u00e7arias urbanas mantem-se l\u00edder no mercado nacional","og_url":"https:\/\/revistaautobus.com.br\/?p=12130","og_site_name":"Revista AutoBus","article_publisher":"https:\/\/www.facebook.com\/antonio.ferro.3150","article_published_time":"2024-05-27T12:03:24+00:00","og_image":[{"width":1600,"height":1200,"url":"https:\/\/revistaautobus.com.br\/wp-content\/uploads\/2024\/05\/Transnacional.jpg","type":"image\/jpeg"}],"author":"Antonio Ferro","twitter_card":"summary_large_image","twitter_misc":{"Escrito por":"Antonio Ferro","Est. tempo de leitura":"1 minuto"},"schema":{"@context":"https:\/\/schema.org","@graph":[{"@type":"Article","@id":"https:\/\/revistaautobus.com.br\/?p=12130#article","isPartOf":{"@id":"https:\/\/revistaautobus.com.br\/?p=12130"},"author":{"name":"Antonio Ferro","@id":"https:\/\/revistaautobus.com.br\/#\/schema\/person\/54af7c3eb83a310e42ef686ef6d16f50"},"headline":"Frotistas urbanos com novos Caio","datePublished":"2024-05-27T12:03:24+00:00","mainEntityOfPage":{"@id":"https:\/\/revistaautobus.com.br\/?p=12130"},"wordCount":273,"commentCount":0,"publisher":{"@id":"https:\/\/revistaautobus.com.br\/#organization"},"image":{"@id":"https:\/\/revistaautobus.com.br\/?p=12130#primaryimage"},"thumbnailUrl":"https:\/\/revistaautobus.com.br\/wp-content\/uploads\/2024\/05\/Transnacional.jpg","keywords":["Apache VIP","Caio"],"inLanguage":"pt-BR","potentialAction":[{"@type":"CommentAction","name":"Comment","target":["https:\/\/revistaautobus.com.br\/?p=12130#respond"]}]},{"@type":"WebPage","@id":"https:\/\/revistaautobus.com.br\/?p=12130","url":"https:\/\/revistaautobus.com.br\/?p=12130","name":"Frotistas urbanos com novos Caio - Revista AutoBus","isPartOf":{"@id":"https:\/\/revistaautobus.com.br\/#website"},"primaryImageOfPage":{"@id":"https:\/\/revistaautobus.com.br\/?p=12130#primaryimage"},"image":{"@id":"https:\/\/revistaautobus.com.br\/?p=12130#primaryimage"},"thumbnailUrl":"https:\/\/revistaautobus.com.br\/wp-content\/uploads\/2024\/05\/Transnacional.jpg","datePublished":"2024-05-27T12:03:24+00:00","breadcrumb":{"@id":"https:\/\/revistaautobus.com.br\/?p=12130#breadcrumb"},"inLanguage":"pt-BR","potentialAction":[{"@type":"ReadAction","target":["https:\/\/revistaautobus.com.br\/?p=12130"]}]},{"@type":"ImageObject","inLanguage":"pt-BR","@id":"https:\/\/revistaautobus.com.br\/?p=12130#primaryimage","url":"https:\/\/revistaautobus.com.br\/wp-content\/uploads\/2024\/05\/Transnacional.jpg","contentUrl":"https:\/\/revistaautobus.com.br\/wp-content\/uploads\/2024\/05\/Transnacional.jpg","width":1600,"height":1200},{"@type":"BreadcrumbList","@id":"https:\/\/revistaautobus.com.br\/?p=12130#breadcrumb","itemListElement":[{"@type":"ListItem","position":1,"name":"In\u00edcio","item":"https:\/\/revistaautobus.com.br\/"},{"@type":"ListItem","position":2,"name":"Frotistas urbanos com novos Caio"}]},{"@type":"WebSite","@id":"https:\/\/revistaautobus.com.br\/#website","url":"https:\/\/revistaautobus.com.br\/","name":"Revista AutoBus","description":"","publisher":{"@id":"https:\/\/revistaautobus.com.br\/#organization"},"potentialAction":[{"@type":"SearchAction","target":{"@type":"EntryPoint","urlTemplate":"https:\/\/revistaautobus.com.br\/?s={search_term_string}"},"query-input":{"@type":"PropertyValueSpecification","valueRequired":true,"valueName":"search_term_string"}}],"inLanguage":"pt-BR"},{"@type":"Organization","@id":"https:\/\/revistaautobus.com.br\/#organization","name":"Revista AutoBus","url":"https:\/\/revistaautobus.com.br\/","logo":{"@type":"ImageObject","inLanguage":"pt-BR","@id":"https:\/\/revistaautobus.com.br\/#\/schema\/logo\/image\/","url":"https:\/\/revistaautobus.com.br\/wp-content\/uploads\/2024\/11\/logo_revista_autobus_fb.png","contentUrl":"https:\/\/revistaautobus.com.br\/wp-content\/uploads\/2024\/11\/logo_revista_autobus_fb.png","width":836,"height":227,"caption":"Revista AutoBus"},"image":{"@id":"https:\/\/revistaautobus.com.br\/#\/schema\/logo\/image\/"},"sameAs":["https:\/\/www.facebook.com\/antonio.ferro.3150","https:\/\/www.instagram.com\/revistaautobus\/"]},{"@type":"Person","@id":"https:\/\/revistaautobus.com.br\/#\/schema\/person\/54af7c3eb83a310e42ef686ef6d16f50","name":"Antonio Ferro","image":{"@type":"ImageObject","inLanguage":"pt-BR","@id":"https:\/\/revistaautobus.com.br\/wp-content\/uploads\/2025\/12\/editor_antonio_ferro-150x150.jpg","url":"https:\/\/revistaautobus.com.br\/wp-content\/uploads\/2025\/12\/editor_antonio_ferro-150x150.jpg","contentUrl":"https:\/\/revistaautobus.com.br\/wp-content\/uploads\/2025\/12\/editor_antonio_ferro-150x150.jpg","caption":"Antonio Ferro"},"description":"infobus@uol.com.br","url":"https:\/\/revistaautobus.com.br\/?author=2"}]}},"jetpack_featured_media_url":"https:\/\/revistaautobus.com.br\/wp-content\/uploads\/2024\/05\/Transnacional.jpg","jetpack_sharing_enabled":true,"_links":{"self":[{"href":"https:\/\/revistaautobus.com.br\/index.php?rest_route=\/wp\/v2\/posts\/12130","targetHints":{"allow":["GET"]}}],"collection":[{"href":"https:\/\/revistaautobus.com.br\/index.php?rest_route=\/wp\/v2\/posts"}],"about":[{"href":"https:\/\/revistaautobus.com.br\/index.php?rest_route=\/wp\/v2\/types\/post"}],"author":[{"embeddable":true,"href":"https:\/\/revistaautobus.com.br\/index.php?rest_route=\/wp\/v2\/users\/2"}],"replies":[{"embeddable":true,"href":"https:\/\/revistaautobus.com.br\/index.php?rest_route=%2Fwp%2Fv2%2Fcomments&post=12130"}],"version-history":[{"count":3,"href":"https:\/\/revistaautobus.com.br\/index.php?rest_route=\/wp\/v2\/posts\/12130\/revisions"}],"predecessor-version":[{"id":12135,"href":"https:\/\/revistaautobus.com.br\/index.php?rest_route=\/wp\/v2\/posts\/12130\/revisions\/12135"}],"wp:featuredmedia":[{"embeddable":true,"href":"https:\/\/revistaautobus.com.br\/index.php?rest_route=\/wp\/v2\/media\/12131"}],"wp:attachment":[{"href":"https:\/\/revistaautobus.com.br\/index.php?rest_route=%2Fwp%2Fv2%2Fmedia&parent=12130"}],"wp:term":[{"taxonomy":"category","embeddable":true,"href":"https:\/\/revistaautobus.com.br\/index.php?rest_route=%2Fwp%2Fv2%2Fcategories&post=12130"},{"taxonomy":"post_tag","embeddable":true,"href":"https:\/\/revistaautobus.com.br\/index.php?rest_route=%2Fwp%2Fv2%2Ftags&post=12130"}],"curies":[{"name":"wp","href":"https:\/\/api.w.org\/{rel}","templated":true}]}}