{"id":12136,"date":"2024-05-27T09:06:32","date_gmt":"2024-05-27T12:06:32","guid":{"rendered":"https:\/\/revistaautobus.com.br\/?p=12136"},"modified":"2024-05-28T15:01:46","modified_gmt":"2024-05-28T18:01:46","slug":"a-telemetria-como-aliada-a-boa-operacao","status":"publish","type":"post","link":"https:\/\/revistaautobus.com.br\/?p=12136","title":{"rendered":"A telemetria como aliada a boa opera\u00e7\u00e3o"},"content":{"rendered":"<p>O empres\u00e1rio do ramo de transporte de passageiros sobre pneus n\u00e3o precisa ficar controlando sua opera\u00e7\u00e3o na ponta do l\u00e1pis. Hoje, vivemos tempos de modernidade, onde a tecnologia causa um impacto muito positivo no cotidiano operacional, trazendo resultados que conferem desempenho em todos os servi\u00e7os.<\/p>\n<p>Para a Mercedes-Benz, essa realidade j\u00e1 vem de alguns anos ao disponibilizar no mercado uma ferramenta 4.0 que permite a ampla diversidade de an\u00e1lises de desempenho dos \u00f4nibus e de manuten\u00e7\u00f5es preventivas e preditivas, diminuindo assim o risco de paradas n\u00e3o programadas. A fabricante destaca que, dentre seus grandes diferenciais incluem-se o monitoramento e a disponibiliza\u00e7\u00e3o de informa\u00e7\u00f5es em tempo real.<\/p>\n<p>Dessa maneira, estamos falando do FleetBus, inovador sistema de telemetria e conectividade para gest\u00e3o de frota, dispon\u00edvel para todo o portf\u00f3lio de \u00f4nibus urbanos e rodovi\u00e1rios da marca, incluindo o el\u00e9trico eO500U.<\/p>\n<p>De acordo com Vlademir Pierami, gerente de Marketing de Produto \u00d4nibus da Mercedes-Benz, no contexto de servi\u00e7os inovadores da marca, o FleetBus \u00e9 uma solu\u00e7\u00e3o exclusiva de telemetria e conectividade da Mercedes-Benz no Brasil para gest\u00e3o de frota das empresas de \u00f4nibus, j\u00e1 utilizado de forma piloto e aprovado por empresas do segmento. \u201cEsse servi\u00e7o 4.0 permite ampla diversidade de an\u00e1lises de desempenho dos \u00f4nibus e de manuten\u00e7\u00f5es preventivas e preditivas, diminuindo o risco de paradas n\u00e3o programadas. Al\u00e9m de proporcionar maior disponibilidade da frota, o uso do FleetBus assegura economia no consumo energ\u00e9tico, seja o diesel ou a eletricidade, bem como redu\u00e7\u00e3o de custos operacionais e do TCO\u201d, explicou.<\/p>\n<div id=\"attachment_12138\" style=\"width: 1034px\" class=\"wp-caption alignnone\"><img loading=\"lazy\" decoding=\"async\" aria-describedby=\"caption-attachment-12138\" class=\"wp-image-12138 size-large\" src=\"https:\/\/revistaautobus.com.br\/wp-content\/uploads\/2024\/05\/20240520_42b7e8b5c9f54831a6bc81c7e8b51b5f_vlad-pierami-1024x683.jpg\" alt=\"\" width=\"1024\" height=\"683\" srcset=\"https:\/\/revistaautobus.com.br\/wp-content\/uploads\/2024\/05\/20240520_42b7e8b5c9f54831a6bc81c7e8b51b5f_vlad-pierami-1024x683.jpg 1024w, https:\/\/revistaautobus.com.br\/wp-content\/uploads\/2024\/05\/20240520_42b7e8b5c9f54831a6bc81c7e8b51b5f_vlad-pierami-300x200.jpg 300w, https:\/\/revistaautobus.com.br\/wp-content\/uploads\/2024\/05\/20240520_42b7e8b5c9f54831a6bc81c7e8b51b5f_vlad-pierami-768x512.jpg 768w, https:\/\/revistaautobus.com.br\/wp-content\/uploads\/2024\/05\/20240520_42b7e8b5c9f54831a6bc81c7e8b51b5f_vlad-pierami-1536x1025.jpg 1536w, https:\/\/revistaautobus.com.br\/wp-content\/uploads\/2024\/05\/20240520_42b7e8b5c9f54831a6bc81c7e8b51b5f_vlad-pierami-2048x1367.jpg 2048w, https:\/\/revistaautobus.com.br\/wp-content\/uploads\/2024\/05\/20240520_42b7e8b5c9f54831a6bc81c7e8b51b5f_vlad-pierami-1080x721.jpg 1080w\" sizes=\"(max-width: 1024px) 100vw, 1024px\" \/><p id=\"caption-attachment-12138\" class=\"wp-caption-text\"><span style=\"color: #008000;\"><em><strong>Vlademir Pierami<\/strong><\/em><\/span><\/p><\/div>\n<p>A Mercedes-Benz salienta que seu recurso tecnol\u00f3gico foi criado e desenvolvido juntamente com empresas de grande experi\u00eancia no mercado brasileiro e, tamb\u00e9m, latino-americano, norte-americano e europeu. O portal de acesso foi desenvolvido pela Clever Devices, que tem grande experi\u00eancia em ITS (conjunto de <em>softwares<\/em> e tecnologias integradas que permitem o gerenciamento do transporte p\u00fablico) e telemetria.<\/p>\n<p>Segundo a montadora, o FleetBus foi idealizado para pequenos, m\u00e9dios e grandes frotistas, estando dispon\u00edvel para todos os segmentos de \u00f4nibus do mercado, envolvendo modelos Euro VI e ve\u00edculos produzidos desde 2012 (Euro V). Na prepara\u00e7\u00e3o dos \u00f4nibus \u00e9 necess\u00e1ria a instala\u00e7\u00e3o de um kit de conectividade, composto por um m\u00f3dulo de telemetria, chicotes el\u00e9tricos e antenas, que poder\u00e1 ser adquirido na Rede de Concession\u00e1rios da marca. \u201cNossos clientes sempre nos pedem novas solu\u00e7\u00f5es para reduzir custos e melhorar a disponibilidade dos \u00f4nibus. E o FleetBus atende essa demanda, sendo uma tecnologia robusta e eficiente, com a qualidade e a credibilidade da nossa marca, dispon\u00edvel para empresas que atuam nas diversas aplica\u00e7\u00f5es urbanas e rodovi\u00e1rias. Essa ferramenta inovadora foi desenvolvida no Brasil, dentro da realidade do transporte de passageiros e de acordo com o perfil dos frotistas do setor. Trabalhamos neste servi\u00e7o 4.0 pensando em todos que est\u00e3o envolvidos no ecossistema do transporte respons\u00e1vel, seguindo, ali\u00e1s, os pilares ESG da nossa Empresa\u201d, afirmou Walter Barbosa, vice-presidente de Vendas, Marketing e Pe\u00e7as &amp; Servi\u00e7os \u00d4nibus da Mercedes-Benz do Brasil.<\/p>\n<p><img loading=\"lazy\" decoding=\"async\" class=\"wp-image-12154 size-full aligncenter\" src=\"https:\/\/revistaautobus.com.br\/wp-content\/uploads\/2024\/05\/FleetBus.jpg\" alt=\"\" width=\"675\" height=\"821\" srcset=\"https:\/\/revistaautobus.com.br\/wp-content\/uploads\/2024\/05\/FleetBus.jpg 675w, https:\/\/revistaautobus.com.br\/wp-content\/uploads\/2024\/05\/FleetBus-247x300.jpg 247w\" sizes=\"(max-width: 675px) 100vw, 675px\" \/><\/p>\n<p>Imagens &#8211; Divulga\u00e7\u00e3o<\/p>\n","protected":false},"excerpt":{"rendered":"<p>Com o Fleetbus, todos os operadores disp\u00f5em de recursos para monitorar suas respectivas frotas de \u00f4nibus com maior efici\u00eancia<\/p>\n","protected":false},"author":2,"featured_media":12137,"comment_status":"open","ping_status":"open","sticky":false,"template":"","format":"standard","meta":{"_et_pb_use_builder":"","_et_pb_old_content":"","_et_gb_content_width":"","_jetpack_memberships_contains_paid_content":false,"footnotes":""},"categories":[7,73,80],"tags":[766],"class_list":["post-12136","post","type-post","status-publish","format-standard","has-post-thumbnail","hentry","category-mobilidade-urbana","category-tecnologia","category-transporte-rodoviario","tag-telemetria-mercedes-benz","et-has-post-format-content","et_post_format-et-post-format-standard"],"yoast_head":"<!-- This site is optimized with the Yoast SEO plugin v27.2 - https:\/\/yoast.com\/product\/yoast-seo-wordpress\/ -->\n<title>A telemetria como aliada a boa opera\u00e7\u00e3o - Revista AutoBus<\/title>\n<meta name=\"robots\" content=\"index, follow, max-snippet:-1, max-image-preview:large, max-video-preview:-1\" \/>\n<link rel=\"canonical\" href=\"https:\/\/revistaautobus.com.br\/?p=12136\" \/>\n<meta property=\"og:locale\" content=\"pt_BR\" \/>\n<meta property=\"og:type\" content=\"article\" \/>\n<meta property=\"og:title\" content=\"A telemetria como aliada a boa opera\u00e7\u00e3o - Revista AutoBus\" \/>\n<meta property=\"og:description\" content=\"Com o Fleetbus, todos os operadores disp\u00f5em de recursos para monitorar suas respectivas frotas de \u00f4nibus com maior efici\u00eancia\" \/>\n<meta property=\"og:url\" content=\"https:\/\/revistaautobus.com.br\/?p=12136\" \/>\n<meta property=\"og:site_name\" content=\"Revista AutoBus\" \/>\n<meta property=\"article:publisher\" content=\"https:\/\/www.facebook.com\/antonio.ferro.3150\" \/>\n<meta property=\"article:published_time\" content=\"2024-05-27T12:06:32+00:00\" \/>\n<meta property=\"article:modified_time\" content=\"2024-05-28T18:01:46+00:00\" \/>\n<meta property=\"og:image\" content=\"https:\/\/revistaautobus.com.br\/wp-content\/uploads\/2024\/05\/20240520_e168fab24380446196f44081730c5f47_fleetbus.jpg\" \/>\n\t<meta property=\"og:image:width\" content=\"439\" \/>\n\t<meta property=\"og:image:height\" content=\"245\" \/>\n\t<meta property=\"og:image:type\" content=\"image\/jpeg\" \/>\n<meta name=\"author\" content=\"Antonio Ferro\" \/>\n<meta name=\"twitter:card\" content=\"summary_large_image\" \/>\n<meta name=\"twitter:label1\" content=\"Escrito por\" \/>\n\t<meta name=\"twitter:data1\" content=\"Antonio Ferro\" \/>\n\t<meta name=\"twitter:label2\" content=\"Est. tempo de leitura\" \/>\n\t<meta name=\"twitter:data2\" content=\"3 minutos\" \/>\n<script type=\"application\/ld+json\" class=\"yoast-schema-graph\">{\"@context\":\"https:\/\/schema.org\",\"@graph\":[{\"@type\":\"Article\",\"@id\":\"https:\/\/revistaautobus.com.br\/?p=12136#article\",\"isPartOf\":{\"@id\":\"https:\/\/revistaautobus.com.br\/?p=12136\"},\"author\":{\"name\":\"Antonio Ferro\",\"@id\":\"https:\/\/revistaautobus.com.br\/#\/schema\/person\/54af7c3eb83a310e42ef686ef6d16f50\"},\"headline\":\"A telemetria como aliada a boa opera\u00e7\u00e3o\",\"datePublished\":\"2024-05-27T12:06:32+00:00\",\"dateModified\":\"2024-05-28T18:01:46+00:00\",\"mainEntityOfPage\":{\"@id\":\"https:\/\/revistaautobus.com.br\/?p=12136\"},\"wordCount\":547,\"commentCount\":2,\"publisher\":{\"@id\":\"https:\/\/revistaautobus.com.br\/#organization\"},\"image\":{\"@id\":\"https:\/\/revistaautobus.com.br\/?p=12136#primaryimage\"},\"thumbnailUrl\":\"https:\/\/revistaautobus.com.br\/wp-content\/uploads\/2024\/05\/20240520_e168fab24380446196f44081730c5f47_fleetbus.jpg\",\"keywords\":[\"Telemetria Mercedes-Benz\"],\"articleSection\":[\"Mobilidade Urbana\",\"Tecnologia\",\"Transporte rodovi\u00e1rio\"],\"inLanguage\":\"pt-BR\",\"potentialAction\":[{\"@type\":\"CommentAction\",\"name\":\"Comment\",\"target\":[\"https:\/\/revistaautobus.com.br\/?p=12136#respond\"]}]},{\"@type\":\"WebPage\",\"@id\":\"https:\/\/revistaautobus.com.br\/?p=12136\",\"url\":\"https:\/\/revistaautobus.com.br\/?p=12136\",\"name\":\"A telemetria como aliada a boa opera\u00e7\u00e3o - Revista AutoBus\",\"isPartOf\":{\"@id\":\"https:\/\/revistaautobus.com.br\/#website\"},\"primaryImageOfPage\":{\"@id\":\"https:\/\/revistaautobus.com.br\/?p=12136#primaryimage\"},\"image\":{\"@id\":\"https:\/\/revistaautobus.com.br\/?p=12136#primaryimage\"},\"thumbnailUrl\":\"https:\/\/revistaautobus.com.br\/wp-content\/uploads\/2024\/05\/20240520_e168fab24380446196f44081730c5f47_fleetbus.jpg\",\"datePublished\":\"2024-05-27T12:06:32+00:00\",\"dateModified\":\"2024-05-28T18:01:46+00:00\",\"breadcrumb\":{\"@id\":\"https:\/\/revistaautobus.com.br\/?p=12136#breadcrumb\"},\"inLanguage\":\"pt-BR\",\"potentialAction\":[{\"@type\":\"ReadAction\",\"target\":[\"https:\/\/revistaautobus.com.br\/?p=12136\"]}]},{\"@type\":\"ImageObject\",\"inLanguage\":\"pt-BR\",\"@id\":\"https:\/\/revistaautobus.com.br\/?p=12136#primaryimage\",\"url\":\"https:\/\/revistaautobus.com.br\/wp-content\/uploads\/2024\/05\/20240520_e168fab24380446196f44081730c5f47_fleetbus.jpg\",\"contentUrl\":\"https:\/\/revistaautobus.com.br\/wp-content\/uploads\/2024\/05\/20240520_e168fab24380446196f44081730c5f47_fleetbus.jpg\",\"width\":439,\"height\":245},{\"@type\":\"BreadcrumbList\",\"@id\":\"https:\/\/revistaautobus.com.br\/?p=12136#breadcrumb\",\"itemListElement\":[{\"@type\":\"ListItem\",\"position\":1,\"name\":\"In\u00edcio\",\"item\":\"https:\/\/revistaautobus.com.br\/\"},{\"@type\":\"ListItem\",\"position\":2,\"name\":\"A telemetria como aliada a boa opera\u00e7\u00e3o\"}]},{\"@type\":\"WebSite\",\"@id\":\"https:\/\/revistaautobus.com.br\/#website\",\"url\":\"https:\/\/revistaautobus.com.br\/\",\"name\":\"Revista AutoBus\",\"description\":\"\",\"publisher\":{\"@id\":\"https:\/\/revistaautobus.com.br\/#organization\"},\"potentialAction\":[{\"@type\":\"SearchAction\",\"target\":{\"@type\":\"EntryPoint\",\"urlTemplate\":\"https:\/\/revistaautobus.com.br\/?s={search_term_string}\"},\"query-input\":{\"@type\":\"PropertyValueSpecification\",\"valueRequired\":true,\"valueName\":\"search_term_string\"}}],\"inLanguage\":\"pt-BR\"},{\"@type\":\"Organization\",\"@id\":\"https:\/\/revistaautobus.com.br\/#organization\",\"name\":\"Revista AutoBus\",\"url\":\"https:\/\/revistaautobus.com.br\/\",\"logo\":{\"@type\":\"ImageObject\",\"inLanguage\":\"pt-BR\",\"@id\":\"https:\/\/revistaautobus.com.br\/#\/schema\/logo\/image\/\",\"url\":\"https:\/\/revistaautobus.com.br\/wp-content\/uploads\/2024\/11\/logo_revista_autobus_fb.png\",\"contentUrl\":\"https:\/\/revistaautobus.com.br\/wp-content\/uploads\/2024\/11\/logo_revista_autobus_fb.png\",\"width\":836,\"height\":227,\"caption\":\"Revista AutoBus\"},\"image\":{\"@id\":\"https:\/\/revistaautobus.com.br\/#\/schema\/logo\/image\/\"},\"sameAs\":[\"https:\/\/www.facebook.com\/antonio.ferro.3150\",\"https:\/\/www.instagram.com\/revistaautobus\/\"]},{\"@type\":\"Person\",\"@id\":\"https:\/\/revistaautobus.com.br\/#\/schema\/person\/54af7c3eb83a310e42ef686ef6d16f50\",\"name\":\"Antonio Ferro\",\"image\":{\"@type\":\"ImageObject\",\"inLanguage\":\"pt-BR\",\"@id\":\"https:\/\/revistaautobus.com.br\/wp-content\/uploads\/2025\/12\/editor_antonio_ferro-150x150.jpg\",\"url\":\"https:\/\/revistaautobus.com.br\/wp-content\/uploads\/2025\/12\/editor_antonio_ferro-150x150.jpg\",\"contentUrl\":\"https:\/\/revistaautobus.com.br\/wp-content\/uploads\/2025\/12\/editor_antonio_ferro-150x150.jpg\",\"caption\":\"Antonio Ferro\"},\"description\":\"infobus@uol.com.br\",\"url\":\"https:\/\/revistaautobus.com.br\/?author=2\"}]}<\/script>\n<!-- \/ Yoast SEO plugin. -->","yoast_head_json":{"title":"A telemetria como aliada a boa opera\u00e7\u00e3o - Revista AutoBus","robots":{"index":"index","follow":"follow","max-snippet":"max-snippet:-1","max-image-preview":"max-image-preview:large","max-video-preview":"max-video-preview:-1"},"canonical":"https:\/\/revistaautobus.com.br\/?p=12136","og_locale":"pt_BR","og_type":"article","og_title":"A telemetria como aliada a boa opera\u00e7\u00e3o - Revista AutoBus","og_description":"Com o Fleetbus, todos os operadores disp\u00f5em de recursos para monitorar suas respectivas frotas de \u00f4nibus com maior efici\u00eancia","og_url":"https:\/\/revistaautobus.com.br\/?p=12136","og_site_name":"Revista AutoBus","article_publisher":"https:\/\/www.facebook.com\/antonio.ferro.3150","article_published_time":"2024-05-27T12:06:32+00:00","article_modified_time":"2024-05-28T18:01:46+00:00","og_image":[{"width":439,"height":245,"url":"https:\/\/revistaautobus.com.br\/wp-content\/uploads\/2024\/05\/20240520_e168fab24380446196f44081730c5f47_fleetbus.jpg","type":"image\/jpeg"}],"author":"Antonio Ferro","twitter_card":"summary_large_image","twitter_misc":{"Escrito por":"Antonio Ferro","Est. tempo de leitura":"3 minutos"},"schema":{"@context":"https:\/\/schema.org","@graph":[{"@type":"Article","@id":"https:\/\/revistaautobus.com.br\/?p=12136#article","isPartOf":{"@id":"https:\/\/revistaautobus.com.br\/?p=12136"},"author":{"name":"Antonio Ferro","@id":"https:\/\/revistaautobus.com.br\/#\/schema\/person\/54af7c3eb83a310e42ef686ef6d16f50"},"headline":"A telemetria como aliada a boa opera\u00e7\u00e3o","datePublished":"2024-05-27T12:06:32+00:00","dateModified":"2024-05-28T18:01:46+00:00","mainEntityOfPage":{"@id":"https:\/\/revistaautobus.com.br\/?p=12136"},"wordCount":547,"commentCount":2,"publisher":{"@id":"https:\/\/revistaautobus.com.br\/#organization"},"image":{"@id":"https:\/\/revistaautobus.com.br\/?p=12136#primaryimage"},"thumbnailUrl":"https:\/\/revistaautobus.com.br\/wp-content\/uploads\/2024\/05\/20240520_e168fab24380446196f44081730c5f47_fleetbus.jpg","keywords":["Telemetria Mercedes-Benz"],"articleSection":["Mobilidade Urbana","Tecnologia","Transporte rodovi\u00e1rio"],"inLanguage":"pt-BR","potentialAction":[{"@type":"CommentAction","name":"Comment","target":["https:\/\/revistaautobus.com.br\/?p=12136#respond"]}]},{"@type":"WebPage","@id":"https:\/\/revistaautobus.com.br\/?p=12136","url":"https:\/\/revistaautobus.com.br\/?p=12136","name":"A telemetria como aliada a boa opera\u00e7\u00e3o - Revista AutoBus","isPartOf":{"@id":"https:\/\/revistaautobus.com.br\/#website"},"primaryImageOfPage":{"@id":"https:\/\/revistaautobus.com.br\/?p=12136#primaryimage"},"image":{"@id":"https:\/\/revistaautobus.com.br\/?p=12136#primaryimage"},"thumbnailUrl":"https:\/\/revistaautobus.com.br\/wp-content\/uploads\/2024\/05\/20240520_e168fab24380446196f44081730c5f47_fleetbus.jpg","datePublished":"2024-05-27T12:06:32+00:00","dateModified":"2024-05-28T18:01:46+00:00","breadcrumb":{"@id":"https:\/\/revistaautobus.com.br\/?p=12136#breadcrumb"},"inLanguage":"pt-BR","potentialAction":[{"@type":"ReadAction","target":["https:\/\/revistaautobus.com.br\/?p=12136"]}]},{"@type":"ImageObject","inLanguage":"pt-BR","@id":"https:\/\/revistaautobus.com.br\/?p=12136#primaryimage","url":"https:\/\/revistaautobus.com.br\/wp-content\/uploads\/2024\/05\/20240520_e168fab24380446196f44081730c5f47_fleetbus.jpg","contentUrl":"https:\/\/revistaautobus.com.br\/wp-content\/uploads\/2024\/05\/20240520_e168fab24380446196f44081730c5f47_fleetbus.jpg","width":439,"height":245},{"@type":"BreadcrumbList","@id":"https:\/\/revistaautobus.com.br\/?p=12136#breadcrumb","itemListElement":[{"@type":"ListItem","position":1,"name":"In\u00edcio","item":"https:\/\/revistaautobus.com.br\/"},{"@type":"ListItem","position":2,"name":"A telemetria como aliada a boa opera\u00e7\u00e3o"}]},{"@type":"WebSite","@id":"https:\/\/revistaautobus.com.br\/#website","url":"https:\/\/revistaautobus.com.br\/","name":"Revista AutoBus","description":"","publisher":{"@id":"https:\/\/revistaautobus.com.br\/#organization"},"potentialAction":[{"@type":"SearchAction","target":{"@type":"EntryPoint","urlTemplate":"https:\/\/revistaautobus.com.br\/?s={search_term_string}"},"query-input":{"@type":"PropertyValueSpecification","valueRequired":true,"valueName":"search_term_string"}}],"inLanguage":"pt-BR"},{"@type":"Organization","@id":"https:\/\/revistaautobus.com.br\/#organization","name":"Revista AutoBus","url":"https:\/\/revistaautobus.com.br\/","logo":{"@type":"ImageObject","inLanguage":"pt-BR","@id":"https:\/\/revistaautobus.com.br\/#\/schema\/logo\/image\/","url":"https:\/\/revistaautobus.com.br\/wp-content\/uploads\/2024\/11\/logo_revista_autobus_fb.png","contentUrl":"https:\/\/revistaautobus.com.br\/wp-content\/uploads\/2024\/11\/logo_revista_autobus_fb.png","width":836,"height":227,"caption":"Revista AutoBus"},"image":{"@id":"https:\/\/revistaautobus.com.br\/#\/schema\/logo\/image\/"},"sameAs":["https:\/\/www.facebook.com\/antonio.ferro.3150","https:\/\/www.instagram.com\/revistaautobus\/"]},{"@type":"Person","@id":"https:\/\/revistaautobus.com.br\/#\/schema\/person\/54af7c3eb83a310e42ef686ef6d16f50","name":"Antonio Ferro","image":{"@type":"ImageObject","inLanguage":"pt-BR","@id":"https:\/\/revistaautobus.com.br\/wp-content\/uploads\/2025\/12\/editor_antonio_ferro-150x150.jpg","url":"https:\/\/revistaautobus.com.br\/wp-content\/uploads\/2025\/12\/editor_antonio_ferro-150x150.jpg","contentUrl":"https:\/\/revistaautobus.com.br\/wp-content\/uploads\/2025\/12\/editor_antonio_ferro-150x150.jpg","caption":"Antonio Ferro"},"description":"infobus@uol.com.br","url":"https:\/\/revistaautobus.com.br\/?author=2"}]}},"jetpack_featured_media_url":"https:\/\/revistaautobus.com.br\/wp-content\/uploads\/2024\/05\/20240520_e168fab24380446196f44081730c5f47_fleetbus.jpg","jetpack_sharing_enabled":true,"_links":{"self":[{"href":"https:\/\/revistaautobus.com.br\/index.php?rest_route=\/wp\/v2\/posts\/12136","targetHints":{"allow":["GET"]}}],"collection":[{"href":"https:\/\/revistaautobus.com.br\/index.php?rest_route=\/wp\/v2\/posts"}],"about":[{"href":"https:\/\/revistaautobus.com.br\/index.php?rest_route=\/wp\/v2\/types\/post"}],"author":[{"embeddable":true,"href":"https:\/\/revistaautobus.com.br\/index.php?rest_route=\/wp\/v2\/users\/2"}],"replies":[{"embeddable":true,"href":"https:\/\/revistaautobus.com.br\/index.php?rest_route=%2Fwp%2Fv2%2Fcomments&post=12136"}],"version-history":[{"count":5,"href":"https:\/\/revistaautobus.com.br\/index.php?rest_route=\/wp\/v2\/posts\/12136\/revisions"}],"predecessor-version":[{"id":12151,"href":"https:\/\/revistaautobus.com.br\/index.php?rest_route=\/wp\/v2\/posts\/12136\/revisions\/12151"}],"wp:featuredmedia":[{"embeddable":true,"href":"https:\/\/revistaautobus.com.br\/index.php?rest_route=\/wp\/v2\/media\/12137"}],"wp:attachment":[{"href":"https:\/\/revistaautobus.com.br\/index.php?rest_route=%2Fwp%2Fv2%2Fmedia&parent=12136"}],"wp:term":[{"taxonomy":"category","embeddable":true,"href":"https:\/\/revistaautobus.com.br\/index.php?rest_route=%2Fwp%2Fv2%2Fcategories&post=12136"},{"taxonomy":"post_tag","embeddable":true,"href":"https:\/\/revistaautobus.com.br\/index.php?rest_route=%2Fwp%2Fv2%2Ftags&post=12136"}],"curies":[{"name":"wp","href":"https:\/\/api.w.org\/{rel}","templated":true}]}}