{"id":12164,"date":"2024-05-31T11:34:08","date_gmt":"2024-05-31T14:34:08","guid":{"rendered":"https:\/\/revistaautobus.com.br\/?p=12164"},"modified":"2024-05-31T11:34:08","modified_gmt":"2024-05-31T14:34:08","slug":"definidos-os-finalistas-do-premio-fetpesp-de-comunicacao","status":"publish","type":"post","link":"https:\/\/revistaautobus.com.br\/?p=12164","title":{"rendered":"Definidos os finalistas do Pr\u00eamio FETPESP de Comunica\u00e7\u00e3o"},"content":{"rendered":"<p><span style=\"color: #0000ff;\"><em><strong>Espa\u00e7o FETPESP<\/strong><\/em><\/span><\/p>\n<p>A Federa\u00e7\u00e3o das Empresas de Transportes de Passageiros do Estado de S\u00e3o Paulo (FETPESP) anuncia os finalistas da primeira edi\u00e7\u00e3o do \u201cPr\u00eamio FETPESP de Comunica\u00e7\u00e3o \u2013 Movendo Ideias, Celebrando Talentos!\u201d, que tem como objetivo reconhecer e premiar trabalhos jornal\u00edsticos e de comunica\u00e7\u00e3o que contribuam significativamente para o avan\u00e7o, promo\u00e7\u00e3o e valoriza\u00e7\u00e3o do setor de transportes de passageiros no estado de S\u00e3o Paulo. Os premiados ser\u00e3o conhecidos em cerim\u00f4nia agendada para o dia 27 de junho em S\u00e3o Paulo (SP).<\/p>\n<p>\u201cCom essa iniciativa, a FETPESP quer contribuir para o aprimoramento do setor, promovendo a inova\u00e7\u00e3o, acessibilidade, sustentabilidade e o senso de comunidade. Diante disso, ficamos felizes em celebrar os trabalhos realizados pelos comunicadores, que ajudam muito a transformar o setor de Transportes de Passageiros no estado de S\u00e3o Paulo\u201d, afirma o presidente da FETPESP, Mauro Herszkowicz.<\/p>\n<p>Os trabalhos inscritos foram avaliados por um j\u00fari composto por profissionais de reconhecida compet\u00eancia e expertise em comunica\u00e7\u00e3o e jornalismo na \u00e1rea de transportes de passageiros. A avalia\u00e7\u00e3o foi baseada nos crit\u00e9rios de relev\u00e2ncia, qualidade jornal\u00edstica ou de comunica\u00e7\u00e3o, originalidade, abordagem, precis\u00e3o das informa\u00e7\u00f5es, impacto na sociedade e contribui\u00e7\u00e3o para o setor de transportes de passageiros.<\/p>\n<p>Ser\u00e3o premiados os tr\u00eas primeiros colocados de cada categoria, conforme os seguintes crit\u00e9rios:\u00a0 Primeiro colocado: pr\u00eamio de R$ 20.000,00, trof\u00e9u e certificado. Segundo colocado: pr\u00eamio de R$ 10.000,00, trof\u00e9u e certificado. Terceiro colocado: trof\u00e9u e certificado.<\/p>\n<p><span style=\"color: #0000ff;\"><strong>Finalistas<\/strong><\/span><\/p>\n<p>Abaixo est\u00e1 a lista dos finalistas de cada categoria:<\/p>\n<p>Categoria A\u00e7\u00e3o Institucional:<\/p>\n<p>Cilene Cabral &#8211; Campanha \u201cTodos colaboram, todos viajam melhor\u201d;<\/p>\n<p>Rosemeire Zilio Sakamoto &#8211; Programa \u201cGiralivro EMTU\u201d;<\/p>\n<p>Luciana Maria Lisboa Herszkowicz Harari &#8211; Campanha \u201cGirobus &#8211; \u00f4nibus itinerante da Paraty Mobilidade\u201d.<\/p>\n<p>Categoria Campanha Publicit\u00e1ria:<\/p>\n<p>Roberto Sganzerla &#8211; Campanha \u201c\u00c9 coletivo, \u00e9 para voc\u00ea &#8211; Pr\u00f3Urbano e RP Mobi\u201d;<\/p>\n<p>Fernanda do Couto Ara\u00fajo &#8211; Campanha \u201cRebranding Via\u00e7\u00e3o Cometa\u201d;<\/p>\n<p>Murillo da Silva Fonseca &#8211; Campanha \u201cMulheres na Radial Transporte\u201d;<\/p>\n<p>Marta de Lima Cavalcanti &#8211; Campanha \u201cEPI\u201d.<\/p>\n<p>Categoria Jornalismo:<\/p>\n<p>Bruno Azevedo &#8211; Mat\u00e9ria \u201cTecnologia e Mobilidade\u201d;<\/p>\n<p>Rone Fabio Carvalho Junior &#8211; Mat\u00e9ria \u201cPelo direito de ir e vir\u201d;<\/p>\n<p>Rone Fabio Carvalho Junior &#8211; Mat\u00e9ria \u201cEm busca da mobilidade sustent\u00e1vel\u201d.<\/p>\n<p>Categoria Estudante:<\/p>\n<p>Nicolas Souza Jacomelli \u2013 Trabalho: \u201cMobilidade Urbana no p\u00f3s pandemia em SP\u201d<\/p>\n<p>Caio Innocencio Cornachini \u2013 Trabalho: \u201cTarifa zero nos \u00f4nibus de S\u00e3o Paulo para pessoas de baixa renda\u201d;<\/p>\n<p>Nahaly Cristini da Silva Santos \u2013 Trabalho: \u201cOs desafios do TDAH: Existo, mas n\u00e3o sou visto\u201d.<\/p>\n<p>Categoria Internet:<\/p>\n<p>Jo\u00e3o Kerr Guimar\u00e3es Bidetti \u2013 Reportagem: \u201cCorrup\u00e7\u00e3o e planejamento falho s\u00e3o obst\u00e1culos \u00e0 mobilidade sustent\u00e1vel\u201d;<\/p>\n<p>Adamo Alonso Bazani &#8211; Entrevista \u201cN\u00e3o existe protocolo para combater inc\u00eandio em \u00f4nibus el\u00e9tricos e Bombeiros de SP se preocupam com aumento de frota\u201d;<\/p>\n<p><strong><span style=\"color: #008000;\">Antonio Ferro<\/span><\/strong> \u2013 Reportagem: \u201cBRT, a velocidade que o \u00f4nibus urbano precisa\u201d.<\/p>\n<p>Categoria Podcast:<\/p>\n<p>Luiz Henrique Gon\u00e7alves Romagnoli &#8211; Programa \u201cMulheres do Transporte no Podcast do Transporte\u201d;<\/p>\n<p>Luiz Henrique Gon\u00e7alves Romagnoli &#8211; Programa \u201cPodcast do transporte: S\u00e9rie de mat\u00e9rias sobre eletrifica\u00e7\u00e3o, com \u00eanfase em S\u00e3o Paulo, capital\u201d;<\/p>\n<p>Rog\u00e9rio Furlan de Souza &#8211; Programa Especial \u201cMobilidade Urbana: Um assunto que vai al\u00e9m do ir e vir de uma popula\u00e7\u00e3o!\u201d.<\/p>\n<p>Imagem &#8211; Divulga\u00e7\u00e3o<\/p>\n","protected":false},"excerpt":{"rendered":"<p>Os trabalhos inscritos foram avaliados por um j\u00fari composto por profissionais de reconhecida compet\u00eancia e expertise em comunica\u00e7\u00e3o e jornalismo na \u00e1rea de transportes de passageiros<\/p>\n","protected":false},"author":2,"featured_media":12165,"comment_status":"open","ping_status":"open","sticky":false,"template":"","format":"standard","meta":{"_et_pb_use_builder":"","_et_pb_old_content":"","_et_gb_content_width":"","_jetpack_memberships_contains_paid_content":false,"footnotes":""},"categories":[90],"tags":[769],"class_list":["post-12164","post","type-post","status-publish","format-standard","has-post-thumbnail","hentry","category-noticias","tag-pemio-fetpesp-de-comunicacao","et-has-post-format-content","et_post_format-et-post-format-standard"],"yoast_head":"<!-- This site is optimized with the Yoast SEO plugin v27.2 - https:\/\/yoast.com\/product\/yoast-seo-wordpress\/ -->\n<title>Definidos os finalistas do Pr\u00eamio FETPESP de Comunica\u00e7\u00e3o - Revista AutoBus<\/title>\n<meta name=\"robots\" content=\"index, follow, max-snippet:-1, max-image-preview:large, max-video-preview:-1\" \/>\n<link rel=\"canonical\" href=\"https:\/\/revistaautobus.com.br\/?p=12164\" \/>\n<meta property=\"og:locale\" content=\"pt_BR\" \/>\n<meta property=\"og:type\" content=\"article\" \/>\n<meta property=\"og:title\" content=\"Definidos os finalistas do Pr\u00eamio FETPESP de Comunica\u00e7\u00e3o - Revista AutoBus\" \/>\n<meta property=\"og:description\" content=\"Os trabalhos inscritos foram avaliados por um j\u00fari composto por profissionais de reconhecida compet\u00eancia e expertise em comunica\u00e7\u00e3o e jornalismo na \u00e1rea de transportes de passageiros\" \/>\n<meta property=\"og:url\" content=\"https:\/\/revistaautobus.com.br\/?p=12164\" \/>\n<meta property=\"og:site_name\" content=\"Revista AutoBus\" \/>\n<meta property=\"article:publisher\" content=\"https:\/\/www.facebook.com\/antonio.ferro.3150\" \/>\n<meta property=\"article:published_time\" content=\"2024-05-31T14:34:08+00:00\" \/>\n<meta property=\"og:image\" content=\"https:\/\/revistaautobus.com.br\/wp-content\/uploads\/2024\/05\/IMG-20240531-WA0029.jpg\" \/>\n\t<meta property=\"og:image:width\" content=\"720\" \/>\n\t<meta property=\"og:image:height\" content=\"1280\" \/>\n\t<meta property=\"og:image:type\" content=\"image\/jpeg\" \/>\n<meta name=\"author\" content=\"Antonio Ferro\" \/>\n<meta name=\"twitter:card\" content=\"summary_large_image\" \/>\n<meta name=\"twitter:label1\" content=\"Escrito por\" \/>\n\t<meta name=\"twitter:data1\" content=\"Antonio Ferro\" \/>\n\t<meta name=\"twitter:label2\" content=\"Est. tempo de leitura\" \/>\n\t<meta name=\"twitter:data2\" content=\"3 minutos\" \/>\n<script type=\"application\/ld+json\" class=\"yoast-schema-graph\">{\"@context\":\"https:\/\/schema.org\",\"@graph\":[{\"@type\":\"Article\",\"@id\":\"https:\/\/revistaautobus.com.br\/?p=12164#article\",\"isPartOf\":{\"@id\":\"https:\/\/revistaautobus.com.br\/?p=12164\"},\"author\":{\"name\":\"Antonio Ferro\",\"@id\":\"https:\/\/revistaautobus.com.br\/#\/schema\/person\/54af7c3eb83a310e42ef686ef6d16f50\"},\"headline\":\"Definidos os finalistas do Pr\u00eamio FETPESP de Comunica\u00e7\u00e3o\",\"datePublished\":\"2024-05-31T14:34:08+00:00\",\"mainEntityOfPage\":{\"@id\":\"https:\/\/revistaautobus.com.br\/?p=12164\"},\"wordCount\":571,\"commentCount\":0,\"publisher\":{\"@id\":\"https:\/\/revistaautobus.com.br\/#organization\"},\"image\":{\"@id\":\"https:\/\/revistaautobus.com.br\/?p=12164#primaryimage\"},\"thumbnailUrl\":\"https:\/\/revistaautobus.com.br\/wp-content\/uploads\/2024\/05\/IMG-20240531-WA0029.jpg\",\"keywords\":[\"P\u00eamio FETPESP de comunica\u00e7\u00e3o\"],\"articleSection\":[\"Not\u00edcias\"],\"inLanguage\":\"pt-BR\",\"potentialAction\":[{\"@type\":\"CommentAction\",\"name\":\"Comment\",\"target\":[\"https:\/\/revistaautobus.com.br\/?p=12164#respond\"]}]},{\"@type\":\"WebPage\",\"@id\":\"https:\/\/revistaautobus.com.br\/?p=12164\",\"url\":\"https:\/\/revistaautobus.com.br\/?p=12164\",\"name\":\"Definidos os finalistas do Pr\u00eamio FETPESP de Comunica\u00e7\u00e3o - Revista AutoBus\",\"isPartOf\":{\"@id\":\"https:\/\/revistaautobus.com.br\/#website\"},\"primaryImageOfPage\":{\"@id\":\"https:\/\/revistaautobus.com.br\/?p=12164#primaryimage\"},\"image\":{\"@id\":\"https:\/\/revistaautobus.com.br\/?p=12164#primaryimage\"},\"thumbnailUrl\":\"https:\/\/revistaautobus.com.br\/wp-content\/uploads\/2024\/05\/IMG-20240531-WA0029.jpg\",\"datePublished\":\"2024-05-31T14:34:08+00:00\",\"breadcrumb\":{\"@id\":\"https:\/\/revistaautobus.com.br\/?p=12164#breadcrumb\"},\"inLanguage\":\"pt-BR\",\"potentialAction\":[{\"@type\":\"ReadAction\",\"target\":[\"https:\/\/revistaautobus.com.br\/?p=12164\"]}]},{\"@type\":\"ImageObject\",\"inLanguage\":\"pt-BR\",\"@id\":\"https:\/\/revistaautobus.com.br\/?p=12164#primaryimage\",\"url\":\"https:\/\/revistaautobus.com.br\/wp-content\/uploads\/2024\/05\/IMG-20240531-WA0029.jpg\",\"contentUrl\":\"https:\/\/revistaautobus.com.br\/wp-content\/uploads\/2024\/05\/IMG-20240531-WA0029.jpg\",\"width\":720,\"height\":1280},{\"@type\":\"BreadcrumbList\",\"@id\":\"https:\/\/revistaautobus.com.br\/?p=12164#breadcrumb\",\"itemListElement\":[{\"@type\":\"ListItem\",\"position\":1,\"name\":\"In\u00edcio\",\"item\":\"https:\/\/revistaautobus.com.br\/\"},{\"@type\":\"ListItem\",\"position\":2,\"name\":\"Definidos os finalistas do Pr\u00eamio FETPESP de Comunica\u00e7\u00e3o\"}]},{\"@type\":\"WebSite\",\"@id\":\"https:\/\/revistaautobus.com.br\/#website\",\"url\":\"https:\/\/revistaautobus.com.br\/\",\"name\":\"Revista AutoBus\",\"description\":\"\",\"publisher\":{\"@id\":\"https:\/\/revistaautobus.com.br\/#organization\"},\"potentialAction\":[{\"@type\":\"SearchAction\",\"target\":{\"@type\":\"EntryPoint\",\"urlTemplate\":\"https:\/\/revistaautobus.com.br\/?s={search_term_string}\"},\"query-input\":{\"@type\":\"PropertyValueSpecification\",\"valueRequired\":true,\"valueName\":\"search_term_string\"}}],\"inLanguage\":\"pt-BR\"},{\"@type\":\"Organization\",\"@id\":\"https:\/\/revistaautobus.com.br\/#organization\",\"name\":\"Revista AutoBus\",\"url\":\"https:\/\/revistaautobus.com.br\/\",\"logo\":{\"@type\":\"ImageObject\",\"inLanguage\":\"pt-BR\",\"@id\":\"https:\/\/revistaautobus.com.br\/#\/schema\/logo\/image\/\",\"url\":\"https:\/\/revistaautobus.com.br\/wp-content\/uploads\/2024\/11\/logo_revista_autobus_fb.png\",\"contentUrl\":\"https:\/\/revistaautobus.com.br\/wp-content\/uploads\/2024\/11\/logo_revista_autobus_fb.png\",\"width\":836,\"height\":227,\"caption\":\"Revista AutoBus\"},\"image\":{\"@id\":\"https:\/\/revistaautobus.com.br\/#\/schema\/logo\/image\/\"},\"sameAs\":[\"https:\/\/www.facebook.com\/antonio.ferro.3150\",\"https:\/\/www.instagram.com\/revistaautobus\/\"]},{\"@type\":\"Person\",\"@id\":\"https:\/\/revistaautobus.com.br\/#\/schema\/person\/54af7c3eb83a310e42ef686ef6d16f50\",\"name\":\"Antonio Ferro\",\"image\":{\"@type\":\"ImageObject\",\"inLanguage\":\"pt-BR\",\"@id\":\"https:\/\/revistaautobus.com.br\/wp-content\/uploads\/2025\/12\/editor_antonio_ferro-150x150.jpg\",\"url\":\"https:\/\/revistaautobus.com.br\/wp-content\/uploads\/2025\/12\/editor_antonio_ferro-150x150.jpg\",\"contentUrl\":\"https:\/\/revistaautobus.com.br\/wp-content\/uploads\/2025\/12\/editor_antonio_ferro-150x150.jpg\",\"caption\":\"Antonio Ferro\"},\"description\":\"infobus@uol.com.br\",\"url\":\"https:\/\/revistaautobus.com.br\/?author=2\"}]}<\/script>\n<!-- \/ Yoast SEO plugin. -->","yoast_head_json":{"title":"Definidos os finalistas do Pr\u00eamio FETPESP de Comunica\u00e7\u00e3o - Revista AutoBus","robots":{"index":"index","follow":"follow","max-snippet":"max-snippet:-1","max-image-preview":"max-image-preview:large","max-video-preview":"max-video-preview:-1"},"canonical":"https:\/\/revistaautobus.com.br\/?p=12164","og_locale":"pt_BR","og_type":"article","og_title":"Definidos os finalistas do Pr\u00eamio FETPESP de Comunica\u00e7\u00e3o - Revista AutoBus","og_description":"Os trabalhos inscritos foram avaliados por um j\u00fari composto por profissionais de reconhecida compet\u00eancia e expertise em comunica\u00e7\u00e3o e jornalismo na \u00e1rea de transportes de passageiros","og_url":"https:\/\/revistaautobus.com.br\/?p=12164","og_site_name":"Revista AutoBus","article_publisher":"https:\/\/www.facebook.com\/antonio.ferro.3150","article_published_time":"2024-05-31T14:34:08+00:00","og_image":[{"width":720,"height":1280,"url":"https:\/\/revistaautobus.com.br\/wp-content\/uploads\/2024\/05\/IMG-20240531-WA0029.jpg","type":"image\/jpeg"}],"author":"Antonio Ferro","twitter_card":"summary_large_image","twitter_misc":{"Escrito por":"Antonio Ferro","Est. tempo de leitura":"3 minutos"},"schema":{"@context":"https:\/\/schema.org","@graph":[{"@type":"Article","@id":"https:\/\/revistaautobus.com.br\/?p=12164#article","isPartOf":{"@id":"https:\/\/revistaautobus.com.br\/?p=12164"},"author":{"name":"Antonio Ferro","@id":"https:\/\/revistaautobus.com.br\/#\/schema\/person\/54af7c3eb83a310e42ef686ef6d16f50"},"headline":"Definidos os finalistas do Pr\u00eamio FETPESP de Comunica\u00e7\u00e3o","datePublished":"2024-05-31T14:34:08+00:00","mainEntityOfPage":{"@id":"https:\/\/revistaautobus.com.br\/?p=12164"},"wordCount":571,"commentCount":0,"publisher":{"@id":"https:\/\/revistaautobus.com.br\/#organization"},"image":{"@id":"https:\/\/revistaautobus.com.br\/?p=12164#primaryimage"},"thumbnailUrl":"https:\/\/revistaautobus.com.br\/wp-content\/uploads\/2024\/05\/IMG-20240531-WA0029.jpg","keywords":["P\u00eamio FETPESP de comunica\u00e7\u00e3o"],"articleSection":["Not\u00edcias"],"inLanguage":"pt-BR","potentialAction":[{"@type":"CommentAction","name":"Comment","target":["https:\/\/revistaautobus.com.br\/?p=12164#respond"]}]},{"@type":"WebPage","@id":"https:\/\/revistaautobus.com.br\/?p=12164","url":"https:\/\/revistaautobus.com.br\/?p=12164","name":"Definidos os finalistas do Pr\u00eamio FETPESP de Comunica\u00e7\u00e3o - Revista AutoBus","isPartOf":{"@id":"https:\/\/revistaautobus.com.br\/#website"},"primaryImageOfPage":{"@id":"https:\/\/revistaautobus.com.br\/?p=12164#primaryimage"},"image":{"@id":"https:\/\/revistaautobus.com.br\/?p=12164#primaryimage"},"thumbnailUrl":"https:\/\/revistaautobus.com.br\/wp-content\/uploads\/2024\/05\/IMG-20240531-WA0029.jpg","datePublished":"2024-05-31T14:34:08+00:00","breadcrumb":{"@id":"https:\/\/revistaautobus.com.br\/?p=12164#breadcrumb"},"inLanguage":"pt-BR","potentialAction":[{"@type":"ReadAction","target":["https:\/\/revistaautobus.com.br\/?p=12164"]}]},{"@type":"ImageObject","inLanguage":"pt-BR","@id":"https:\/\/revistaautobus.com.br\/?p=12164#primaryimage","url":"https:\/\/revistaautobus.com.br\/wp-content\/uploads\/2024\/05\/IMG-20240531-WA0029.jpg","contentUrl":"https:\/\/revistaautobus.com.br\/wp-content\/uploads\/2024\/05\/IMG-20240531-WA0029.jpg","width":720,"height":1280},{"@type":"BreadcrumbList","@id":"https:\/\/revistaautobus.com.br\/?p=12164#breadcrumb","itemListElement":[{"@type":"ListItem","position":1,"name":"In\u00edcio","item":"https:\/\/revistaautobus.com.br\/"},{"@type":"ListItem","position":2,"name":"Definidos os finalistas do Pr\u00eamio FETPESP de Comunica\u00e7\u00e3o"}]},{"@type":"WebSite","@id":"https:\/\/revistaautobus.com.br\/#website","url":"https:\/\/revistaautobus.com.br\/","name":"Revista AutoBus","description":"","publisher":{"@id":"https:\/\/revistaautobus.com.br\/#organization"},"potentialAction":[{"@type":"SearchAction","target":{"@type":"EntryPoint","urlTemplate":"https:\/\/revistaautobus.com.br\/?s={search_term_string}"},"query-input":{"@type":"PropertyValueSpecification","valueRequired":true,"valueName":"search_term_string"}}],"inLanguage":"pt-BR"},{"@type":"Organization","@id":"https:\/\/revistaautobus.com.br\/#organization","name":"Revista AutoBus","url":"https:\/\/revistaautobus.com.br\/","logo":{"@type":"ImageObject","inLanguage":"pt-BR","@id":"https:\/\/revistaautobus.com.br\/#\/schema\/logo\/image\/","url":"https:\/\/revistaautobus.com.br\/wp-content\/uploads\/2024\/11\/logo_revista_autobus_fb.png","contentUrl":"https:\/\/revistaautobus.com.br\/wp-content\/uploads\/2024\/11\/logo_revista_autobus_fb.png","width":836,"height":227,"caption":"Revista AutoBus"},"image":{"@id":"https:\/\/revistaautobus.com.br\/#\/schema\/logo\/image\/"},"sameAs":["https:\/\/www.facebook.com\/antonio.ferro.3150","https:\/\/www.instagram.com\/revistaautobus\/"]},{"@type":"Person","@id":"https:\/\/revistaautobus.com.br\/#\/schema\/person\/54af7c3eb83a310e42ef686ef6d16f50","name":"Antonio Ferro","image":{"@type":"ImageObject","inLanguage":"pt-BR","@id":"https:\/\/revistaautobus.com.br\/wp-content\/uploads\/2025\/12\/editor_antonio_ferro-150x150.jpg","url":"https:\/\/revistaautobus.com.br\/wp-content\/uploads\/2025\/12\/editor_antonio_ferro-150x150.jpg","contentUrl":"https:\/\/revistaautobus.com.br\/wp-content\/uploads\/2025\/12\/editor_antonio_ferro-150x150.jpg","caption":"Antonio Ferro"},"description":"infobus@uol.com.br","url":"https:\/\/revistaautobus.com.br\/?author=2"}]}},"jetpack_featured_media_url":"https:\/\/revistaautobus.com.br\/wp-content\/uploads\/2024\/05\/IMG-20240531-WA0029.jpg","jetpack_sharing_enabled":true,"_links":{"self":[{"href":"https:\/\/revistaautobus.com.br\/index.php?rest_route=\/wp\/v2\/posts\/12164","targetHints":{"allow":["GET"]}}],"collection":[{"href":"https:\/\/revistaautobus.com.br\/index.php?rest_route=\/wp\/v2\/posts"}],"about":[{"href":"https:\/\/revistaautobus.com.br\/index.php?rest_route=\/wp\/v2\/types\/post"}],"author":[{"embeddable":true,"href":"https:\/\/revistaautobus.com.br\/index.php?rest_route=\/wp\/v2\/users\/2"}],"replies":[{"embeddable":true,"href":"https:\/\/revistaautobus.com.br\/index.php?rest_route=%2Fwp%2Fv2%2Fcomments&post=12164"}],"version-history":[{"count":3,"href":"https:\/\/revistaautobus.com.br\/index.php?rest_route=\/wp\/v2\/posts\/12164\/revisions"}],"predecessor-version":[{"id":12168,"href":"https:\/\/revistaautobus.com.br\/index.php?rest_route=\/wp\/v2\/posts\/12164\/revisions\/12168"}],"wp:featuredmedia":[{"embeddable":true,"href":"https:\/\/revistaautobus.com.br\/index.php?rest_route=\/wp\/v2\/media\/12165"}],"wp:attachment":[{"href":"https:\/\/revistaautobus.com.br\/index.php?rest_route=%2Fwp%2Fv2%2Fmedia&parent=12164"}],"wp:term":[{"taxonomy":"category","embeddable":true,"href":"https:\/\/revistaautobus.com.br\/index.php?rest_route=%2Fwp%2Fv2%2Fcategories&post=12164"},{"taxonomy":"post_tag","embeddable":true,"href":"https:\/\/revistaautobus.com.br\/index.php?rest_route=%2Fwp%2Fv2%2Ftags&post=12164"}],"curies":[{"name":"wp","href":"https:\/\/api.w.org\/{rel}","templated":true}]}}