{"id":12169,"date":"2024-06-03T09:34:27","date_gmt":"2024-06-03T12:34:27","guid":{"rendered":"https:\/\/revistaautobus.com.br\/?p=12169"},"modified":"2024-06-03T09:34:27","modified_gmt":"2024-06-03T12:34:27","slug":"de-olho-nas-regras","status":"publish","type":"post","link":"https:\/\/revistaautobus.com.br\/?p=12169","title":{"rendered":"De olho nas regras"},"content":{"rendered":"<p>Segundo dados do Minist\u00e9rio da Sa\u00fade, foram registradas 33.894 mortes no tr\u00e2nsito em 2022 no Brasil, uma m\u00e9dia de 92,6 por dia. A estimativa \u00e9 que em 2023 esse n\u00famero tenha sido em torno de 30 mil, embora os dados ainda precisem ser confirmados. Esses \u00edndices foram destacados pelo Grupo Reunidas, de Santa Catarina, que atua com transporte de pessoas e de cargas.<\/p>\n<p>Com metas claras de promover maior seguran\u00e7a e reduzir o n\u00famero de acidentes em sua opera\u00e7\u00e3o, o grupo catarinense investe fortemente na forma\u00e7\u00e3o cont\u00ednua de seus colaboradores e na manuten\u00e7\u00e3o e atualiza\u00e7\u00e3o da frota, al\u00e9m de ter um controle r\u00edgido das escalas, para evitar sobrecarga de trabalho.<\/p>\n<p>Patr\u00edcia Favarin, assessora de Desenvolvimento Humano da companhia, comentou que a Reunidas realizou uma palestra com o tema da campanha, em maio, mas tem investido em a\u00e7\u00f5es de conscientiza\u00e7\u00e3o e forma\u00e7\u00e3o de motoristas durante todo o ano. \u201cA companhia conta com um \u00f4nibus-escola que oferece capacita\u00e7\u00f5es itinerantes, levando cursos a colaboradores de todas as unidades. Este ve\u00edculo, transformado em sala de aula, tamb\u00e9m \u00e9 utilizado em a\u00e7\u00f5es especiais em escolas e na comunidade, disseminando informa\u00e7\u00f5es sobre seguran\u00e7a no tr\u00e2nsito\u201d, afirmou.<\/p>\n<p>O Grupo aposta em diferentes abordagens para a forma\u00e7\u00e3o dos motoristas, a fim de mant\u00ea-los atualizados das regras que ajudam a diminuir os riscos de acidentes. &#8220;O transporte rodovi\u00e1rio \u00e9 respons\u00e1vel pela maior parte da movimenta\u00e7\u00e3o de cargas e passageiros no Brasil. Embora os ve\u00edculos grandes n\u00e3o sejam os mais envolvidos em acidentes, precisamos estar conscientes de que devemos fazer nossa parte constantemente e estar atentos aos demais. Nem sempre \u00e9 poss\u00edvel evitar uma ocorr\u00eancia, mas a gente ainda pode fazer a nossa parte para se proteger e proteger quem est\u00e1 conosco por interm\u00e9dio de atitudes como respeitar os limites de velocidade, cobrar o uso do cinto de seguran\u00e7a, entre outras medidas que aplicamos em nossas viagens&#8221;, destacou Patr\u00edcia.<\/p>\n<p>Imagem &#8211; Divulga\u00e7\u00e3o<\/p>\n<p>&nbsp;<\/p>\n","protected":false},"excerpt":{"rendered":"<p>Com mais de 1.600 profissionais, diretos, atuando nas frentes de transporte de passageiros, fretamento, turismo e transporte de cargas, o Grupo Reunidas ressaltou a import\u00e2ncia do Maio Amarelo em suas atividades<\/p>\n","protected":false},"author":2,"featured_media":12170,"comment_status":"open","ping_status":"open","sticky":false,"template":"","format":"standard","meta":{"_et_pb_use_builder":"","_et_pb_old_content":"","_et_gb_content_width":"","_jetpack_memberships_contains_paid_content":false,"footnotes":""},"categories":[90,80],"tags":[770],"class_list":["post-12169","post","type-post","status-publish","format-standard","has-post-thumbnail","hentry","category-noticias","category-transporte-rodoviario","tag-grupo-reunidas","et-has-post-format-content","et_post_format-et-post-format-standard"],"yoast_head":"<!-- This site is optimized with the Yoast SEO plugin v27.2 - https:\/\/yoast.com\/product\/yoast-seo-wordpress\/ -->\n<title>De olho nas regras - Revista AutoBus<\/title>\n<meta name=\"robots\" content=\"index, follow, max-snippet:-1, max-image-preview:large, max-video-preview:-1\" \/>\n<link rel=\"canonical\" href=\"https:\/\/revistaautobus.com.br\/?p=12169\" \/>\n<meta property=\"og:locale\" content=\"pt_BR\" \/>\n<meta property=\"og:type\" content=\"article\" \/>\n<meta property=\"og:title\" content=\"De olho nas regras - Revista AutoBus\" \/>\n<meta property=\"og:description\" content=\"Com mais de 1.600 profissionais, diretos, atuando nas frentes de transporte de passageiros, fretamento, turismo e transporte de cargas, o Grupo Reunidas ressaltou a import\u00e2ncia do Maio Amarelo em suas atividades\" \/>\n<meta property=\"og:url\" content=\"https:\/\/revistaautobus.com.br\/?p=12169\" \/>\n<meta property=\"og:site_name\" content=\"Revista AutoBus\" \/>\n<meta property=\"article:publisher\" content=\"https:\/\/www.facebook.com\/antonio.ferro.3150\" \/>\n<meta property=\"article:published_time\" content=\"2024-06-03T12:34:27+00:00\" \/>\n<meta property=\"og:image\" content=\"https:\/\/revistaautobus.com.br\/wp-content\/uploads\/2024\/06\/IMG-5679.jpg\" \/>\n\t<meta property=\"og:image:width\" content=\"1000\" \/>\n\t<meta property=\"og:image:height\" content=\"666\" \/>\n\t<meta property=\"og:image:type\" content=\"image\/jpeg\" \/>\n<meta name=\"author\" content=\"Antonio Ferro\" \/>\n<meta name=\"twitter:card\" content=\"summary_large_image\" \/>\n<meta name=\"twitter:label1\" content=\"Escrito por\" \/>\n\t<meta name=\"twitter:data1\" content=\"Antonio Ferro\" \/>\n\t<meta name=\"twitter:label2\" content=\"Est. tempo de leitura\" \/>\n\t<meta name=\"twitter:data2\" content=\"2 minutos\" \/>\n<script type=\"application\/ld+json\" class=\"yoast-schema-graph\">{\"@context\":\"https:\/\/schema.org\",\"@graph\":[{\"@type\":\"Article\",\"@id\":\"https:\/\/revistaautobus.com.br\/?p=12169#article\",\"isPartOf\":{\"@id\":\"https:\/\/revistaautobus.com.br\/?p=12169\"},\"author\":{\"name\":\"Antonio Ferro\",\"@id\":\"https:\/\/revistaautobus.com.br\/#\/schema\/person\/54af7c3eb83a310e42ef686ef6d16f50\"},\"headline\":\"De olho nas regras\",\"datePublished\":\"2024-06-03T12:34:27+00:00\",\"mainEntityOfPage\":{\"@id\":\"https:\/\/revistaautobus.com.br\/?p=12169\"},\"wordCount\":346,\"commentCount\":0,\"publisher\":{\"@id\":\"https:\/\/revistaautobus.com.br\/#organization\"},\"image\":{\"@id\":\"https:\/\/revistaautobus.com.br\/?p=12169#primaryimage\"},\"thumbnailUrl\":\"https:\/\/revistaautobus.com.br\/wp-content\/uploads\/2024\/06\/IMG-5679.jpg\",\"keywords\":[\"Grupo Reunidas\"],\"articleSection\":[\"Not\u00edcias\",\"Transporte rodovi\u00e1rio\"],\"inLanguage\":\"pt-BR\",\"potentialAction\":[{\"@type\":\"CommentAction\",\"name\":\"Comment\",\"target\":[\"https:\/\/revistaautobus.com.br\/?p=12169#respond\"]}]},{\"@type\":\"WebPage\",\"@id\":\"https:\/\/revistaautobus.com.br\/?p=12169\",\"url\":\"https:\/\/revistaautobus.com.br\/?p=12169\",\"name\":\"De olho nas regras - Revista AutoBus\",\"isPartOf\":{\"@id\":\"https:\/\/revistaautobus.com.br\/#website\"},\"primaryImageOfPage\":{\"@id\":\"https:\/\/revistaautobus.com.br\/?p=12169#primaryimage\"},\"image\":{\"@id\":\"https:\/\/revistaautobus.com.br\/?p=12169#primaryimage\"},\"thumbnailUrl\":\"https:\/\/revistaautobus.com.br\/wp-content\/uploads\/2024\/06\/IMG-5679.jpg\",\"datePublished\":\"2024-06-03T12:34:27+00:00\",\"breadcrumb\":{\"@id\":\"https:\/\/revistaautobus.com.br\/?p=12169#breadcrumb\"},\"inLanguage\":\"pt-BR\",\"potentialAction\":[{\"@type\":\"ReadAction\",\"target\":[\"https:\/\/revistaautobus.com.br\/?p=12169\"]}]},{\"@type\":\"ImageObject\",\"inLanguage\":\"pt-BR\",\"@id\":\"https:\/\/revistaautobus.com.br\/?p=12169#primaryimage\",\"url\":\"https:\/\/revistaautobus.com.br\/wp-content\/uploads\/2024\/06\/IMG-5679.jpg\",\"contentUrl\":\"https:\/\/revistaautobus.com.br\/wp-content\/uploads\/2024\/06\/IMG-5679.jpg\",\"width\":1000,\"height\":666},{\"@type\":\"BreadcrumbList\",\"@id\":\"https:\/\/revistaautobus.com.br\/?p=12169#breadcrumb\",\"itemListElement\":[{\"@type\":\"ListItem\",\"position\":1,\"name\":\"In\u00edcio\",\"item\":\"https:\/\/revistaautobus.com.br\/\"},{\"@type\":\"ListItem\",\"position\":2,\"name\":\"De olho nas regras\"}]},{\"@type\":\"WebSite\",\"@id\":\"https:\/\/revistaautobus.com.br\/#website\",\"url\":\"https:\/\/revistaautobus.com.br\/\",\"name\":\"Revista AutoBus\",\"description\":\"\",\"publisher\":{\"@id\":\"https:\/\/revistaautobus.com.br\/#organization\"},\"potentialAction\":[{\"@type\":\"SearchAction\",\"target\":{\"@type\":\"EntryPoint\",\"urlTemplate\":\"https:\/\/revistaautobus.com.br\/?s={search_term_string}\"},\"query-input\":{\"@type\":\"PropertyValueSpecification\",\"valueRequired\":true,\"valueName\":\"search_term_string\"}}],\"inLanguage\":\"pt-BR\"},{\"@type\":\"Organization\",\"@id\":\"https:\/\/revistaautobus.com.br\/#organization\",\"name\":\"Revista AutoBus\",\"url\":\"https:\/\/revistaautobus.com.br\/\",\"logo\":{\"@type\":\"ImageObject\",\"inLanguage\":\"pt-BR\",\"@id\":\"https:\/\/revistaautobus.com.br\/#\/schema\/logo\/image\/\",\"url\":\"https:\/\/revistaautobus.com.br\/wp-content\/uploads\/2024\/11\/logo_revista_autobus_fb.png\",\"contentUrl\":\"https:\/\/revistaautobus.com.br\/wp-content\/uploads\/2024\/11\/logo_revista_autobus_fb.png\",\"width\":836,\"height\":227,\"caption\":\"Revista AutoBus\"},\"image\":{\"@id\":\"https:\/\/revistaautobus.com.br\/#\/schema\/logo\/image\/\"},\"sameAs\":[\"https:\/\/www.facebook.com\/antonio.ferro.3150\",\"https:\/\/www.instagram.com\/revistaautobus\/\"]},{\"@type\":\"Person\",\"@id\":\"https:\/\/revistaautobus.com.br\/#\/schema\/person\/54af7c3eb83a310e42ef686ef6d16f50\",\"name\":\"Antonio Ferro\",\"image\":{\"@type\":\"ImageObject\",\"inLanguage\":\"pt-BR\",\"@id\":\"https:\/\/revistaautobus.com.br\/wp-content\/uploads\/2025\/12\/editor_antonio_ferro-150x150.jpg\",\"url\":\"https:\/\/revistaautobus.com.br\/wp-content\/uploads\/2025\/12\/editor_antonio_ferro-150x150.jpg\",\"contentUrl\":\"https:\/\/revistaautobus.com.br\/wp-content\/uploads\/2025\/12\/editor_antonio_ferro-150x150.jpg\",\"caption\":\"Antonio Ferro\"},\"description\":\"infobus@uol.com.br\",\"url\":\"https:\/\/revistaautobus.com.br\/?author=2\"}]}<\/script>\n<!-- \/ Yoast SEO plugin. -->","yoast_head_json":{"title":"De olho nas regras - Revista AutoBus","robots":{"index":"index","follow":"follow","max-snippet":"max-snippet:-1","max-image-preview":"max-image-preview:large","max-video-preview":"max-video-preview:-1"},"canonical":"https:\/\/revistaautobus.com.br\/?p=12169","og_locale":"pt_BR","og_type":"article","og_title":"De olho nas regras - Revista AutoBus","og_description":"Com mais de 1.600 profissionais, diretos, atuando nas frentes de transporte de passageiros, fretamento, turismo e transporte de cargas, o Grupo Reunidas ressaltou a import\u00e2ncia do Maio Amarelo em suas atividades","og_url":"https:\/\/revistaautobus.com.br\/?p=12169","og_site_name":"Revista AutoBus","article_publisher":"https:\/\/www.facebook.com\/antonio.ferro.3150","article_published_time":"2024-06-03T12:34:27+00:00","og_image":[{"width":1000,"height":666,"url":"https:\/\/revistaautobus.com.br\/wp-content\/uploads\/2024\/06\/IMG-5679.jpg","type":"image\/jpeg"}],"author":"Antonio Ferro","twitter_card":"summary_large_image","twitter_misc":{"Escrito por":"Antonio Ferro","Est. tempo de leitura":"2 minutos"},"schema":{"@context":"https:\/\/schema.org","@graph":[{"@type":"Article","@id":"https:\/\/revistaautobus.com.br\/?p=12169#article","isPartOf":{"@id":"https:\/\/revistaautobus.com.br\/?p=12169"},"author":{"name":"Antonio Ferro","@id":"https:\/\/revistaautobus.com.br\/#\/schema\/person\/54af7c3eb83a310e42ef686ef6d16f50"},"headline":"De olho nas regras","datePublished":"2024-06-03T12:34:27+00:00","mainEntityOfPage":{"@id":"https:\/\/revistaautobus.com.br\/?p=12169"},"wordCount":346,"commentCount":0,"publisher":{"@id":"https:\/\/revistaautobus.com.br\/#organization"},"image":{"@id":"https:\/\/revistaautobus.com.br\/?p=12169#primaryimage"},"thumbnailUrl":"https:\/\/revistaautobus.com.br\/wp-content\/uploads\/2024\/06\/IMG-5679.jpg","keywords":["Grupo Reunidas"],"articleSection":["Not\u00edcias","Transporte rodovi\u00e1rio"],"inLanguage":"pt-BR","potentialAction":[{"@type":"CommentAction","name":"Comment","target":["https:\/\/revistaautobus.com.br\/?p=12169#respond"]}]},{"@type":"WebPage","@id":"https:\/\/revistaautobus.com.br\/?p=12169","url":"https:\/\/revistaautobus.com.br\/?p=12169","name":"De olho nas regras - Revista AutoBus","isPartOf":{"@id":"https:\/\/revistaautobus.com.br\/#website"},"primaryImageOfPage":{"@id":"https:\/\/revistaautobus.com.br\/?p=12169#primaryimage"},"image":{"@id":"https:\/\/revistaautobus.com.br\/?p=12169#primaryimage"},"thumbnailUrl":"https:\/\/revistaautobus.com.br\/wp-content\/uploads\/2024\/06\/IMG-5679.jpg","datePublished":"2024-06-03T12:34:27+00:00","breadcrumb":{"@id":"https:\/\/revistaautobus.com.br\/?p=12169#breadcrumb"},"inLanguage":"pt-BR","potentialAction":[{"@type":"ReadAction","target":["https:\/\/revistaautobus.com.br\/?p=12169"]}]},{"@type":"ImageObject","inLanguage":"pt-BR","@id":"https:\/\/revistaautobus.com.br\/?p=12169#primaryimage","url":"https:\/\/revistaautobus.com.br\/wp-content\/uploads\/2024\/06\/IMG-5679.jpg","contentUrl":"https:\/\/revistaautobus.com.br\/wp-content\/uploads\/2024\/06\/IMG-5679.jpg","width":1000,"height":666},{"@type":"BreadcrumbList","@id":"https:\/\/revistaautobus.com.br\/?p=12169#breadcrumb","itemListElement":[{"@type":"ListItem","position":1,"name":"In\u00edcio","item":"https:\/\/revistaautobus.com.br\/"},{"@type":"ListItem","position":2,"name":"De olho nas regras"}]},{"@type":"WebSite","@id":"https:\/\/revistaautobus.com.br\/#website","url":"https:\/\/revistaautobus.com.br\/","name":"Revista AutoBus","description":"","publisher":{"@id":"https:\/\/revistaautobus.com.br\/#organization"},"potentialAction":[{"@type":"SearchAction","target":{"@type":"EntryPoint","urlTemplate":"https:\/\/revistaautobus.com.br\/?s={search_term_string}"},"query-input":{"@type":"PropertyValueSpecification","valueRequired":true,"valueName":"search_term_string"}}],"inLanguage":"pt-BR"},{"@type":"Organization","@id":"https:\/\/revistaautobus.com.br\/#organization","name":"Revista AutoBus","url":"https:\/\/revistaautobus.com.br\/","logo":{"@type":"ImageObject","inLanguage":"pt-BR","@id":"https:\/\/revistaautobus.com.br\/#\/schema\/logo\/image\/","url":"https:\/\/revistaautobus.com.br\/wp-content\/uploads\/2024\/11\/logo_revista_autobus_fb.png","contentUrl":"https:\/\/revistaautobus.com.br\/wp-content\/uploads\/2024\/11\/logo_revista_autobus_fb.png","width":836,"height":227,"caption":"Revista AutoBus"},"image":{"@id":"https:\/\/revistaautobus.com.br\/#\/schema\/logo\/image\/"},"sameAs":["https:\/\/www.facebook.com\/antonio.ferro.3150","https:\/\/www.instagram.com\/revistaautobus\/"]},{"@type":"Person","@id":"https:\/\/revistaautobus.com.br\/#\/schema\/person\/54af7c3eb83a310e42ef686ef6d16f50","name":"Antonio Ferro","image":{"@type":"ImageObject","inLanguage":"pt-BR","@id":"https:\/\/revistaautobus.com.br\/wp-content\/uploads\/2025\/12\/editor_antonio_ferro-150x150.jpg","url":"https:\/\/revistaautobus.com.br\/wp-content\/uploads\/2025\/12\/editor_antonio_ferro-150x150.jpg","contentUrl":"https:\/\/revistaautobus.com.br\/wp-content\/uploads\/2025\/12\/editor_antonio_ferro-150x150.jpg","caption":"Antonio Ferro"},"description":"infobus@uol.com.br","url":"https:\/\/revistaautobus.com.br\/?author=2"}]}},"jetpack_featured_media_url":"https:\/\/revistaautobus.com.br\/wp-content\/uploads\/2024\/06\/IMG-5679.jpg","jetpack_sharing_enabled":true,"_links":{"self":[{"href":"https:\/\/revistaautobus.com.br\/index.php?rest_route=\/wp\/v2\/posts\/12169","targetHints":{"allow":["GET"]}}],"collection":[{"href":"https:\/\/revistaautobus.com.br\/index.php?rest_route=\/wp\/v2\/posts"}],"about":[{"href":"https:\/\/revistaautobus.com.br\/index.php?rest_route=\/wp\/v2\/types\/post"}],"author":[{"embeddable":true,"href":"https:\/\/revistaautobus.com.br\/index.php?rest_route=\/wp\/v2\/users\/2"}],"replies":[{"embeddable":true,"href":"https:\/\/revistaautobus.com.br\/index.php?rest_route=%2Fwp%2Fv2%2Fcomments&post=12169"}],"version-history":[{"count":3,"href":"https:\/\/revistaautobus.com.br\/index.php?rest_route=\/wp\/v2\/posts\/12169\/revisions"}],"predecessor-version":[{"id":12173,"href":"https:\/\/revistaautobus.com.br\/index.php?rest_route=\/wp\/v2\/posts\/12169\/revisions\/12173"}],"wp:featuredmedia":[{"embeddable":true,"href":"https:\/\/revistaautobus.com.br\/index.php?rest_route=\/wp\/v2\/media\/12170"}],"wp:attachment":[{"href":"https:\/\/revistaautobus.com.br\/index.php?rest_route=%2Fwp%2Fv2%2Fmedia&parent=12169"}],"wp:term":[{"taxonomy":"category","embeddable":true,"href":"https:\/\/revistaautobus.com.br\/index.php?rest_route=%2Fwp%2Fv2%2Fcategories&post=12169"},{"taxonomy":"post_tag","embeddable":true,"href":"https:\/\/revistaautobus.com.br\/index.php?rest_route=%2Fwp%2Fv2%2Ftags&post=12169"}],"curies":[{"name":"wp","href":"https:\/\/api.w.org\/{rel}","templated":true}]}}