{"id":12174,"date":"2024-06-03T09:36:46","date_gmt":"2024-06-03T12:36:46","guid":{"rendered":"https:\/\/revistaautobus.com.br\/?p=12174"},"modified":"2024-06-03T09:36:46","modified_gmt":"2024-06-03T12:36:46","slug":"por-novas-energias-no-transporte","status":"publish","type":"post","link":"https:\/\/revistaautobus.com.br\/?p=12174","title":{"rendered":"Por novas energias no transporte"},"content":{"rendered":"<p>O mundo n\u00e3o pode ficar sem energia para viver e se mover. N\u00e3o somos nada sem ela, ante \u00e0 depend\u00eancia desse insumo, onde todas as tecnologias modernas s\u00f3 s\u00e3o \u00fateis com algum tipo de modelo energ\u00e9tico. E, dentre as op\u00e7\u00f5es de fontes de energia, os biocombust\u00edveis se apresentam como uma das solu\u00e7\u00f5es para o Brasil alcan\u00e7ar sua sustentabilidade ambiental, principalmente no setor de transportes.<\/p>\n<p>A Confedera\u00e7\u00e3o Nacional do Transporte (CNT) lan\u00e7ou, h\u00e1 alguns dias, a sua publica\u00e7\u00e3o t\u00e9cnica chamada de \u201cDiesel Verde \u2013 Uma op\u00e7\u00e3o de baixo carbono para caminh\u00f5es e \u00f4nibus rodovi\u00e1rios -\u201d, inserida como uma nova edi\u00e7\u00e3o (a quarta) da S\u00e9rie CNT Energia no Transporte, que j\u00e1 abordou as fontes: hidrog\u00eanio renov\u00e1vel, eletromobilidade e biometano.<\/p>\n<p>De acordo com a entidade, o referido trabalho mostra que o grande diferencial do diesel verde \u00e9 sua composi\u00e7\u00e3o qu\u00edmica, que o torna totalmente compat\u00edvel (<em>drop-in<\/em>) com os atuais motores movidos a diesel dos \u00f4nibus e caminh\u00f5es nacionais, sem a necessidade de modifica\u00e7\u00f5es no sistema, por ter uma estrutura de mol\u00e9culas semelhante \u00e0 do seu equivalente de origem f\u00f3ssil \u2013 o diesel mineral.<\/p>\n<p>Dentre as vantagens do diesel verde destacam-se por ele ser renov\u00e1vel e, em sua combust\u00e3o, emitir menos gases considerados nocivos \u00e0 sa\u00fade humana e ao meio ambiente, tais como hidrocarbonetos (HC), mon\u00f3xido de carbono (CO), \u00f3xidos nitrosos (NOx) e material particulado (MP).<\/p>\n<p>Para melhor entendimento, a publica\u00e7\u00e3o conta com gr\u00e1ficos e comparativos, com base em dados coletados em diversos pa\u00edses, que demonstram o desempenho ambiental do diesel verde em ve\u00edculos que n\u00e3o precisam sofrer modifica\u00e7\u00f5es mec\u00e2nicas. A CNT ressalta que, em todos os cen\u00e1rios levantados em ve\u00edculos de ciclo diesel, a performance energ\u00e9tica foi positiva em termos de efici\u00eancia e redu\u00e7\u00e3o de emiss\u00f5es associadas nos diferentes ciclos de condu\u00e7\u00e3o.<\/p>\n<p>Para a CNT, o Pa\u00eds tem grande potencial para produzi-lo, uma vez que \u00e9 abundante em mat\u00e9rias-primas fundamentais ao seu processo produtivo, como \u00f3leos vegetais e gordura animal, e pode at\u00e9 se tornar um fornecedor mundial do insumo. Cabe destacar que a produ\u00e7\u00e3o de diesel verde \u00e9 realizada a partir de diversas tecnologias, sendo o hidrotratamento na presen\u00e7a de hidrog\u00eanio a mais difundida mundialmente. Esse processo leva \u00e0 obten\u00e7\u00e3o do \u00f3leo vegetal hidrotratado (HVO, da sua sigla em ingl\u00eas), que pode ser abastecido em ve\u00edculos pesados.<\/p>\n<p>Mas, para sua viabilidade, o Brasil, ainda, carece de um parque produtivo, sendo necess\u00e1rio investimentos em infraestruturas de refinarias ou na constru\u00e7\u00e3o de novas biorrefinarias dedicadas. Al\u00e9m disso, faltam pol\u00edticas p\u00fablicas que estimulem a sua produ\u00e7\u00e3o e o seu consumo em escala nacional.<\/p>\n<p><img loading=\"lazy\" decoding=\"async\" class=\"wp-image-12176 size-full aligncenter\" src=\"https:\/\/revistaautobus.com.br\/wp-content\/uploads\/2024\/06\/Diesel-verde.jpg\" alt=\"\" width=\"669\" height=\"797\" srcset=\"https:\/\/revistaautobus.com.br\/wp-content\/uploads\/2024\/06\/Diesel-verde.jpg 669w, https:\/\/revistaautobus.com.br\/wp-content\/uploads\/2024\/06\/Diesel-verde-252x300.jpg 252w\" sizes=\"(max-width: 669px) 100vw, 669px\" \/><\/p>\n<p>Imagem &#8211; Divulga\u00e7\u00e3o<\/p>\n","protected":false},"excerpt":{"rendered":"<p>Com o intuito de incentivar o diesel verde, a CNT apresenta um novo estudo sobre esse biocombust\u00edvel. A ideia \u00e9 mostrar ao Brasil mais uma op\u00e7\u00e3o de recurso energ\u00e9tico para o sistema de transporte <\/p>\n","protected":false},"author":2,"featured_media":12175,"comment_status":"open","ping_status":"open","sticky":false,"template":"","format":"standard","meta":{"_et_pb_use_builder":"","_et_pb_old_content":"","_et_gb_content_width":"","_jetpack_memberships_contains_paid_content":false,"footnotes":""},"categories":[1],"tags":[487,771],"class_list":["post-12174","post","type-post","status-publish","format-standard","has-post-thumbnail","hentry","category-sem-categoria","tag-cnt","tag-diesel-verde","et-has-post-format-content","et_post_format-et-post-format-standard"],"yoast_head":"<!-- This site is optimized with the Yoast SEO plugin v27.2 - https:\/\/yoast.com\/product\/yoast-seo-wordpress\/ -->\n<title>Por novas energias no transporte - Revista AutoBus<\/title>\n<meta name=\"robots\" content=\"index, follow, max-snippet:-1, max-image-preview:large, max-video-preview:-1\" \/>\n<link rel=\"canonical\" href=\"https:\/\/revistaautobus.com.br\/?p=12174\" \/>\n<meta property=\"og:locale\" content=\"pt_BR\" \/>\n<meta property=\"og:type\" content=\"article\" \/>\n<meta property=\"og:title\" content=\"Por novas energias no transporte - Revista AutoBus\" \/>\n<meta property=\"og:description\" content=\"Com o intuito de incentivar o diesel verde, a CNT apresenta um novo estudo sobre esse biocombust\u00edvel. A ideia \u00e9 mostrar ao Brasil mais uma op\u00e7\u00e3o de recurso energ\u00e9tico para o sistema de transporte\" \/>\n<meta property=\"og:url\" content=\"https:\/\/revistaautobus.com.br\/?p=12174\" \/>\n<meta property=\"og:site_name\" content=\"Revista AutoBus\" \/>\n<meta property=\"article:publisher\" content=\"https:\/\/www.facebook.com\/antonio.ferro.3150\" \/>\n<meta property=\"article:published_time\" content=\"2024-06-03T12:36:46+00:00\" \/>\n<meta property=\"og:image\" content=\"https:\/\/revistaautobus.com.br\/wp-content\/uploads\/2024\/06\/Capa_DieselVerde.png\" \/>\n\t<meta property=\"og:image:width\" content=\"640\" \/>\n\t<meta property=\"og:image:height\" content=\"921\" \/>\n\t<meta property=\"og:image:type\" content=\"image\/png\" \/>\n<meta name=\"author\" content=\"Antonio Ferro\" \/>\n<meta name=\"twitter:card\" content=\"summary_large_image\" \/>\n<meta name=\"twitter:label1\" content=\"Escrito por\" \/>\n\t<meta name=\"twitter:data1\" content=\"Antonio Ferro\" \/>\n\t<meta name=\"twitter:label2\" content=\"Est. tempo de leitura\" \/>\n\t<meta name=\"twitter:data2\" content=\"2 minutos\" \/>\n<script type=\"application\/ld+json\" class=\"yoast-schema-graph\">{\"@context\":\"https:\/\/schema.org\",\"@graph\":[{\"@type\":\"Article\",\"@id\":\"https:\/\/revistaautobus.com.br\/?p=12174#article\",\"isPartOf\":{\"@id\":\"https:\/\/revistaautobus.com.br\/?p=12174\"},\"author\":{\"name\":\"Antonio Ferro\",\"@id\":\"https:\/\/revistaautobus.com.br\/#\/schema\/person\/54af7c3eb83a310e42ef686ef6d16f50\"},\"headline\":\"Por novas energias no transporte\",\"datePublished\":\"2024-06-03T12:36:46+00:00\",\"mainEntityOfPage\":{\"@id\":\"https:\/\/revistaautobus.com.br\/?p=12174\"},\"wordCount\":477,\"commentCount\":0,\"publisher\":{\"@id\":\"https:\/\/revistaautobus.com.br\/#organization\"},\"image\":{\"@id\":\"https:\/\/revistaautobus.com.br\/?p=12174#primaryimage\"},\"thumbnailUrl\":\"https:\/\/revistaautobus.com.br\/wp-content\/uploads\/2024\/06\/Capa_DieselVerde.png\",\"keywords\":[\"CNT\",\"Diesel Verde\"],\"inLanguage\":\"pt-BR\",\"potentialAction\":[{\"@type\":\"CommentAction\",\"name\":\"Comment\",\"target\":[\"https:\/\/revistaautobus.com.br\/?p=12174#respond\"]}]},{\"@type\":\"WebPage\",\"@id\":\"https:\/\/revistaautobus.com.br\/?p=12174\",\"url\":\"https:\/\/revistaautobus.com.br\/?p=12174\",\"name\":\"Por novas energias no transporte - Revista AutoBus\",\"isPartOf\":{\"@id\":\"https:\/\/revistaautobus.com.br\/#website\"},\"primaryImageOfPage\":{\"@id\":\"https:\/\/revistaautobus.com.br\/?p=12174#primaryimage\"},\"image\":{\"@id\":\"https:\/\/revistaautobus.com.br\/?p=12174#primaryimage\"},\"thumbnailUrl\":\"https:\/\/revistaautobus.com.br\/wp-content\/uploads\/2024\/06\/Capa_DieselVerde.png\",\"datePublished\":\"2024-06-03T12:36:46+00:00\",\"breadcrumb\":{\"@id\":\"https:\/\/revistaautobus.com.br\/?p=12174#breadcrumb\"},\"inLanguage\":\"pt-BR\",\"potentialAction\":[{\"@type\":\"ReadAction\",\"target\":[\"https:\/\/revistaautobus.com.br\/?p=12174\"]}]},{\"@type\":\"ImageObject\",\"inLanguage\":\"pt-BR\",\"@id\":\"https:\/\/revistaautobus.com.br\/?p=12174#primaryimage\",\"url\":\"https:\/\/revistaautobus.com.br\/wp-content\/uploads\/2024\/06\/Capa_DieselVerde.png\",\"contentUrl\":\"https:\/\/revistaautobus.com.br\/wp-content\/uploads\/2024\/06\/Capa_DieselVerde.png\",\"width\":640,\"height\":921},{\"@type\":\"BreadcrumbList\",\"@id\":\"https:\/\/revistaautobus.com.br\/?p=12174#breadcrumb\",\"itemListElement\":[{\"@type\":\"ListItem\",\"position\":1,\"name\":\"In\u00edcio\",\"item\":\"https:\/\/revistaautobus.com.br\/\"},{\"@type\":\"ListItem\",\"position\":2,\"name\":\"Por novas energias no transporte\"}]},{\"@type\":\"WebSite\",\"@id\":\"https:\/\/revistaautobus.com.br\/#website\",\"url\":\"https:\/\/revistaautobus.com.br\/\",\"name\":\"Revista AutoBus\",\"description\":\"\",\"publisher\":{\"@id\":\"https:\/\/revistaautobus.com.br\/#organization\"},\"potentialAction\":[{\"@type\":\"SearchAction\",\"target\":{\"@type\":\"EntryPoint\",\"urlTemplate\":\"https:\/\/revistaautobus.com.br\/?s={search_term_string}\"},\"query-input\":{\"@type\":\"PropertyValueSpecification\",\"valueRequired\":true,\"valueName\":\"search_term_string\"}}],\"inLanguage\":\"pt-BR\"},{\"@type\":\"Organization\",\"@id\":\"https:\/\/revistaautobus.com.br\/#organization\",\"name\":\"Revista AutoBus\",\"url\":\"https:\/\/revistaautobus.com.br\/\",\"logo\":{\"@type\":\"ImageObject\",\"inLanguage\":\"pt-BR\",\"@id\":\"https:\/\/revistaautobus.com.br\/#\/schema\/logo\/image\/\",\"url\":\"https:\/\/revistaautobus.com.br\/wp-content\/uploads\/2024\/11\/logo_revista_autobus_fb.png\",\"contentUrl\":\"https:\/\/revistaautobus.com.br\/wp-content\/uploads\/2024\/11\/logo_revista_autobus_fb.png\",\"width\":836,\"height\":227,\"caption\":\"Revista AutoBus\"},\"image\":{\"@id\":\"https:\/\/revistaautobus.com.br\/#\/schema\/logo\/image\/\"},\"sameAs\":[\"https:\/\/www.facebook.com\/antonio.ferro.3150\",\"https:\/\/www.instagram.com\/revistaautobus\/\"]},{\"@type\":\"Person\",\"@id\":\"https:\/\/revistaautobus.com.br\/#\/schema\/person\/54af7c3eb83a310e42ef686ef6d16f50\",\"name\":\"Antonio Ferro\",\"image\":{\"@type\":\"ImageObject\",\"inLanguage\":\"pt-BR\",\"@id\":\"https:\/\/revistaautobus.com.br\/wp-content\/uploads\/2025\/12\/editor_antonio_ferro-150x150.jpg\",\"url\":\"https:\/\/revistaautobus.com.br\/wp-content\/uploads\/2025\/12\/editor_antonio_ferro-150x150.jpg\",\"contentUrl\":\"https:\/\/revistaautobus.com.br\/wp-content\/uploads\/2025\/12\/editor_antonio_ferro-150x150.jpg\",\"caption\":\"Antonio Ferro\"},\"description\":\"infobus@uol.com.br\",\"url\":\"https:\/\/revistaautobus.com.br\/?author=2\"}]}<\/script>\n<!-- \/ Yoast SEO plugin. -->","yoast_head_json":{"title":"Por novas energias no transporte - Revista AutoBus","robots":{"index":"index","follow":"follow","max-snippet":"max-snippet:-1","max-image-preview":"max-image-preview:large","max-video-preview":"max-video-preview:-1"},"canonical":"https:\/\/revistaautobus.com.br\/?p=12174","og_locale":"pt_BR","og_type":"article","og_title":"Por novas energias no transporte - Revista AutoBus","og_description":"Com o intuito de incentivar o diesel verde, a CNT apresenta um novo estudo sobre esse biocombust\u00edvel. A ideia \u00e9 mostrar ao Brasil mais uma op\u00e7\u00e3o de recurso energ\u00e9tico para o sistema de transporte","og_url":"https:\/\/revistaautobus.com.br\/?p=12174","og_site_name":"Revista AutoBus","article_publisher":"https:\/\/www.facebook.com\/antonio.ferro.3150","article_published_time":"2024-06-03T12:36:46+00:00","og_image":[{"width":640,"height":921,"url":"https:\/\/revistaautobus.com.br\/wp-content\/uploads\/2024\/06\/Capa_DieselVerde.png","type":"image\/png"}],"author":"Antonio Ferro","twitter_card":"summary_large_image","twitter_misc":{"Escrito por":"Antonio Ferro","Est. tempo de leitura":"2 minutos"},"schema":{"@context":"https:\/\/schema.org","@graph":[{"@type":"Article","@id":"https:\/\/revistaautobus.com.br\/?p=12174#article","isPartOf":{"@id":"https:\/\/revistaautobus.com.br\/?p=12174"},"author":{"name":"Antonio Ferro","@id":"https:\/\/revistaautobus.com.br\/#\/schema\/person\/54af7c3eb83a310e42ef686ef6d16f50"},"headline":"Por novas energias no transporte","datePublished":"2024-06-03T12:36:46+00:00","mainEntityOfPage":{"@id":"https:\/\/revistaautobus.com.br\/?p=12174"},"wordCount":477,"commentCount":0,"publisher":{"@id":"https:\/\/revistaautobus.com.br\/#organization"},"image":{"@id":"https:\/\/revistaautobus.com.br\/?p=12174#primaryimage"},"thumbnailUrl":"https:\/\/revistaautobus.com.br\/wp-content\/uploads\/2024\/06\/Capa_DieselVerde.png","keywords":["CNT","Diesel Verde"],"inLanguage":"pt-BR","potentialAction":[{"@type":"CommentAction","name":"Comment","target":["https:\/\/revistaautobus.com.br\/?p=12174#respond"]}]},{"@type":"WebPage","@id":"https:\/\/revistaautobus.com.br\/?p=12174","url":"https:\/\/revistaautobus.com.br\/?p=12174","name":"Por novas energias no transporte - Revista AutoBus","isPartOf":{"@id":"https:\/\/revistaautobus.com.br\/#website"},"primaryImageOfPage":{"@id":"https:\/\/revistaautobus.com.br\/?p=12174#primaryimage"},"image":{"@id":"https:\/\/revistaautobus.com.br\/?p=12174#primaryimage"},"thumbnailUrl":"https:\/\/revistaautobus.com.br\/wp-content\/uploads\/2024\/06\/Capa_DieselVerde.png","datePublished":"2024-06-03T12:36:46+00:00","breadcrumb":{"@id":"https:\/\/revistaautobus.com.br\/?p=12174#breadcrumb"},"inLanguage":"pt-BR","potentialAction":[{"@type":"ReadAction","target":["https:\/\/revistaautobus.com.br\/?p=12174"]}]},{"@type":"ImageObject","inLanguage":"pt-BR","@id":"https:\/\/revistaautobus.com.br\/?p=12174#primaryimage","url":"https:\/\/revistaautobus.com.br\/wp-content\/uploads\/2024\/06\/Capa_DieselVerde.png","contentUrl":"https:\/\/revistaautobus.com.br\/wp-content\/uploads\/2024\/06\/Capa_DieselVerde.png","width":640,"height":921},{"@type":"BreadcrumbList","@id":"https:\/\/revistaautobus.com.br\/?p=12174#breadcrumb","itemListElement":[{"@type":"ListItem","position":1,"name":"In\u00edcio","item":"https:\/\/revistaautobus.com.br\/"},{"@type":"ListItem","position":2,"name":"Por novas energias no transporte"}]},{"@type":"WebSite","@id":"https:\/\/revistaautobus.com.br\/#website","url":"https:\/\/revistaautobus.com.br\/","name":"Revista AutoBus","description":"","publisher":{"@id":"https:\/\/revistaautobus.com.br\/#organization"},"potentialAction":[{"@type":"SearchAction","target":{"@type":"EntryPoint","urlTemplate":"https:\/\/revistaautobus.com.br\/?s={search_term_string}"},"query-input":{"@type":"PropertyValueSpecification","valueRequired":true,"valueName":"search_term_string"}}],"inLanguage":"pt-BR"},{"@type":"Organization","@id":"https:\/\/revistaautobus.com.br\/#organization","name":"Revista AutoBus","url":"https:\/\/revistaautobus.com.br\/","logo":{"@type":"ImageObject","inLanguage":"pt-BR","@id":"https:\/\/revistaautobus.com.br\/#\/schema\/logo\/image\/","url":"https:\/\/revistaautobus.com.br\/wp-content\/uploads\/2024\/11\/logo_revista_autobus_fb.png","contentUrl":"https:\/\/revistaautobus.com.br\/wp-content\/uploads\/2024\/11\/logo_revista_autobus_fb.png","width":836,"height":227,"caption":"Revista AutoBus"},"image":{"@id":"https:\/\/revistaautobus.com.br\/#\/schema\/logo\/image\/"},"sameAs":["https:\/\/www.facebook.com\/antonio.ferro.3150","https:\/\/www.instagram.com\/revistaautobus\/"]},{"@type":"Person","@id":"https:\/\/revistaautobus.com.br\/#\/schema\/person\/54af7c3eb83a310e42ef686ef6d16f50","name":"Antonio Ferro","image":{"@type":"ImageObject","inLanguage":"pt-BR","@id":"https:\/\/revistaautobus.com.br\/wp-content\/uploads\/2025\/12\/editor_antonio_ferro-150x150.jpg","url":"https:\/\/revistaautobus.com.br\/wp-content\/uploads\/2025\/12\/editor_antonio_ferro-150x150.jpg","contentUrl":"https:\/\/revistaautobus.com.br\/wp-content\/uploads\/2025\/12\/editor_antonio_ferro-150x150.jpg","caption":"Antonio Ferro"},"description":"infobus@uol.com.br","url":"https:\/\/revistaautobus.com.br\/?author=2"}]}},"jetpack_featured_media_url":"https:\/\/revistaautobus.com.br\/wp-content\/uploads\/2024\/06\/Capa_DieselVerde.png","jetpack_sharing_enabled":true,"_links":{"self":[{"href":"https:\/\/revistaautobus.com.br\/index.php?rest_route=\/wp\/v2\/posts\/12174","targetHints":{"allow":["GET"]}}],"collection":[{"href":"https:\/\/revistaautobus.com.br\/index.php?rest_route=\/wp\/v2\/posts"}],"about":[{"href":"https:\/\/revistaautobus.com.br\/index.php?rest_route=\/wp\/v2\/types\/post"}],"author":[{"embeddable":true,"href":"https:\/\/revistaautobus.com.br\/index.php?rest_route=\/wp\/v2\/users\/2"}],"replies":[{"embeddable":true,"href":"https:\/\/revistaautobus.com.br\/index.php?rest_route=%2Fwp%2Fv2%2Fcomments&post=12174"}],"version-history":[{"count":3,"href":"https:\/\/revistaautobus.com.br\/index.php?rest_route=\/wp\/v2\/posts\/12174\/revisions"}],"predecessor-version":[{"id":12179,"href":"https:\/\/revistaautobus.com.br\/index.php?rest_route=\/wp\/v2\/posts\/12174\/revisions\/12179"}],"wp:featuredmedia":[{"embeddable":true,"href":"https:\/\/revistaautobus.com.br\/index.php?rest_route=\/wp\/v2\/media\/12175"}],"wp:attachment":[{"href":"https:\/\/revistaautobus.com.br\/index.php?rest_route=%2Fwp%2Fv2%2Fmedia&parent=12174"}],"wp:term":[{"taxonomy":"category","embeddable":true,"href":"https:\/\/revistaautobus.com.br\/index.php?rest_route=%2Fwp%2Fv2%2Fcategories&post=12174"},{"taxonomy":"post_tag","embeddable":true,"href":"https:\/\/revistaautobus.com.br\/index.php?rest_route=%2Fwp%2Fv2%2Ftags&post=12174"}],"curies":[{"name":"wp","href":"https:\/\/api.w.org\/{rel}","templated":true}]}}