{"id":12180,"date":"2024-06-03T09:39:17","date_gmt":"2024-06-03T12:39:17","guid":{"rendered":"https:\/\/revistaautobus.com.br\/?p=12180"},"modified":"2024-06-03T09:39:17","modified_gmt":"2024-06-03T12:39:17","slug":"cresce-o-numero-de-empregos-no-setor-de-transportes","status":"publish","type":"post","link":"https:\/\/revistaautobus.com.br\/?p=12180","title":{"rendered":"Cresce o n\u00famero de empregos no setor de transportes"},"content":{"rendered":"<p><span style=\"color: #800000;\"><em><strong>Por Mauro Herszkowicz<\/strong><\/em><\/span><\/p>\n<p>Recente levantamento da Confedera\u00e7\u00e3o Nacional do Transporte (CNT) aponta que, no \u00faltimo m\u00eas de mar\u00e7o, foram criados no setor de transportes brasileiro mais de 20 mil empregos formais, com destaque para o transporte rodovi\u00e1rio de cargas e para o transporte urbano de passageiros.<\/p>\n<p>Esse desempenho foi melhor do que nos meses de mar\u00e7o de 2023 e 2022, quando se registrou a gera\u00e7\u00e3o, no Brasil, de 19.974 e de 10.593 ocupa\u00e7\u00f5es formais, respectivamente, conforme o Boletim de Conjuntura Econ\u00f4mica \u2013 Maio 2024 -, que traz os principais indicadores econ\u00f4micos e seus impactos para o setor.<\/p>\n<p>De acordo com a CNT, 17.617 postos de trabalho foram criados em mar\u00e7o passado pelo transporte de cargas. No mesmo m\u00eas, o rodovi\u00e1rio de passageiros urbano registrou 1.991 contrata\u00e7\u00f5es.<\/p>\n<p>Os dados levantados pela CNT levam em considera\u00e7\u00e3o a movimenta\u00e7\u00e3o do emprego atualizada pelo Cadastro Geral de Empregados e Desempregados (Caged), sendo que o saldo de empregos leva em conta a diferen\u00e7a entre admiss\u00f5es e desligamentos.<\/p>\n<p>Esse movimento positivo de contrata\u00e7\u00f5es do segmento poder\u00e1 sofrer impacto significativo com o fim da desonera\u00e7\u00e3o da folha de pagamento dos 17 setores que mais empregam no pa\u00eds, como anunciado pelo governo federal. Ainda segundo a CNT, \u201ca reonera\u00e7\u00e3o elevar\u00e1 o imposto devido pelas empresas de transportes, de 2% a 6%\u201d.<\/p>\n<p>A FETPESP continua defendendo a desonera\u00e7\u00e3o da folha de pagamento. A mudan\u00e7a nessa medida afetar\u00e1 a opera\u00e7\u00e3o das empresas de transportes, aumentando os custos dos servi\u00e7os e limitando o n\u00famero de contrata\u00e7\u00f5es, al\u00e9m de penalizar a popula\u00e7\u00e3o que mais precisa do transporte coletivo, com a eleva\u00e7\u00e3o do valor da tarifa paga pelo passageiro.<\/p>\n<p>Imagem &#8211; Divulga\u00e7\u00e3o<\/p>\n","protected":false},"excerpt":{"rendered":"<p>&#8220;Esse movimento positivo de contrata\u00e7\u00f5es do segmento poder\u00e1 sofrer impacto significativo com o fim da desonera\u00e7\u00e3o da folha de pagamento dos 17 setores que mais empregam no Pa\u00eds, como anunciado pelo governo federal&#8221;<\/p>\n","protected":false},"author":2,"featured_media":12181,"comment_status":"open","ping_status":"open","sticky":false,"template":"","format":"standard","meta":{"_et_pb_use_builder":"","_et_pb_old_content":"","_et_gb_content_width":"","_jetpack_memberships_contains_paid_content":false,"footnotes":""},"categories":[90,588,80],"tags":[143],"class_list":["post-12180","post","type-post","status-publish","format-standard","has-post-thumbnail","hentry","category-noticias","category-opiniao","category-transporte-rodoviario","tag-fetpesp","et-has-post-format-content","et_post_format-et-post-format-standard"],"yoast_head":"<!-- This site is optimized with the Yoast SEO plugin v27.2 - https:\/\/yoast.com\/product\/yoast-seo-wordpress\/ -->\n<title>Cresce o n\u00famero de empregos no setor de transportes - Revista AutoBus<\/title>\n<meta name=\"robots\" content=\"index, follow, max-snippet:-1, max-image-preview:large, max-video-preview:-1\" \/>\n<link rel=\"canonical\" href=\"https:\/\/revistaautobus.com.br\/?p=12180\" \/>\n<meta property=\"og:locale\" content=\"pt_BR\" \/>\n<meta property=\"og:type\" content=\"article\" \/>\n<meta property=\"og:title\" content=\"Cresce o n\u00famero de empregos no setor de transportes - Revista AutoBus\" \/>\n<meta property=\"og:description\" content=\"&quot;Esse movimento positivo de contrata\u00e7\u00f5es do segmento poder\u00e1 sofrer impacto significativo com o fim da desonera\u00e7\u00e3o da folha de pagamento dos 17 setores que mais empregam no Pa\u00eds, como anunciado pelo governo federal&quot;\" \/>\n<meta property=\"og:url\" content=\"https:\/\/revistaautobus.com.br\/?p=12180\" \/>\n<meta property=\"og:site_name\" content=\"Revista AutoBus\" \/>\n<meta property=\"article:publisher\" content=\"https:\/\/www.facebook.com\/antonio.ferro.3150\" \/>\n<meta property=\"article:published_time\" content=\"2024-06-03T12:39:17+00:00\" \/>\n<meta property=\"og:image\" content=\"https:\/\/revistaautobus.com.br\/wp-content\/uploads\/2024\/06\/IMG-20240513-WA0038.jpg\" \/>\n\t<meta property=\"og:image:width\" content=\"1600\" \/>\n\t<meta property=\"og:image:height\" content=\"1066\" \/>\n\t<meta property=\"og:image:type\" content=\"image\/jpeg\" \/>\n<meta name=\"author\" content=\"Antonio Ferro\" \/>\n<meta name=\"twitter:card\" content=\"summary_large_image\" \/>\n<meta name=\"twitter:label1\" content=\"Escrito por\" \/>\n\t<meta name=\"twitter:data1\" content=\"Antonio Ferro\" \/>\n\t<meta name=\"twitter:label2\" content=\"Est. tempo de leitura\" \/>\n\t<meta name=\"twitter:data2\" content=\"1 minuto\" \/>\n<script type=\"application\/ld+json\" class=\"yoast-schema-graph\">{\"@context\":\"https:\/\/schema.org\",\"@graph\":[{\"@type\":\"Article\",\"@id\":\"https:\/\/revistaautobus.com.br\/?p=12180#article\",\"isPartOf\":{\"@id\":\"https:\/\/revistaautobus.com.br\/?p=12180\"},\"author\":{\"name\":\"Antonio Ferro\",\"@id\":\"https:\/\/revistaautobus.com.br\/#\/schema\/person\/54af7c3eb83a310e42ef686ef6d16f50\"},\"headline\":\"Cresce o n\u00famero de empregos no setor de transportes\",\"datePublished\":\"2024-06-03T12:39:17+00:00\",\"mainEntityOfPage\":{\"@id\":\"https:\/\/revistaautobus.com.br\/?p=12180\"},\"wordCount\":298,\"commentCount\":0,\"publisher\":{\"@id\":\"https:\/\/revistaautobus.com.br\/#organization\"},\"image\":{\"@id\":\"https:\/\/revistaautobus.com.br\/?p=12180#primaryimage\"},\"thumbnailUrl\":\"https:\/\/revistaautobus.com.br\/wp-content\/uploads\/2024\/06\/IMG-20240513-WA0038.jpg\",\"keywords\":[\"FETPESP\"],\"articleSection\":[\"Not\u00edcias\",\"Opini\u00e3o\",\"Transporte rodovi\u00e1rio\"],\"inLanguage\":\"pt-BR\",\"potentialAction\":[{\"@type\":\"CommentAction\",\"name\":\"Comment\",\"target\":[\"https:\/\/revistaautobus.com.br\/?p=12180#respond\"]}]},{\"@type\":\"WebPage\",\"@id\":\"https:\/\/revistaautobus.com.br\/?p=12180\",\"url\":\"https:\/\/revistaautobus.com.br\/?p=12180\",\"name\":\"Cresce o n\u00famero de empregos no setor de transportes - Revista AutoBus\",\"isPartOf\":{\"@id\":\"https:\/\/revistaautobus.com.br\/#website\"},\"primaryImageOfPage\":{\"@id\":\"https:\/\/revistaautobus.com.br\/?p=12180#primaryimage\"},\"image\":{\"@id\":\"https:\/\/revistaautobus.com.br\/?p=12180#primaryimage\"},\"thumbnailUrl\":\"https:\/\/revistaautobus.com.br\/wp-content\/uploads\/2024\/06\/IMG-20240513-WA0038.jpg\",\"datePublished\":\"2024-06-03T12:39:17+00:00\",\"breadcrumb\":{\"@id\":\"https:\/\/revistaautobus.com.br\/?p=12180#breadcrumb\"},\"inLanguage\":\"pt-BR\",\"potentialAction\":[{\"@type\":\"ReadAction\",\"target\":[\"https:\/\/revistaautobus.com.br\/?p=12180\"]}]},{\"@type\":\"ImageObject\",\"inLanguage\":\"pt-BR\",\"@id\":\"https:\/\/revistaautobus.com.br\/?p=12180#primaryimage\",\"url\":\"https:\/\/revistaautobus.com.br\/wp-content\/uploads\/2024\/06\/IMG-20240513-WA0038.jpg\",\"contentUrl\":\"https:\/\/revistaautobus.com.br\/wp-content\/uploads\/2024\/06\/IMG-20240513-WA0038.jpg\",\"width\":1600,\"height\":1066},{\"@type\":\"BreadcrumbList\",\"@id\":\"https:\/\/revistaautobus.com.br\/?p=12180#breadcrumb\",\"itemListElement\":[{\"@type\":\"ListItem\",\"position\":1,\"name\":\"In\u00edcio\",\"item\":\"https:\/\/revistaautobus.com.br\/\"},{\"@type\":\"ListItem\",\"position\":2,\"name\":\"Cresce o n\u00famero de empregos no setor de transportes\"}]},{\"@type\":\"WebSite\",\"@id\":\"https:\/\/revistaautobus.com.br\/#website\",\"url\":\"https:\/\/revistaautobus.com.br\/\",\"name\":\"Revista AutoBus\",\"description\":\"\",\"publisher\":{\"@id\":\"https:\/\/revistaautobus.com.br\/#organization\"},\"potentialAction\":[{\"@type\":\"SearchAction\",\"target\":{\"@type\":\"EntryPoint\",\"urlTemplate\":\"https:\/\/revistaautobus.com.br\/?s={search_term_string}\"},\"query-input\":{\"@type\":\"PropertyValueSpecification\",\"valueRequired\":true,\"valueName\":\"search_term_string\"}}],\"inLanguage\":\"pt-BR\"},{\"@type\":\"Organization\",\"@id\":\"https:\/\/revistaautobus.com.br\/#organization\",\"name\":\"Revista AutoBus\",\"url\":\"https:\/\/revistaautobus.com.br\/\",\"logo\":{\"@type\":\"ImageObject\",\"inLanguage\":\"pt-BR\",\"@id\":\"https:\/\/revistaautobus.com.br\/#\/schema\/logo\/image\/\",\"url\":\"https:\/\/revistaautobus.com.br\/wp-content\/uploads\/2024\/11\/logo_revista_autobus_fb.png\",\"contentUrl\":\"https:\/\/revistaautobus.com.br\/wp-content\/uploads\/2024\/11\/logo_revista_autobus_fb.png\",\"width\":836,\"height\":227,\"caption\":\"Revista AutoBus\"},\"image\":{\"@id\":\"https:\/\/revistaautobus.com.br\/#\/schema\/logo\/image\/\"},\"sameAs\":[\"https:\/\/www.facebook.com\/antonio.ferro.3150\",\"https:\/\/www.instagram.com\/revistaautobus\/\"]},{\"@type\":\"Person\",\"@id\":\"https:\/\/revistaautobus.com.br\/#\/schema\/person\/54af7c3eb83a310e42ef686ef6d16f50\",\"name\":\"Antonio Ferro\",\"image\":{\"@type\":\"ImageObject\",\"inLanguage\":\"pt-BR\",\"@id\":\"https:\/\/revistaautobus.com.br\/wp-content\/uploads\/2025\/12\/editor_antonio_ferro-150x150.jpg\",\"url\":\"https:\/\/revistaautobus.com.br\/wp-content\/uploads\/2025\/12\/editor_antonio_ferro-150x150.jpg\",\"contentUrl\":\"https:\/\/revistaautobus.com.br\/wp-content\/uploads\/2025\/12\/editor_antonio_ferro-150x150.jpg\",\"caption\":\"Antonio Ferro\"},\"description\":\"infobus@uol.com.br\",\"url\":\"https:\/\/revistaautobus.com.br\/?author=2\"}]}<\/script>\n<!-- \/ Yoast SEO plugin. -->","yoast_head_json":{"title":"Cresce o n\u00famero de empregos no setor de transportes - Revista AutoBus","robots":{"index":"index","follow":"follow","max-snippet":"max-snippet:-1","max-image-preview":"max-image-preview:large","max-video-preview":"max-video-preview:-1"},"canonical":"https:\/\/revistaautobus.com.br\/?p=12180","og_locale":"pt_BR","og_type":"article","og_title":"Cresce o n\u00famero de empregos no setor de transportes - Revista AutoBus","og_description":"\"Esse movimento positivo de contrata\u00e7\u00f5es do segmento poder\u00e1 sofrer impacto significativo com o fim da desonera\u00e7\u00e3o da folha de pagamento dos 17 setores que mais empregam no Pa\u00eds, como anunciado pelo governo federal\"","og_url":"https:\/\/revistaautobus.com.br\/?p=12180","og_site_name":"Revista AutoBus","article_publisher":"https:\/\/www.facebook.com\/antonio.ferro.3150","article_published_time":"2024-06-03T12:39:17+00:00","og_image":[{"width":1600,"height":1066,"url":"https:\/\/revistaautobus.com.br\/wp-content\/uploads\/2024\/06\/IMG-20240513-WA0038.jpg","type":"image\/jpeg"}],"author":"Antonio Ferro","twitter_card":"summary_large_image","twitter_misc":{"Escrito por":"Antonio Ferro","Est. tempo de leitura":"1 minuto"},"schema":{"@context":"https:\/\/schema.org","@graph":[{"@type":"Article","@id":"https:\/\/revistaautobus.com.br\/?p=12180#article","isPartOf":{"@id":"https:\/\/revistaautobus.com.br\/?p=12180"},"author":{"name":"Antonio Ferro","@id":"https:\/\/revistaautobus.com.br\/#\/schema\/person\/54af7c3eb83a310e42ef686ef6d16f50"},"headline":"Cresce o n\u00famero de empregos no setor de transportes","datePublished":"2024-06-03T12:39:17+00:00","mainEntityOfPage":{"@id":"https:\/\/revistaautobus.com.br\/?p=12180"},"wordCount":298,"commentCount":0,"publisher":{"@id":"https:\/\/revistaautobus.com.br\/#organization"},"image":{"@id":"https:\/\/revistaautobus.com.br\/?p=12180#primaryimage"},"thumbnailUrl":"https:\/\/revistaautobus.com.br\/wp-content\/uploads\/2024\/06\/IMG-20240513-WA0038.jpg","keywords":["FETPESP"],"articleSection":["Not\u00edcias","Opini\u00e3o","Transporte rodovi\u00e1rio"],"inLanguage":"pt-BR","potentialAction":[{"@type":"CommentAction","name":"Comment","target":["https:\/\/revistaautobus.com.br\/?p=12180#respond"]}]},{"@type":"WebPage","@id":"https:\/\/revistaautobus.com.br\/?p=12180","url":"https:\/\/revistaautobus.com.br\/?p=12180","name":"Cresce o n\u00famero de empregos no setor de transportes - Revista AutoBus","isPartOf":{"@id":"https:\/\/revistaautobus.com.br\/#website"},"primaryImageOfPage":{"@id":"https:\/\/revistaautobus.com.br\/?p=12180#primaryimage"},"image":{"@id":"https:\/\/revistaautobus.com.br\/?p=12180#primaryimage"},"thumbnailUrl":"https:\/\/revistaautobus.com.br\/wp-content\/uploads\/2024\/06\/IMG-20240513-WA0038.jpg","datePublished":"2024-06-03T12:39:17+00:00","breadcrumb":{"@id":"https:\/\/revistaautobus.com.br\/?p=12180#breadcrumb"},"inLanguage":"pt-BR","potentialAction":[{"@type":"ReadAction","target":["https:\/\/revistaautobus.com.br\/?p=12180"]}]},{"@type":"ImageObject","inLanguage":"pt-BR","@id":"https:\/\/revistaautobus.com.br\/?p=12180#primaryimage","url":"https:\/\/revistaautobus.com.br\/wp-content\/uploads\/2024\/06\/IMG-20240513-WA0038.jpg","contentUrl":"https:\/\/revistaautobus.com.br\/wp-content\/uploads\/2024\/06\/IMG-20240513-WA0038.jpg","width":1600,"height":1066},{"@type":"BreadcrumbList","@id":"https:\/\/revistaautobus.com.br\/?p=12180#breadcrumb","itemListElement":[{"@type":"ListItem","position":1,"name":"In\u00edcio","item":"https:\/\/revistaautobus.com.br\/"},{"@type":"ListItem","position":2,"name":"Cresce o n\u00famero de empregos no setor de transportes"}]},{"@type":"WebSite","@id":"https:\/\/revistaautobus.com.br\/#website","url":"https:\/\/revistaautobus.com.br\/","name":"Revista AutoBus","description":"","publisher":{"@id":"https:\/\/revistaautobus.com.br\/#organization"},"potentialAction":[{"@type":"SearchAction","target":{"@type":"EntryPoint","urlTemplate":"https:\/\/revistaautobus.com.br\/?s={search_term_string}"},"query-input":{"@type":"PropertyValueSpecification","valueRequired":true,"valueName":"search_term_string"}}],"inLanguage":"pt-BR"},{"@type":"Organization","@id":"https:\/\/revistaautobus.com.br\/#organization","name":"Revista AutoBus","url":"https:\/\/revistaautobus.com.br\/","logo":{"@type":"ImageObject","inLanguage":"pt-BR","@id":"https:\/\/revistaautobus.com.br\/#\/schema\/logo\/image\/","url":"https:\/\/revistaautobus.com.br\/wp-content\/uploads\/2024\/11\/logo_revista_autobus_fb.png","contentUrl":"https:\/\/revistaautobus.com.br\/wp-content\/uploads\/2024\/11\/logo_revista_autobus_fb.png","width":836,"height":227,"caption":"Revista AutoBus"},"image":{"@id":"https:\/\/revistaautobus.com.br\/#\/schema\/logo\/image\/"},"sameAs":["https:\/\/www.facebook.com\/antonio.ferro.3150","https:\/\/www.instagram.com\/revistaautobus\/"]},{"@type":"Person","@id":"https:\/\/revistaautobus.com.br\/#\/schema\/person\/54af7c3eb83a310e42ef686ef6d16f50","name":"Antonio Ferro","image":{"@type":"ImageObject","inLanguage":"pt-BR","@id":"https:\/\/revistaautobus.com.br\/wp-content\/uploads\/2025\/12\/editor_antonio_ferro-150x150.jpg","url":"https:\/\/revistaautobus.com.br\/wp-content\/uploads\/2025\/12\/editor_antonio_ferro-150x150.jpg","contentUrl":"https:\/\/revistaautobus.com.br\/wp-content\/uploads\/2025\/12\/editor_antonio_ferro-150x150.jpg","caption":"Antonio Ferro"},"description":"infobus@uol.com.br","url":"https:\/\/revistaautobus.com.br\/?author=2"}]}},"jetpack_featured_media_url":"https:\/\/revistaautobus.com.br\/wp-content\/uploads\/2024\/06\/IMG-20240513-WA0038.jpg","jetpack_sharing_enabled":true,"_links":{"self":[{"href":"https:\/\/revistaautobus.com.br\/index.php?rest_route=\/wp\/v2\/posts\/12180","targetHints":{"allow":["GET"]}}],"collection":[{"href":"https:\/\/revistaautobus.com.br\/index.php?rest_route=\/wp\/v2\/posts"}],"about":[{"href":"https:\/\/revistaautobus.com.br\/index.php?rest_route=\/wp\/v2\/types\/post"}],"author":[{"embeddable":true,"href":"https:\/\/revistaautobus.com.br\/index.php?rest_route=\/wp\/v2\/users\/2"}],"replies":[{"embeddable":true,"href":"https:\/\/revistaautobus.com.br\/index.php?rest_route=%2Fwp%2Fv2%2Fcomments&post=12180"}],"version-history":[{"count":3,"href":"https:\/\/revistaautobus.com.br\/index.php?rest_route=\/wp\/v2\/posts\/12180\/revisions"}],"predecessor-version":[{"id":12184,"href":"https:\/\/revistaautobus.com.br\/index.php?rest_route=\/wp\/v2\/posts\/12180\/revisions\/12184"}],"wp:featuredmedia":[{"embeddable":true,"href":"https:\/\/revistaautobus.com.br\/index.php?rest_route=\/wp\/v2\/media\/12181"}],"wp:attachment":[{"href":"https:\/\/revistaautobus.com.br\/index.php?rest_route=%2Fwp%2Fv2%2Fmedia&parent=12180"}],"wp:term":[{"taxonomy":"category","embeddable":true,"href":"https:\/\/revistaautobus.com.br\/index.php?rest_route=%2Fwp%2Fv2%2Fcategories&post=12180"},{"taxonomy":"post_tag","embeddable":true,"href":"https:\/\/revistaautobus.com.br\/index.php?rest_route=%2Fwp%2Fv2%2Ftags&post=12180"}],"curies":[{"name":"wp","href":"https:\/\/api.w.org\/{rel}","templated":true}]}}