{"id":12195,"date":"2024-06-03T09:47:40","date_gmt":"2024-06-03T12:47:40","guid":{"rendered":"https:\/\/revistaautobus.com.br\/?p=12195"},"modified":"2024-06-03T09:47:40","modified_gmt":"2024-06-03T12:47:40","slug":"por-mais-mulheres-na-lideranca-do-transporte-rodoviario","status":"publish","type":"post","link":"https:\/\/revistaautobus.com.br\/?p=12195","title":{"rendered":"Por mais mulheres na lideran\u00e7a do transporte rodovi\u00e1rio"},"content":{"rendered":"<p>Por <span style=\"color: #800080;\"><em><strong>Paula Barcellos Tommasi Corr\u00eaa<\/strong><\/em><\/span> &#8211; CEO da Via\u00e7\u00e3o \u00c1guia Branca, uma das maiores do Pa\u00eds, desde 2019. Ela atua no setor de transporte rodovi\u00e1rio de passageiros h\u00e1 22 anos.<\/p>\n<p>\u00c9 verdade que temos mais desafios para crescer na carreira. H\u00e1, para as mulheres, muito mais pap\u00e9is a desempenhar. Al\u00e9m da profissional, a miss\u00e3o de vida tamb\u00e9m comumente incluiu a esposa, a m\u00e3e, a filha e a dona de casa. Sim! Ainda ouvimos a expectativa de sermos boas \u201cdonas de casa\u201d e, tamb\u00e9m, sentimos a cobran\u00e7a velada quanto ao padr\u00e3o de beleza e est\u00e9tica feminina. Por tudo isso e por uma sobrecarga de expectativas, \u00e9 especialmente desafiador para as mulheres equilibrarem seu tempo, energia e foco para conciliar suas entregas no trabalho e na fam\u00edlia.<\/p>\n<p>\u00c9 tamb\u00e9m verdade que a baixa representatividade de mulheres nos cargos de gest\u00e3o gera um senso coletivo ruim de que \u00e9 dif\u00edcil ou at\u00e9 imposs\u00edvel crescer profissionalmente e alcan\u00e7ar um cargo na alta gest\u00e3o das empresas.<\/p>\n<p>As mulheres s\u00e3o 51% da popula\u00e7\u00e3o brasileira. Mas pesquisas mostram a sua presen\u00e7a ainda pequena nos cargos de gest\u00e3o. Em mar\u00e7o deste ano, o IBGE publicou o 3\u00ba estudo de Estat\u00edstica e G\u00eanero, trazendo em n\u00fameros a atua\u00e7\u00e3o profissional das mulheres no cen\u00e1rio nacional: est\u00e3o em 34% dos cargos de lideran\u00e7as de empresas no pa\u00eds.<\/p>\n<p>A \u00faltima Classifica\u00e7\u00e3o Nacional de Atividades Econ\u00f4micas, publicada em 2022, apontou que o setor de transportes tem mulheres em cerca de 21% dos cargos de ger\u00eancia. Ambos os estudos mostram que temos um longo caminho de oportunidades a percorrer. E que s\u00e3o naturalmente necess\u00e1rios esfor\u00e7os adicionais para reduzir essa desigualdade de g\u00eanero.<\/p>\n<p>Como CEO da Via\u00e7\u00e3o \u00c1guia Branca, respondendo por um time de 2.100 funcion\u00e1rios e uma opera\u00e7\u00e3o presente em sete estados brasileiros com uma frota de 650 \u00f4nibus e o transporte de quase 8 milh\u00f5es de passageiros por ano nas estradas brasileiras, me esfor\u00e7o para gerar algum impacto positivo para o tema, com o meu exemplo e a minha lideran\u00e7a.<\/p>\n<p>Seguimos trabalhando muito, buscando um ambiente de trabalho positivo, criativo, inovador, seguro e inclusivo. Plantamos e colhemos. Acreditamos e investimos em uma pol\u00edtica de inclus\u00e3o e diversidade, que capacita mulheres para os cargos de lideran\u00e7a.<\/p>\n<p>Desde o \u201cNinho de \u00c1guias\u201d, que \u00e9 um programa de forma\u00e7\u00e3o de lideran\u00e7a em que 50% das vagas s\u00e3o reservadas para mulheres, at\u00e9 o \u201cVoo Delas\u201d, que garante bolsas de estudo de gradua\u00e7\u00e3o e p\u00f3s-gradua\u00e7\u00e3o para mulheres negras. O objetivo \u00e9 capacitar mais e mais mulheres, para que elas estejam mais prontas e fortes para concorrerem e terem novas oportunidades.<\/p>\n<p>As melhores empresas para se trabalhar maximizam todo o potencial de homens e mulheres. H\u00e1 muito espa\u00e7o aberto, e a ser desbravado, para lideran\u00e7a humanizada e de alto desempenho, mas isto exige dedica\u00e7\u00e3o e muito esfor\u00e7o na busca permanente do crescimento.<\/p>\n<p>Como sugest\u00e3o, indico que as pessoas procurem bons cursos e invistam em leitura.\u00a0 \u201cLideran\u00e7a Tranquila. N\u00e3o diga aos outros o que fazer. Ensine-os a pensar\u201d, de David Rock, \u00e9 indispens\u00e1vel. Idem para \u201cEscolhas dif\u00edceis\u201d, de Carly Fiorina, e para \u201cA intelig\u00eancia emocional na forma\u00e7\u00e3o do l\u00edder de sucesso\u201d, de Daniel Goleman. Poderia citar outros t\u00edtulos, mas prefiro finalizar com uma fase de Guimar\u00e3es Rosa: \u201cO correr da vida embrulha tudo, a vida \u00e9 assim: esquenta e esfria, aperta e da\u00ed afrouxa, sossega e depois desinquieta. O que ela quer da gente \u00e9 coragem\u201d.<\/p>\n<p>Imagem &#8211; Divulga\u00e7\u00e3o<\/p>\n","protected":false},"excerpt":{"rendered":"<p>&#8220;As melhores empresas para se trabalhar maximizam todo o potencial de homens e mulheres. H\u00e1 muito espa\u00e7o aberto, e a ser desbravado, para lideran\u00e7a humanizada e de alto desempenho&#8221;<\/p>\n","protected":false},"author":2,"featured_media":12196,"comment_status":"open","ping_status":"open","sticky":false,"template":"","format":"standard","meta":{"_et_pb_use_builder":"","_et_pb_old_content":"","_et_gb_content_width":"","_jetpack_memberships_contains_paid_content":false,"footnotes":""},"categories":[588,80],"tags":[772,394],"class_list":["post-12195","post","type-post","status-publish","format-standard","has-post-thumbnail","hentry","category-opiniao","category-transporte-rodoviario","tag-mulheres-no-setor-de-transporte","tag-viacao-aguia-branca","et-has-post-format-content","et_post_format-et-post-format-standard"],"yoast_head":"<!-- This site is optimized with the Yoast SEO plugin v27.2 - https:\/\/yoast.com\/product\/yoast-seo-wordpress\/ -->\n<title>Por mais mulheres na lideran\u00e7a do transporte rodovi\u00e1rio - Revista AutoBus<\/title>\n<meta name=\"robots\" content=\"index, follow, max-snippet:-1, max-image-preview:large, max-video-preview:-1\" \/>\n<link rel=\"canonical\" href=\"https:\/\/revistaautobus.com.br\/?p=12195\" \/>\n<meta property=\"og:locale\" content=\"pt_BR\" \/>\n<meta property=\"og:type\" content=\"article\" \/>\n<meta property=\"og:title\" content=\"Por mais mulheres na lideran\u00e7a do transporte rodovi\u00e1rio - Revista AutoBus\" \/>\n<meta property=\"og:description\" content=\"&quot;As melhores empresas para se trabalhar maximizam todo o potencial de homens e mulheres. H\u00e1 muito espa\u00e7o aberto, e a ser desbravado, para lideran\u00e7a humanizada e de alto desempenho&quot;\" \/>\n<meta property=\"og:url\" content=\"https:\/\/revistaautobus.com.br\/?p=12195\" \/>\n<meta property=\"og:site_name\" content=\"Revista AutoBus\" \/>\n<meta property=\"article:publisher\" content=\"https:\/\/www.facebook.com\/antonio.ferro.3150\" \/>\n<meta property=\"article:published_time\" content=\"2024-06-03T12:47:40+00:00\" \/>\n<meta property=\"og:image\" content=\"https:\/\/revistaautobus.com.br\/wp-content\/uploads\/2024\/06\/FST_6275.jpg\" \/>\n\t<meta property=\"og:image:width\" content=\"1000\" \/>\n\t<meta property=\"og:image:height\" content=\"666\" \/>\n\t<meta property=\"og:image:type\" content=\"image\/jpeg\" \/>\n<meta name=\"author\" content=\"Antonio Ferro\" \/>\n<meta name=\"twitter:card\" content=\"summary_large_image\" \/>\n<meta name=\"twitter:label1\" content=\"Escrito por\" \/>\n\t<meta name=\"twitter:data1\" content=\"Antonio Ferro\" \/>\n\t<meta name=\"twitter:label2\" content=\"Est. tempo de leitura\" \/>\n\t<meta name=\"twitter:data2\" content=\"3 minutos\" \/>\n<script type=\"application\/ld+json\" class=\"yoast-schema-graph\">{\"@context\":\"https:\/\/schema.org\",\"@graph\":[{\"@type\":\"Article\",\"@id\":\"https:\/\/revistaautobus.com.br\/?p=12195#article\",\"isPartOf\":{\"@id\":\"https:\/\/revistaautobus.com.br\/?p=12195\"},\"author\":{\"name\":\"Antonio Ferro\",\"@id\":\"https:\/\/revistaautobus.com.br\/#\/schema\/person\/54af7c3eb83a310e42ef686ef6d16f50\"},\"headline\":\"Por mais mulheres na lideran\u00e7a do transporte rodovi\u00e1rio\",\"datePublished\":\"2024-06-03T12:47:40+00:00\",\"mainEntityOfPage\":{\"@id\":\"https:\/\/revistaautobus.com.br\/?p=12195\"},\"wordCount\":619,\"commentCount\":0,\"publisher\":{\"@id\":\"https:\/\/revistaautobus.com.br\/#organization\"},\"image\":{\"@id\":\"https:\/\/revistaautobus.com.br\/?p=12195#primaryimage\"},\"thumbnailUrl\":\"https:\/\/revistaautobus.com.br\/wp-content\/uploads\/2024\/06\/FST_6275.jpg\",\"keywords\":[\"Mulheres no setor de transporte\",\"Via\u00e7\u00e3o \u00c1guia Branca\"],\"articleSection\":[\"Opini\u00e3o\",\"Transporte rodovi\u00e1rio\"],\"inLanguage\":\"pt-BR\",\"potentialAction\":[{\"@type\":\"CommentAction\",\"name\":\"Comment\",\"target\":[\"https:\/\/revistaautobus.com.br\/?p=12195#respond\"]}]},{\"@type\":\"WebPage\",\"@id\":\"https:\/\/revistaautobus.com.br\/?p=12195\",\"url\":\"https:\/\/revistaautobus.com.br\/?p=12195\",\"name\":\"Por mais mulheres na lideran\u00e7a do transporte rodovi\u00e1rio - Revista AutoBus\",\"isPartOf\":{\"@id\":\"https:\/\/revistaautobus.com.br\/#website\"},\"primaryImageOfPage\":{\"@id\":\"https:\/\/revistaautobus.com.br\/?p=12195#primaryimage\"},\"image\":{\"@id\":\"https:\/\/revistaautobus.com.br\/?p=12195#primaryimage\"},\"thumbnailUrl\":\"https:\/\/revistaautobus.com.br\/wp-content\/uploads\/2024\/06\/FST_6275.jpg\",\"datePublished\":\"2024-06-03T12:47:40+00:00\",\"breadcrumb\":{\"@id\":\"https:\/\/revistaautobus.com.br\/?p=12195#breadcrumb\"},\"inLanguage\":\"pt-BR\",\"potentialAction\":[{\"@type\":\"ReadAction\",\"target\":[\"https:\/\/revistaautobus.com.br\/?p=12195\"]}]},{\"@type\":\"ImageObject\",\"inLanguage\":\"pt-BR\",\"@id\":\"https:\/\/revistaautobus.com.br\/?p=12195#primaryimage\",\"url\":\"https:\/\/revistaautobus.com.br\/wp-content\/uploads\/2024\/06\/FST_6275.jpg\",\"contentUrl\":\"https:\/\/revistaautobus.com.br\/wp-content\/uploads\/2024\/06\/FST_6275.jpg\",\"width\":1000,\"height\":666},{\"@type\":\"BreadcrumbList\",\"@id\":\"https:\/\/revistaautobus.com.br\/?p=12195#breadcrumb\",\"itemListElement\":[{\"@type\":\"ListItem\",\"position\":1,\"name\":\"In\u00edcio\",\"item\":\"https:\/\/revistaautobus.com.br\/\"},{\"@type\":\"ListItem\",\"position\":2,\"name\":\"Por mais mulheres na lideran\u00e7a do transporte rodovi\u00e1rio\"}]},{\"@type\":\"WebSite\",\"@id\":\"https:\/\/revistaautobus.com.br\/#website\",\"url\":\"https:\/\/revistaautobus.com.br\/\",\"name\":\"Revista AutoBus\",\"description\":\"\",\"publisher\":{\"@id\":\"https:\/\/revistaautobus.com.br\/#organization\"},\"potentialAction\":[{\"@type\":\"SearchAction\",\"target\":{\"@type\":\"EntryPoint\",\"urlTemplate\":\"https:\/\/revistaautobus.com.br\/?s={search_term_string}\"},\"query-input\":{\"@type\":\"PropertyValueSpecification\",\"valueRequired\":true,\"valueName\":\"search_term_string\"}}],\"inLanguage\":\"pt-BR\"},{\"@type\":\"Organization\",\"@id\":\"https:\/\/revistaautobus.com.br\/#organization\",\"name\":\"Revista AutoBus\",\"url\":\"https:\/\/revistaautobus.com.br\/\",\"logo\":{\"@type\":\"ImageObject\",\"inLanguage\":\"pt-BR\",\"@id\":\"https:\/\/revistaautobus.com.br\/#\/schema\/logo\/image\/\",\"url\":\"https:\/\/revistaautobus.com.br\/wp-content\/uploads\/2024\/11\/logo_revista_autobus_fb.png\",\"contentUrl\":\"https:\/\/revistaautobus.com.br\/wp-content\/uploads\/2024\/11\/logo_revista_autobus_fb.png\",\"width\":836,\"height\":227,\"caption\":\"Revista AutoBus\"},\"image\":{\"@id\":\"https:\/\/revistaautobus.com.br\/#\/schema\/logo\/image\/\"},\"sameAs\":[\"https:\/\/www.facebook.com\/antonio.ferro.3150\",\"https:\/\/www.instagram.com\/revistaautobus\/\"]},{\"@type\":\"Person\",\"@id\":\"https:\/\/revistaautobus.com.br\/#\/schema\/person\/54af7c3eb83a310e42ef686ef6d16f50\",\"name\":\"Antonio Ferro\",\"image\":{\"@type\":\"ImageObject\",\"inLanguage\":\"pt-BR\",\"@id\":\"https:\/\/revistaautobus.com.br\/wp-content\/uploads\/2025\/12\/editor_antonio_ferro-150x150.jpg\",\"url\":\"https:\/\/revistaautobus.com.br\/wp-content\/uploads\/2025\/12\/editor_antonio_ferro-150x150.jpg\",\"contentUrl\":\"https:\/\/revistaautobus.com.br\/wp-content\/uploads\/2025\/12\/editor_antonio_ferro-150x150.jpg\",\"caption\":\"Antonio Ferro\"},\"description\":\"infobus@uol.com.br\",\"url\":\"https:\/\/revistaautobus.com.br\/?author=2\"}]}<\/script>\n<!-- \/ Yoast SEO plugin. -->","yoast_head_json":{"title":"Por mais mulheres na lideran\u00e7a do transporte rodovi\u00e1rio - Revista AutoBus","robots":{"index":"index","follow":"follow","max-snippet":"max-snippet:-1","max-image-preview":"max-image-preview:large","max-video-preview":"max-video-preview:-1"},"canonical":"https:\/\/revistaautobus.com.br\/?p=12195","og_locale":"pt_BR","og_type":"article","og_title":"Por mais mulheres na lideran\u00e7a do transporte rodovi\u00e1rio - Revista AutoBus","og_description":"\"As melhores empresas para se trabalhar maximizam todo o potencial de homens e mulheres. H\u00e1 muito espa\u00e7o aberto, e a ser desbravado, para lideran\u00e7a humanizada e de alto desempenho\"","og_url":"https:\/\/revistaautobus.com.br\/?p=12195","og_site_name":"Revista AutoBus","article_publisher":"https:\/\/www.facebook.com\/antonio.ferro.3150","article_published_time":"2024-06-03T12:47:40+00:00","og_image":[{"width":1000,"height":666,"url":"https:\/\/revistaautobus.com.br\/wp-content\/uploads\/2024\/06\/FST_6275.jpg","type":"image\/jpeg"}],"author":"Antonio Ferro","twitter_card":"summary_large_image","twitter_misc":{"Escrito por":"Antonio Ferro","Est. tempo de leitura":"3 minutos"},"schema":{"@context":"https:\/\/schema.org","@graph":[{"@type":"Article","@id":"https:\/\/revistaautobus.com.br\/?p=12195#article","isPartOf":{"@id":"https:\/\/revistaautobus.com.br\/?p=12195"},"author":{"name":"Antonio Ferro","@id":"https:\/\/revistaautobus.com.br\/#\/schema\/person\/54af7c3eb83a310e42ef686ef6d16f50"},"headline":"Por mais mulheres na lideran\u00e7a do transporte rodovi\u00e1rio","datePublished":"2024-06-03T12:47:40+00:00","mainEntityOfPage":{"@id":"https:\/\/revistaautobus.com.br\/?p=12195"},"wordCount":619,"commentCount":0,"publisher":{"@id":"https:\/\/revistaautobus.com.br\/#organization"},"image":{"@id":"https:\/\/revistaautobus.com.br\/?p=12195#primaryimage"},"thumbnailUrl":"https:\/\/revistaautobus.com.br\/wp-content\/uploads\/2024\/06\/FST_6275.jpg","keywords":["Mulheres no setor de transporte","Via\u00e7\u00e3o \u00c1guia Branca"],"articleSection":["Opini\u00e3o","Transporte rodovi\u00e1rio"],"inLanguage":"pt-BR","potentialAction":[{"@type":"CommentAction","name":"Comment","target":["https:\/\/revistaautobus.com.br\/?p=12195#respond"]}]},{"@type":"WebPage","@id":"https:\/\/revistaautobus.com.br\/?p=12195","url":"https:\/\/revistaautobus.com.br\/?p=12195","name":"Por mais mulheres na lideran\u00e7a do transporte rodovi\u00e1rio - Revista AutoBus","isPartOf":{"@id":"https:\/\/revistaautobus.com.br\/#website"},"primaryImageOfPage":{"@id":"https:\/\/revistaautobus.com.br\/?p=12195#primaryimage"},"image":{"@id":"https:\/\/revistaautobus.com.br\/?p=12195#primaryimage"},"thumbnailUrl":"https:\/\/revistaautobus.com.br\/wp-content\/uploads\/2024\/06\/FST_6275.jpg","datePublished":"2024-06-03T12:47:40+00:00","breadcrumb":{"@id":"https:\/\/revistaautobus.com.br\/?p=12195#breadcrumb"},"inLanguage":"pt-BR","potentialAction":[{"@type":"ReadAction","target":["https:\/\/revistaautobus.com.br\/?p=12195"]}]},{"@type":"ImageObject","inLanguage":"pt-BR","@id":"https:\/\/revistaautobus.com.br\/?p=12195#primaryimage","url":"https:\/\/revistaautobus.com.br\/wp-content\/uploads\/2024\/06\/FST_6275.jpg","contentUrl":"https:\/\/revistaautobus.com.br\/wp-content\/uploads\/2024\/06\/FST_6275.jpg","width":1000,"height":666},{"@type":"BreadcrumbList","@id":"https:\/\/revistaautobus.com.br\/?p=12195#breadcrumb","itemListElement":[{"@type":"ListItem","position":1,"name":"In\u00edcio","item":"https:\/\/revistaautobus.com.br\/"},{"@type":"ListItem","position":2,"name":"Por mais mulheres na lideran\u00e7a do transporte rodovi\u00e1rio"}]},{"@type":"WebSite","@id":"https:\/\/revistaautobus.com.br\/#website","url":"https:\/\/revistaautobus.com.br\/","name":"Revista AutoBus","description":"","publisher":{"@id":"https:\/\/revistaautobus.com.br\/#organization"},"potentialAction":[{"@type":"SearchAction","target":{"@type":"EntryPoint","urlTemplate":"https:\/\/revistaautobus.com.br\/?s={search_term_string}"},"query-input":{"@type":"PropertyValueSpecification","valueRequired":true,"valueName":"search_term_string"}}],"inLanguage":"pt-BR"},{"@type":"Organization","@id":"https:\/\/revistaautobus.com.br\/#organization","name":"Revista AutoBus","url":"https:\/\/revistaautobus.com.br\/","logo":{"@type":"ImageObject","inLanguage":"pt-BR","@id":"https:\/\/revistaautobus.com.br\/#\/schema\/logo\/image\/","url":"https:\/\/revistaautobus.com.br\/wp-content\/uploads\/2024\/11\/logo_revista_autobus_fb.png","contentUrl":"https:\/\/revistaautobus.com.br\/wp-content\/uploads\/2024\/11\/logo_revista_autobus_fb.png","width":836,"height":227,"caption":"Revista AutoBus"},"image":{"@id":"https:\/\/revistaautobus.com.br\/#\/schema\/logo\/image\/"},"sameAs":["https:\/\/www.facebook.com\/antonio.ferro.3150","https:\/\/www.instagram.com\/revistaautobus\/"]},{"@type":"Person","@id":"https:\/\/revistaautobus.com.br\/#\/schema\/person\/54af7c3eb83a310e42ef686ef6d16f50","name":"Antonio Ferro","image":{"@type":"ImageObject","inLanguage":"pt-BR","@id":"https:\/\/revistaautobus.com.br\/wp-content\/uploads\/2025\/12\/editor_antonio_ferro-150x150.jpg","url":"https:\/\/revistaautobus.com.br\/wp-content\/uploads\/2025\/12\/editor_antonio_ferro-150x150.jpg","contentUrl":"https:\/\/revistaautobus.com.br\/wp-content\/uploads\/2025\/12\/editor_antonio_ferro-150x150.jpg","caption":"Antonio Ferro"},"description":"infobus@uol.com.br","url":"https:\/\/revistaautobus.com.br\/?author=2"}]}},"jetpack_featured_media_url":"https:\/\/revistaautobus.com.br\/wp-content\/uploads\/2024\/06\/FST_6275.jpg","jetpack_sharing_enabled":true,"_links":{"self":[{"href":"https:\/\/revistaautobus.com.br\/index.php?rest_route=\/wp\/v2\/posts\/12195","targetHints":{"allow":["GET"]}}],"collection":[{"href":"https:\/\/revistaautobus.com.br\/index.php?rest_route=\/wp\/v2\/posts"}],"about":[{"href":"https:\/\/revistaautobus.com.br\/index.php?rest_route=\/wp\/v2\/types\/post"}],"author":[{"embeddable":true,"href":"https:\/\/revistaautobus.com.br\/index.php?rest_route=\/wp\/v2\/users\/2"}],"replies":[{"embeddable":true,"href":"https:\/\/revistaautobus.com.br\/index.php?rest_route=%2Fwp%2Fv2%2Fcomments&post=12195"}],"version-history":[{"count":3,"href":"https:\/\/revistaautobus.com.br\/index.php?rest_route=\/wp\/v2\/posts\/12195\/revisions"}],"predecessor-version":[{"id":12199,"href":"https:\/\/revistaautobus.com.br\/index.php?rest_route=\/wp\/v2\/posts\/12195\/revisions\/12199"}],"wp:featuredmedia":[{"embeddable":true,"href":"https:\/\/revistaautobus.com.br\/index.php?rest_route=\/wp\/v2\/media\/12196"}],"wp:attachment":[{"href":"https:\/\/revistaautobus.com.br\/index.php?rest_route=%2Fwp%2Fv2%2Fmedia&parent=12195"}],"wp:term":[{"taxonomy":"category","embeddable":true,"href":"https:\/\/revistaautobus.com.br\/index.php?rest_route=%2Fwp%2Fv2%2Fcategories&post=12195"},{"taxonomy":"post_tag","embeddable":true,"href":"https:\/\/revistaautobus.com.br\/index.php?rest_route=%2Fwp%2Fv2%2Ftags&post=12195"}],"curies":[{"name":"wp","href":"https:\/\/api.w.org\/{rel}","templated":true}]}}