{"id":12228,"date":"2024-06-10T08:16:55","date_gmt":"2024-06-10T11:16:55","guid":{"rendered":"https:\/\/revistaautobus.com.br\/?p=12228"},"modified":"2024-06-10T08:16:55","modified_gmt":"2024-06-10T11:16:55","slug":"de-olhos-nos-eletricos-e-hibridos","status":"publish","type":"post","link":"https:\/\/revistaautobus.com.br\/?p=12228","title":{"rendered":"De olhos nos el\u00e9tricos e h\u00edbridos"},"content":{"rendered":"<p>Como uma empresa que fornece solu\u00e7\u00f5es de <em>software<\/em> e nuvem em simula\u00e7\u00e3o, computa\u00e7\u00e3o de alto desempenho (HPC), an\u00e1lise de dados e intelig\u00eancia artificial, a Altair destaca seu portf\u00f3lio de <em>softwares <\/em>para a eletromobilidade, al\u00e9m de cases de sucesso de clientes ao redor do mundo que utilizaram as suas tecnologias para desenvolvimento de ve\u00edculos el\u00e9tricos, como a EKA by Pinnacle Mobility Solu\u00e7\u00f5es, fabricante de \u00f4nibus el\u00e9tricos da \u00cdndia.<\/p>\n<p>Valdir Cardoso, presidente da Altair Brasil, disse que a ind\u00fastria automobil\u00edstica mundial desempenha um papel importante no desafio da descarboniza\u00e7\u00e3o, sendo que o desenvolvimento dos ve\u00edculos el\u00e9tricos pode reduzir as emiss\u00f5es globais de gases de efeito estufa, tornando-os mais seguros, eficientes e acess\u00edveis. \u201cA Altair est\u00e1 ajudando os clientes, desde fabricantes de baterias, pequenos fornecedores, at\u00e9 mega fornecedores e OEMs, a participar da descarboniza\u00e7\u00e3o da ind\u00fastria, com as nossas solu\u00e7\u00f5es e ferramentas\u201d, observou ele.<\/p>\n<p>Para isso, a empresa disp\u00f5e de <em>softwares<\/em> e solu\u00e7\u00f5es para a maioria dos desafios da eletrifica\u00e7\u00e3o veicular, que foram desenvolvidas para otimizar o desempenho do ve\u00edculo, desenvolver um modelo completo do sistema e reduzir o tempo de teste f\u00edsico. \u201cPara se alcan\u00e7ar mais rapidamente essas metas, \u00e9 preciso uma engenharia multidisciplinar mais pr\u00f3xima para evitar silos no desenvolvimento dos produtos. Uma abordagem hol\u00edstica dos sistemas \u00e9 vital em todo o processo de desenvolvimento, assim como de quest\u00f5es como autonomia, efici\u00eancia da transmiss\u00e3o e tempos de carregamento, entre outros desafios\u201d, explicou Cardoso.<\/p>\n<p>Imagem &#8211; Divulga\u00e7\u00e3o<\/p>\n","protected":false},"excerpt":{"rendered":"<p>O transporte coletivo est\u00e1 no radar da Altair, para a difus\u00e3o de suas tecnologias que visam a tra\u00e7\u00e3o limpa<\/p>\n","protected":false},"author":2,"featured_media":12229,"comment_status":"open","ping_status":"open","sticky":false,"template":"","format":"standard","meta":{"_et_pb_use_builder":"","_et_pb_old_content":"","_et_gb_content_width":"","_jetpack_memberships_contains_paid_content":false,"footnotes":""},"categories":[1],"tags":[776],"class_list":["post-12228","post","type-post","status-publish","format-standard","has-post-thumbnail","hentry","category-sem-categoria","tag-altair","et-has-post-format-content","et_post_format-et-post-format-standard"],"yoast_head":"<!-- This site is optimized with the Yoast SEO plugin v27.2 - https:\/\/yoast.com\/product\/yoast-seo-wordpress\/ -->\n<title>De olhos nos el\u00e9tricos e h\u00edbridos - Revista AutoBus<\/title>\n<meta name=\"robots\" content=\"index, follow, max-snippet:-1, max-image-preview:large, max-video-preview:-1\" \/>\n<link rel=\"canonical\" href=\"https:\/\/revistaautobus.com.br\/?p=12228\" \/>\n<meta property=\"og:locale\" content=\"pt_BR\" \/>\n<meta property=\"og:type\" content=\"article\" \/>\n<meta property=\"og:title\" content=\"De olhos nos el\u00e9tricos e h\u00edbridos - Revista AutoBus\" \/>\n<meta property=\"og:description\" content=\"O transporte coletivo est\u00e1 no radar da Altair, para a difus\u00e3o de suas tecnologias que visam a tra\u00e7\u00e3o limpa\" \/>\n<meta property=\"og:url\" content=\"https:\/\/revistaautobus.com.br\/?p=12228\" \/>\n<meta property=\"og:site_name\" content=\"Revista AutoBus\" \/>\n<meta property=\"article:publisher\" content=\"https:\/\/www.facebook.com\/antonio.ferro.3150\" \/>\n<meta property=\"article:published_time\" content=\"2024-06-10T11:16:55+00:00\" \/>\n<meta property=\"og:image\" content=\"https:\/\/revistaautobus.com.br\/wp-content\/uploads\/2024\/06\/05062024-Altair-Eka-electric-bus-1-scaled.jpg\" \/>\n\t<meta property=\"og:image:width\" content=\"2560\" \/>\n\t<meta property=\"og:image:height\" content=\"1339\" \/>\n\t<meta property=\"og:image:type\" content=\"image\/jpeg\" \/>\n<meta name=\"author\" content=\"Antonio Ferro\" \/>\n<meta name=\"twitter:card\" content=\"summary_large_image\" \/>\n<meta name=\"twitter:label1\" content=\"Escrito por\" \/>\n\t<meta name=\"twitter:data1\" content=\"Antonio Ferro\" \/>\n\t<meta name=\"twitter:label2\" content=\"Est. tempo de leitura\" \/>\n\t<meta name=\"twitter:data2\" content=\"1 minuto\" \/>\n<script type=\"application\/ld+json\" class=\"yoast-schema-graph\">{\"@context\":\"https:\/\/schema.org\",\"@graph\":[{\"@type\":\"Article\",\"@id\":\"https:\/\/revistaautobus.com.br\/?p=12228#article\",\"isPartOf\":{\"@id\":\"https:\/\/revistaautobus.com.br\/?p=12228\"},\"author\":{\"name\":\"Antonio Ferro\",\"@id\":\"https:\/\/revistaautobus.com.br\/#\/schema\/person\/54af7c3eb83a310e42ef686ef6d16f50\"},\"headline\":\"De olhos nos el\u00e9tricos e h\u00edbridos\",\"datePublished\":\"2024-06-10T11:16:55+00:00\",\"mainEntityOfPage\":{\"@id\":\"https:\/\/revistaautobus.com.br\/?p=12228\"},\"wordCount\":274,\"commentCount\":0,\"publisher\":{\"@id\":\"https:\/\/revistaautobus.com.br\/#organization\"},\"image\":{\"@id\":\"https:\/\/revistaautobus.com.br\/?p=12228#primaryimage\"},\"thumbnailUrl\":\"https:\/\/revistaautobus.com.br\/wp-content\/uploads\/2024\/06\/05062024-Altair-Eka-electric-bus-1-scaled.jpg\",\"keywords\":[\"Altair\"],\"inLanguage\":\"pt-BR\",\"potentialAction\":[{\"@type\":\"CommentAction\",\"name\":\"Comment\",\"target\":[\"https:\/\/revistaautobus.com.br\/?p=12228#respond\"]}]},{\"@type\":\"WebPage\",\"@id\":\"https:\/\/revistaautobus.com.br\/?p=12228\",\"url\":\"https:\/\/revistaautobus.com.br\/?p=12228\",\"name\":\"De olhos nos el\u00e9tricos e h\u00edbridos - Revista AutoBus\",\"isPartOf\":{\"@id\":\"https:\/\/revistaautobus.com.br\/#website\"},\"primaryImageOfPage\":{\"@id\":\"https:\/\/revistaautobus.com.br\/?p=12228#primaryimage\"},\"image\":{\"@id\":\"https:\/\/revistaautobus.com.br\/?p=12228#primaryimage\"},\"thumbnailUrl\":\"https:\/\/revistaautobus.com.br\/wp-content\/uploads\/2024\/06\/05062024-Altair-Eka-electric-bus-1-scaled.jpg\",\"datePublished\":\"2024-06-10T11:16:55+00:00\",\"breadcrumb\":{\"@id\":\"https:\/\/revistaautobus.com.br\/?p=12228#breadcrumb\"},\"inLanguage\":\"pt-BR\",\"potentialAction\":[{\"@type\":\"ReadAction\",\"target\":[\"https:\/\/revistaautobus.com.br\/?p=12228\"]}]},{\"@type\":\"ImageObject\",\"inLanguage\":\"pt-BR\",\"@id\":\"https:\/\/revistaautobus.com.br\/?p=12228#primaryimage\",\"url\":\"https:\/\/revistaautobus.com.br\/wp-content\/uploads\/2024\/06\/05062024-Altair-Eka-electric-bus-1-scaled.jpg\",\"contentUrl\":\"https:\/\/revistaautobus.com.br\/wp-content\/uploads\/2024\/06\/05062024-Altair-Eka-electric-bus-1-scaled.jpg\",\"width\":2560,\"height\":1339},{\"@type\":\"BreadcrumbList\",\"@id\":\"https:\/\/revistaautobus.com.br\/?p=12228#breadcrumb\",\"itemListElement\":[{\"@type\":\"ListItem\",\"position\":1,\"name\":\"In\u00edcio\",\"item\":\"https:\/\/revistaautobus.com.br\/\"},{\"@type\":\"ListItem\",\"position\":2,\"name\":\"De olhos nos el\u00e9tricos e h\u00edbridos\"}]},{\"@type\":\"WebSite\",\"@id\":\"https:\/\/revistaautobus.com.br\/#website\",\"url\":\"https:\/\/revistaautobus.com.br\/\",\"name\":\"Revista AutoBus\",\"description\":\"\",\"publisher\":{\"@id\":\"https:\/\/revistaautobus.com.br\/#organization\"},\"potentialAction\":[{\"@type\":\"SearchAction\",\"target\":{\"@type\":\"EntryPoint\",\"urlTemplate\":\"https:\/\/revistaautobus.com.br\/?s={search_term_string}\"},\"query-input\":{\"@type\":\"PropertyValueSpecification\",\"valueRequired\":true,\"valueName\":\"search_term_string\"}}],\"inLanguage\":\"pt-BR\"},{\"@type\":\"Organization\",\"@id\":\"https:\/\/revistaautobus.com.br\/#organization\",\"name\":\"Revista AutoBus\",\"url\":\"https:\/\/revistaautobus.com.br\/\",\"logo\":{\"@type\":\"ImageObject\",\"inLanguage\":\"pt-BR\",\"@id\":\"https:\/\/revistaautobus.com.br\/#\/schema\/logo\/image\/\",\"url\":\"https:\/\/revistaautobus.com.br\/wp-content\/uploads\/2024\/11\/logo_revista_autobus_fb.png\",\"contentUrl\":\"https:\/\/revistaautobus.com.br\/wp-content\/uploads\/2024\/11\/logo_revista_autobus_fb.png\",\"width\":836,\"height\":227,\"caption\":\"Revista AutoBus\"},\"image\":{\"@id\":\"https:\/\/revistaautobus.com.br\/#\/schema\/logo\/image\/\"},\"sameAs\":[\"https:\/\/www.facebook.com\/antonio.ferro.3150\",\"https:\/\/www.instagram.com\/revistaautobus\/\"]},{\"@type\":\"Person\",\"@id\":\"https:\/\/revistaautobus.com.br\/#\/schema\/person\/54af7c3eb83a310e42ef686ef6d16f50\",\"name\":\"Antonio Ferro\",\"image\":{\"@type\":\"ImageObject\",\"inLanguage\":\"pt-BR\",\"@id\":\"https:\/\/revistaautobus.com.br\/wp-content\/uploads\/2025\/12\/editor_antonio_ferro-150x150.jpg\",\"url\":\"https:\/\/revistaautobus.com.br\/wp-content\/uploads\/2025\/12\/editor_antonio_ferro-150x150.jpg\",\"contentUrl\":\"https:\/\/revistaautobus.com.br\/wp-content\/uploads\/2025\/12\/editor_antonio_ferro-150x150.jpg\",\"caption\":\"Antonio Ferro\"},\"description\":\"infobus@uol.com.br\",\"url\":\"https:\/\/revistaautobus.com.br\/?author=2\"}]}<\/script>\n<!-- \/ Yoast SEO plugin. -->","yoast_head_json":{"title":"De olhos nos el\u00e9tricos e h\u00edbridos - Revista AutoBus","robots":{"index":"index","follow":"follow","max-snippet":"max-snippet:-1","max-image-preview":"max-image-preview:large","max-video-preview":"max-video-preview:-1"},"canonical":"https:\/\/revistaautobus.com.br\/?p=12228","og_locale":"pt_BR","og_type":"article","og_title":"De olhos nos el\u00e9tricos e h\u00edbridos - Revista AutoBus","og_description":"O transporte coletivo est\u00e1 no radar da Altair, para a difus\u00e3o de suas tecnologias que visam a tra\u00e7\u00e3o limpa","og_url":"https:\/\/revistaautobus.com.br\/?p=12228","og_site_name":"Revista AutoBus","article_publisher":"https:\/\/www.facebook.com\/antonio.ferro.3150","article_published_time":"2024-06-10T11:16:55+00:00","og_image":[{"width":2560,"height":1339,"url":"https:\/\/revistaautobus.com.br\/wp-content\/uploads\/2024\/06\/05062024-Altair-Eka-electric-bus-1-scaled.jpg","type":"image\/jpeg"}],"author":"Antonio Ferro","twitter_card":"summary_large_image","twitter_misc":{"Escrito por":"Antonio Ferro","Est. tempo de leitura":"1 minuto"},"schema":{"@context":"https:\/\/schema.org","@graph":[{"@type":"Article","@id":"https:\/\/revistaautobus.com.br\/?p=12228#article","isPartOf":{"@id":"https:\/\/revistaautobus.com.br\/?p=12228"},"author":{"name":"Antonio Ferro","@id":"https:\/\/revistaautobus.com.br\/#\/schema\/person\/54af7c3eb83a310e42ef686ef6d16f50"},"headline":"De olhos nos el\u00e9tricos e h\u00edbridos","datePublished":"2024-06-10T11:16:55+00:00","mainEntityOfPage":{"@id":"https:\/\/revistaautobus.com.br\/?p=12228"},"wordCount":274,"commentCount":0,"publisher":{"@id":"https:\/\/revistaautobus.com.br\/#organization"},"image":{"@id":"https:\/\/revistaautobus.com.br\/?p=12228#primaryimage"},"thumbnailUrl":"https:\/\/revistaautobus.com.br\/wp-content\/uploads\/2024\/06\/05062024-Altair-Eka-electric-bus-1-scaled.jpg","keywords":["Altair"],"inLanguage":"pt-BR","potentialAction":[{"@type":"CommentAction","name":"Comment","target":["https:\/\/revistaautobus.com.br\/?p=12228#respond"]}]},{"@type":"WebPage","@id":"https:\/\/revistaautobus.com.br\/?p=12228","url":"https:\/\/revistaautobus.com.br\/?p=12228","name":"De olhos nos el\u00e9tricos e h\u00edbridos - Revista AutoBus","isPartOf":{"@id":"https:\/\/revistaautobus.com.br\/#website"},"primaryImageOfPage":{"@id":"https:\/\/revistaautobus.com.br\/?p=12228#primaryimage"},"image":{"@id":"https:\/\/revistaautobus.com.br\/?p=12228#primaryimage"},"thumbnailUrl":"https:\/\/revistaautobus.com.br\/wp-content\/uploads\/2024\/06\/05062024-Altair-Eka-electric-bus-1-scaled.jpg","datePublished":"2024-06-10T11:16:55+00:00","breadcrumb":{"@id":"https:\/\/revistaautobus.com.br\/?p=12228#breadcrumb"},"inLanguage":"pt-BR","potentialAction":[{"@type":"ReadAction","target":["https:\/\/revistaautobus.com.br\/?p=12228"]}]},{"@type":"ImageObject","inLanguage":"pt-BR","@id":"https:\/\/revistaautobus.com.br\/?p=12228#primaryimage","url":"https:\/\/revistaautobus.com.br\/wp-content\/uploads\/2024\/06\/05062024-Altair-Eka-electric-bus-1-scaled.jpg","contentUrl":"https:\/\/revistaautobus.com.br\/wp-content\/uploads\/2024\/06\/05062024-Altair-Eka-electric-bus-1-scaled.jpg","width":2560,"height":1339},{"@type":"BreadcrumbList","@id":"https:\/\/revistaautobus.com.br\/?p=12228#breadcrumb","itemListElement":[{"@type":"ListItem","position":1,"name":"In\u00edcio","item":"https:\/\/revistaautobus.com.br\/"},{"@type":"ListItem","position":2,"name":"De olhos nos el\u00e9tricos e h\u00edbridos"}]},{"@type":"WebSite","@id":"https:\/\/revistaautobus.com.br\/#website","url":"https:\/\/revistaautobus.com.br\/","name":"Revista AutoBus","description":"","publisher":{"@id":"https:\/\/revistaautobus.com.br\/#organization"},"potentialAction":[{"@type":"SearchAction","target":{"@type":"EntryPoint","urlTemplate":"https:\/\/revistaautobus.com.br\/?s={search_term_string}"},"query-input":{"@type":"PropertyValueSpecification","valueRequired":true,"valueName":"search_term_string"}}],"inLanguage":"pt-BR"},{"@type":"Organization","@id":"https:\/\/revistaautobus.com.br\/#organization","name":"Revista AutoBus","url":"https:\/\/revistaautobus.com.br\/","logo":{"@type":"ImageObject","inLanguage":"pt-BR","@id":"https:\/\/revistaautobus.com.br\/#\/schema\/logo\/image\/","url":"https:\/\/revistaautobus.com.br\/wp-content\/uploads\/2024\/11\/logo_revista_autobus_fb.png","contentUrl":"https:\/\/revistaautobus.com.br\/wp-content\/uploads\/2024\/11\/logo_revista_autobus_fb.png","width":836,"height":227,"caption":"Revista AutoBus"},"image":{"@id":"https:\/\/revistaautobus.com.br\/#\/schema\/logo\/image\/"},"sameAs":["https:\/\/www.facebook.com\/antonio.ferro.3150","https:\/\/www.instagram.com\/revistaautobus\/"]},{"@type":"Person","@id":"https:\/\/revistaautobus.com.br\/#\/schema\/person\/54af7c3eb83a310e42ef686ef6d16f50","name":"Antonio Ferro","image":{"@type":"ImageObject","inLanguage":"pt-BR","@id":"https:\/\/revistaautobus.com.br\/wp-content\/uploads\/2025\/12\/editor_antonio_ferro-150x150.jpg","url":"https:\/\/revistaautobus.com.br\/wp-content\/uploads\/2025\/12\/editor_antonio_ferro-150x150.jpg","contentUrl":"https:\/\/revistaautobus.com.br\/wp-content\/uploads\/2025\/12\/editor_antonio_ferro-150x150.jpg","caption":"Antonio Ferro"},"description":"infobus@uol.com.br","url":"https:\/\/revistaautobus.com.br\/?author=2"}]}},"jetpack_featured_media_url":"https:\/\/revistaautobus.com.br\/wp-content\/uploads\/2024\/06\/05062024-Altair-Eka-electric-bus-1-scaled.jpg","jetpack_sharing_enabled":true,"_links":{"self":[{"href":"https:\/\/revistaautobus.com.br\/index.php?rest_route=\/wp\/v2\/posts\/12228","targetHints":{"allow":["GET"]}}],"collection":[{"href":"https:\/\/revistaautobus.com.br\/index.php?rest_route=\/wp\/v2\/posts"}],"about":[{"href":"https:\/\/revistaautobus.com.br\/index.php?rest_route=\/wp\/v2\/types\/post"}],"author":[{"embeddable":true,"href":"https:\/\/revistaautobus.com.br\/index.php?rest_route=\/wp\/v2\/users\/2"}],"replies":[{"embeddable":true,"href":"https:\/\/revistaautobus.com.br\/index.php?rest_route=%2Fwp%2Fv2%2Fcomments&post=12228"}],"version-history":[{"count":2,"href":"https:\/\/revistaautobus.com.br\/index.php?rest_route=\/wp\/v2\/posts\/12228\/revisions"}],"predecessor-version":[{"id":12231,"href":"https:\/\/revistaautobus.com.br\/index.php?rest_route=\/wp\/v2\/posts\/12228\/revisions\/12231"}],"wp:featuredmedia":[{"embeddable":true,"href":"https:\/\/revistaautobus.com.br\/index.php?rest_route=\/wp\/v2\/media\/12229"}],"wp:attachment":[{"href":"https:\/\/revistaautobus.com.br\/index.php?rest_route=%2Fwp%2Fv2%2Fmedia&parent=12228"}],"wp:term":[{"taxonomy":"category","embeddable":true,"href":"https:\/\/revistaautobus.com.br\/index.php?rest_route=%2Fwp%2Fv2%2Fcategories&post=12228"},{"taxonomy":"post_tag","embeddable":true,"href":"https:\/\/revistaautobus.com.br\/index.php?rest_route=%2Fwp%2Fv2%2Ftags&post=12228"}],"curies":[{"name":"wp","href":"https:\/\/api.w.org\/{rel}","templated":true}]}}