{"id":12237,"date":"2024-06-10T08:23:09","date_gmt":"2024-06-10T11:23:09","guid":{"rendered":"https:\/\/revistaautobus.com.br\/?p=12237"},"modified":"2024-06-10T08:23:09","modified_gmt":"2024-06-10T11:23:09","slug":"a-luz-que-vem-do-sol","status":"publish","type":"post","link":"https:\/\/revistaautobus.com.br\/?p=12237","title":{"rendered":"A luz que vem do sol"},"content":{"rendered":"<p>A cidade paulista de Sorocaba tem em seu sistema de BRT (Tr\u00e2nsito R\u00e1pido de \u00d4nibus) a gera\u00e7\u00e3o de energia el\u00e9trica por pain\u00e9is fotovoltaicos, que apresentaram uma economia de 20,9% no \u00faltimo ano. De acordo com a gest\u00e3o do transporte, os pain\u00e9is fotovoltaicos produziram 227.478Kwh de energia que atenderam a toda opera\u00e7\u00e3o e o restante de energia n\u00e3o utilizada foi disponibilizada na rede da companhia el\u00e9trica, possibilitando que outros locais fossem beneficiados. Este volume equivale ao abastecimento de 160 casas com quatro pessoas em um ano.<\/p>\n<p>Marcelo Del Corso, respons\u00e1vel pelo setor de Gest\u00e3o Ambiental da BRT Sorocaba, informou que diversas iniciativas s\u00e3o realizadas em diferentes frentes e a pr\u00e1tica da conscientiza\u00e7\u00e3o \u00e9 permanente na empresa. \u201cNa semana do meio ambiente intensificamos as mensagens, mas as a\u00e7\u00f5es acontecem o ano inteiro. De 2023 ao primeiro semestre de 2024, realizamos o plantio de 808 mudas de \u00e1rvores nativas nas regi\u00f5es Norte e Oeste. Essas plantas est\u00e3o sendo cultivadas e, em breve, ajudar\u00e3o a capturar o CO2 da atmosfera. Dessa maneira, neutralizando parte das emiss\u00f5es de poluentes dos ve\u00edculos. Tamb\u00e9m realizamos atividades de educa\u00e7\u00e3o ambiental em parceria com a Secretaria do Meio Ambiente e j\u00e1 levamos o conhecimento para 225 crian\u00e7as por meio do Tour da Educa\u00e7\u00e3o\u201d, observou Del Corso.<\/p>\n<p>Os administradores do BRT Sorocaba destacaram que o sistema se tornou uma refer\u00eancia no transporte coletivo urbano, mostrando que \u00e9 poss\u00edvel inovar e ser sustent\u00e1vel. Al\u00e9m do uso de energia solar nas esta\u00e7\u00f5es e nos terminais, a concession\u00e1ria adota o sistema de reuso de \u00e1gua da chuva nos tr\u00eas terminais (Vit\u00f3ria R\u00e9gia, S\u00e3o Bento e Ipiranga), utiliza ilumina\u00e7\u00e3o em LED, conforto t\u00e9rmico com <em>brises<\/em> nas esta\u00e7\u00f5es e a frota de 124 \u00f4nibus com redutor de ru\u00eddos e poluentes.<\/p>\n<p>Imagem &#8211; Divulga\u00e7\u00e3o<\/p>\n","protected":false},"excerpt":{"rendered":"<p>BRT tamb\u00e9m \u00e9 sustentabilidade ambiental. Eis o mote do transporte coletivo no interior de S\u00e3o Paulo<\/p>\n","protected":false},"author":2,"featured_media":12238,"comment_status":"open","ping_status":"open","sticky":false,"template":"","format":"standard","meta":{"_et_pb_use_builder":"","_et_pb_old_content":"","_et_gb_content_width":"","_jetpack_memberships_contains_paid_content":false,"footnotes":""},"categories":[7,90],"tags":[777],"class_list":["post-12237","post","type-post","status-publish","format-standard","has-post-thumbnail","hentry","category-mobilidade-urbana","category-noticias","tag-brt-sorocaba","et-has-post-format-content","et_post_format-et-post-format-standard"],"yoast_head":"<!-- This site is optimized with the Yoast SEO plugin v27.2 - https:\/\/yoast.com\/product\/yoast-seo-wordpress\/ -->\n<title>A luz que vem do sol - Revista AutoBus<\/title>\n<meta name=\"robots\" content=\"index, follow, max-snippet:-1, max-image-preview:large, max-video-preview:-1\" \/>\n<link rel=\"canonical\" href=\"https:\/\/revistaautobus.com.br\/?p=12237\" \/>\n<meta property=\"og:locale\" content=\"pt_BR\" \/>\n<meta property=\"og:type\" content=\"article\" \/>\n<meta property=\"og:title\" content=\"A luz que vem do sol - Revista AutoBus\" \/>\n<meta property=\"og:description\" content=\"BRT tamb\u00e9m \u00e9 sustentabilidade ambiental. Eis o mote do transporte coletivo no interior de S\u00e3o Paulo\" \/>\n<meta property=\"og:url\" content=\"https:\/\/revistaautobus.com.br\/?p=12237\" \/>\n<meta property=\"og:site_name\" content=\"Revista AutoBus\" \/>\n<meta property=\"article:publisher\" content=\"https:\/\/www.facebook.com\/antonio.ferro.3150\" \/>\n<meta property=\"article:published_time\" content=\"2024-06-10T11:23:09+00:00\" \/>\n<meta property=\"og:image\" content=\"https:\/\/revistaautobus.com.br\/wp-content\/uploads\/2024\/06\/1.-BRT-Sorocaba_Terminal-Sao-Bento_energia-solar.jpeg\" \/>\n\t<meta property=\"og:image:width\" content=\"1280\" \/>\n\t<meta property=\"og:image:height\" content=\"575\" \/>\n\t<meta property=\"og:image:type\" content=\"image\/jpeg\" \/>\n<meta name=\"author\" content=\"Antonio Ferro\" \/>\n<meta name=\"twitter:card\" content=\"summary_large_image\" \/>\n<meta name=\"twitter:label1\" content=\"Escrito por\" \/>\n\t<meta name=\"twitter:data1\" content=\"Antonio Ferro\" \/>\n\t<meta name=\"twitter:label2\" content=\"Est. tempo de leitura\" \/>\n\t<meta name=\"twitter:data2\" content=\"2 minutos\" \/>\n<script type=\"application\/ld+json\" class=\"yoast-schema-graph\">{\"@context\":\"https:\/\/schema.org\",\"@graph\":[{\"@type\":\"Article\",\"@id\":\"https:\/\/revistaautobus.com.br\/?p=12237#article\",\"isPartOf\":{\"@id\":\"https:\/\/revistaautobus.com.br\/?p=12237\"},\"author\":{\"name\":\"Antonio Ferro\",\"@id\":\"https:\/\/revistaautobus.com.br\/#\/schema\/person\/54af7c3eb83a310e42ef686ef6d16f50\"},\"headline\":\"A luz que vem do sol\",\"datePublished\":\"2024-06-10T11:23:09+00:00\",\"mainEntityOfPage\":{\"@id\":\"https:\/\/revistaautobus.com.br\/?p=12237\"},\"wordCount\":325,\"commentCount\":2,\"publisher\":{\"@id\":\"https:\/\/revistaautobus.com.br\/#organization\"},\"image\":{\"@id\":\"https:\/\/revistaautobus.com.br\/?p=12237#primaryimage\"},\"thumbnailUrl\":\"https:\/\/revistaautobus.com.br\/wp-content\/uploads\/2024\/06\/1.-BRT-Sorocaba_Terminal-Sao-Bento_energia-solar.jpeg\",\"keywords\":[\"BRT Sorocaba\"],\"articleSection\":[\"Mobilidade Urbana\",\"Not\u00edcias\"],\"inLanguage\":\"pt-BR\",\"potentialAction\":[{\"@type\":\"CommentAction\",\"name\":\"Comment\",\"target\":[\"https:\/\/revistaautobus.com.br\/?p=12237#respond\"]}]},{\"@type\":\"WebPage\",\"@id\":\"https:\/\/revistaautobus.com.br\/?p=12237\",\"url\":\"https:\/\/revistaautobus.com.br\/?p=12237\",\"name\":\"A luz que vem do sol - Revista AutoBus\",\"isPartOf\":{\"@id\":\"https:\/\/revistaautobus.com.br\/#website\"},\"primaryImageOfPage\":{\"@id\":\"https:\/\/revistaautobus.com.br\/?p=12237#primaryimage\"},\"image\":{\"@id\":\"https:\/\/revistaautobus.com.br\/?p=12237#primaryimage\"},\"thumbnailUrl\":\"https:\/\/revistaautobus.com.br\/wp-content\/uploads\/2024\/06\/1.-BRT-Sorocaba_Terminal-Sao-Bento_energia-solar.jpeg\",\"datePublished\":\"2024-06-10T11:23:09+00:00\",\"breadcrumb\":{\"@id\":\"https:\/\/revistaautobus.com.br\/?p=12237#breadcrumb\"},\"inLanguage\":\"pt-BR\",\"potentialAction\":[{\"@type\":\"ReadAction\",\"target\":[\"https:\/\/revistaautobus.com.br\/?p=12237\"]}]},{\"@type\":\"ImageObject\",\"inLanguage\":\"pt-BR\",\"@id\":\"https:\/\/revistaautobus.com.br\/?p=12237#primaryimage\",\"url\":\"https:\/\/revistaautobus.com.br\/wp-content\/uploads\/2024\/06\/1.-BRT-Sorocaba_Terminal-Sao-Bento_energia-solar.jpeg\",\"contentUrl\":\"https:\/\/revistaautobus.com.br\/wp-content\/uploads\/2024\/06\/1.-BRT-Sorocaba_Terminal-Sao-Bento_energia-solar.jpeg\",\"width\":1280,\"height\":575},{\"@type\":\"BreadcrumbList\",\"@id\":\"https:\/\/revistaautobus.com.br\/?p=12237#breadcrumb\",\"itemListElement\":[{\"@type\":\"ListItem\",\"position\":1,\"name\":\"In\u00edcio\",\"item\":\"https:\/\/revistaautobus.com.br\/\"},{\"@type\":\"ListItem\",\"position\":2,\"name\":\"A luz que vem do sol\"}]},{\"@type\":\"WebSite\",\"@id\":\"https:\/\/revistaautobus.com.br\/#website\",\"url\":\"https:\/\/revistaautobus.com.br\/\",\"name\":\"Revista AutoBus\",\"description\":\"\",\"publisher\":{\"@id\":\"https:\/\/revistaautobus.com.br\/#organization\"},\"potentialAction\":[{\"@type\":\"SearchAction\",\"target\":{\"@type\":\"EntryPoint\",\"urlTemplate\":\"https:\/\/revistaautobus.com.br\/?s={search_term_string}\"},\"query-input\":{\"@type\":\"PropertyValueSpecification\",\"valueRequired\":true,\"valueName\":\"search_term_string\"}}],\"inLanguage\":\"pt-BR\"},{\"@type\":\"Organization\",\"@id\":\"https:\/\/revistaautobus.com.br\/#organization\",\"name\":\"Revista AutoBus\",\"url\":\"https:\/\/revistaautobus.com.br\/\",\"logo\":{\"@type\":\"ImageObject\",\"inLanguage\":\"pt-BR\",\"@id\":\"https:\/\/revistaautobus.com.br\/#\/schema\/logo\/image\/\",\"url\":\"https:\/\/revistaautobus.com.br\/wp-content\/uploads\/2024\/11\/logo_revista_autobus_fb.png\",\"contentUrl\":\"https:\/\/revistaautobus.com.br\/wp-content\/uploads\/2024\/11\/logo_revista_autobus_fb.png\",\"width\":836,\"height\":227,\"caption\":\"Revista AutoBus\"},\"image\":{\"@id\":\"https:\/\/revistaautobus.com.br\/#\/schema\/logo\/image\/\"},\"sameAs\":[\"https:\/\/www.facebook.com\/antonio.ferro.3150\",\"https:\/\/www.instagram.com\/revistaautobus\/\"]},{\"@type\":\"Person\",\"@id\":\"https:\/\/revistaautobus.com.br\/#\/schema\/person\/54af7c3eb83a310e42ef686ef6d16f50\",\"name\":\"Antonio Ferro\",\"image\":{\"@type\":\"ImageObject\",\"inLanguage\":\"pt-BR\",\"@id\":\"https:\/\/revistaautobus.com.br\/wp-content\/uploads\/2025\/12\/editor_antonio_ferro-150x150.jpg\",\"url\":\"https:\/\/revistaautobus.com.br\/wp-content\/uploads\/2025\/12\/editor_antonio_ferro-150x150.jpg\",\"contentUrl\":\"https:\/\/revistaautobus.com.br\/wp-content\/uploads\/2025\/12\/editor_antonio_ferro-150x150.jpg\",\"caption\":\"Antonio Ferro\"},\"description\":\"infobus@uol.com.br\",\"url\":\"https:\/\/revistaautobus.com.br\/?author=2\"}]}<\/script>\n<!-- \/ Yoast SEO plugin. -->","yoast_head_json":{"title":"A luz que vem do sol - Revista AutoBus","robots":{"index":"index","follow":"follow","max-snippet":"max-snippet:-1","max-image-preview":"max-image-preview:large","max-video-preview":"max-video-preview:-1"},"canonical":"https:\/\/revistaautobus.com.br\/?p=12237","og_locale":"pt_BR","og_type":"article","og_title":"A luz que vem do sol - Revista AutoBus","og_description":"BRT tamb\u00e9m \u00e9 sustentabilidade ambiental. Eis o mote do transporte coletivo no interior de S\u00e3o Paulo","og_url":"https:\/\/revistaautobus.com.br\/?p=12237","og_site_name":"Revista AutoBus","article_publisher":"https:\/\/www.facebook.com\/antonio.ferro.3150","article_published_time":"2024-06-10T11:23:09+00:00","og_image":[{"width":1280,"height":575,"url":"https:\/\/revistaautobus.com.br\/wp-content\/uploads\/2024\/06\/1.-BRT-Sorocaba_Terminal-Sao-Bento_energia-solar.jpeg","type":"image\/jpeg"}],"author":"Antonio Ferro","twitter_card":"summary_large_image","twitter_misc":{"Escrito por":"Antonio Ferro","Est. tempo de leitura":"2 minutos"},"schema":{"@context":"https:\/\/schema.org","@graph":[{"@type":"Article","@id":"https:\/\/revistaautobus.com.br\/?p=12237#article","isPartOf":{"@id":"https:\/\/revistaautobus.com.br\/?p=12237"},"author":{"name":"Antonio Ferro","@id":"https:\/\/revistaautobus.com.br\/#\/schema\/person\/54af7c3eb83a310e42ef686ef6d16f50"},"headline":"A luz que vem do sol","datePublished":"2024-06-10T11:23:09+00:00","mainEntityOfPage":{"@id":"https:\/\/revistaautobus.com.br\/?p=12237"},"wordCount":325,"commentCount":2,"publisher":{"@id":"https:\/\/revistaautobus.com.br\/#organization"},"image":{"@id":"https:\/\/revistaautobus.com.br\/?p=12237#primaryimage"},"thumbnailUrl":"https:\/\/revistaautobus.com.br\/wp-content\/uploads\/2024\/06\/1.-BRT-Sorocaba_Terminal-Sao-Bento_energia-solar.jpeg","keywords":["BRT Sorocaba"],"articleSection":["Mobilidade Urbana","Not\u00edcias"],"inLanguage":"pt-BR","potentialAction":[{"@type":"CommentAction","name":"Comment","target":["https:\/\/revistaautobus.com.br\/?p=12237#respond"]}]},{"@type":"WebPage","@id":"https:\/\/revistaautobus.com.br\/?p=12237","url":"https:\/\/revistaautobus.com.br\/?p=12237","name":"A luz que vem do sol - Revista AutoBus","isPartOf":{"@id":"https:\/\/revistaautobus.com.br\/#website"},"primaryImageOfPage":{"@id":"https:\/\/revistaautobus.com.br\/?p=12237#primaryimage"},"image":{"@id":"https:\/\/revistaautobus.com.br\/?p=12237#primaryimage"},"thumbnailUrl":"https:\/\/revistaautobus.com.br\/wp-content\/uploads\/2024\/06\/1.-BRT-Sorocaba_Terminal-Sao-Bento_energia-solar.jpeg","datePublished":"2024-06-10T11:23:09+00:00","breadcrumb":{"@id":"https:\/\/revistaautobus.com.br\/?p=12237#breadcrumb"},"inLanguage":"pt-BR","potentialAction":[{"@type":"ReadAction","target":["https:\/\/revistaautobus.com.br\/?p=12237"]}]},{"@type":"ImageObject","inLanguage":"pt-BR","@id":"https:\/\/revistaautobus.com.br\/?p=12237#primaryimage","url":"https:\/\/revistaautobus.com.br\/wp-content\/uploads\/2024\/06\/1.-BRT-Sorocaba_Terminal-Sao-Bento_energia-solar.jpeg","contentUrl":"https:\/\/revistaautobus.com.br\/wp-content\/uploads\/2024\/06\/1.-BRT-Sorocaba_Terminal-Sao-Bento_energia-solar.jpeg","width":1280,"height":575},{"@type":"BreadcrumbList","@id":"https:\/\/revistaautobus.com.br\/?p=12237#breadcrumb","itemListElement":[{"@type":"ListItem","position":1,"name":"In\u00edcio","item":"https:\/\/revistaautobus.com.br\/"},{"@type":"ListItem","position":2,"name":"A luz que vem do sol"}]},{"@type":"WebSite","@id":"https:\/\/revistaautobus.com.br\/#website","url":"https:\/\/revistaautobus.com.br\/","name":"Revista AutoBus","description":"","publisher":{"@id":"https:\/\/revistaautobus.com.br\/#organization"},"potentialAction":[{"@type":"SearchAction","target":{"@type":"EntryPoint","urlTemplate":"https:\/\/revistaautobus.com.br\/?s={search_term_string}"},"query-input":{"@type":"PropertyValueSpecification","valueRequired":true,"valueName":"search_term_string"}}],"inLanguage":"pt-BR"},{"@type":"Organization","@id":"https:\/\/revistaautobus.com.br\/#organization","name":"Revista AutoBus","url":"https:\/\/revistaautobus.com.br\/","logo":{"@type":"ImageObject","inLanguage":"pt-BR","@id":"https:\/\/revistaautobus.com.br\/#\/schema\/logo\/image\/","url":"https:\/\/revistaautobus.com.br\/wp-content\/uploads\/2024\/11\/logo_revista_autobus_fb.png","contentUrl":"https:\/\/revistaautobus.com.br\/wp-content\/uploads\/2024\/11\/logo_revista_autobus_fb.png","width":836,"height":227,"caption":"Revista AutoBus"},"image":{"@id":"https:\/\/revistaautobus.com.br\/#\/schema\/logo\/image\/"},"sameAs":["https:\/\/www.facebook.com\/antonio.ferro.3150","https:\/\/www.instagram.com\/revistaautobus\/"]},{"@type":"Person","@id":"https:\/\/revistaautobus.com.br\/#\/schema\/person\/54af7c3eb83a310e42ef686ef6d16f50","name":"Antonio Ferro","image":{"@type":"ImageObject","inLanguage":"pt-BR","@id":"https:\/\/revistaautobus.com.br\/wp-content\/uploads\/2025\/12\/editor_antonio_ferro-150x150.jpg","url":"https:\/\/revistaautobus.com.br\/wp-content\/uploads\/2025\/12\/editor_antonio_ferro-150x150.jpg","contentUrl":"https:\/\/revistaautobus.com.br\/wp-content\/uploads\/2025\/12\/editor_antonio_ferro-150x150.jpg","caption":"Antonio Ferro"},"description":"infobus@uol.com.br","url":"https:\/\/revistaautobus.com.br\/?author=2"}]}},"jetpack_featured_media_url":"https:\/\/revistaautobus.com.br\/wp-content\/uploads\/2024\/06\/1.-BRT-Sorocaba_Terminal-Sao-Bento_energia-solar.jpeg","jetpack_sharing_enabled":true,"_links":{"self":[{"href":"https:\/\/revistaautobus.com.br\/index.php?rest_route=\/wp\/v2\/posts\/12237","targetHints":{"allow":["GET"]}}],"collection":[{"href":"https:\/\/revistaautobus.com.br\/index.php?rest_route=\/wp\/v2\/posts"}],"about":[{"href":"https:\/\/revistaautobus.com.br\/index.php?rest_route=\/wp\/v2\/types\/post"}],"author":[{"embeddable":true,"href":"https:\/\/revistaautobus.com.br\/index.php?rest_route=\/wp\/v2\/users\/2"}],"replies":[{"embeddable":true,"href":"https:\/\/revistaautobus.com.br\/index.php?rest_route=%2Fwp%2Fv2%2Fcomments&post=12237"}],"version-history":[{"count":3,"href":"https:\/\/revistaautobus.com.br\/index.php?rest_route=\/wp\/v2\/posts\/12237\/revisions"}],"predecessor-version":[{"id":12241,"href":"https:\/\/revistaautobus.com.br\/index.php?rest_route=\/wp\/v2\/posts\/12237\/revisions\/12241"}],"wp:featuredmedia":[{"embeddable":true,"href":"https:\/\/revistaautobus.com.br\/index.php?rest_route=\/wp\/v2\/media\/12238"}],"wp:attachment":[{"href":"https:\/\/revistaautobus.com.br\/index.php?rest_route=%2Fwp%2Fv2%2Fmedia&parent=12237"}],"wp:term":[{"taxonomy":"category","embeddable":true,"href":"https:\/\/revistaautobus.com.br\/index.php?rest_route=%2Fwp%2Fv2%2Fcategories&post=12237"},{"taxonomy":"post_tag","embeddable":true,"href":"https:\/\/revistaautobus.com.br\/index.php?rest_route=%2Fwp%2Fv2%2Ftags&post=12237"}],"curies":[{"name":"wp","href":"https:\/\/api.w.org\/{rel}","templated":true}]}}