{"id":12305,"date":"2024-06-21T15:52:22","date_gmt":"2024-06-21T18:52:22","guid":{"rendered":"https:\/\/revistaautobus.com.br\/?p=12305"},"modified":"2024-06-21T15:52:22","modified_gmt":"2024-06-21T18:52:22","slug":"projeto-que-valoriza-o-meio-ambiente","status":"publish","type":"post","link":"https:\/\/revistaautobus.com.br\/?p=12305","title":{"rendered":"Projeto que valoriza o meio ambiente"},"content":{"rendered":"<p>Os alunos da Educa\u00e7\u00e3o Infantil, Fundamental I e Ensino M\u00e9dio da Escola Estadual Padre Jos\u00e9 dos Santos e do Col\u00e9gio Pomares, ambos da cidade paulista de Campinas, experimentaram um dia de viv\u00eancias ecol\u00f3gicas com o objetivo de sensibiliz\u00e1-los para a conserva\u00e7\u00e3o da biodiversidade e disseminar comportamento positivos frente \u00e0s quest\u00f5es ambientais em seu dia a dia.<\/p>\n<p>A crian\u00e7ada realizou o plantio de mudas de esp\u00e9cies nativas, em uma atividade de educa\u00e7\u00e3o ambiental que aconteceu no viveiro da ONG Jaguatibaia, localizado em Jaguari\u00fana (SP). No dia da experi\u00eancia, as crian\u00e7as aprenderam todo o processo de cultivo, desde o preparo da semente at\u00e9 o crescimento da \u00e1rvore. A atividade foi finalizada com o plantio simb\u00f3lico em uma \u00e1rea de reflorestamento.<\/p>\n<p>O reflorestamento utiliza mudas de 30 esp\u00e9cies, que s\u00e3o produzidas em viveiro espec\u00edfico e que abastecem o projeto Passagem Verde, uma parceria da <em>start-up<\/em> Neutraliza Carbon, com a campanha Bus\u00e3o Legal. O projeto permite que os passageiros compensem o carbono liberado em suas viagens a partir da aquisi\u00e7\u00e3o de cotas verdes, revertidas no reflorestamento em um espa\u00e7o de 100 mil metros quadrados na regi\u00e3o da Mata Atl\u00e2ntica de Campinas. A cada 20 cotas, uma muda \u00e9 plantada e pode ser monitorada pelo doador.<\/p>\n<p>Antonio Laskos, diretor-executivo do Sindicato de Empresas de Transporte de Passageiros do Estado de S\u00e3o Paulo (SETPESP), comentou que a colabora\u00e7\u00e3o entre passageiros e empresas em iniciativas, como o Passagem Verde, contribuem para minimizar as mudan\u00e7as clim\u00e1ticas. \u201cA participa\u00e7\u00e3o ativa dos usu\u00e1rios e o financiamento do setor privado aceleram a compensa\u00e7\u00e3o de carbono e promovem mais benef\u00edcios para a sociedade\u201d.<\/p>\n<p>J\u00e1 Dam\u00e1ris Padilha, engenheira ambiental da Neutraliza Carbon, observou que a educa\u00e7\u00e3o ambiental \u00e9 a chave para um futuro mais sustent\u00e1vel. \u201cPor meio da conscientiza\u00e7\u00e3o e do conhecimento, podemos capacitar indiv\u00edduos e comunidades a adotarem pr\u00e1ticas mais sustent\u00e1veis, preservando nossos recursos naturais e garantindo um ambiente saud\u00e1vel para as pr\u00f3ximas gera\u00e7\u00f5es. Esse \u00e9 um investimento fundamental para o nosso planeta\u201d, ressaltou.<\/p>\n<p>Imagem &#8211; Divulga\u00e7\u00e3o<\/p>\n","protected":false},"excerpt":{"rendered":"<p>A\u00e7\u00e3o apoiada pelo SETPESP e a Via\u00e7\u00e3o Santa Cruz incentiva estudantes a aprendem sobre a import\u00e2ncia de preservar o meio ambiente e os recursos h\u00eddricos <\/p>\n","protected":false},"author":2,"featured_media":12306,"comment_status":"open","ping_status":"open","sticky":false,"template":"","format":"standard","meta":{"_et_pb_use_builder":"","_et_pb_old_content":"","_et_gb_content_width":"","_jetpack_memberships_contains_paid_content":false,"footnotes":""},"categories":[90,80],"tags":[784,305],"class_list":["post-12305","post","type-post","status-publish","format-standard","has-post-thumbnail","hentry","category-noticias","category-transporte-rodoviario","tag-passagem-verde","tag-viacao-santa-cruz","et-has-post-format-content","et_post_format-et-post-format-standard"],"yoast_head":"<!-- This site is optimized with the Yoast SEO plugin v27.2 - https:\/\/yoast.com\/product\/yoast-seo-wordpress\/ -->\n<title>Projeto que valoriza o meio ambiente - Revista AutoBus<\/title>\n<meta name=\"robots\" content=\"index, follow, max-snippet:-1, max-image-preview:large, max-video-preview:-1\" \/>\n<link rel=\"canonical\" href=\"https:\/\/revistaautobus.com.br\/?p=12305\" \/>\n<meta property=\"og:locale\" content=\"pt_BR\" \/>\n<meta property=\"og:type\" content=\"article\" \/>\n<meta property=\"og:title\" content=\"Projeto que valoriza o meio ambiente - Revista AutoBus\" \/>\n<meta property=\"og:description\" content=\"A\u00e7\u00e3o apoiada pelo SETPESP e a Via\u00e7\u00e3o Santa Cruz incentiva estudantes a aprendem sobre a import\u00e2ncia de preservar o meio ambiente e os recursos h\u00eddricos\" \/>\n<meta property=\"og:url\" content=\"https:\/\/revistaautobus.com.br\/?p=12305\" \/>\n<meta property=\"og:site_name\" content=\"Revista AutoBus\" \/>\n<meta property=\"article:publisher\" content=\"https:\/\/www.facebook.com\/antonio.ferro.3150\" \/>\n<meta property=\"article:published_time\" content=\"2024-06-21T18:52:22+00:00\" \/>\n<meta property=\"og:image\" content=\"https:\/\/revistaautobus.com.br\/wp-content\/uploads\/2024\/06\/plantio_arvores_criancas_amplo_setpesp.jpg\" \/>\n\t<meta property=\"og:image:width\" content=\"1000\" \/>\n\t<meta property=\"og:image:height\" content=\"619\" \/>\n\t<meta property=\"og:image:type\" content=\"image\/jpeg\" \/>\n<meta name=\"author\" content=\"Antonio Ferro\" \/>\n<meta name=\"twitter:card\" content=\"summary_large_image\" \/>\n<meta name=\"twitter:label1\" content=\"Escrito por\" \/>\n\t<meta name=\"twitter:data1\" content=\"Antonio Ferro\" \/>\n\t<meta name=\"twitter:label2\" content=\"Est. tempo de leitura\" \/>\n\t<meta name=\"twitter:data2\" content=\"2 minutos\" \/>\n<script type=\"application\/ld+json\" class=\"yoast-schema-graph\">{\"@context\":\"https:\/\/schema.org\",\"@graph\":[{\"@type\":\"Article\",\"@id\":\"https:\/\/revistaautobus.com.br\/?p=12305#article\",\"isPartOf\":{\"@id\":\"https:\/\/revistaautobus.com.br\/?p=12305\"},\"author\":{\"name\":\"Antonio Ferro\",\"@id\":\"https:\/\/revistaautobus.com.br\/#\/schema\/person\/54af7c3eb83a310e42ef686ef6d16f50\"},\"headline\":\"Projeto que valoriza o meio ambiente\",\"datePublished\":\"2024-06-21T18:52:22+00:00\",\"mainEntityOfPage\":{\"@id\":\"https:\/\/revistaautobus.com.br\/?p=12305\"},\"wordCount\":367,\"commentCount\":0,\"publisher\":{\"@id\":\"https:\/\/revistaautobus.com.br\/#organization\"},\"image\":{\"@id\":\"https:\/\/revistaautobus.com.br\/?p=12305#primaryimage\"},\"thumbnailUrl\":\"https:\/\/revistaautobus.com.br\/wp-content\/uploads\/2024\/06\/plantio_arvores_criancas_amplo_setpesp.jpg\",\"keywords\":[\"Passagem Verde\",\"Via\u00e7\u00e3o Santa Cruz\"],\"articleSection\":[\"Not\u00edcias\",\"Transporte rodovi\u00e1rio\"],\"inLanguage\":\"pt-BR\",\"potentialAction\":[{\"@type\":\"CommentAction\",\"name\":\"Comment\",\"target\":[\"https:\/\/revistaautobus.com.br\/?p=12305#respond\"]}]},{\"@type\":\"WebPage\",\"@id\":\"https:\/\/revistaautobus.com.br\/?p=12305\",\"url\":\"https:\/\/revistaautobus.com.br\/?p=12305\",\"name\":\"Projeto que valoriza o meio ambiente - Revista AutoBus\",\"isPartOf\":{\"@id\":\"https:\/\/revistaautobus.com.br\/#website\"},\"primaryImageOfPage\":{\"@id\":\"https:\/\/revistaautobus.com.br\/?p=12305#primaryimage\"},\"image\":{\"@id\":\"https:\/\/revistaautobus.com.br\/?p=12305#primaryimage\"},\"thumbnailUrl\":\"https:\/\/revistaautobus.com.br\/wp-content\/uploads\/2024\/06\/plantio_arvores_criancas_amplo_setpesp.jpg\",\"datePublished\":\"2024-06-21T18:52:22+00:00\",\"breadcrumb\":{\"@id\":\"https:\/\/revistaautobus.com.br\/?p=12305#breadcrumb\"},\"inLanguage\":\"pt-BR\",\"potentialAction\":[{\"@type\":\"ReadAction\",\"target\":[\"https:\/\/revistaautobus.com.br\/?p=12305\"]}]},{\"@type\":\"ImageObject\",\"inLanguage\":\"pt-BR\",\"@id\":\"https:\/\/revistaautobus.com.br\/?p=12305#primaryimage\",\"url\":\"https:\/\/revistaautobus.com.br\/wp-content\/uploads\/2024\/06\/plantio_arvores_criancas_amplo_setpesp.jpg\",\"contentUrl\":\"https:\/\/revistaautobus.com.br\/wp-content\/uploads\/2024\/06\/plantio_arvores_criancas_amplo_setpesp.jpg\",\"width\":1000,\"height\":619},{\"@type\":\"BreadcrumbList\",\"@id\":\"https:\/\/revistaautobus.com.br\/?p=12305#breadcrumb\",\"itemListElement\":[{\"@type\":\"ListItem\",\"position\":1,\"name\":\"In\u00edcio\",\"item\":\"https:\/\/revistaautobus.com.br\/\"},{\"@type\":\"ListItem\",\"position\":2,\"name\":\"Projeto que valoriza o meio ambiente\"}]},{\"@type\":\"WebSite\",\"@id\":\"https:\/\/revistaautobus.com.br\/#website\",\"url\":\"https:\/\/revistaautobus.com.br\/\",\"name\":\"Revista AutoBus\",\"description\":\"\",\"publisher\":{\"@id\":\"https:\/\/revistaautobus.com.br\/#organization\"},\"potentialAction\":[{\"@type\":\"SearchAction\",\"target\":{\"@type\":\"EntryPoint\",\"urlTemplate\":\"https:\/\/revistaautobus.com.br\/?s={search_term_string}\"},\"query-input\":{\"@type\":\"PropertyValueSpecification\",\"valueRequired\":true,\"valueName\":\"search_term_string\"}}],\"inLanguage\":\"pt-BR\"},{\"@type\":\"Organization\",\"@id\":\"https:\/\/revistaautobus.com.br\/#organization\",\"name\":\"Revista AutoBus\",\"url\":\"https:\/\/revistaautobus.com.br\/\",\"logo\":{\"@type\":\"ImageObject\",\"inLanguage\":\"pt-BR\",\"@id\":\"https:\/\/revistaautobus.com.br\/#\/schema\/logo\/image\/\",\"url\":\"https:\/\/revistaautobus.com.br\/wp-content\/uploads\/2024\/11\/logo_revista_autobus_fb.png\",\"contentUrl\":\"https:\/\/revistaautobus.com.br\/wp-content\/uploads\/2024\/11\/logo_revista_autobus_fb.png\",\"width\":836,\"height\":227,\"caption\":\"Revista AutoBus\"},\"image\":{\"@id\":\"https:\/\/revistaautobus.com.br\/#\/schema\/logo\/image\/\"},\"sameAs\":[\"https:\/\/www.facebook.com\/antonio.ferro.3150\",\"https:\/\/www.instagram.com\/revistaautobus\/\"]},{\"@type\":\"Person\",\"@id\":\"https:\/\/revistaautobus.com.br\/#\/schema\/person\/54af7c3eb83a310e42ef686ef6d16f50\",\"name\":\"Antonio Ferro\",\"image\":{\"@type\":\"ImageObject\",\"inLanguage\":\"pt-BR\",\"@id\":\"https:\/\/revistaautobus.com.br\/wp-content\/uploads\/2025\/12\/editor_antonio_ferro-150x150.jpg\",\"url\":\"https:\/\/revistaautobus.com.br\/wp-content\/uploads\/2025\/12\/editor_antonio_ferro-150x150.jpg\",\"contentUrl\":\"https:\/\/revistaautobus.com.br\/wp-content\/uploads\/2025\/12\/editor_antonio_ferro-150x150.jpg\",\"caption\":\"Antonio Ferro\"},\"description\":\"infobus@uol.com.br\",\"url\":\"https:\/\/revistaautobus.com.br\/?author=2\"}]}<\/script>\n<!-- \/ Yoast SEO plugin. -->","yoast_head_json":{"title":"Projeto que valoriza o meio ambiente - Revista AutoBus","robots":{"index":"index","follow":"follow","max-snippet":"max-snippet:-1","max-image-preview":"max-image-preview:large","max-video-preview":"max-video-preview:-1"},"canonical":"https:\/\/revistaautobus.com.br\/?p=12305","og_locale":"pt_BR","og_type":"article","og_title":"Projeto que valoriza o meio ambiente - Revista AutoBus","og_description":"A\u00e7\u00e3o apoiada pelo SETPESP e a Via\u00e7\u00e3o Santa Cruz incentiva estudantes a aprendem sobre a import\u00e2ncia de preservar o meio ambiente e os recursos h\u00eddricos","og_url":"https:\/\/revistaautobus.com.br\/?p=12305","og_site_name":"Revista AutoBus","article_publisher":"https:\/\/www.facebook.com\/antonio.ferro.3150","article_published_time":"2024-06-21T18:52:22+00:00","og_image":[{"width":1000,"height":619,"url":"https:\/\/revistaautobus.com.br\/wp-content\/uploads\/2024\/06\/plantio_arvores_criancas_amplo_setpesp.jpg","type":"image\/jpeg"}],"author":"Antonio Ferro","twitter_card":"summary_large_image","twitter_misc":{"Escrito por":"Antonio Ferro","Est. tempo de leitura":"2 minutos"},"schema":{"@context":"https:\/\/schema.org","@graph":[{"@type":"Article","@id":"https:\/\/revistaautobus.com.br\/?p=12305#article","isPartOf":{"@id":"https:\/\/revistaautobus.com.br\/?p=12305"},"author":{"name":"Antonio Ferro","@id":"https:\/\/revistaautobus.com.br\/#\/schema\/person\/54af7c3eb83a310e42ef686ef6d16f50"},"headline":"Projeto que valoriza o meio ambiente","datePublished":"2024-06-21T18:52:22+00:00","mainEntityOfPage":{"@id":"https:\/\/revistaautobus.com.br\/?p=12305"},"wordCount":367,"commentCount":0,"publisher":{"@id":"https:\/\/revistaautobus.com.br\/#organization"},"image":{"@id":"https:\/\/revistaautobus.com.br\/?p=12305#primaryimage"},"thumbnailUrl":"https:\/\/revistaautobus.com.br\/wp-content\/uploads\/2024\/06\/plantio_arvores_criancas_amplo_setpesp.jpg","keywords":["Passagem Verde","Via\u00e7\u00e3o Santa Cruz"],"articleSection":["Not\u00edcias","Transporte rodovi\u00e1rio"],"inLanguage":"pt-BR","potentialAction":[{"@type":"CommentAction","name":"Comment","target":["https:\/\/revistaautobus.com.br\/?p=12305#respond"]}]},{"@type":"WebPage","@id":"https:\/\/revistaautobus.com.br\/?p=12305","url":"https:\/\/revistaautobus.com.br\/?p=12305","name":"Projeto que valoriza o meio ambiente - Revista AutoBus","isPartOf":{"@id":"https:\/\/revistaautobus.com.br\/#website"},"primaryImageOfPage":{"@id":"https:\/\/revistaautobus.com.br\/?p=12305#primaryimage"},"image":{"@id":"https:\/\/revistaautobus.com.br\/?p=12305#primaryimage"},"thumbnailUrl":"https:\/\/revistaautobus.com.br\/wp-content\/uploads\/2024\/06\/plantio_arvores_criancas_amplo_setpesp.jpg","datePublished":"2024-06-21T18:52:22+00:00","breadcrumb":{"@id":"https:\/\/revistaautobus.com.br\/?p=12305#breadcrumb"},"inLanguage":"pt-BR","potentialAction":[{"@type":"ReadAction","target":["https:\/\/revistaautobus.com.br\/?p=12305"]}]},{"@type":"ImageObject","inLanguage":"pt-BR","@id":"https:\/\/revistaautobus.com.br\/?p=12305#primaryimage","url":"https:\/\/revistaautobus.com.br\/wp-content\/uploads\/2024\/06\/plantio_arvores_criancas_amplo_setpesp.jpg","contentUrl":"https:\/\/revistaautobus.com.br\/wp-content\/uploads\/2024\/06\/plantio_arvores_criancas_amplo_setpesp.jpg","width":1000,"height":619},{"@type":"BreadcrumbList","@id":"https:\/\/revistaautobus.com.br\/?p=12305#breadcrumb","itemListElement":[{"@type":"ListItem","position":1,"name":"In\u00edcio","item":"https:\/\/revistaautobus.com.br\/"},{"@type":"ListItem","position":2,"name":"Projeto que valoriza o meio ambiente"}]},{"@type":"WebSite","@id":"https:\/\/revistaautobus.com.br\/#website","url":"https:\/\/revistaautobus.com.br\/","name":"Revista AutoBus","description":"","publisher":{"@id":"https:\/\/revistaautobus.com.br\/#organization"},"potentialAction":[{"@type":"SearchAction","target":{"@type":"EntryPoint","urlTemplate":"https:\/\/revistaautobus.com.br\/?s={search_term_string}"},"query-input":{"@type":"PropertyValueSpecification","valueRequired":true,"valueName":"search_term_string"}}],"inLanguage":"pt-BR"},{"@type":"Organization","@id":"https:\/\/revistaautobus.com.br\/#organization","name":"Revista AutoBus","url":"https:\/\/revistaautobus.com.br\/","logo":{"@type":"ImageObject","inLanguage":"pt-BR","@id":"https:\/\/revistaautobus.com.br\/#\/schema\/logo\/image\/","url":"https:\/\/revistaautobus.com.br\/wp-content\/uploads\/2024\/11\/logo_revista_autobus_fb.png","contentUrl":"https:\/\/revistaautobus.com.br\/wp-content\/uploads\/2024\/11\/logo_revista_autobus_fb.png","width":836,"height":227,"caption":"Revista AutoBus"},"image":{"@id":"https:\/\/revistaautobus.com.br\/#\/schema\/logo\/image\/"},"sameAs":["https:\/\/www.facebook.com\/antonio.ferro.3150","https:\/\/www.instagram.com\/revistaautobus\/"]},{"@type":"Person","@id":"https:\/\/revistaautobus.com.br\/#\/schema\/person\/54af7c3eb83a310e42ef686ef6d16f50","name":"Antonio Ferro","image":{"@type":"ImageObject","inLanguage":"pt-BR","@id":"https:\/\/revistaautobus.com.br\/wp-content\/uploads\/2025\/12\/editor_antonio_ferro-150x150.jpg","url":"https:\/\/revistaautobus.com.br\/wp-content\/uploads\/2025\/12\/editor_antonio_ferro-150x150.jpg","contentUrl":"https:\/\/revistaautobus.com.br\/wp-content\/uploads\/2025\/12\/editor_antonio_ferro-150x150.jpg","caption":"Antonio Ferro"},"description":"infobus@uol.com.br","url":"https:\/\/revistaautobus.com.br\/?author=2"}]}},"jetpack_featured_media_url":"https:\/\/revistaautobus.com.br\/wp-content\/uploads\/2024\/06\/plantio_arvores_criancas_amplo_setpesp.jpg","jetpack_sharing_enabled":true,"_links":{"self":[{"href":"https:\/\/revistaautobus.com.br\/index.php?rest_route=\/wp\/v2\/posts\/12305","targetHints":{"allow":["GET"]}}],"collection":[{"href":"https:\/\/revistaautobus.com.br\/index.php?rest_route=\/wp\/v2\/posts"}],"about":[{"href":"https:\/\/revistaautobus.com.br\/index.php?rest_route=\/wp\/v2\/types\/post"}],"author":[{"embeddable":true,"href":"https:\/\/revistaautobus.com.br\/index.php?rest_route=\/wp\/v2\/users\/2"}],"replies":[{"embeddable":true,"href":"https:\/\/revistaautobus.com.br\/index.php?rest_route=%2Fwp%2Fv2%2Fcomments&post=12305"}],"version-history":[{"count":3,"href":"https:\/\/revistaautobus.com.br\/index.php?rest_route=\/wp\/v2\/posts\/12305\/revisions"}],"predecessor-version":[{"id":12309,"href":"https:\/\/revistaautobus.com.br\/index.php?rest_route=\/wp\/v2\/posts\/12305\/revisions\/12309"}],"wp:featuredmedia":[{"embeddable":true,"href":"https:\/\/revistaautobus.com.br\/index.php?rest_route=\/wp\/v2\/media\/12306"}],"wp:attachment":[{"href":"https:\/\/revistaautobus.com.br\/index.php?rest_route=%2Fwp%2Fv2%2Fmedia&parent=12305"}],"wp:term":[{"taxonomy":"category","embeddable":true,"href":"https:\/\/revistaautobus.com.br\/index.php?rest_route=%2Fwp%2Fv2%2Fcategories&post=12305"},{"taxonomy":"post_tag","embeddable":true,"href":"https:\/\/revistaautobus.com.br\/index.php?rest_route=%2Fwp%2Fv2%2Ftags&post=12305"}],"curies":[{"name":"wp","href":"https:\/\/api.w.org\/{rel}","templated":true}]}}