{"id":12348,"date":"2024-06-26T12:59:35","date_gmt":"2024-06-26T15:59:35","guid":{"rendered":"https:\/\/revistaautobus.com.br\/?p=12348"},"modified":"2024-06-26T12:59:35","modified_gmt":"2024-06-26T15:59:35","slug":"47o-capitulo-eu-tive-um-sonho","status":"publish","type":"post","link":"https:\/\/revistaautobus.com.br\/?p=12348","title":{"rendered":"47\u00ba. Cap\u00edtulo \u2013 Eu tive um sonho"},"content":{"rendered":"<p>Por <span style=\"color: #008000;\"><em><strong>Antonio S\u00e1<\/strong><\/em><\/span> &#8211; consultor de Marketing, Planejamento e Opera\u00e7\u00f5es de Empresas de Transporte<\/p>\n<p>Na verdade, quase todo mundo sonha.<\/p>\n<p>Um dos meus sonhos era fazer alguma coisa relevante para um grupo de pessoas que, de alguma forma, dependesse do meu conhecimento ou da minha capacidade de observa\u00e7\u00e3o. Trabalhando em transporte p\u00fablico, existe um caminho natural: \u00c9 preciso saber quem s\u00e3o essas pessoas, o que elas precisam e ent\u00e3o buscar algo que esteja a seu alcance e as favore\u00e7a.<\/p>\n<p>\u00c0 \u00e9poca, eu trabalhava numa grande empresa que levava passageiros de uma cidade a outra, em algumas regi\u00f5es do Pa\u00eds. A trabalho, me desloquei num fim de semana para o norte do Estado do Rio de Janeiro.<\/p>\n<p>Domingo \u00e0 noite, estava aguardando a passagem de um de nossos ve\u00edculos por uma pequena localidade. O destino final era a cidade de Maca\u00e9, na \u00e9poca, o epicentro da explora\u00e7\u00e3o de petr\u00f3leo no Brasil. Naquele pequeno munic\u00edpio, as passagens eram vendidas por um terceirizado, onde funcionava uma padaria e o embarque era num ponto, numa via urbana, que tamb\u00e9m fazia parte de uma estrada estadual.<\/p>\n<p>Nada demais, todo mundo j\u00e1 viu um local de embarque assim ou viu um embarque assim, em alguma cena de cinema. Acontece que eu havia me proposto a ver essa cena de perto, para quem sabe descobrir alguma coisa nova.<\/p>\n<p>Uma senhora, uma menininha e uma mulher jovem, de uns trinta anos, estavam ali, junto a outros passageiros. Quando o \u00f4nibus apareceu \u00e0 dist\u00e2ncia, assisti \u00e0 despedida entre elas. A mulher jovem iria embarcar para Maca\u00e9, a 200 quil\u00f4metros e a cerca de 4 horas de viagem dali. Chegaria no destino pr\u00f3ximo \u00e0s 22:30 de domingo, para iniciar a semana de trabalho na segunda-feira pela manh\u00e3.<\/p>\n<p>O olhar da m\u00e3e para a filha era assim: parte era tristeza e parte era compreens\u00e3o. O olhar da menininha talvez fosse de orgulho. Ela estava com a av\u00f3 no ponto de embarque da tia que ia voltar para trabalhar numa cidade que, possivelmente, ela sequer conhecia.<\/p>\n<p>Percebi que a empresa de transporte que eu comandava, trazia e levava parentes, companheiros ou pessoas que se amavam ou que, por diversos motivos, precisavam se encontrar. Foi f\u00e1cil compreender o quanto ela fazia parte da vida daquelas pessoas, a gera\u00e7\u00f5es.<\/p>\n<p>N\u00e3o sei se quem est\u00e1 lendo isso, consegue entender quantos desdobramentos essa compreens\u00e3o pode oferecer. Voc\u00eas conseguem imaginar a for\u00e7a dessa marca na regi\u00e3o? Como eu estava estudando aquele mercado, verifiquei que 18:30 era o \u00faltimo hor\u00e1rio no domingo para levar aqueles passageiros para Maca\u00e9.<\/p>\n<p>E descobri, tamb\u00e9m, que a empresa mantinha aquele hor\u00e1rio para atender ao epicentro da explora\u00e7\u00e3o brasileira de petr\u00f3leo, h\u00e1 mais de 20 anos!<\/p>\n<p>Imaginei quantos pais de fam\u00edlia, quantos filhos e quantas filhas abreviavam a perman\u00eancia na regi\u00e3o por depender daquele hor\u00e1rio para se deslocar. Aos domingos, sempre havia servi\u00e7os extras, por\u00e9m todos eles pr\u00f3ximos \u00e0quele hor\u00e1rio, at\u00e9 ent\u00e3o consagrado!<\/p>\n<p>Conversei com toda a equipe da regi\u00e3o e com todos os terceirizados e resolvi arriscar abrir um novo hor\u00e1rio. Seria na madrugada de domingo para segunda, que chegasse em Maca\u00e9, entre 05:30\/06:00 da manh\u00e3.<\/p>\n<p>A for\u00e7a da marca e sua forte presen\u00e7a na regi\u00e3o, rapidamente, consagraram o novo e, at\u00e9 ent\u00e3o, in\u00e9dito hor\u00e1rio da madrugada.<\/p>\n<p>Os hor\u00e1rios extras, no final das tardes de domingo, passaram para as\u00a0madrugadas de segunda-feira! E a jovem tia, de 30 anos, passou a colocar a sobrinha para dormir, nas noites de domingo, em que ia visitar a fam\u00edlia.<\/p>\n<p>Imagem &#8211; Acervo Antonio S\u00e1<\/p>\n<p>&nbsp;<\/p>\n","protected":false},"excerpt":{"rendered":"<p>As rela\u00e7\u00f5es humanas concretizadas pelos servi\u00e7os de \u00f4nibus rodovi\u00e1rios<\/p>\n","protected":false},"author":2,"featured_media":12349,"comment_status":"open","ping_status":"open","sticky":false,"template":"","format":"standard","meta":{"_et_pb_use_builder":"","_et_pb_old_content":"","_et_gb_content_width":"","_jetpack_memberships_contains_paid_content":false,"footnotes":""},"categories":[588,80],"tags":[364],"class_list":["post-12348","post","type-post","status-publish","format-standard","has-post-thumbnail","hentry","category-opiniao","category-transporte-rodoviario","tag-transporte-rodoviario","et-has-post-format-content","et_post_format-et-post-format-standard"],"yoast_head":"<!-- This site is optimized with the Yoast SEO plugin v27.2 - https:\/\/yoast.com\/product\/yoast-seo-wordpress\/ -->\n<title>47\u00ba. Cap\u00edtulo \u2013 Eu tive um sonho - Revista AutoBus<\/title>\n<meta name=\"robots\" content=\"index, follow, max-snippet:-1, max-image-preview:large, max-video-preview:-1\" \/>\n<link rel=\"canonical\" href=\"https:\/\/revistaautobus.com.br\/?p=12348\" \/>\n<meta property=\"og:locale\" content=\"pt_BR\" \/>\n<meta property=\"og:type\" content=\"article\" \/>\n<meta property=\"og:title\" content=\"47\u00ba. Cap\u00edtulo \u2013 Eu tive um sonho - Revista AutoBus\" \/>\n<meta property=\"og:description\" content=\"As rela\u00e7\u00f5es humanas concretizadas pelos servi\u00e7os de \u00f4nibus rodovi\u00e1rios\" \/>\n<meta property=\"og:url\" content=\"https:\/\/revistaautobus.com.br\/?p=12348\" \/>\n<meta property=\"og:site_name\" content=\"Revista AutoBus\" \/>\n<meta property=\"article:publisher\" content=\"https:\/\/www.facebook.com\/antonio.ferro.3150\" \/>\n<meta property=\"article:published_time\" content=\"2024-06-26T15:59:35+00:00\" \/>\n<meta property=\"og:image\" content=\"https:\/\/revistaautobus.com.br\/wp-content\/uploads\/2024\/06\/IMG-20240620-WA0074.jpg\" \/>\n\t<meta property=\"og:image:width\" content=\"1170\" \/>\n\t<meta property=\"og:image:height\" content=\"1280\" \/>\n\t<meta property=\"og:image:type\" content=\"image\/jpeg\" \/>\n<meta name=\"author\" content=\"Antonio Ferro\" \/>\n<meta name=\"twitter:card\" content=\"summary_large_image\" \/>\n<meta name=\"twitter:label1\" content=\"Escrito por\" \/>\n\t<meta name=\"twitter:data1\" content=\"Antonio Ferro\" \/>\n\t<meta name=\"twitter:label2\" content=\"Est. tempo de leitura\" \/>\n\t<meta name=\"twitter:data2\" content=\"3 minutos\" \/>\n<script type=\"application\/ld+json\" class=\"yoast-schema-graph\">{\"@context\":\"https:\/\/schema.org\",\"@graph\":[{\"@type\":\"Article\",\"@id\":\"https:\/\/revistaautobus.com.br\/?p=12348#article\",\"isPartOf\":{\"@id\":\"https:\/\/revistaautobus.com.br\/?p=12348\"},\"author\":{\"name\":\"Antonio Ferro\",\"@id\":\"https:\/\/revistaautobus.com.br\/#\/schema\/person\/54af7c3eb83a310e42ef686ef6d16f50\"},\"headline\":\"47\u00ba. Cap\u00edtulo \u2013 Eu tive um sonho\",\"datePublished\":\"2024-06-26T15:59:35+00:00\",\"mainEntityOfPage\":{\"@id\":\"https:\/\/revistaautobus.com.br\/?p=12348\"},\"wordCount\":623,\"commentCount\":0,\"publisher\":{\"@id\":\"https:\/\/revistaautobus.com.br\/#organization\"},\"image\":{\"@id\":\"https:\/\/revistaautobus.com.br\/?p=12348#primaryimage\"},\"thumbnailUrl\":\"https:\/\/revistaautobus.com.br\/wp-content\/uploads\/2024\/06\/IMG-20240620-WA0074.jpg\",\"keywords\":[\"Transporte rodovi\u00e1rio\"],\"articleSection\":[\"Opini\u00e3o\",\"Transporte rodovi\u00e1rio\"],\"inLanguage\":\"pt-BR\",\"potentialAction\":[{\"@type\":\"CommentAction\",\"name\":\"Comment\",\"target\":[\"https:\/\/revistaautobus.com.br\/?p=12348#respond\"]}]},{\"@type\":\"WebPage\",\"@id\":\"https:\/\/revistaautobus.com.br\/?p=12348\",\"url\":\"https:\/\/revistaautobus.com.br\/?p=12348\",\"name\":\"47\u00ba. Cap\u00edtulo \u2013 Eu tive um sonho - Revista AutoBus\",\"isPartOf\":{\"@id\":\"https:\/\/revistaautobus.com.br\/#website\"},\"primaryImageOfPage\":{\"@id\":\"https:\/\/revistaautobus.com.br\/?p=12348#primaryimage\"},\"image\":{\"@id\":\"https:\/\/revistaautobus.com.br\/?p=12348#primaryimage\"},\"thumbnailUrl\":\"https:\/\/revistaautobus.com.br\/wp-content\/uploads\/2024\/06\/IMG-20240620-WA0074.jpg\",\"datePublished\":\"2024-06-26T15:59:35+00:00\",\"breadcrumb\":{\"@id\":\"https:\/\/revistaautobus.com.br\/?p=12348#breadcrumb\"},\"inLanguage\":\"pt-BR\",\"potentialAction\":[{\"@type\":\"ReadAction\",\"target\":[\"https:\/\/revistaautobus.com.br\/?p=12348\"]}]},{\"@type\":\"ImageObject\",\"inLanguage\":\"pt-BR\",\"@id\":\"https:\/\/revistaautobus.com.br\/?p=12348#primaryimage\",\"url\":\"https:\/\/revistaautobus.com.br\/wp-content\/uploads\/2024\/06\/IMG-20240620-WA0074.jpg\",\"contentUrl\":\"https:\/\/revistaautobus.com.br\/wp-content\/uploads\/2024\/06\/IMG-20240620-WA0074.jpg\",\"width\":1170,\"height\":1280},{\"@type\":\"BreadcrumbList\",\"@id\":\"https:\/\/revistaautobus.com.br\/?p=12348#breadcrumb\",\"itemListElement\":[{\"@type\":\"ListItem\",\"position\":1,\"name\":\"In\u00edcio\",\"item\":\"https:\/\/revistaautobus.com.br\/\"},{\"@type\":\"ListItem\",\"position\":2,\"name\":\"47\u00ba. Cap\u00edtulo \u2013 Eu tive um sonho\"}]},{\"@type\":\"WebSite\",\"@id\":\"https:\/\/revistaautobus.com.br\/#website\",\"url\":\"https:\/\/revistaautobus.com.br\/\",\"name\":\"Revista AutoBus\",\"description\":\"\",\"publisher\":{\"@id\":\"https:\/\/revistaautobus.com.br\/#organization\"},\"potentialAction\":[{\"@type\":\"SearchAction\",\"target\":{\"@type\":\"EntryPoint\",\"urlTemplate\":\"https:\/\/revistaautobus.com.br\/?s={search_term_string}\"},\"query-input\":{\"@type\":\"PropertyValueSpecification\",\"valueRequired\":true,\"valueName\":\"search_term_string\"}}],\"inLanguage\":\"pt-BR\"},{\"@type\":\"Organization\",\"@id\":\"https:\/\/revistaautobus.com.br\/#organization\",\"name\":\"Revista AutoBus\",\"url\":\"https:\/\/revistaautobus.com.br\/\",\"logo\":{\"@type\":\"ImageObject\",\"inLanguage\":\"pt-BR\",\"@id\":\"https:\/\/revistaautobus.com.br\/#\/schema\/logo\/image\/\",\"url\":\"https:\/\/revistaautobus.com.br\/wp-content\/uploads\/2024\/11\/logo_revista_autobus_fb.png\",\"contentUrl\":\"https:\/\/revistaautobus.com.br\/wp-content\/uploads\/2024\/11\/logo_revista_autobus_fb.png\",\"width\":836,\"height\":227,\"caption\":\"Revista AutoBus\"},\"image\":{\"@id\":\"https:\/\/revistaautobus.com.br\/#\/schema\/logo\/image\/\"},\"sameAs\":[\"https:\/\/www.facebook.com\/antonio.ferro.3150\",\"https:\/\/www.instagram.com\/revistaautobus\/\"]},{\"@type\":\"Person\",\"@id\":\"https:\/\/revistaautobus.com.br\/#\/schema\/person\/54af7c3eb83a310e42ef686ef6d16f50\",\"name\":\"Antonio Ferro\",\"image\":{\"@type\":\"ImageObject\",\"inLanguage\":\"pt-BR\",\"@id\":\"https:\/\/revistaautobus.com.br\/wp-content\/uploads\/2025\/12\/editor_antonio_ferro-150x150.jpg\",\"url\":\"https:\/\/revistaautobus.com.br\/wp-content\/uploads\/2025\/12\/editor_antonio_ferro-150x150.jpg\",\"contentUrl\":\"https:\/\/revistaautobus.com.br\/wp-content\/uploads\/2025\/12\/editor_antonio_ferro-150x150.jpg\",\"caption\":\"Antonio Ferro\"},\"description\":\"infobus@uol.com.br\",\"url\":\"https:\/\/revistaautobus.com.br\/?author=2\"}]}<\/script>\n<!-- \/ Yoast SEO plugin. -->","yoast_head_json":{"title":"47\u00ba. Cap\u00edtulo \u2013 Eu tive um sonho - Revista AutoBus","robots":{"index":"index","follow":"follow","max-snippet":"max-snippet:-1","max-image-preview":"max-image-preview:large","max-video-preview":"max-video-preview:-1"},"canonical":"https:\/\/revistaautobus.com.br\/?p=12348","og_locale":"pt_BR","og_type":"article","og_title":"47\u00ba. Cap\u00edtulo \u2013 Eu tive um sonho - Revista AutoBus","og_description":"As rela\u00e7\u00f5es humanas concretizadas pelos servi\u00e7os de \u00f4nibus rodovi\u00e1rios","og_url":"https:\/\/revistaautobus.com.br\/?p=12348","og_site_name":"Revista AutoBus","article_publisher":"https:\/\/www.facebook.com\/antonio.ferro.3150","article_published_time":"2024-06-26T15:59:35+00:00","og_image":[{"width":1170,"height":1280,"url":"https:\/\/revistaautobus.com.br\/wp-content\/uploads\/2024\/06\/IMG-20240620-WA0074.jpg","type":"image\/jpeg"}],"author":"Antonio Ferro","twitter_card":"summary_large_image","twitter_misc":{"Escrito por":"Antonio Ferro","Est. tempo de leitura":"3 minutos"},"schema":{"@context":"https:\/\/schema.org","@graph":[{"@type":"Article","@id":"https:\/\/revistaautobus.com.br\/?p=12348#article","isPartOf":{"@id":"https:\/\/revistaautobus.com.br\/?p=12348"},"author":{"name":"Antonio Ferro","@id":"https:\/\/revistaautobus.com.br\/#\/schema\/person\/54af7c3eb83a310e42ef686ef6d16f50"},"headline":"47\u00ba. Cap\u00edtulo \u2013 Eu tive um sonho","datePublished":"2024-06-26T15:59:35+00:00","mainEntityOfPage":{"@id":"https:\/\/revistaautobus.com.br\/?p=12348"},"wordCount":623,"commentCount":0,"publisher":{"@id":"https:\/\/revistaautobus.com.br\/#organization"},"image":{"@id":"https:\/\/revistaautobus.com.br\/?p=12348#primaryimage"},"thumbnailUrl":"https:\/\/revistaautobus.com.br\/wp-content\/uploads\/2024\/06\/IMG-20240620-WA0074.jpg","keywords":["Transporte rodovi\u00e1rio"],"articleSection":["Opini\u00e3o","Transporte rodovi\u00e1rio"],"inLanguage":"pt-BR","potentialAction":[{"@type":"CommentAction","name":"Comment","target":["https:\/\/revistaautobus.com.br\/?p=12348#respond"]}]},{"@type":"WebPage","@id":"https:\/\/revistaautobus.com.br\/?p=12348","url":"https:\/\/revistaautobus.com.br\/?p=12348","name":"47\u00ba. Cap\u00edtulo \u2013 Eu tive um sonho - Revista AutoBus","isPartOf":{"@id":"https:\/\/revistaautobus.com.br\/#website"},"primaryImageOfPage":{"@id":"https:\/\/revistaautobus.com.br\/?p=12348#primaryimage"},"image":{"@id":"https:\/\/revistaautobus.com.br\/?p=12348#primaryimage"},"thumbnailUrl":"https:\/\/revistaautobus.com.br\/wp-content\/uploads\/2024\/06\/IMG-20240620-WA0074.jpg","datePublished":"2024-06-26T15:59:35+00:00","breadcrumb":{"@id":"https:\/\/revistaautobus.com.br\/?p=12348#breadcrumb"},"inLanguage":"pt-BR","potentialAction":[{"@type":"ReadAction","target":["https:\/\/revistaautobus.com.br\/?p=12348"]}]},{"@type":"ImageObject","inLanguage":"pt-BR","@id":"https:\/\/revistaautobus.com.br\/?p=12348#primaryimage","url":"https:\/\/revistaautobus.com.br\/wp-content\/uploads\/2024\/06\/IMG-20240620-WA0074.jpg","contentUrl":"https:\/\/revistaautobus.com.br\/wp-content\/uploads\/2024\/06\/IMG-20240620-WA0074.jpg","width":1170,"height":1280},{"@type":"BreadcrumbList","@id":"https:\/\/revistaautobus.com.br\/?p=12348#breadcrumb","itemListElement":[{"@type":"ListItem","position":1,"name":"In\u00edcio","item":"https:\/\/revistaautobus.com.br\/"},{"@type":"ListItem","position":2,"name":"47\u00ba. Cap\u00edtulo \u2013 Eu tive um sonho"}]},{"@type":"WebSite","@id":"https:\/\/revistaautobus.com.br\/#website","url":"https:\/\/revistaautobus.com.br\/","name":"Revista AutoBus","description":"","publisher":{"@id":"https:\/\/revistaautobus.com.br\/#organization"},"potentialAction":[{"@type":"SearchAction","target":{"@type":"EntryPoint","urlTemplate":"https:\/\/revistaautobus.com.br\/?s={search_term_string}"},"query-input":{"@type":"PropertyValueSpecification","valueRequired":true,"valueName":"search_term_string"}}],"inLanguage":"pt-BR"},{"@type":"Organization","@id":"https:\/\/revistaautobus.com.br\/#organization","name":"Revista AutoBus","url":"https:\/\/revistaautobus.com.br\/","logo":{"@type":"ImageObject","inLanguage":"pt-BR","@id":"https:\/\/revistaautobus.com.br\/#\/schema\/logo\/image\/","url":"https:\/\/revistaautobus.com.br\/wp-content\/uploads\/2024\/11\/logo_revista_autobus_fb.png","contentUrl":"https:\/\/revistaautobus.com.br\/wp-content\/uploads\/2024\/11\/logo_revista_autobus_fb.png","width":836,"height":227,"caption":"Revista AutoBus"},"image":{"@id":"https:\/\/revistaautobus.com.br\/#\/schema\/logo\/image\/"},"sameAs":["https:\/\/www.facebook.com\/antonio.ferro.3150","https:\/\/www.instagram.com\/revistaautobus\/"]},{"@type":"Person","@id":"https:\/\/revistaautobus.com.br\/#\/schema\/person\/54af7c3eb83a310e42ef686ef6d16f50","name":"Antonio Ferro","image":{"@type":"ImageObject","inLanguage":"pt-BR","@id":"https:\/\/revistaautobus.com.br\/wp-content\/uploads\/2025\/12\/editor_antonio_ferro-150x150.jpg","url":"https:\/\/revistaautobus.com.br\/wp-content\/uploads\/2025\/12\/editor_antonio_ferro-150x150.jpg","contentUrl":"https:\/\/revistaautobus.com.br\/wp-content\/uploads\/2025\/12\/editor_antonio_ferro-150x150.jpg","caption":"Antonio Ferro"},"description":"infobus@uol.com.br","url":"https:\/\/revistaautobus.com.br\/?author=2"}]}},"jetpack_featured_media_url":"https:\/\/revistaautobus.com.br\/wp-content\/uploads\/2024\/06\/IMG-20240620-WA0074.jpg","jetpack_sharing_enabled":true,"_links":{"self":[{"href":"https:\/\/revistaautobus.com.br\/index.php?rest_route=\/wp\/v2\/posts\/12348","targetHints":{"allow":["GET"]}}],"collection":[{"href":"https:\/\/revistaautobus.com.br\/index.php?rest_route=\/wp\/v2\/posts"}],"about":[{"href":"https:\/\/revistaautobus.com.br\/index.php?rest_route=\/wp\/v2\/types\/post"}],"author":[{"embeddable":true,"href":"https:\/\/revistaautobus.com.br\/index.php?rest_route=\/wp\/v2\/users\/2"}],"replies":[{"embeddable":true,"href":"https:\/\/revistaautobus.com.br\/index.php?rest_route=%2Fwp%2Fv2%2Fcomments&post=12348"}],"version-history":[{"count":3,"href":"https:\/\/revistaautobus.com.br\/index.php?rest_route=\/wp\/v2\/posts\/12348\/revisions"}],"predecessor-version":[{"id":12352,"href":"https:\/\/revistaautobus.com.br\/index.php?rest_route=\/wp\/v2\/posts\/12348\/revisions\/12352"}],"wp:featuredmedia":[{"embeddable":true,"href":"https:\/\/revistaautobus.com.br\/index.php?rest_route=\/wp\/v2\/media\/12349"}],"wp:attachment":[{"href":"https:\/\/revistaautobus.com.br\/index.php?rest_route=%2Fwp%2Fv2%2Fmedia&parent=12348"}],"wp:term":[{"taxonomy":"category","embeddable":true,"href":"https:\/\/revistaautobus.com.br\/index.php?rest_route=%2Fwp%2Fv2%2Fcategories&post=12348"},{"taxonomy":"post_tag","embeddable":true,"href":"https:\/\/revistaautobus.com.br\/index.php?rest_route=%2Fwp%2Fv2%2Ftags&post=12348"}],"curies":[{"name":"wp","href":"https:\/\/api.w.org\/{rel}","templated":true}]}}