{"id":12356,"date":"2024-06-28T16:18:17","date_gmt":"2024-06-28T19:18:17","guid":{"rendered":"https:\/\/revistaautobus.com.br\/?p=12356"},"modified":"2024-06-28T16:20:06","modified_gmt":"2024-06-28T19:20:06","slug":"grupo-comporte-em-dia-com-o-compromisso-da-seguranca","status":"publish","type":"post","link":"https:\/\/revistaautobus.com.br\/?p=12356","title":{"rendered":"Grupo Comporte em dia com o compromisso da seguran\u00e7a"},"content":{"rendered":"<p>O Grupo Comporte considera a seguran\u00e7a de seus clientes fator determinante na presta\u00e7\u00e3o de seus servi\u00e7os di\u00e1rios, tanto nas linhas urbanas, rodovi\u00e1rias ou de fretamento. Assim ele atua, de forma preventiva, para atenuar as poss\u00edveis ocorr\u00eancias que venham ocorrer em seu cotidiano nos servi\u00e7os. E a tecnologia vem sendo fundamental no apoio \u00e0s iniciativas focadas nas quest\u00f5es de seguran\u00e7a.<\/p>\n<p>Segundo informa\u00e7\u00f5es obtidas, exclusivamente, pela Revista AutoBus, o Grupo est\u00e1 em constante evolu\u00e7\u00e3o e realizando investimentos focados no monitoramento em tempo real da frota, c\u00e2meras e sensores de seguran\u00e7a, plataformas digitais de comunica\u00e7\u00e3o com os seus colaboradores, treinamento constante de motoristas nas melhores e mais atuais pr\u00e1ticas de condu\u00e7\u00e3o segura e econ\u00f4mica, al\u00e9m da renova\u00e7\u00e3o constante da frota e nas manuten\u00e7\u00f5es preventivas dos ve\u00edculos da frota.<\/p>\n<p>Em resposta \u00e0 este editorial, o Grupo Comporte destacou que o motorista \u00e9 o seu maior ativo, e toda a estrutura, desde os setores de manuten\u00e7\u00e3o at\u00e9 os administrativos, buscam sempre o melhor para esses colaboradores. O conglomerado refor\u00e7ou que h\u00e1 constantes treinamentos, eventos e incentivos a programas internos de valoriza\u00e7\u00e3o e premia\u00e7\u00e3o dos motoristas que se destacam operacionalmente no seu dia a dia.<\/p>\n<div id=\"attachment_12358\" style=\"width: 1034px\" class=\"wp-caption alignnone\"><img loading=\"lazy\" decoding=\"async\" aria-describedby=\"caption-attachment-12358\" class=\"wp-image-12358 size-large\" src=\"https:\/\/revistaautobus.com.br\/wp-content\/uploads\/2024\/06\/IMG-20240628-WA0071-1024x768.jpg\" alt=\"\" width=\"1024\" height=\"768\" srcset=\"https:\/\/revistaautobus.com.br\/wp-content\/uploads\/2024\/06\/IMG-20240628-WA0071-1024x768.jpg 1024w, https:\/\/revistaautobus.com.br\/wp-content\/uploads\/2024\/06\/IMG-20240628-WA0071-300x225.jpg 300w, https:\/\/revistaautobus.com.br\/wp-content\/uploads\/2024\/06\/IMG-20240628-WA0071-768x576.jpg 768w, https:\/\/revistaautobus.com.br\/wp-content\/uploads\/2024\/06\/IMG-20240628-WA0071-1080x810.jpg 1080w, https:\/\/revistaautobus.com.br\/wp-content\/uploads\/2024\/06\/IMG-20240628-WA0071.jpg 1288w\" sizes=\"(max-width: 1024px) 100vw, 1024px\" \/><p id=\"caption-attachment-12358\" class=\"wp-caption-text\"><span style=\"color: #800000;\"><em><strong>Profissionais do Grupo Comporte recebem orienta\u00e7\u00f5es e treinamentos visando o melhor atendimento ao passageiro e a condu\u00e7\u00e3o segura<\/strong><\/em><\/span><\/p><\/div>\n<p>Quanto ao uso da tecnologia embarcada nos \u00f4nibus, o Grupo mencionou que a vantagem \u00e9 percebida de forma r\u00e1pida, de modo que os seus clientes tenham a percep\u00e7\u00e3o de que as viagens ser\u00e3o segura e tranquila, alcan\u00e7adas por meio da condu\u00e7\u00e3o segura dos motoristas, redu\u00e7\u00e3o das intercorr\u00eancias nos trajetos, frota nova e com o cont\u00ednuo processo de renova\u00e7\u00e3o.<\/p>\n<p>A falta de motorista profissional no mercado do transporte \u00e9 sentida em todas as frentes. Perguntado sobre o que o Grupo vem fazendo para amenizar esse problema, a resposta salientou que essa car\u00eancia na disponibilidade de m\u00e3o de obra fez com que ele se mobilizasse para mudar esse quadro. Por este motivo \u00e9 incentivado o desenvolvimento interno de seus colaboradores, por meio de programas e cursos de condu\u00e7\u00e3o, iniciando com motoristas de ve\u00edculos leves e a medida que ele adquire mais habilidade e experi\u00eancia abrem-se oportunidades de desenvolvimentos para os \u00f4nibus convencionais e de grande porte.<\/p>\n<p>Imagens &#8211; Divulga\u00e7\u00e3o<\/p>\n","protected":false},"excerpt":{"rendered":"<p>Um dos mais expressivos conglomerados de operadoras do transporte rodovi\u00e1rio de passageiros ressalta a import\u00e2ncia em investir nas opera\u00e7\u00f5es seguras<\/p>\n","protected":false},"author":2,"featured_media":12357,"comment_status":"open","ping_status":"open","sticky":false,"template":"","format":"standard","meta":{"_et_pb_use_builder":"","_et_pb_old_content":"","_et_gb_content_width":"","_jetpack_memberships_contains_paid_content":false,"footnotes":""},"categories":[90,80],"tags":[596],"class_list":["post-12356","post","type-post","status-publish","format-standard","has-post-thumbnail","hentry","category-noticias","category-transporte-rodoviario","tag-grupo-comporte","et-has-post-format-content","et_post_format-et-post-format-standard"],"yoast_head":"<!-- This site is optimized with the Yoast SEO plugin v27.2 - https:\/\/yoast.com\/product\/yoast-seo-wordpress\/ -->\n<title>Grupo Comporte em dia com o compromisso da seguran\u00e7a - Revista AutoBus<\/title>\n<meta name=\"robots\" content=\"index, follow, max-snippet:-1, max-image-preview:large, max-video-preview:-1\" \/>\n<link rel=\"canonical\" href=\"https:\/\/revistaautobus.com.br\/?p=12356\" \/>\n<meta property=\"og:locale\" content=\"pt_BR\" \/>\n<meta property=\"og:type\" content=\"article\" \/>\n<meta property=\"og:title\" content=\"Grupo Comporte em dia com o compromisso da seguran\u00e7a - Revista AutoBus\" \/>\n<meta property=\"og:description\" content=\"Um dos mais expressivos conglomerados de operadoras do transporte rodovi\u00e1rio de passageiros ressalta a import\u00e2ncia em investir nas opera\u00e7\u00f5es seguras\" \/>\n<meta property=\"og:url\" content=\"https:\/\/revistaautobus.com.br\/?p=12356\" \/>\n<meta property=\"og:site_name\" content=\"Revista AutoBus\" \/>\n<meta property=\"article:publisher\" content=\"https:\/\/www.facebook.com\/antonio.ferro.3150\" \/>\n<meta property=\"article:published_time\" content=\"2024-06-28T19:18:17+00:00\" \/>\n<meta property=\"article:modified_time\" content=\"2024-06-28T19:20:06+00:00\" \/>\n<meta property=\"og:image\" content=\"https:\/\/revistaautobus.com.br\/wp-content\/uploads\/2024\/06\/IMG-20240628-WA0064.jpg\" \/>\n\t<meta property=\"og:image:width\" content=\"1600\" \/>\n\t<meta property=\"og:image:height\" content=\"1066\" \/>\n\t<meta property=\"og:image:type\" content=\"image\/jpeg\" \/>\n<meta name=\"author\" content=\"Antonio Ferro\" \/>\n<meta name=\"twitter:card\" content=\"summary_large_image\" \/>\n<meta name=\"twitter:label1\" content=\"Escrito por\" \/>\n\t<meta name=\"twitter:data1\" content=\"Antonio Ferro\" \/>\n\t<meta name=\"twitter:label2\" content=\"Est. tempo de leitura\" \/>\n\t<meta name=\"twitter:data2\" content=\"2 minutos\" \/>\n<script type=\"application\/ld+json\" class=\"yoast-schema-graph\">{\"@context\":\"https:\/\/schema.org\",\"@graph\":[{\"@type\":\"Article\",\"@id\":\"https:\/\/revistaautobus.com.br\/?p=12356#article\",\"isPartOf\":{\"@id\":\"https:\/\/revistaautobus.com.br\/?p=12356\"},\"author\":{\"name\":\"Antonio Ferro\",\"@id\":\"https:\/\/revistaautobus.com.br\/#\/schema\/person\/54af7c3eb83a310e42ef686ef6d16f50\"},\"headline\":\"Grupo Comporte em dia com o compromisso da seguran\u00e7a\",\"datePublished\":\"2024-06-28T19:18:17+00:00\",\"dateModified\":\"2024-06-28T19:20:06+00:00\",\"mainEntityOfPage\":{\"@id\":\"https:\/\/revistaautobus.com.br\/?p=12356\"},\"wordCount\":419,\"commentCount\":0,\"publisher\":{\"@id\":\"https:\/\/revistaautobus.com.br\/#organization\"},\"image\":{\"@id\":\"https:\/\/revistaautobus.com.br\/?p=12356#primaryimage\"},\"thumbnailUrl\":\"https:\/\/revistaautobus.com.br\/wp-content\/uploads\/2024\/06\/IMG-20240628-WA0064.jpg\",\"keywords\":[\"Grupo Comporte\"],\"articleSection\":[\"Not\u00edcias\",\"Transporte rodovi\u00e1rio\"],\"inLanguage\":\"pt-BR\",\"potentialAction\":[{\"@type\":\"CommentAction\",\"name\":\"Comment\",\"target\":[\"https:\/\/revistaautobus.com.br\/?p=12356#respond\"]}]},{\"@type\":\"WebPage\",\"@id\":\"https:\/\/revistaautobus.com.br\/?p=12356\",\"url\":\"https:\/\/revistaautobus.com.br\/?p=12356\",\"name\":\"Grupo Comporte em dia com o compromisso da seguran\u00e7a - Revista AutoBus\",\"isPartOf\":{\"@id\":\"https:\/\/revistaautobus.com.br\/#website\"},\"primaryImageOfPage\":{\"@id\":\"https:\/\/revistaautobus.com.br\/?p=12356#primaryimage\"},\"image\":{\"@id\":\"https:\/\/revistaautobus.com.br\/?p=12356#primaryimage\"},\"thumbnailUrl\":\"https:\/\/revistaautobus.com.br\/wp-content\/uploads\/2024\/06\/IMG-20240628-WA0064.jpg\",\"datePublished\":\"2024-06-28T19:18:17+00:00\",\"dateModified\":\"2024-06-28T19:20:06+00:00\",\"breadcrumb\":{\"@id\":\"https:\/\/revistaautobus.com.br\/?p=12356#breadcrumb\"},\"inLanguage\":\"pt-BR\",\"potentialAction\":[{\"@type\":\"ReadAction\",\"target\":[\"https:\/\/revistaautobus.com.br\/?p=12356\"]}]},{\"@type\":\"ImageObject\",\"inLanguage\":\"pt-BR\",\"@id\":\"https:\/\/revistaautobus.com.br\/?p=12356#primaryimage\",\"url\":\"https:\/\/revistaautobus.com.br\/wp-content\/uploads\/2024\/06\/IMG-20240628-WA0064.jpg\",\"contentUrl\":\"https:\/\/revistaautobus.com.br\/wp-content\/uploads\/2024\/06\/IMG-20240628-WA0064.jpg\",\"width\":1600,\"height\":1066},{\"@type\":\"BreadcrumbList\",\"@id\":\"https:\/\/revistaautobus.com.br\/?p=12356#breadcrumb\",\"itemListElement\":[{\"@type\":\"ListItem\",\"position\":1,\"name\":\"In\u00edcio\",\"item\":\"https:\/\/revistaautobus.com.br\/\"},{\"@type\":\"ListItem\",\"position\":2,\"name\":\"Grupo Comporte em dia com o compromisso da seguran\u00e7a\"}]},{\"@type\":\"WebSite\",\"@id\":\"https:\/\/revistaautobus.com.br\/#website\",\"url\":\"https:\/\/revistaautobus.com.br\/\",\"name\":\"Revista AutoBus\",\"description\":\"\",\"publisher\":{\"@id\":\"https:\/\/revistaautobus.com.br\/#organization\"},\"potentialAction\":[{\"@type\":\"SearchAction\",\"target\":{\"@type\":\"EntryPoint\",\"urlTemplate\":\"https:\/\/revistaautobus.com.br\/?s={search_term_string}\"},\"query-input\":{\"@type\":\"PropertyValueSpecification\",\"valueRequired\":true,\"valueName\":\"search_term_string\"}}],\"inLanguage\":\"pt-BR\"},{\"@type\":\"Organization\",\"@id\":\"https:\/\/revistaautobus.com.br\/#organization\",\"name\":\"Revista AutoBus\",\"url\":\"https:\/\/revistaautobus.com.br\/\",\"logo\":{\"@type\":\"ImageObject\",\"inLanguage\":\"pt-BR\",\"@id\":\"https:\/\/revistaautobus.com.br\/#\/schema\/logo\/image\/\",\"url\":\"https:\/\/revistaautobus.com.br\/wp-content\/uploads\/2024\/11\/logo_revista_autobus_fb.png\",\"contentUrl\":\"https:\/\/revistaautobus.com.br\/wp-content\/uploads\/2024\/11\/logo_revista_autobus_fb.png\",\"width\":836,\"height\":227,\"caption\":\"Revista AutoBus\"},\"image\":{\"@id\":\"https:\/\/revistaautobus.com.br\/#\/schema\/logo\/image\/\"},\"sameAs\":[\"https:\/\/www.facebook.com\/antonio.ferro.3150\",\"https:\/\/www.instagram.com\/revistaautobus\/\"]},{\"@type\":\"Person\",\"@id\":\"https:\/\/revistaautobus.com.br\/#\/schema\/person\/54af7c3eb83a310e42ef686ef6d16f50\",\"name\":\"Antonio Ferro\",\"image\":{\"@type\":\"ImageObject\",\"inLanguage\":\"pt-BR\",\"@id\":\"https:\/\/revistaautobus.com.br\/wp-content\/uploads\/2025\/12\/editor_antonio_ferro-150x150.jpg\",\"url\":\"https:\/\/revistaautobus.com.br\/wp-content\/uploads\/2025\/12\/editor_antonio_ferro-150x150.jpg\",\"contentUrl\":\"https:\/\/revistaautobus.com.br\/wp-content\/uploads\/2025\/12\/editor_antonio_ferro-150x150.jpg\",\"caption\":\"Antonio Ferro\"},\"description\":\"infobus@uol.com.br\",\"url\":\"https:\/\/revistaautobus.com.br\/?author=2\"}]}<\/script>\n<!-- \/ Yoast SEO plugin. -->","yoast_head_json":{"title":"Grupo Comporte em dia com o compromisso da seguran\u00e7a - Revista AutoBus","robots":{"index":"index","follow":"follow","max-snippet":"max-snippet:-1","max-image-preview":"max-image-preview:large","max-video-preview":"max-video-preview:-1"},"canonical":"https:\/\/revistaautobus.com.br\/?p=12356","og_locale":"pt_BR","og_type":"article","og_title":"Grupo Comporte em dia com o compromisso da seguran\u00e7a - Revista AutoBus","og_description":"Um dos mais expressivos conglomerados de operadoras do transporte rodovi\u00e1rio de passageiros ressalta a import\u00e2ncia em investir nas opera\u00e7\u00f5es seguras","og_url":"https:\/\/revistaautobus.com.br\/?p=12356","og_site_name":"Revista AutoBus","article_publisher":"https:\/\/www.facebook.com\/antonio.ferro.3150","article_published_time":"2024-06-28T19:18:17+00:00","article_modified_time":"2024-06-28T19:20:06+00:00","og_image":[{"width":1600,"height":1066,"url":"https:\/\/revistaautobus.com.br\/wp-content\/uploads\/2024\/06\/IMG-20240628-WA0064.jpg","type":"image\/jpeg"}],"author":"Antonio Ferro","twitter_card":"summary_large_image","twitter_misc":{"Escrito por":"Antonio Ferro","Est. tempo de leitura":"2 minutos"},"schema":{"@context":"https:\/\/schema.org","@graph":[{"@type":"Article","@id":"https:\/\/revistaautobus.com.br\/?p=12356#article","isPartOf":{"@id":"https:\/\/revistaautobus.com.br\/?p=12356"},"author":{"name":"Antonio Ferro","@id":"https:\/\/revistaautobus.com.br\/#\/schema\/person\/54af7c3eb83a310e42ef686ef6d16f50"},"headline":"Grupo Comporte em dia com o compromisso da seguran\u00e7a","datePublished":"2024-06-28T19:18:17+00:00","dateModified":"2024-06-28T19:20:06+00:00","mainEntityOfPage":{"@id":"https:\/\/revistaautobus.com.br\/?p=12356"},"wordCount":419,"commentCount":0,"publisher":{"@id":"https:\/\/revistaautobus.com.br\/#organization"},"image":{"@id":"https:\/\/revistaautobus.com.br\/?p=12356#primaryimage"},"thumbnailUrl":"https:\/\/revistaautobus.com.br\/wp-content\/uploads\/2024\/06\/IMG-20240628-WA0064.jpg","keywords":["Grupo Comporte"],"articleSection":["Not\u00edcias","Transporte rodovi\u00e1rio"],"inLanguage":"pt-BR","potentialAction":[{"@type":"CommentAction","name":"Comment","target":["https:\/\/revistaautobus.com.br\/?p=12356#respond"]}]},{"@type":"WebPage","@id":"https:\/\/revistaautobus.com.br\/?p=12356","url":"https:\/\/revistaautobus.com.br\/?p=12356","name":"Grupo Comporte em dia com o compromisso da seguran\u00e7a - Revista AutoBus","isPartOf":{"@id":"https:\/\/revistaautobus.com.br\/#website"},"primaryImageOfPage":{"@id":"https:\/\/revistaautobus.com.br\/?p=12356#primaryimage"},"image":{"@id":"https:\/\/revistaautobus.com.br\/?p=12356#primaryimage"},"thumbnailUrl":"https:\/\/revistaautobus.com.br\/wp-content\/uploads\/2024\/06\/IMG-20240628-WA0064.jpg","datePublished":"2024-06-28T19:18:17+00:00","dateModified":"2024-06-28T19:20:06+00:00","breadcrumb":{"@id":"https:\/\/revistaautobus.com.br\/?p=12356#breadcrumb"},"inLanguage":"pt-BR","potentialAction":[{"@type":"ReadAction","target":["https:\/\/revistaautobus.com.br\/?p=12356"]}]},{"@type":"ImageObject","inLanguage":"pt-BR","@id":"https:\/\/revistaautobus.com.br\/?p=12356#primaryimage","url":"https:\/\/revistaautobus.com.br\/wp-content\/uploads\/2024\/06\/IMG-20240628-WA0064.jpg","contentUrl":"https:\/\/revistaautobus.com.br\/wp-content\/uploads\/2024\/06\/IMG-20240628-WA0064.jpg","width":1600,"height":1066},{"@type":"BreadcrumbList","@id":"https:\/\/revistaautobus.com.br\/?p=12356#breadcrumb","itemListElement":[{"@type":"ListItem","position":1,"name":"In\u00edcio","item":"https:\/\/revistaautobus.com.br\/"},{"@type":"ListItem","position":2,"name":"Grupo Comporte em dia com o compromisso da seguran\u00e7a"}]},{"@type":"WebSite","@id":"https:\/\/revistaautobus.com.br\/#website","url":"https:\/\/revistaautobus.com.br\/","name":"Revista AutoBus","description":"","publisher":{"@id":"https:\/\/revistaautobus.com.br\/#organization"},"potentialAction":[{"@type":"SearchAction","target":{"@type":"EntryPoint","urlTemplate":"https:\/\/revistaautobus.com.br\/?s={search_term_string}"},"query-input":{"@type":"PropertyValueSpecification","valueRequired":true,"valueName":"search_term_string"}}],"inLanguage":"pt-BR"},{"@type":"Organization","@id":"https:\/\/revistaautobus.com.br\/#organization","name":"Revista AutoBus","url":"https:\/\/revistaautobus.com.br\/","logo":{"@type":"ImageObject","inLanguage":"pt-BR","@id":"https:\/\/revistaautobus.com.br\/#\/schema\/logo\/image\/","url":"https:\/\/revistaautobus.com.br\/wp-content\/uploads\/2024\/11\/logo_revista_autobus_fb.png","contentUrl":"https:\/\/revistaautobus.com.br\/wp-content\/uploads\/2024\/11\/logo_revista_autobus_fb.png","width":836,"height":227,"caption":"Revista AutoBus"},"image":{"@id":"https:\/\/revistaautobus.com.br\/#\/schema\/logo\/image\/"},"sameAs":["https:\/\/www.facebook.com\/antonio.ferro.3150","https:\/\/www.instagram.com\/revistaautobus\/"]},{"@type":"Person","@id":"https:\/\/revistaautobus.com.br\/#\/schema\/person\/54af7c3eb83a310e42ef686ef6d16f50","name":"Antonio Ferro","image":{"@type":"ImageObject","inLanguage":"pt-BR","@id":"https:\/\/revistaautobus.com.br\/wp-content\/uploads\/2025\/12\/editor_antonio_ferro-150x150.jpg","url":"https:\/\/revistaautobus.com.br\/wp-content\/uploads\/2025\/12\/editor_antonio_ferro-150x150.jpg","contentUrl":"https:\/\/revistaautobus.com.br\/wp-content\/uploads\/2025\/12\/editor_antonio_ferro-150x150.jpg","caption":"Antonio Ferro"},"description":"infobus@uol.com.br","url":"https:\/\/revistaautobus.com.br\/?author=2"}]}},"jetpack_featured_media_url":"https:\/\/revistaautobus.com.br\/wp-content\/uploads\/2024\/06\/IMG-20240628-WA0064.jpg","jetpack_sharing_enabled":true,"_links":{"self":[{"href":"https:\/\/revistaautobus.com.br\/index.php?rest_route=\/wp\/v2\/posts\/12356","targetHints":{"allow":["GET"]}}],"collection":[{"href":"https:\/\/revistaautobus.com.br\/index.php?rest_route=\/wp\/v2\/posts"}],"about":[{"href":"https:\/\/revistaautobus.com.br\/index.php?rest_route=\/wp\/v2\/types\/post"}],"author":[{"embeddable":true,"href":"https:\/\/revistaautobus.com.br\/index.php?rest_route=\/wp\/v2\/users\/2"}],"replies":[{"embeddable":true,"href":"https:\/\/revistaautobus.com.br\/index.php?rest_route=%2Fwp%2Fv2%2Fcomments&post=12356"}],"version-history":[{"count":3,"href":"https:\/\/revistaautobus.com.br\/index.php?rest_route=\/wp\/v2\/posts\/12356\/revisions"}],"predecessor-version":[{"id":12361,"href":"https:\/\/revistaautobus.com.br\/index.php?rest_route=\/wp\/v2\/posts\/12356\/revisions\/12361"}],"wp:featuredmedia":[{"embeddable":true,"href":"https:\/\/revistaautobus.com.br\/index.php?rest_route=\/wp\/v2\/media\/12357"}],"wp:attachment":[{"href":"https:\/\/revistaautobus.com.br\/index.php?rest_route=%2Fwp%2Fv2%2Fmedia&parent=12356"}],"wp:term":[{"taxonomy":"category","embeddable":true,"href":"https:\/\/revistaautobus.com.br\/index.php?rest_route=%2Fwp%2Fv2%2Fcategories&post=12356"},{"taxonomy":"post_tag","embeddable":true,"href":"https:\/\/revistaautobus.com.br\/index.php?rest_route=%2Fwp%2Fv2%2Ftags&post=12356"}],"curies":[{"name":"wp","href":"https:\/\/api.w.org\/{rel}","templated":true}]}}