{"id":12362,"date":"2024-07-01T09:41:43","date_gmt":"2024-07-01T12:41:43","guid":{"rendered":"https:\/\/revistaautobus.com.br\/?p=12362"},"modified":"2024-07-01T09:41:43","modified_gmt":"2024-07-01T12:41:43","slug":"atendendo-ao-mercado-escolar","status":"publish","type":"post","link":"https:\/\/revistaautobus.com.br\/?p=12362","title":{"rendered":"Atendendo ao mercado escolar"},"content":{"rendered":"<p>Os primeiros 100 \u00f4nibus escolares com chassis Iveco Bus, do Novo PAC Sele\u00e7\u00f5es em Bras\u00edlia, foram entregues, recentemente. Em evento realizado na Esplanada dos Minist\u00e9rios, em Bras\u00edlia, foram apresentadas 50 unidades do BUS 10-190 ORE 2 (\u00d4nibus Rural Escolar 2) com carroceria Mascarello, e 50 unidades do BUS 15-210 ORE 3 (\u00d4nibus Rural Escolar 3) com carroceria Caio.<\/p>\n<p>De acordo com a fabricante, al\u00e9m de garantir o acesso seguro em zonas rurais, estradas n\u00e3o pavimentadas, e a perman\u00eancia dos alunos em escolas p\u00fablicas, os \u00f4nibus do Caminho da Escola dever\u00e3o responder por metade do volume de produ\u00e7\u00e3o da ind\u00fastria de \u00f4nibus no pa\u00eds em 2024.<\/p>\n<p>Danilo Fetzner, vice-presidente da Iveco Bus para Am\u00e9rica Latina, disse que, desde que a montadora iniciou sua trajet\u00f3ria neste segmento, construiu-se uma jornada de transporte escolar eficiente, confi\u00e1vel e com melhor TCO no Brasil. \u201cO PAC Sele\u00e7\u00f5es tem um papel decisivo na continuidade das pol\u00edticas p\u00fablicas voltadas \u00e0 educa\u00e7\u00e3o brasileira. O fornecimento ao Caminho da Escola eleva nossa capacidade produtiva, nos permitindo atender mais rapidamente \u00e0s demandas do mercado, al\u00e9m de ampliar nossa presen\u00e7a nos segmentos de \u00f4nibus escolar e micro-\u00f4nibus\u201d, ressaltou o executivo.<\/p>\n<p>Os \u00f4nibus escolares Iveco Bus combinam pot\u00eancia, resist\u00eancia, acessibilidade, conforto e seguran\u00e7a, conforme a fabricante saliente. O BUS 10-190 ORE 2 vem com motor de 190 cavalos de pot\u00eancia e capacidade para 44 alunos + motorista. J\u00e1 o BUS 15-210 ORE 3, conta com motoriza\u00e7\u00e3o mais potente, de 210 cv, e capacidade para 59 alunos + motorista. Os modelos s\u00e3o 100% acess\u00edveis, com dispositivo de poltrona m\u00f3vel (DPM) e ar-condicionado de s\u00e9rie, oferecendo um ambiente climatizado para os alunos, reduzindo o desconforto em condi\u00e7\u00f5es extremas de temperatura.<\/p>\n<p>Imagem &#8211; Divulga\u00e7\u00e3o<\/p>\n","protected":false},"excerpt":{"rendered":"<p>O acesso a escola est\u00e1 garantido aos alunos pelos novos \u00f4nibus escolares<\/p>\n","protected":false},"author":2,"featured_media":12363,"comment_status":"open","ping_status":"open","sticky":false,"template":"","format":"standard","meta":{"_et_pb_use_builder":"","_et_pb_old_content":"","_et_gb_content_width":"","_jetpack_memberships_contains_paid_content":false,"footnotes":""},"categories":[90],"tags":[91],"class_list":["post-12362","post","type-post","status-publish","format-standard","has-post-thumbnail","hentry","category-noticias","tag-iveco-bus","et-has-post-format-content","et_post_format-et-post-format-standard"],"yoast_head":"<!-- This site is optimized with the Yoast SEO plugin v27.2 - https:\/\/yoast.com\/product\/yoast-seo-wordpress\/ -->\n<title>Atendendo ao mercado escolar - Revista AutoBus<\/title>\n<meta name=\"robots\" content=\"index, follow, max-snippet:-1, max-image-preview:large, max-video-preview:-1\" \/>\n<link rel=\"canonical\" href=\"https:\/\/revistaautobus.com.br\/?p=12362\" \/>\n<meta property=\"og:locale\" content=\"pt_BR\" \/>\n<meta property=\"og:type\" content=\"article\" \/>\n<meta property=\"og:title\" content=\"Atendendo ao mercado escolar - Revista AutoBus\" \/>\n<meta property=\"og:description\" content=\"O acesso a escola est\u00e1 garantido aos alunos pelos novos \u00f4nibus escolares\" \/>\n<meta property=\"og:url\" content=\"https:\/\/revistaautobus.com.br\/?p=12362\" \/>\n<meta property=\"og:site_name\" content=\"Revista AutoBus\" \/>\n<meta property=\"article:publisher\" content=\"https:\/\/www.facebook.com\/antonio.ferro.3150\" \/>\n<meta property=\"article:published_time\" content=\"2024-07-01T12:41:43+00:00\" \/>\n<meta property=\"og:image\" content=\"https:\/\/revistaautobus.com.br\/wp-content\/uploads\/2024\/07\/IVECO-BUS-credito-Lorena-Paes-3.jpeg\" \/>\n\t<meta property=\"og:image:width\" content=\"1000\" \/>\n\t<meta property=\"og:image:height\" content=\"666\" \/>\n\t<meta property=\"og:image:type\" content=\"image\/jpeg\" \/>\n<meta name=\"author\" content=\"Antonio Ferro\" \/>\n<meta name=\"twitter:card\" content=\"summary_large_image\" \/>\n<meta name=\"twitter:label1\" content=\"Escrito por\" \/>\n\t<meta name=\"twitter:data1\" content=\"Antonio Ferro\" \/>\n\t<meta name=\"twitter:label2\" content=\"Est. tempo de leitura\" \/>\n\t<meta name=\"twitter:data2\" content=\"1 minuto\" \/>\n<script type=\"application\/ld+json\" class=\"yoast-schema-graph\">{\"@context\":\"https:\/\/schema.org\",\"@graph\":[{\"@type\":\"Article\",\"@id\":\"https:\/\/revistaautobus.com.br\/?p=12362#article\",\"isPartOf\":{\"@id\":\"https:\/\/revistaautobus.com.br\/?p=12362\"},\"author\":{\"name\":\"Antonio Ferro\",\"@id\":\"https:\/\/revistaautobus.com.br\/#\/schema\/person\/54af7c3eb83a310e42ef686ef6d16f50\"},\"headline\":\"Atendendo ao mercado escolar\",\"datePublished\":\"2024-07-01T12:41:43+00:00\",\"mainEntityOfPage\":{\"@id\":\"https:\/\/revistaautobus.com.br\/?p=12362\"},\"wordCount\":298,\"commentCount\":0,\"publisher\":{\"@id\":\"https:\/\/revistaautobus.com.br\/#organization\"},\"image\":{\"@id\":\"https:\/\/revistaautobus.com.br\/?p=12362#primaryimage\"},\"thumbnailUrl\":\"https:\/\/revistaautobus.com.br\/wp-content\/uploads\/2024\/07\/IVECO-BUS-credito-Lorena-Paes-3.jpeg\",\"keywords\":[\"Iveco Bus\"],\"articleSection\":[\"Not\u00edcias\"],\"inLanguage\":\"pt-BR\",\"potentialAction\":[{\"@type\":\"CommentAction\",\"name\":\"Comment\",\"target\":[\"https:\/\/revistaautobus.com.br\/?p=12362#respond\"]}]},{\"@type\":\"WebPage\",\"@id\":\"https:\/\/revistaautobus.com.br\/?p=12362\",\"url\":\"https:\/\/revistaautobus.com.br\/?p=12362\",\"name\":\"Atendendo ao mercado escolar - Revista AutoBus\",\"isPartOf\":{\"@id\":\"https:\/\/revistaautobus.com.br\/#website\"},\"primaryImageOfPage\":{\"@id\":\"https:\/\/revistaautobus.com.br\/?p=12362#primaryimage\"},\"image\":{\"@id\":\"https:\/\/revistaautobus.com.br\/?p=12362#primaryimage\"},\"thumbnailUrl\":\"https:\/\/revistaautobus.com.br\/wp-content\/uploads\/2024\/07\/IVECO-BUS-credito-Lorena-Paes-3.jpeg\",\"datePublished\":\"2024-07-01T12:41:43+00:00\",\"breadcrumb\":{\"@id\":\"https:\/\/revistaautobus.com.br\/?p=12362#breadcrumb\"},\"inLanguage\":\"pt-BR\",\"potentialAction\":[{\"@type\":\"ReadAction\",\"target\":[\"https:\/\/revistaautobus.com.br\/?p=12362\"]}]},{\"@type\":\"ImageObject\",\"inLanguage\":\"pt-BR\",\"@id\":\"https:\/\/revistaautobus.com.br\/?p=12362#primaryimage\",\"url\":\"https:\/\/revistaautobus.com.br\/wp-content\/uploads\/2024\/07\/IVECO-BUS-credito-Lorena-Paes-3.jpeg\",\"contentUrl\":\"https:\/\/revistaautobus.com.br\/wp-content\/uploads\/2024\/07\/IVECO-BUS-credito-Lorena-Paes-3.jpeg\",\"width\":1000,\"height\":666},{\"@type\":\"BreadcrumbList\",\"@id\":\"https:\/\/revistaautobus.com.br\/?p=12362#breadcrumb\",\"itemListElement\":[{\"@type\":\"ListItem\",\"position\":1,\"name\":\"In\u00edcio\",\"item\":\"https:\/\/revistaautobus.com.br\/\"},{\"@type\":\"ListItem\",\"position\":2,\"name\":\"Atendendo ao mercado escolar\"}]},{\"@type\":\"WebSite\",\"@id\":\"https:\/\/revistaautobus.com.br\/#website\",\"url\":\"https:\/\/revistaautobus.com.br\/\",\"name\":\"Revista AutoBus\",\"description\":\"\",\"publisher\":{\"@id\":\"https:\/\/revistaautobus.com.br\/#organization\"},\"potentialAction\":[{\"@type\":\"SearchAction\",\"target\":{\"@type\":\"EntryPoint\",\"urlTemplate\":\"https:\/\/revistaautobus.com.br\/?s={search_term_string}\"},\"query-input\":{\"@type\":\"PropertyValueSpecification\",\"valueRequired\":true,\"valueName\":\"search_term_string\"}}],\"inLanguage\":\"pt-BR\"},{\"@type\":\"Organization\",\"@id\":\"https:\/\/revistaautobus.com.br\/#organization\",\"name\":\"Revista AutoBus\",\"url\":\"https:\/\/revistaautobus.com.br\/\",\"logo\":{\"@type\":\"ImageObject\",\"inLanguage\":\"pt-BR\",\"@id\":\"https:\/\/revistaautobus.com.br\/#\/schema\/logo\/image\/\",\"url\":\"https:\/\/revistaautobus.com.br\/wp-content\/uploads\/2024\/11\/logo_revista_autobus_fb.png\",\"contentUrl\":\"https:\/\/revistaautobus.com.br\/wp-content\/uploads\/2024\/11\/logo_revista_autobus_fb.png\",\"width\":836,\"height\":227,\"caption\":\"Revista AutoBus\"},\"image\":{\"@id\":\"https:\/\/revistaautobus.com.br\/#\/schema\/logo\/image\/\"},\"sameAs\":[\"https:\/\/www.facebook.com\/antonio.ferro.3150\",\"https:\/\/www.instagram.com\/revistaautobus\/\"]},{\"@type\":\"Person\",\"@id\":\"https:\/\/revistaautobus.com.br\/#\/schema\/person\/54af7c3eb83a310e42ef686ef6d16f50\",\"name\":\"Antonio Ferro\",\"image\":{\"@type\":\"ImageObject\",\"inLanguage\":\"pt-BR\",\"@id\":\"https:\/\/revistaautobus.com.br\/wp-content\/uploads\/2025\/12\/editor_antonio_ferro-150x150.jpg\",\"url\":\"https:\/\/revistaautobus.com.br\/wp-content\/uploads\/2025\/12\/editor_antonio_ferro-150x150.jpg\",\"contentUrl\":\"https:\/\/revistaautobus.com.br\/wp-content\/uploads\/2025\/12\/editor_antonio_ferro-150x150.jpg\",\"caption\":\"Antonio Ferro\"},\"description\":\"infobus@uol.com.br\",\"url\":\"https:\/\/revistaautobus.com.br\/?author=2\"}]}<\/script>\n<!-- \/ Yoast SEO plugin. -->","yoast_head_json":{"title":"Atendendo ao mercado escolar - Revista AutoBus","robots":{"index":"index","follow":"follow","max-snippet":"max-snippet:-1","max-image-preview":"max-image-preview:large","max-video-preview":"max-video-preview:-1"},"canonical":"https:\/\/revistaautobus.com.br\/?p=12362","og_locale":"pt_BR","og_type":"article","og_title":"Atendendo ao mercado escolar - Revista AutoBus","og_description":"O acesso a escola est\u00e1 garantido aos alunos pelos novos \u00f4nibus escolares","og_url":"https:\/\/revistaautobus.com.br\/?p=12362","og_site_name":"Revista AutoBus","article_publisher":"https:\/\/www.facebook.com\/antonio.ferro.3150","article_published_time":"2024-07-01T12:41:43+00:00","og_image":[{"width":1000,"height":666,"url":"https:\/\/revistaautobus.com.br\/wp-content\/uploads\/2024\/07\/IVECO-BUS-credito-Lorena-Paes-3.jpeg","type":"image\/jpeg"}],"author":"Antonio Ferro","twitter_card":"summary_large_image","twitter_misc":{"Escrito por":"Antonio Ferro","Est. tempo de leitura":"1 minuto"},"schema":{"@context":"https:\/\/schema.org","@graph":[{"@type":"Article","@id":"https:\/\/revistaautobus.com.br\/?p=12362#article","isPartOf":{"@id":"https:\/\/revistaautobus.com.br\/?p=12362"},"author":{"name":"Antonio Ferro","@id":"https:\/\/revistaautobus.com.br\/#\/schema\/person\/54af7c3eb83a310e42ef686ef6d16f50"},"headline":"Atendendo ao mercado escolar","datePublished":"2024-07-01T12:41:43+00:00","mainEntityOfPage":{"@id":"https:\/\/revistaautobus.com.br\/?p=12362"},"wordCount":298,"commentCount":0,"publisher":{"@id":"https:\/\/revistaautobus.com.br\/#organization"},"image":{"@id":"https:\/\/revistaautobus.com.br\/?p=12362#primaryimage"},"thumbnailUrl":"https:\/\/revistaautobus.com.br\/wp-content\/uploads\/2024\/07\/IVECO-BUS-credito-Lorena-Paes-3.jpeg","keywords":["Iveco Bus"],"articleSection":["Not\u00edcias"],"inLanguage":"pt-BR","potentialAction":[{"@type":"CommentAction","name":"Comment","target":["https:\/\/revistaautobus.com.br\/?p=12362#respond"]}]},{"@type":"WebPage","@id":"https:\/\/revistaautobus.com.br\/?p=12362","url":"https:\/\/revistaautobus.com.br\/?p=12362","name":"Atendendo ao mercado escolar - Revista AutoBus","isPartOf":{"@id":"https:\/\/revistaautobus.com.br\/#website"},"primaryImageOfPage":{"@id":"https:\/\/revistaautobus.com.br\/?p=12362#primaryimage"},"image":{"@id":"https:\/\/revistaautobus.com.br\/?p=12362#primaryimage"},"thumbnailUrl":"https:\/\/revistaautobus.com.br\/wp-content\/uploads\/2024\/07\/IVECO-BUS-credito-Lorena-Paes-3.jpeg","datePublished":"2024-07-01T12:41:43+00:00","breadcrumb":{"@id":"https:\/\/revistaautobus.com.br\/?p=12362#breadcrumb"},"inLanguage":"pt-BR","potentialAction":[{"@type":"ReadAction","target":["https:\/\/revistaautobus.com.br\/?p=12362"]}]},{"@type":"ImageObject","inLanguage":"pt-BR","@id":"https:\/\/revistaautobus.com.br\/?p=12362#primaryimage","url":"https:\/\/revistaautobus.com.br\/wp-content\/uploads\/2024\/07\/IVECO-BUS-credito-Lorena-Paes-3.jpeg","contentUrl":"https:\/\/revistaautobus.com.br\/wp-content\/uploads\/2024\/07\/IVECO-BUS-credito-Lorena-Paes-3.jpeg","width":1000,"height":666},{"@type":"BreadcrumbList","@id":"https:\/\/revistaautobus.com.br\/?p=12362#breadcrumb","itemListElement":[{"@type":"ListItem","position":1,"name":"In\u00edcio","item":"https:\/\/revistaautobus.com.br\/"},{"@type":"ListItem","position":2,"name":"Atendendo ao mercado escolar"}]},{"@type":"WebSite","@id":"https:\/\/revistaautobus.com.br\/#website","url":"https:\/\/revistaautobus.com.br\/","name":"Revista AutoBus","description":"","publisher":{"@id":"https:\/\/revistaautobus.com.br\/#organization"},"potentialAction":[{"@type":"SearchAction","target":{"@type":"EntryPoint","urlTemplate":"https:\/\/revistaautobus.com.br\/?s={search_term_string}"},"query-input":{"@type":"PropertyValueSpecification","valueRequired":true,"valueName":"search_term_string"}}],"inLanguage":"pt-BR"},{"@type":"Organization","@id":"https:\/\/revistaautobus.com.br\/#organization","name":"Revista AutoBus","url":"https:\/\/revistaautobus.com.br\/","logo":{"@type":"ImageObject","inLanguage":"pt-BR","@id":"https:\/\/revistaautobus.com.br\/#\/schema\/logo\/image\/","url":"https:\/\/revistaautobus.com.br\/wp-content\/uploads\/2024\/11\/logo_revista_autobus_fb.png","contentUrl":"https:\/\/revistaautobus.com.br\/wp-content\/uploads\/2024\/11\/logo_revista_autobus_fb.png","width":836,"height":227,"caption":"Revista AutoBus"},"image":{"@id":"https:\/\/revistaautobus.com.br\/#\/schema\/logo\/image\/"},"sameAs":["https:\/\/www.facebook.com\/antonio.ferro.3150","https:\/\/www.instagram.com\/revistaautobus\/"]},{"@type":"Person","@id":"https:\/\/revistaautobus.com.br\/#\/schema\/person\/54af7c3eb83a310e42ef686ef6d16f50","name":"Antonio Ferro","image":{"@type":"ImageObject","inLanguage":"pt-BR","@id":"https:\/\/revistaautobus.com.br\/wp-content\/uploads\/2025\/12\/editor_antonio_ferro-150x150.jpg","url":"https:\/\/revistaautobus.com.br\/wp-content\/uploads\/2025\/12\/editor_antonio_ferro-150x150.jpg","contentUrl":"https:\/\/revistaautobus.com.br\/wp-content\/uploads\/2025\/12\/editor_antonio_ferro-150x150.jpg","caption":"Antonio Ferro"},"description":"infobus@uol.com.br","url":"https:\/\/revistaautobus.com.br\/?author=2"}]}},"jetpack_featured_media_url":"https:\/\/revistaautobus.com.br\/wp-content\/uploads\/2024\/07\/IVECO-BUS-credito-Lorena-Paes-3.jpeg","jetpack_sharing_enabled":true,"_links":{"self":[{"href":"https:\/\/revistaautobus.com.br\/index.php?rest_route=\/wp\/v2\/posts\/12362","targetHints":{"allow":["GET"]}}],"collection":[{"href":"https:\/\/revistaautobus.com.br\/index.php?rest_route=\/wp\/v2\/posts"}],"about":[{"href":"https:\/\/revistaautobus.com.br\/index.php?rest_route=\/wp\/v2\/types\/post"}],"author":[{"embeddable":true,"href":"https:\/\/revistaautobus.com.br\/index.php?rest_route=\/wp\/v2\/users\/2"}],"replies":[{"embeddable":true,"href":"https:\/\/revistaautobus.com.br\/index.php?rest_route=%2Fwp%2Fv2%2Fcomments&post=12362"}],"version-history":[{"count":3,"href":"https:\/\/revistaautobus.com.br\/index.php?rest_route=\/wp\/v2\/posts\/12362\/revisions"}],"predecessor-version":[{"id":12366,"href":"https:\/\/revistaautobus.com.br\/index.php?rest_route=\/wp\/v2\/posts\/12362\/revisions\/12366"}],"wp:featuredmedia":[{"embeddable":true,"href":"https:\/\/revistaautobus.com.br\/index.php?rest_route=\/wp\/v2\/media\/12363"}],"wp:attachment":[{"href":"https:\/\/revistaautobus.com.br\/index.php?rest_route=%2Fwp%2Fv2%2Fmedia&parent=12362"}],"wp:term":[{"taxonomy":"category","embeddable":true,"href":"https:\/\/revistaautobus.com.br\/index.php?rest_route=%2Fwp%2Fv2%2Fcategories&post=12362"},{"taxonomy":"post_tag","embeddable":true,"href":"https:\/\/revistaautobus.com.br\/index.php?rest_route=%2Fwp%2Fv2%2Ftags&post=12362"}],"curies":[{"name":"wp","href":"https:\/\/api.w.org\/{rel}","templated":true}]}}