{"id":12367,"date":"2024-07-01T09:43:58","date_gmt":"2024-07-01T12:43:58","guid":{"rendered":"https:\/\/revistaautobus.com.br\/?p=12367"},"modified":"2024-07-01T09:43:58","modified_gmt":"2024-07-01T12:43:58","slug":"para-as-baterias-de-niobio-um-carregador-eletrico-veloz","status":"publish","type":"post","link":"https:\/\/revistaautobus.com.br\/?p=12367","title":{"rendered":"Para as baterias de ni\u00f3bio, um carregador el\u00e9trico veloz"},"content":{"rendered":"<p>A empresa multinacional, ABB, refer\u00eancia em solu\u00e7\u00f5es de carregamento de ve\u00edculos el\u00e9tricos (VE), disponibilizou seu pantogr\u00e1fico ultrarr\u00e1pido, Terra HVC 300kW, para o projeto de \u00f4nibus el\u00e9trico que envolve a parceria entre CBMM, Toshiba e Volkswagen Caminh\u00f5es e \u00d4nibus, na cidade mineira de Arax\u00e1.<\/p>\n<p>De acordo com a fabricante da tecnologia, ela j\u00e1 implementou esse conceito com sucesso em diversos projetos ao redor do mundo, sendo que um dos maiores foi para a Copa do Mundo no Catar em 2022, onde foram instalados 89 carregadores pantogr\u00e1ficos e mais de 240 carregadores de alta pot\u00eancia com conector CCS-2, al\u00e9m de pain\u00e9is de m\u00e9dia e baixa tens\u00e3o para recarregar a frota de \u00f4nibus eletrificados.<\/p>\n<p>Tal carregador pantogr\u00e1fico ABB Terra HVC \u00e9 composto por duas cabines de pot\u00eancia de 150kW cada e um totem com pant\u00f3grafo que inclui um sistema de detec\u00e7\u00e3o autom\u00e1tica do ve\u00edculo por proximidade. No prot\u00f3tipo de e-Bus, dois trilhos de contato instalados na parte superior do ve\u00edculo recebem a conex\u00e3o do carregador pantogr\u00e1fico da ABB, garantindo uma recarga eficiente e r\u00e1pida. O modelo, ainda, pode ser fornecido em vers\u00f5es de 150kW a 600kW de pot\u00eancia.<\/p>\n<p>Wilson Morais, diretor de produtos e solu\u00e7\u00f5es da divis\u00e3o de mobilidade el\u00e9trica da ABB, comentou que a escolha da empresa como fornecedora da tecnologia de carregamento para este prot\u00f3tipo de \u00f4nibus el\u00e9trico refor\u00e7a a sua lideran\u00e7a em solu\u00e7\u00f5es de mobilidade el\u00e9trica. \u201cTrata-se de um projeto in\u00e9dito para promover uma mobilidade urbana mais limpa e sustent\u00e1vel. CBMM, Toshiba e Volkswagen Caminh\u00f5es e \u00d4nibus est\u00e3o unidas para o desenvolvimento e aplica\u00e7\u00e3o de baterias de \u00edons de l\u00edtio com Ni\u00f3bio para impulsionar o crescimento da eletrifica\u00e7\u00e3o no mundo. Esta tecnologia em conjunto com as solu\u00e7\u00f5es de recarga ultrarr\u00e1pidas da ABB reduzem o tempo de recarga necess\u00e1ria para que os \u00f4nibus el\u00e9tricos recarreguem suas baterias\u201d avaliou.<\/p>\n<p>Outro detalhe \u00e9 que a ABB forneceu dois carregadores pantogr\u00e1ficos, um instalado na planta da CBMM em Arax\u00e1 (MG) e o segundo na f\u00e1brica da Volkswagen Caminh\u00f5es e \u00d4nibus, em Resende (RJ). \u201cA tecnologia foi desenvolvida para ser expandida e aplicada em novos projetos de eletrifica\u00e7\u00e3o de frotas de \u00f4nibus el\u00e9tricos, maximizando suas vantagens e benef\u00edcios\u201d, explicou Morais.<\/p>\n<p>Imagem &#8211; Revista AutoBus<\/p>\n","protected":false},"excerpt":{"rendered":"<p>Tecnologia chega para favorecer o abastecimento de energia dos \u00f4nibus el\u00e9tricos<\/p>\n","protected":false},"author":2,"featured_media":12368,"comment_status":"open","ping_status":"open","sticky":false,"template":"","format":"standard","meta":{"_et_pb_use_builder":"","_et_pb_old_content":"","_et_gb_content_width":"","_jetpack_memberships_contains_paid_content":false,"footnotes":""},"categories":[1],"tags":[788],"class_list":["post-12367","post","type-post","status-publish","format-standard","has-post-thumbnail","hentry","category-sem-categoria","tag-abb","et-has-post-format-content","et_post_format-et-post-format-standard"],"yoast_head":"<!-- This site is optimized with the Yoast SEO plugin v27.2 - https:\/\/yoast.com\/product\/yoast-seo-wordpress\/ -->\n<title>Para as baterias de ni\u00f3bio, um carregador el\u00e9trico veloz - Revista AutoBus<\/title>\n<meta name=\"robots\" content=\"index, follow, max-snippet:-1, max-image-preview:large, max-video-preview:-1\" \/>\n<link rel=\"canonical\" href=\"https:\/\/revistaautobus.com.br\/?p=12367\" \/>\n<meta property=\"og:locale\" content=\"pt_BR\" \/>\n<meta property=\"og:type\" content=\"article\" \/>\n<meta property=\"og:title\" content=\"Para as baterias de ni\u00f3bio, um carregador el\u00e9trico veloz - Revista AutoBus\" \/>\n<meta property=\"og:description\" content=\"Tecnologia chega para favorecer o abastecimento de energia dos \u00f4nibus el\u00e9tricos\" \/>\n<meta property=\"og:url\" content=\"https:\/\/revistaautobus.com.br\/?p=12367\" \/>\n<meta property=\"og:site_name\" content=\"Revista AutoBus\" \/>\n<meta property=\"article:publisher\" content=\"https:\/\/www.facebook.com\/antonio.ferro.3150\" \/>\n<meta property=\"article:published_time\" content=\"2024-07-01T12:43:58+00:00\" \/>\n<meta property=\"og:image\" content=\"https:\/\/revistaautobus.com.br\/wp-content\/uploads\/2024\/07\/VWCO-niobio.png\" \/>\n\t<meta property=\"og:image:width\" content=\"1000\" \/>\n\t<meta property=\"og:image:height\" content=\"978\" \/>\n\t<meta property=\"og:image:type\" content=\"image\/png\" \/>\n<meta name=\"author\" content=\"Antonio Ferro\" \/>\n<meta name=\"twitter:card\" content=\"summary_large_image\" \/>\n<meta name=\"twitter:label1\" content=\"Escrito por\" \/>\n\t<meta name=\"twitter:data1\" content=\"Antonio Ferro\" \/>\n\t<meta name=\"twitter:label2\" content=\"Est. tempo de leitura\" \/>\n\t<meta name=\"twitter:data2\" content=\"2 minutos\" \/>\n<script type=\"application\/ld+json\" class=\"yoast-schema-graph\">{\"@context\":\"https:\/\/schema.org\",\"@graph\":[{\"@type\":\"Article\",\"@id\":\"https:\/\/revistaautobus.com.br\/?p=12367#article\",\"isPartOf\":{\"@id\":\"https:\/\/revistaautobus.com.br\/?p=12367\"},\"author\":{\"name\":\"Antonio Ferro\",\"@id\":\"https:\/\/revistaautobus.com.br\/#\/schema\/person\/54af7c3eb83a310e42ef686ef6d16f50\"},\"headline\":\"Para as baterias de ni\u00f3bio, um carregador el\u00e9trico veloz\",\"datePublished\":\"2024-07-01T12:43:58+00:00\",\"mainEntityOfPage\":{\"@id\":\"https:\/\/revistaautobus.com.br\/?p=12367\"},\"wordCount\":419,\"commentCount\":0,\"publisher\":{\"@id\":\"https:\/\/revistaautobus.com.br\/#organization\"},\"image\":{\"@id\":\"https:\/\/revistaautobus.com.br\/?p=12367#primaryimage\"},\"thumbnailUrl\":\"https:\/\/revistaautobus.com.br\/wp-content\/uploads\/2024\/07\/VWCO-niobio.png\",\"keywords\":[\"ABB\"],\"inLanguage\":\"pt-BR\",\"potentialAction\":[{\"@type\":\"CommentAction\",\"name\":\"Comment\",\"target\":[\"https:\/\/revistaautobus.com.br\/?p=12367#respond\"]}]},{\"@type\":\"WebPage\",\"@id\":\"https:\/\/revistaautobus.com.br\/?p=12367\",\"url\":\"https:\/\/revistaautobus.com.br\/?p=12367\",\"name\":\"Para as baterias de ni\u00f3bio, um carregador el\u00e9trico veloz - Revista AutoBus\",\"isPartOf\":{\"@id\":\"https:\/\/revistaautobus.com.br\/#website\"},\"primaryImageOfPage\":{\"@id\":\"https:\/\/revistaautobus.com.br\/?p=12367#primaryimage\"},\"image\":{\"@id\":\"https:\/\/revistaautobus.com.br\/?p=12367#primaryimage\"},\"thumbnailUrl\":\"https:\/\/revistaautobus.com.br\/wp-content\/uploads\/2024\/07\/VWCO-niobio.png\",\"datePublished\":\"2024-07-01T12:43:58+00:00\",\"breadcrumb\":{\"@id\":\"https:\/\/revistaautobus.com.br\/?p=12367#breadcrumb\"},\"inLanguage\":\"pt-BR\",\"potentialAction\":[{\"@type\":\"ReadAction\",\"target\":[\"https:\/\/revistaautobus.com.br\/?p=12367\"]}]},{\"@type\":\"ImageObject\",\"inLanguage\":\"pt-BR\",\"@id\":\"https:\/\/revistaautobus.com.br\/?p=12367#primaryimage\",\"url\":\"https:\/\/revistaautobus.com.br\/wp-content\/uploads\/2024\/07\/VWCO-niobio.png\",\"contentUrl\":\"https:\/\/revistaautobus.com.br\/wp-content\/uploads\/2024\/07\/VWCO-niobio.png\",\"width\":1000,\"height\":978},{\"@type\":\"BreadcrumbList\",\"@id\":\"https:\/\/revistaautobus.com.br\/?p=12367#breadcrumb\",\"itemListElement\":[{\"@type\":\"ListItem\",\"position\":1,\"name\":\"In\u00edcio\",\"item\":\"https:\/\/revistaautobus.com.br\/\"},{\"@type\":\"ListItem\",\"position\":2,\"name\":\"Para as baterias de ni\u00f3bio, um carregador el\u00e9trico veloz\"}]},{\"@type\":\"WebSite\",\"@id\":\"https:\/\/revistaautobus.com.br\/#website\",\"url\":\"https:\/\/revistaautobus.com.br\/\",\"name\":\"Revista AutoBus\",\"description\":\"\",\"publisher\":{\"@id\":\"https:\/\/revistaautobus.com.br\/#organization\"},\"potentialAction\":[{\"@type\":\"SearchAction\",\"target\":{\"@type\":\"EntryPoint\",\"urlTemplate\":\"https:\/\/revistaautobus.com.br\/?s={search_term_string}\"},\"query-input\":{\"@type\":\"PropertyValueSpecification\",\"valueRequired\":true,\"valueName\":\"search_term_string\"}}],\"inLanguage\":\"pt-BR\"},{\"@type\":\"Organization\",\"@id\":\"https:\/\/revistaautobus.com.br\/#organization\",\"name\":\"Revista AutoBus\",\"url\":\"https:\/\/revistaautobus.com.br\/\",\"logo\":{\"@type\":\"ImageObject\",\"inLanguage\":\"pt-BR\",\"@id\":\"https:\/\/revistaautobus.com.br\/#\/schema\/logo\/image\/\",\"url\":\"https:\/\/revistaautobus.com.br\/wp-content\/uploads\/2024\/11\/logo_revista_autobus_fb.png\",\"contentUrl\":\"https:\/\/revistaautobus.com.br\/wp-content\/uploads\/2024\/11\/logo_revista_autobus_fb.png\",\"width\":836,\"height\":227,\"caption\":\"Revista AutoBus\"},\"image\":{\"@id\":\"https:\/\/revistaautobus.com.br\/#\/schema\/logo\/image\/\"},\"sameAs\":[\"https:\/\/www.facebook.com\/antonio.ferro.3150\",\"https:\/\/www.instagram.com\/revistaautobus\/\"]},{\"@type\":\"Person\",\"@id\":\"https:\/\/revistaautobus.com.br\/#\/schema\/person\/54af7c3eb83a310e42ef686ef6d16f50\",\"name\":\"Antonio Ferro\",\"image\":{\"@type\":\"ImageObject\",\"inLanguage\":\"pt-BR\",\"@id\":\"https:\/\/revistaautobus.com.br\/wp-content\/uploads\/2025\/12\/editor_antonio_ferro-150x150.jpg\",\"url\":\"https:\/\/revistaautobus.com.br\/wp-content\/uploads\/2025\/12\/editor_antonio_ferro-150x150.jpg\",\"contentUrl\":\"https:\/\/revistaautobus.com.br\/wp-content\/uploads\/2025\/12\/editor_antonio_ferro-150x150.jpg\",\"caption\":\"Antonio Ferro\"},\"description\":\"infobus@uol.com.br\",\"url\":\"https:\/\/revistaautobus.com.br\/?author=2\"}]}<\/script>\n<!-- \/ Yoast SEO plugin. -->","yoast_head_json":{"title":"Para as baterias de ni\u00f3bio, um carregador el\u00e9trico veloz - Revista AutoBus","robots":{"index":"index","follow":"follow","max-snippet":"max-snippet:-1","max-image-preview":"max-image-preview:large","max-video-preview":"max-video-preview:-1"},"canonical":"https:\/\/revistaautobus.com.br\/?p=12367","og_locale":"pt_BR","og_type":"article","og_title":"Para as baterias de ni\u00f3bio, um carregador el\u00e9trico veloz - Revista AutoBus","og_description":"Tecnologia chega para favorecer o abastecimento de energia dos \u00f4nibus el\u00e9tricos","og_url":"https:\/\/revistaautobus.com.br\/?p=12367","og_site_name":"Revista AutoBus","article_publisher":"https:\/\/www.facebook.com\/antonio.ferro.3150","article_published_time":"2024-07-01T12:43:58+00:00","og_image":[{"width":1000,"height":978,"url":"https:\/\/revistaautobus.com.br\/wp-content\/uploads\/2024\/07\/VWCO-niobio.png","type":"image\/png"}],"author":"Antonio Ferro","twitter_card":"summary_large_image","twitter_misc":{"Escrito por":"Antonio Ferro","Est. tempo de leitura":"2 minutos"},"schema":{"@context":"https:\/\/schema.org","@graph":[{"@type":"Article","@id":"https:\/\/revistaautobus.com.br\/?p=12367#article","isPartOf":{"@id":"https:\/\/revistaautobus.com.br\/?p=12367"},"author":{"name":"Antonio Ferro","@id":"https:\/\/revistaautobus.com.br\/#\/schema\/person\/54af7c3eb83a310e42ef686ef6d16f50"},"headline":"Para as baterias de ni\u00f3bio, um carregador el\u00e9trico veloz","datePublished":"2024-07-01T12:43:58+00:00","mainEntityOfPage":{"@id":"https:\/\/revistaautobus.com.br\/?p=12367"},"wordCount":419,"commentCount":0,"publisher":{"@id":"https:\/\/revistaautobus.com.br\/#organization"},"image":{"@id":"https:\/\/revistaautobus.com.br\/?p=12367#primaryimage"},"thumbnailUrl":"https:\/\/revistaautobus.com.br\/wp-content\/uploads\/2024\/07\/VWCO-niobio.png","keywords":["ABB"],"inLanguage":"pt-BR","potentialAction":[{"@type":"CommentAction","name":"Comment","target":["https:\/\/revistaautobus.com.br\/?p=12367#respond"]}]},{"@type":"WebPage","@id":"https:\/\/revistaautobus.com.br\/?p=12367","url":"https:\/\/revistaautobus.com.br\/?p=12367","name":"Para as baterias de ni\u00f3bio, um carregador el\u00e9trico veloz - Revista AutoBus","isPartOf":{"@id":"https:\/\/revistaautobus.com.br\/#website"},"primaryImageOfPage":{"@id":"https:\/\/revistaautobus.com.br\/?p=12367#primaryimage"},"image":{"@id":"https:\/\/revistaautobus.com.br\/?p=12367#primaryimage"},"thumbnailUrl":"https:\/\/revistaautobus.com.br\/wp-content\/uploads\/2024\/07\/VWCO-niobio.png","datePublished":"2024-07-01T12:43:58+00:00","breadcrumb":{"@id":"https:\/\/revistaautobus.com.br\/?p=12367#breadcrumb"},"inLanguage":"pt-BR","potentialAction":[{"@type":"ReadAction","target":["https:\/\/revistaautobus.com.br\/?p=12367"]}]},{"@type":"ImageObject","inLanguage":"pt-BR","@id":"https:\/\/revistaautobus.com.br\/?p=12367#primaryimage","url":"https:\/\/revistaautobus.com.br\/wp-content\/uploads\/2024\/07\/VWCO-niobio.png","contentUrl":"https:\/\/revistaautobus.com.br\/wp-content\/uploads\/2024\/07\/VWCO-niobio.png","width":1000,"height":978},{"@type":"BreadcrumbList","@id":"https:\/\/revistaautobus.com.br\/?p=12367#breadcrumb","itemListElement":[{"@type":"ListItem","position":1,"name":"In\u00edcio","item":"https:\/\/revistaautobus.com.br\/"},{"@type":"ListItem","position":2,"name":"Para as baterias de ni\u00f3bio, um carregador el\u00e9trico veloz"}]},{"@type":"WebSite","@id":"https:\/\/revistaautobus.com.br\/#website","url":"https:\/\/revistaautobus.com.br\/","name":"Revista AutoBus","description":"","publisher":{"@id":"https:\/\/revistaautobus.com.br\/#organization"},"potentialAction":[{"@type":"SearchAction","target":{"@type":"EntryPoint","urlTemplate":"https:\/\/revistaautobus.com.br\/?s={search_term_string}"},"query-input":{"@type":"PropertyValueSpecification","valueRequired":true,"valueName":"search_term_string"}}],"inLanguage":"pt-BR"},{"@type":"Organization","@id":"https:\/\/revistaautobus.com.br\/#organization","name":"Revista AutoBus","url":"https:\/\/revistaautobus.com.br\/","logo":{"@type":"ImageObject","inLanguage":"pt-BR","@id":"https:\/\/revistaautobus.com.br\/#\/schema\/logo\/image\/","url":"https:\/\/revistaautobus.com.br\/wp-content\/uploads\/2024\/11\/logo_revista_autobus_fb.png","contentUrl":"https:\/\/revistaautobus.com.br\/wp-content\/uploads\/2024\/11\/logo_revista_autobus_fb.png","width":836,"height":227,"caption":"Revista AutoBus"},"image":{"@id":"https:\/\/revistaautobus.com.br\/#\/schema\/logo\/image\/"},"sameAs":["https:\/\/www.facebook.com\/antonio.ferro.3150","https:\/\/www.instagram.com\/revistaautobus\/"]},{"@type":"Person","@id":"https:\/\/revistaautobus.com.br\/#\/schema\/person\/54af7c3eb83a310e42ef686ef6d16f50","name":"Antonio Ferro","image":{"@type":"ImageObject","inLanguage":"pt-BR","@id":"https:\/\/revistaautobus.com.br\/wp-content\/uploads\/2025\/12\/editor_antonio_ferro-150x150.jpg","url":"https:\/\/revistaautobus.com.br\/wp-content\/uploads\/2025\/12\/editor_antonio_ferro-150x150.jpg","contentUrl":"https:\/\/revistaautobus.com.br\/wp-content\/uploads\/2025\/12\/editor_antonio_ferro-150x150.jpg","caption":"Antonio Ferro"},"description":"infobus@uol.com.br","url":"https:\/\/revistaautobus.com.br\/?author=2"}]}},"jetpack_featured_media_url":"https:\/\/revistaautobus.com.br\/wp-content\/uploads\/2024\/07\/VWCO-niobio.png","jetpack_sharing_enabled":true,"_links":{"self":[{"href":"https:\/\/revistaautobus.com.br\/index.php?rest_route=\/wp\/v2\/posts\/12367","targetHints":{"allow":["GET"]}}],"collection":[{"href":"https:\/\/revistaautobus.com.br\/index.php?rest_route=\/wp\/v2\/posts"}],"about":[{"href":"https:\/\/revistaautobus.com.br\/index.php?rest_route=\/wp\/v2\/types\/post"}],"author":[{"embeddable":true,"href":"https:\/\/revistaautobus.com.br\/index.php?rest_route=\/wp\/v2\/users\/2"}],"replies":[{"embeddable":true,"href":"https:\/\/revistaautobus.com.br\/index.php?rest_route=%2Fwp%2Fv2%2Fcomments&post=12367"}],"version-history":[{"count":3,"href":"https:\/\/revistaautobus.com.br\/index.php?rest_route=\/wp\/v2\/posts\/12367\/revisions"}],"predecessor-version":[{"id":12371,"href":"https:\/\/revistaautobus.com.br\/index.php?rest_route=\/wp\/v2\/posts\/12367\/revisions\/12371"}],"wp:featuredmedia":[{"embeddable":true,"href":"https:\/\/revistaautobus.com.br\/index.php?rest_route=\/wp\/v2\/media\/12368"}],"wp:attachment":[{"href":"https:\/\/revistaautobus.com.br\/index.php?rest_route=%2Fwp%2Fv2%2Fmedia&parent=12367"}],"wp:term":[{"taxonomy":"category","embeddable":true,"href":"https:\/\/revistaautobus.com.br\/index.php?rest_route=%2Fwp%2Fv2%2Fcategories&post=12367"},{"taxonomy":"post_tag","embeddable":true,"href":"https:\/\/revistaautobus.com.br\/index.php?rest_route=%2Fwp%2Fv2%2Ftags&post=12367"}],"curies":[{"name":"wp","href":"https:\/\/api.w.org\/{rel}","templated":true}]}}