{"id":12390,"date":"2024-07-01T09:58:37","date_gmt":"2024-07-01T12:58:37","guid":{"rendered":"https:\/\/revistaautobus.com.br\/?p=12390"},"modified":"2024-07-01T09:58:37","modified_gmt":"2024-07-01T12:58:37","slug":"chassi-para-fretamento-foi-atualizado","status":"publish","type":"post","link":"https:\/\/revistaautobus.com.br\/?p=12390","title":{"rendered":"Chassi para fretamento foi atualizado"},"content":{"rendered":"<p>Visando modernizar, ainda mais, a sua linha de produtos para o transporte de passageiros, a Mercedes-Benz colocou o seu sistema BlueTec 6 no chassi dedicado para o fretamento. O OF 1621, considerado por ela, um modelo que j\u00e1 vem pronto para o encarro\u00e7amento, assegura maior rapidez, menor interfer\u00eancia e menor reposicionamento de componentes.<\/p>\n<p>De acordo com a Mercedes-Benz, ele se caracteriza por balan\u00e7os dianteiro e traseiro curtos, sendo que na parte dianteira, isso resulta em maior \u00e2ngulo de entrada e de sa\u00edda, facilitando o servi\u00e7o de fretamento cont\u00ednuo, especialmente por dentro dos bairros. J\u00e1 na traseira, o balan\u00e7o curto possibilita a instala\u00e7\u00e3o de bagageiro passante, permitindo tamb\u00e9m a acomoda\u00e7\u00e3o do estepe.<\/p>\n<p>Seu conjunto mec\u00e2nico adota o motor OM 924 LA, que \u00e9 o mesmo do OF 1721, amplamente conhecido no mercado por sua for\u00e7a, robustez e excelente desempenho. A pot\u00eancia \u00e9 de 208 cv a 2.200 rpm, com torque m\u00e1ximo de 780 Nm entre 1.200 e 1.600 rpm. Um detalhe \u00e9 que esse motor possui polia com canaleta adicional para acionamento do compressor de ar-condicionado, solu\u00e7\u00e3o ideal para fretamento. A transmiss\u00e3o \u00e9 a G-90 de 6 marchas, produzida pela pr\u00f3pria marca.<\/p>\n<p>Para Walter Barbosa, vice-presidente de Vendas, Marketing e Pe\u00e7as &amp; Servi\u00e7os \u00d4nibus da Mercedes-Benz do Brasil, esse modelo \u00e9 uma solu\u00e7\u00e3o exclusiva da marca para o fretamento de funcion\u00e1rios e que, agora, ganha a vers\u00e3o com tecnologia BlueTec 6, mantendo suas caracter\u00edsticas de efici\u00eancia e excelente custo\/benef\u00edcio, agregando ainda os benef\u00edcios ambientais derivados da redu\u00e7\u00e3o de emiss\u00f5es de poluentes locais. &#8220;Esse projeto foi realizado em parceria com os encarro\u00e7adores, visando a otimiza\u00e7\u00e3o do tempo de encarro\u00e7amento e um menor volume de retrabalho pelo implementador. Os clientes tamb\u00e9m foram ouvidos, contribuindo muito para a assertividade do desenvolvimento desse produto da marca&#8221;, explicou.<\/p>\n<p>O referido chassi pode receber carro\u00e7arias de at\u00e9 12,5 metros de comprimento, configura\u00e7\u00e3o que permite montagem de at\u00e9 48 assentos para passageiros, mais o DPM (Dispositivo de Poltrona M\u00f3vel).<\/p>\n<p>Imagem &#8211; Divulga\u00e7\u00e3o<\/p>\n","protected":false},"excerpt":{"rendered":"<p>O referido chassi pode receber carro\u00e7arias de at\u00e9 12,5 metros de comprimento, configura\u00e7\u00e3o que permite montagem de at\u00e9 48 assentos para passageiros, mais o DPM (Dispositivo de Poltrona M\u00f3vel)<\/p>\n","protected":false},"author":2,"featured_media":12391,"comment_status":"open","ping_status":"open","sticky":false,"template":"","format":"standard","meta":{"_et_pb_use_builder":"","_et_pb_old_content":"","_et_gb_content_width":"","_jetpack_memberships_contains_paid_content":false,"footnotes":""},"categories":[10,90],"tags":[17,791],"class_list":["post-12390","post","type-post","status-publish","format-standard","has-post-thumbnail","hentry","category-montadoras","category-noticias","tag-mercedes-benz","tag-of-1621-euro-vi","et-has-post-format-content","et_post_format-et-post-format-standard"],"yoast_head":"<!-- This site is optimized with the Yoast SEO plugin v27.2 - https:\/\/yoast.com\/product\/yoast-seo-wordpress\/ -->\n<title>Chassi para fretamento foi atualizado - Revista AutoBus<\/title>\n<meta name=\"robots\" content=\"index, follow, max-snippet:-1, max-image-preview:large, max-video-preview:-1\" \/>\n<link rel=\"canonical\" href=\"https:\/\/revistaautobus.com.br\/?p=12390\" \/>\n<meta property=\"og:locale\" content=\"pt_BR\" \/>\n<meta property=\"og:type\" content=\"article\" \/>\n<meta property=\"og:title\" content=\"Chassi para fretamento foi atualizado - Revista AutoBus\" \/>\n<meta property=\"og:description\" content=\"O referido chassi pode receber carro\u00e7arias de at\u00e9 12,5 metros de comprimento, configura\u00e7\u00e3o que permite montagem de at\u00e9 48 assentos para passageiros, mais o DPM (Dispositivo de Poltrona M\u00f3vel)\" \/>\n<meta property=\"og:url\" content=\"https:\/\/revistaautobus.com.br\/?p=12390\" \/>\n<meta property=\"og:site_name\" content=\"Revista AutoBus\" \/>\n<meta property=\"article:publisher\" content=\"https:\/\/www.facebook.com\/antonio.ferro.3150\" \/>\n<meta property=\"article:published_time\" content=\"2024-07-01T12:58:37+00:00\" \/>\n<meta property=\"og:image\" content=\"https:\/\/revistaautobus.com.br\/wp-content\/uploads\/2024\/07\/20240624_73cdcceb6c3c416d946b41e310a29094_capa.jpg\" \/>\n\t<meta property=\"og:image:width\" content=\"1000\" \/>\n\t<meta property=\"og:image:height\" content=\"666\" \/>\n\t<meta property=\"og:image:type\" content=\"image\/jpeg\" \/>\n<meta name=\"author\" content=\"Antonio Ferro\" \/>\n<meta name=\"twitter:card\" content=\"summary_large_image\" \/>\n<meta name=\"twitter:label1\" content=\"Escrito por\" \/>\n\t<meta name=\"twitter:data1\" content=\"Antonio Ferro\" \/>\n\t<meta name=\"twitter:label2\" content=\"Est. tempo de leitura\" \/>\n\t<meta name=\"twitter:data2\" content=\"2 minutos\" \/>\n<script type=\"application\/ld+json\" class=\"yoast-schema-graph\">{\"@context\":\"https:\/\/schema.org\",\"@graph\":[{\"@type\":\"Article\",\"@id\":\"https:\/\/revistaautobus.com.br\/?p=12390#article\",\"isPartOf\":{\"@id\":\"https:\/\/revistaautobus.com.br\/?p=12390\"},\"author\":{\"name\":\"Antonio Ferro\",\"@id\":\"https:\/\/revistaautobus.com.br\/#\/schema\/person\/54af7c3eb83a310e42ef686ef6d16f50\"},\"headline\":\"Chassi para fretamento foi atualizado\",\"datePublished\":\"2024-07-01T12:58:37+00:00\",\"mainEntityOfPage\":{\"@id\":\"https:\/\/revistaautobus.com.br\/?p=12390\"},\"wordCount\":348,\"commentCount\":0,\"publisher\":{\"@id\":\"https:\/\/revistaautobus.com.br\/#organization\"},\"image\":{\"@id\":\"https:\/\/revistaautobus.com.br\/?p=12390#primaryimage\"},\"thumbnailUrl\":\"https:\/\/revistaautobus.com.br\/wp-content\/uploads\/2024\/07\/20240624_73cdcceb6c3c416d946b41e310a29094_capa.jpg\",\"keywords\":[\"mercedes-benz\",\"OF 1621 Euro VI\"],\"articleSection\":[\"Montadoras\",\"Not\u00edcias\"],\"inLanguage\":\"pt-BR\",\"potentialAction\":[{\"@type\":\"CommentAction\",\"name\":\"Comment\",\"target\":[\"https:\/\/revistaautobus.com.br\/?p=12390#respond\"]}]},{\"@type\":\"WebPage\",\"@id\":\"https:\/\/revistaautobus.com.br\/?p=12390\",\"url\":\"https:\/\/revistaautobus.com.br\/?p=12390\",\"name\":\"Chassi para fretamento foi atualizado - Revista AutoBus\",\"isPartOf\":{\"@id\":\"https:\/\/revistaautobus.com.br\/#website\"},\"primaryImageOfPage\":{\"@id\":\"https:\/\/revistaautobus.com.br\/?p=12390#primaryimage\"},\"image\":{\"@id\":\"https:\/\/revistaautobus.com.br\/?p=12390#primaryimage\"},\"thumbnailUrl\":\"https:\/\/revistaautobus.com.br\/wp-content\/uploads\/2024\/07\/20240624_73cdcceb6c3c416d946b41e310a29094_capa.jpg\",\"datePublished\":\"2024-07-01T12:58:37+00:00\",\"breadcrumb\":{\"@id\":\"https:\/\/revistaautobus.com.br\/?p=12390#breadcrumb\"},\"inLanguage\":\"pt-BR\",\"potentialAction\":[{\"@type\":\"ReadAction\",\"target\":[\"https:\/\/revistaautobus.com.br\/?p=12390\"]}]},{\"@type\":\"ImageObject\",\"inLanguage\":\"pt-BR\",\"@id\":\"https:\/\/revistaautobus.com.br\/?p=12390#primaryimage\",\"url\":\"https:\/\/revistaautobus.com.br\/wp-content\/uploads\/2024\/07\/20240624_73cdcceb6c3c416d946b41e310a29094_capa.jpg\",\"contentUrl\":\"https:\/\/revistaautobus.com.br\/wp-content\/uploads\/2024\/07\/20240624_73cdcceb6c3c416d946b41e310a29094_capa.jpg\",\"width\":1000,\"height\":666},{\"@type\":\"BreadcrumbList\",\"@id\":\"https:\/\/revistaautobus.com.br\/?p=12390#breadcrumb\",\"itemListElement\":[{\"@type\":\"ListItem\",\"position\":1,\"name\":\"In\u00edcio\",\"item\":\"https:\/\/revistaautobus.com.br\/\"},{\"@type\":\"ListItem\",\"position\":2,\"name\":\"Chassi para fretamento foi atualizado\"}]},{\"@type\":\"WebSite\",\"@id\":\"https:\/\/revistaautobus.com.br\/#website\",\"url\":\"https:\/\/revistaautobus.com.br\/\",\"name\":\"Revista AutoBus\",\"description\":\"\",\"publisher\":{\"@id\":\"https:\/\/revistaautobus.com.br\/#organization\"},\"potentialAction\":[{\"@type\":\"SearchAction\",\"target\":{\"@type\":\"EntryPoint\",\"urlTemplate\":\"https:\/\/revistaautobus.com.br\/?s={search_term_string}\"},\"query-input\":{\"@type\":\"PropertyValueSpecification\",\"valueRequired\":true,\"valueName\":\"search_term_string\"}}],\"inLanguage\":\"pt-BR\"},{\"@type\":\"Organization\",\"@id\":\"https:\/\/revistaautobus.com.br\/#organization\",\"name\":\"Revista AutoBus\",\"url\":\"https:\/\/revistaautobus.com.br\/\",\"logo\":{\"@type\":\"ImageObject\",\"inLanguage\":\"pt-BR\",\"@id\":\"https:\/\/revistaautobus.com.br\/#\/schema\/logo\/image\/\",\"url\":\"https:\/\/revistaautobus.com.br\/wp-content\/uploads\/2024\/11\/logo_revista_autobus_fb.png\",\"contentUrl\":\"https:\/\/revistaautobus.com.br\/wp-content\/uploads\/2024\/11\/logo_revista_autobus_fb.png\",\"width\":836,\"height\":227,\"caption\":\"Revista AutoBus\"},\"image\":{\"@id\":\"https:\/\/revistaautobus.com.br\/#\/schema\/logo\/image\/\"},\"sameAs\":[\"https:\/\/www.facebook.com\/antonio.ferro.3150\",\"https:\/\/www.instagram.com\/revistaautobus\/\"]},{\"@type\":\"Person\",\"@id\":\"https:\/\/revistaautobus.com.br\/#\/schema\/person\/54af7c3eb83a310e42ef686ef6d16f50\",\"name\":\"Antonio Ferro\",\"image\":{\"@type\":\"ImageObject\",\"inLanguage\":\"pt-BR\",\"@id\":\"https:\/\/revistaautobus.com.br\/wp-content\/uploads\/2025\/12\/editor_antonio_ferro-150x150.jpg\",\"url\":\"https:\/\/revistaautobus.com.br\/wp-content\/uploads\/2025\/12\/editor_antonio_ferro-150x150.jpg\",\"contentUrl\":\"https:\/\/revistaautobus.com.br\/wp-content\/uploads\/2025\/12\/editor_antonio_ferro-150x150.jpg\",\"caption\":\"Antonio Ferro\"},\"description\":\"infobus@uol.com.br\",\"url\":\"https:\/\/revistaautobus.com.br\/?author=2\"}]}<\/script>\n<!-- \/ Yoast SEO plugin. -->","yoast_head_json":{"title":"Chassi para fretamento foi atualizado - Revista AutoBus","robots":{"index":"index","follow":"follow","max-snippet":"max-snippet:-1","max-image-preview":"max-image-preview:large","max-video-preview":"max-video-preview:-1"},"canonical":"https:\/\/revistaautobus.com.br\/?p=12390","og_locale":"pt_BR","og_type":"article","og_title":"Chassi para fretamento foi atualizado - Revista AutoBus","og_description":"O referido chassi pode receber carro\u00e7arias de at\u00e9 12,5 metros de comprimento, configura\u00e7\u00e3o que permite montagem de at\u00e9 48 assentos para passageiros, mais o DPM (Dispositivo de Poltrona M\u00f3vel)","og_url":"https:\/\/revistaautobus.com.br\/?p=12390","og_site_name":"Revista AutoBus","article_publisher":"https:\/\/www.facebook.com\/antonio.ferro.3150","article_published_time":"2024-07-01T12:58:37+00:00","og_image":[{"width":1000,"height":666,"url":"https:\/\/revistaautobus.com.br\/wp-content\/uploads\/2024\/07\/20240624_73cdcceb6c3c416d946b41e310a29094_capa.jpg","type":"image\/jpeg"}],"author":"Antonio Ferro","twitter_card":"summary_large_image","twitter_misc":{"Escrito por":"Antonio Ferro","Est. tempo de leitura":"2 minutos"},"schema":{"@context":"https:\/\/schema.org","@graph":[{"@type":"Article","@id":"https:\/\/revistaautobus.com.br\/?p=12390#article","isPartOf":{"@id":"https:\/\/revistaautobus.com.br\/?p=12390"},"author":{"name":"Antonio Ferro","@id":"https:\/\/revistaautobus.com.br\/#\/schema\/person\/54af7c3eb83a310e42ef686ef6d16f50"},"headline":"Chassi para fretamento foi atualizado","datePublished":"2024-07-01T12:58:37+00:00","mainEntityOfPage":{"@id":"https:\/\/revistaautobus.com.br\/?p=12390"},"wordCount":348,"commentCount":0,"publisher":{"@id":"https:\/\/revistaautobus.com.br\/#organization"},"image":{"@id":"https:\/\/revistaautobus.com.br\/?p=12390#primaryimage"},"thumbnailUrl":"https:\/\/revistaautobus.com.br\/wp-content\/uploads\/2024\/07\/20240624_73cdcceb6c3c416d946b41e310a29094_capa.jpg","keywords":["mercedes-benz","OF 1621 Euro VI"],"articleSection":["Montadoras","Not\u00edcias"],"inLanguage":"pt-BR","potentialAction":[{"@type":"CommentAction","name":"Comment","target":["https:\/\/revistaautobus.com.br\/?p=12390#respond"]}]},{"@type":"WebPage","@id":"https:\/\/revistaautobus.com.br\/?p=12390","url":"https:\/\/revistaautobus.com.br\/?p=12390","name":"Chassi para fretamento foi atualizado - Revista AutoBus","isPartOf":{"@id":"https:\/\/revistaautobus.com.br\/#website"},"primaryImageOfPage":{"@id":"https:\/\/revistaautobus.com.br\/?p=12390#primaryimage"},"image":{"@id":"https:\/\/revistaautobus.com.br\/?p=12390#primaryimage"},"thumbnailUrl":"https:\/\/revistaautobus.com.br\/wp-content\/uploads\/2024\/07\/20240624_73cdcceb6c3c416d946b41e310a29094_capa.jpg","datePublished":"2024-07-01T12:58:37+00:00","breadcrumb":{"@id":"https:\/\/revistaautobus.com.br\/?p=12390#breadcrumb"},"inLanguage":"pt-BR","potentialAction":[{"@type":"ReadAction","target":["https:\/\/revistaautobus.com.br\/?p=12390"]}]},{"@type":"ImageObject","inLanguage":"pt-BR","@id":"https:\/\/revistaautobus.com.br\/?p=12390#primaryimage","url":"https:\/\/revistaautobus.com.br\/wp-content\/uploads\/2024\/07\/20240624_73cdcceb6c3c416d946b41e310a29094_capa.jpg","contentUrl":"https:\/\/revistaautobus.com.br\/wp-content\/uploads\/2024\/07\/20240624_73cdcceb6c3c416d946b41e310a29094_capa.jpg","width":1000,"height":666},{"@type":"BreadcrumbList","@id":"https:\/\/revistaautobus.com.br\/?p=12390#breadcrumb","itemListElement":[{"@type":"ListItem","position":1,"name":"In\u00edcio","item":"https:\/\/revistaautobus.com.br\/"},{"@type":"ListItem","position":2,"name":"Chassi para fretamento foi atualizado"}]},{"@type":"WebSite","@id":"https:\/\/revistaautobus.com.br\/#website","url":"https:\/\/revistaautobus.com.br\/","name":"Revista AutoBus","description":"","publisher":{"@id":"https:\/\/revistaautobus.com.br\/#organization"},"potentialAction":[{"@type":"SearchAction","target":{"@type":"EntryPoint","urlTemplate":"https:\/\/revistaautobus.com.br\/?s={search_term_string}"},"query-input":{"@type":"PropertyValueSpecification","valueRequired":true,"valueName":"search_term_string"}}],"inLanguage":"pt-BR"},{"@type":"Organization","@id":"https:\/\/revistaautobus.com.br\/#organization","name":"Revista AutoBus","url":"https:\/\/revistaautobus.com.br\/","logo":{"@type":"ImageObject","inLanguage":"pt-BR","@id":"https:\/\/revistaautobus.com.br\/#\/schema\/logo\/image\/","url":"https:\/\/revistaautobus.com.br\/wp-content\/uploads\/2024\/11\/logo_revista_autobus_fb.png","contentUrl":"https:\/\/revistaautobus.com.br\/wp-content\/uploads\/2024\/11\/logo_revista_autobus_fb.png","width":836,"height":227,"caption":"Revista AutoBus"},"image":{"@id":"https:\/\/revistaautobus.com.br\/#\/schema\/logo\/image\/"},"sameAs":["https:\/\/www.facebook.com\/antonio.ferro.3150","https:\/\/www.instagram.com\/revistaautobus\/"]},{"@type":"Person","@id":"https:\/\/revistaautobus.com.br\/#\/schema\/person\/54af7c3eb83a310e42ef686ef6d16f50","name":"Antonio Ferro","image":{"@type":"ImageObject","inLanguage":"pt-BR","@id":"https:\/\/revistaautobus.com.br\/wp-content\/uploads\/2025\/12\/editor_antonio_ferro-150x150.jpg","url":"https:\/\/revistaautobus.com.br\/wp-content\/uploads\/2025\/12\/editor_antonio_ferro-150x150.jpg","contentUrl":"https:\/\/revistaautobus.com.br\/wp-content\/uploads\/2025\/12\/editor_antonio_ferro-150x150.jpg","caption":"Antonio Ferro"},"description":"infobus@uol.com.br","url":"https:\/\/revistaautobus.com.br\/?author=2"}]}},"jetpack_featured_media_url":"https:\/\/revistaautobus.com.br\/wp-content\/uploads\/2024\/07\/20240624_73cdcceb6c3c416d946b41e310a29094_capa.jpg","jetpack_sharing_enabled":true,"_links":{"self":[{"href":"https:\/\/revistaautobus.com.br\/index.php?rest_route=\/wp\/v2\/posts\/12390","targetHints":{"allow":["GET"]}}],"collection":[{"href":"https:\/\/revistaautobus.com.br\/index.php?rest_route=\/wp\/v2\/posts"}],"about":[{"href":"https:\/\/revistaautobus.com.br\/index.php?rest_route=\/wp\/v2\/types\/post"}],"author":[{"embeddable":true,"href":"https:\/\/revistaautobus.com.br\/index.php?rest_route=\/wp\/v2\/users\/2"}],"replies":[{"embeddable":true,"href":"https:\/\/revistaautobus.com.br\/index.php?rest_route=%2Fwp%2Fv2%2Fcomments&post=12390"}],"version-history":[{"count":3,"href":"https:\/\/revistaautobus.com.br\/index.php?rest_route=\/wp\/v2\/posts\/12390\/revisions"}],"predecessor-version":[{"id":12394,"href":"https:\/\/revistaautobus.com.br\/index.php?rest_route=\/wp\/v2\/posts\/12390\/revisions\/12394"}],"wp:featuredmedia":[{"embeddable":true,"href":"https:\/\/revistaautobus.com.br\/index.php?rest_route=\/wp\/v2\/media\/12391"}],"wp:attachment":[{"href":"https:\/\/revistaautobus.com.br\/index.php?rest_route=%2Fwp%2Fv2%2Fmedia&parent=12390"}],"wp:term":[{"taxonomy":"category","embeddable":true,"href":"https:\/\/revistaautobus.com.br\/index.php?rest_route=%2Fwp%2Fv2%2Fcategories&post=12390"},{"taxonomy":"post_tag","embeddable":true,"href":"https:\/\/revistaautobus.com.br\/index.php?rest_route=%2Fwp%2Fv2%2Ftags&post=12390"}],"curies":[{"name":"wp","href":"https:\/\/api.w.org\/{rel}","templated":true}]}}