{"id":12446,"date":"2024-07-08T09:59:18","date_gmt":"2024-07-08T12:59:18","guid":{"rendered":"https:\/\/revistaautobus.com.br\/?p=12446"},"modified":"2024-07-08T09:59:18","modified_gmt":"2024-07-08T12:59:18","slug":"caio-apoia-e-celebra-finalistas-da-1a-edicao-do-premio-de-comunicacao-da-fetpesp","status":"publish","type":"post","link":"https:\/\/revistaautobus.com.br\/?p=12446","title":{"rendered":"Caio apoia e celebra finalistas da 1\u00aa edi\u00e7\u00e3o do Pr\u00eamio de Comunica\u00e7\u00e3o da Fetpesp"},"content":{"rendered":"<p><span style=\"color: #808000;\"><em><strong>Espa\u00e7o Caio<\/strong><\/em><\/span><\/p>\n<p>A Caio apoiou e participou da cerim\u00f4nia de encerramento do \u201cPr\u00eamio FETPESP de Comunica\u00e7\u00e3o \u2013 Movendo Ideias, Celebrando Talentos!\u201d, realizada em 27 de junho no Boulevard JK, S\u00e3o Paulo. O evento, anunciado em janeiro, visou fortalecer o setor de transportes, promover a inova\u00e7\u00e3o, acessibilidade, sustentabilidade e senso de comunidade.<\/p>\n<p>A cerim\u00f4nia reuniu finalistas, entidades do setor de transportes, \u00f3rg\u00e3os gestores, clientes, empresas apoiadoras e renomados jurados para prestigiar os talentos que se destacaram nas seis categorias: Jornalismo, Estudante Universit\u00e1rio de Jornalismo, Campanha Publicit\u00e1ria, A\u00e7\u00e3o Institucional, Internet e <em>Podcast.<\/em><\/p>\n<p>Os trabalhos foram avaliados por especialistas, considerando crit\u00e9rios como relev\u00e2ncia, qualidade jornal\u00edstica ou de comunica\u00e7\u00e3o, originalidade e impacto na sociedade. Entre os jurados estavam T\u00e2nia Pires de Souza e M\u00f4nica Quemel Faioli, integrantes do setor de Comunica\u00e7\u00e3o e Marketing da Caio Botucatu.<\/p>\n<p>T\u00e2nia Pires de Souza, gerente de Comunica\u00e7\u00e3o e Marketing da empresa, destacou que para a marca Caio \u00e9 gratificante apoiar talentos que reconhecem e contribuem para o setor de transporte, uma vez que aprimoram a comunica\u00e7\u00e3o, constroem ideias inovadoras e beneficiam diretamente a comunidade.<\/p>\n<p>Imagem &#8211; Divulga\u00e7\u00e3o<\/p>\n","protected":false},"excerpt":{"rendered":"<p>Fabricante de carro\u00e7arias incentiva os bons trabalhos jornal\u00edsticos que se destacam no setor de transporte de passageiros<\/p>\n","protected":false},"author":2,"featured_media":12447,"comment_status":"open","ping_status":"open","sticky":false,"template":"","format":"standard","meta":{"_et_pb_use_builder":"","_et_pb_old_content":"","_et_gb_content_width":"","_jetpack_memberships_contains_paid_content":false,"footnotes":""},"categories":[1],"tags":[83,143],"class_list":["post-12446","post","type-post","status-publish","format-standard","has-post-thumbnail","hentry","category-sem-categoria","tag-caio","tag-fetpesp","et-has-post-format-content","et_post_format-et-post-format-standard"],"yoast_head":"<!-- This site is optimized with the Yoast SEO plugin v27.2 - https:\/\/yoast.com\/product\/yoast-seo-wordpress\/ -->\n<title>Caio apoia e celebra finalistas da 1\u00aa edi\u00e7\u00e3o do Pr\u00eamio de Comunica\u00e7\u00e3o da Fetpesp - Revista AutoBus<\/title>\n<meta name=\"robots\" content=\"index, follow, max-snippet:-1, max-image-preview:large, max-video-preview:-1\" \/>\n<link rel=\"canonical\" href=\"https:\/\/revistaautobus.com.br\/?p=12446\" \/>\n<meta property=\"og:locale\" content=\"pt_BR\" \/>\n<meta property=\"og:type\" content=\"article\" \/>\n<meta property=\"og:title\" content=\"Caio apoia e celebra finalistas da 1\u00aa edi\u00e7\u00e3o do Pr\u00eamio de Comunica\u00e7\u00e3o da Fetpesp - Revista AutoBus\" \/>\n<meta property=\"og:description\" content=\"Fabricante de carro\u00e7arias incentiva os bons trabalhos jornal\u00edsticos que se destacam no setor de transporte de passageiros\" \/>\n<meta property=\"og:url\" content=\"https:\/\/revistaautobus.com.br\/?p=12446\" \/>\n<meta property=\"og:site_name\" content=\"Revista AutoBus\" \/>\n<meta property=\"article:publisher\" content=\"https:\/\/www.facebook.com\/antonio.ferro.3150\" \/>\n<meta property=\"article:published_time\" content=\"2024-07-08T12:59:18+00:00\" \/>\n<meta property=\"og:image\" content=\"https:\/\/revistaautobus.com.br\/wp-content\/uploads\/2024\/07\/fetpesp-jjun24iblasfotografia-0017-scaled-1.jpg\" \/>\n\t<meta property=\"og:image:width\" content=\"1000\" \/>\n\t<meta property=\"og:image:height\" content=\"667\" \/>\n\t<meta property=\"og:image:type\" content=\"image\/jpeg\" \/>\n<meta name=\"author\" content=\"Antonio Ferro\" \/>\n<meta name=\"twitter:card\" content=\"summary_large_image\" \/>\n<meta name=\"twitter:label1\" content=\"Escrito por\" \/>\n\t<meta name=\"twitter:data1\" content=\"Antonio Ferro\" \/>\n\t<meta name=\"twitter:label2\" content=\"Est. tempo de leitura\" \/>\n\t<meta name=\"twitter:data2\" content=\"1 minuto\" \/>\n<script type=\"application\/ld+json\" class=\"yoast-schema-graph\">{\"@context\":\"https:\/\/schema.org\",\"@graph\":[{\"@type\":\"Article\",\"@id\":\"https:\/\/revistaautobus.com.br\/?p=12446#article\",\"isPartOf\":{\"@id\":\"https:\/\/revistaautobus.com.br\/?p=12446\"},\"author\":{\"name\":\"Antonio Ferro\",\"@id\":\"https:\/\/revistaautobus.com.br\/#\/schema\/person\/54af7c3eb83a310e42ef686ef6d16f50\"},\"headline\":\"Caio apoia e celebra finalistas da 1\u00aa edi\u00e7\u00e3o do Pr\u00eamio de Comunica\u00e7\u00e3o da Fetpesp\",\"datePublished\":\"2024-07-08T12:59:18+00:00\",\"mainEntityOfPage\":{\"@id\":\"https:\/\/revistaautobus.com.br\/?p=12446\"},\"wordCount\":214,\"commentCount\":0,\"publisher\":{\"@id\":\"https:\/\/revistaautobus.com.br\/#organization\"},\"image\":{\"@id\":\"https:\/\/revistaautobus.com.br\/?p=12446#primaryimage\"},\"thumbnailUrl\":\"https:\/\/revistaautobus.com.br\/wp-content\/uploads\/2024\/07\/fetpesp-jjun24iblasfotografia-0017-scaled-1.jpg\",\"keywords\":[\"Caio\",\"FETPESP\"],\"inLanguage\":\"pt-BR\",\"potentialAction\":[{\"@type\":\"CommentAction\",\"name\":\"Comment\",\"target\":[\"https:\/\/revistaautobus.com.br\/?p=12446#respond\"]}]},{\"@type\":\"WebPage\",\"@id\":\"https:\/\/revistaautobus.com.br\/?p=12446\",\"url\":\"https:\/\/revistaautobus.com.br\/?p=12446\",\"name\":\"Caio apoia e celebra finalistas da 1\u00aa edi\u00e7\u00e3o do Pr\u00eamio de Comunica\u00e7\u00e3o da Fetpesp - Revista AutoBus\",\"isPartOf\":{\"@id\":\"https:\/\/revistaautobus.com.br\/#website\"},\"primaryImageOfPage\":{\"@id\":\"https:\/\/revistaautobus.com.br\/?p=12446#primaryimage\"},\"image\":{\"@id\":\"https:\/\/revistaautobus.com.br\/?p=12446#primaryimage\"},\"thumbnailUrl\":\"https:\/\/revistaautobus.com.br\/wp-content\/uploads\/2024\/07\/fetpesp-jjun24iblasfotografia-0017-scaled-1.jpg\",\"datePublished\":\"2024-07-08T12:59:18+00:00\",\"breadcrumb\":{\"@id\":\"https:\/\/revistaautobus.com.br\/?p=12446#breadcrumb\"},\"inLanguage\":\"pt-BR\",\"potentialAction\":[{\"@type\":\"ReadAction\",\"target\":[\"https:\/\/revistaautobus.com.br\/?p=12446\"]}]},{\"@type\":\"ImageObject\",\"inLanguage\":\"pt-BR\",\"@id\":\"https:\/\/revistaautobus.com.br\/?p=12446#primaryimage\",\"url\":\"https:\/\/revistaautobus.com.br\/wp-content\/uploads\/2024\/07\/fetpesp-jjun24iblasfotografia-0017-scaled-1.jpg\",\"contentUrl\":\"https:\/\/revistaautobus.com.br\/wp-content\/uploads\/2024\/07\/fetpesp-jjun24iblasfotografia-0017-scaled-1.jpg\",\"width\":1000,\"height\":667},{\"@type\":\"BreadcrumbList\",\"@id\":\"https:\/\/revistaautobus.com.br\/?p=12446#breadcrumb\",\"itemListElement\":[{\"@type\":\"ListItem\",\"position\":1,\"name\":\"In\u00edcio\",\"item\":\"https:\/\/revistaautobus.com.br\/\"},{\"@type\":\"ListItem\",\"position\":2,\"name\":\"Caio apoia e celebra finalistas da 1\u00aa edi\u00e7\u00e3o do Pr\u00eamio de Comunica\u00e7\u00e3o da Fetpesp\"}]},{\"@type\":\"WebSite\",\"@id\":\"https:\/\/revistaautobus.com.br\/#website\",\"url\":\"https:\/\/revistaautobus.com.br\/\",\"name\":\"Revista AutoBus\",\"description\":\"\",\"publisher\":{\"@id\":\"https:\/\/revistaautobus.com.br\/#organization\"},\"potentialAction\":[{\"@type\":\"SearchAction\",\"target\":{\"@type\":\"EntryPoint\",\"urlTemplate\":\"https:\/\/revistaautobus.com.br\/?s={search_term_string}\"},\"query-input\":{\"@type\":\"PropertyValueSpecification\",\"valueRequired\":true,\"valueName\":\"search_term_string\"}}],\"inLanguage\":\"pt-BR\"},{\"@type\":\"Organization\",\"@id\":\"https:\/\/revistaautobus.com.br\/#organization\",\"name\":\"Revista AutoBus\",\"url\":\"https:\/\/revistaautobus.com.br\/\",\"logo\":{\"@type\":\"ImageObject\",\"inLanguage\":\"pt-BR\",\"@id\":\"https:\/\/revistaautobus.com.br\/#\/schema\/logo\/image\/\",\"url\":\"https:\/\/revistaautobus.com.br\/wp-content\/uploads\/2024\/11\/logo_revista_autobus_fb.png\",\"contentUrl\":\"https:\/\/revistaautobus.com.br\/wp-content\/uploads\/2024\/11\/logo_revista_autobus_fb.png\",\"width\":836,\"height\":227,\"caption\":\"Revista AutoBus\"},\"image\":{\"@id\":\"https:\/\/revistaautobus.com.br\/#\/schema\/logo\/image\/\"},\"sameAs\":[\"https:\/\/www.facebook.com\/antonio.ferro.3150\",\"https:\/\/www.instagram.com\/revistaautobus\/\"]},{\"@type\":\"Person\",\"@id\":\"https:\/\/revistaautobus.com.br\/#\/schema\/person\/54af7c3eb83a310e42ef686ef6d16f50\",\"name\":\"Antonio Ferro\",\"image\":{\"@type\":\"ImageObject\",\"inLanguage\":\"pt-BR\",\"@id\":\"https:\/\/revistaautobus.com.br\/wp-content\/uploads\/2025\/12\/editor_antonio_ferro-150x150.jpg\",\"url\":\"https:\/\/revistaautobus.com.br\/wp-content\/uploads\/2025\/12\/editor_antonio_ferro-150x150.jpg\",\"contentUrl\":\"https:\/\/revistaautobus.com.br\/wp-content\/uploads\/2025\/12\/editor_antonio_ferro-150x150.jpg\",\"caption\":\"Antonio Ferro\"},\"description\":\"infobus@uol.com.br\",\"url\":\"https:\/\/revistaautobus.com.br\/?author=2\"}]}<\/script>\n<!-- \/ Yoast SEO plugin. -->","yoast_head_json":{"title":"Caio apoia e celebra finalistas da 1\u00aa edi\u00e7\u00e3o do Pr\u00eamio de Comunica\u00e7\u00e3o da Fetpesp - Revista AutoBus","robots":{"index":"index","follow":"follow","max-snippet":"max-snippet:-1","max-image-preview":"max-image-preview:large","max-video-preview":"max-video-preview:-1"},"canonical":"https:\/\/revistaautobus.com.br\/?p=12446","og_locale":"pt_BR","og_type":"article","og_title":"Caio apoia e celebra finalistas da 1\u00aa edi\u00e7\u00e3o do Pr\u00eamio de Comunica\u00e7\u00e3o da Fetpesp - Revista AutoBus","og_description":"Fabricante de carro\u00e7arias incentiva os bons trabalhos jornal\u00edsticos que se destacam no setor de transporte de passageiros","og_url":"https:\/\/revistaautobus.com.br\/?p=12446","og_site_name":"Revista AutoBus","article_publisher":"https:\/\/www.facebook.com\/antonio.ferro.3150","article_published_time":"2024-07-08T12:59:18+00:00","og_image":[{"width":1000,"height":667,"url":"https:\/\/revistaautobus.com.br\/wp-content\/uploads\/2024\/07\/fetpesp-jjun24iblasfotografia-0017-scaled-1.jpg","type":"image\/jpeg"}],"author":"Antonio Ferro","twitter_card":"summary_large_image","twitter_misc":{"Escrito por":"Antonio Ferro","Est. tempo de leitura":"1 minuto"},"schema":{"@context":"https:\/\/schema.org","@graph":[{"@type":"Article","@id":"https:\/\/revistaautobus.com.br\/?p=12446#article","isPartOf":{"@id":"https:\/\/revistaautobus.com.br\/?p=12446"},"author":{"name":"Antonio Ferro","@id":"https:\/\/revistaautobus.com.br\/#\/schema\/person\/54af7c3eb83a310e42ef686ef6d16f50"},"headline":"Caio apoia e celebra finalistas da 1\u00aa edi\u00e7\u00e3o do Pr\u00eamio de Comunica\u00e7\u00e3o da Fetpesp","datePublished":"2024-07-08T12:59:18+00:00","mainEntityOfPage":{"@id":"https:\/\/revistaautobus.com.br\/?p=12446"},"wordCount":214,"commentCount":0,"publisher":{"@id":"https:\/\/revistaautobus.com.br\/#organization"},"image":{"@id":"https:\/\/revistaautobus.com.br\/?p=12446#primaryimage"},"thumbnailUrl":"https:\/\/revistaautobus.com.br\/wp-content\/uploads\/2024\/07\/fetpesp-jjun24iblasfotografia-0017-scaled-1.jpg","keywords":["Caio","FETPESP"],"inLanguage":"pt-BR","potentialAction":[{"@type":"CommentAction","name":"Comment","target":["https:\/\/revistaautobus.com.br\/?p=12446#respond"]}]},{"@type":"WebPage","@id":"https:\/\/revistaautobus.com.br\/?p=12446","url":"https:\/\/revistaautobus.com.br\/?p=12446","name":"Caio apoia e celebra finalistas da 1\u00aa edi\u00e7\u00e3o do Pr\u00eamio de Comunica\u00e7\u00e3o da Fetpesp - Revista AutoBus","isPartOf":{"@id":"https:\/\/revistaautobus.com.br\/#website"},"primaryImageOfPage":{"@id":"https:\/\/revistaautobus.com.br\/?p=12446#primaryimage"},"image":{"@id":"https:\/\/revistaautobus.com.br\/?p=12446#primaryimage"},"thumbnailUrl":"https:\/\/revistaautobus.com.br\/wp-content\/uploads\/2024\/07\/fetpesp-jjun24iblasfotografia-0017-scaled-1.jpg","datePublished":"2024-07-08T12:59:18+00:00","breadcrumb":{"@id":"https:\/\/revistaautobus.com.br\/?p=12446#breadcrumb"},"inLanguage":"pt-BR","potentialAction":[{"@type":"ReadAction","target":["https:\/\/revistaautobus.com.br\/?p=12446"]}]},{"@type":"ImageObject","inLanguage":"pt-BR","@id":"https:\/\/revistaautobus.com.br\/?p=12446#primaryimage","url":"https:\/\/revistaautobus.com.br\/wp-content\/uploads\/2024\/07\/fetpesp-jjun24iblasfotografia-0017-scaled-1.jpg","contentUrl":"https:\/\/revistaautobus.com.br\/wp-content\/uploads\/2024\/07\/fetpesp-jjun24iblasfotografia-0017-scaled-1.jpg","width":1000,"height":667},{"@type":"BreadcrumbList","@id":"https:\/\/revistaautobus.com.br\/?p=12446#breadcrumb","itemListElement":[{"@type":"ListItem","position":1,"name":"In\u00edcio","item":"https:\/\/revistaautobus.com.br\/"},{"@type":"ListItem","position":2,"name":"Caio apoia e celebra finalistas da 1\u00aa edi\u00e7\u00e3o do Pr\u00eamio de Comunica\u00e7\u00e3o da Fetpesp"}]},{"@type":"WebSite","@id":"https:\/\/revistaautobus.com.br\/#website","url":"https:\/\/revistaautobus.com.br\/","name":"Revista AutoBus","description":"","publisher":{"@id":"https:\/\/revistaautobus.com.br\/#organization"},"potentialAction":[{"@type":"SearchAction","target":{"@type":"EntryPoint","urlTemplate":"https:\/\/revistaautobus.com.br\/?s={search_term_string}"},"query-input":{"@type":"PropertyValueSpecification","valueRequired":true,"valueName":"search_term_string"}}],"inLanguage":"pt-BR"},{"@type":"Organization","@id":"https:\/\/revistaautobus.com.br\/#organization","name":"Revista AutoBus","url":"https:\/\/revistaautobus.com.br\/","logo":{"@type":"ImageObject","inLanguage":"pt-BR","@id":"https:\/\/revistaautobus.com.br\/#\/schema\/logo\/image\/","url":"https:\/\/revistaautobus.com.br\/wp-content\/uploads\/2024\/11\/logo_revista_autobus_fb.png","contentUrl":"https:\/\/revistaautobus.com.br\/wp-content\/uploads\/2024\/11\/logo_revista_autobus_fb.png","width":836,"height":227,"caption":"Revista AutoBus"},"image":{"@id":"https:\/\/revistaautobus.com.br\/#\/schema\/logo\/image\/"},"sameAs":["https:\/\/www.facebook.com\/antonio.ferro.3150","https:\/\/www.instagram.com\/revistaautobus\/"]},{"@type":"Person","@id":"https:\/\/revistaautobus.com.br\/#\/schema\/person\/54af7c3eb83a310e42ef686ef6d16f50","name":"Antonio Ferro","image":{"@type":"ImageObject","inLanguage":"pt-BR","@id":"https:\/\/revistaautobus.com.br\/wp-content\/uploads\/2025\/12\/editor_antonio_ferro-150x150.jpg","url":"https:\/\/revistaautobus.com.br\/wp-content\/uploads\/2025\/12\/editor_antonio_ferro-150x150.jpg","contentUrl":"https:\/\/revistaautobus.com.br\/wp-content\/uploads\/2025\/12\/editor_antonio_ferro-150x150.jpg","caption":"Antonio Ferro"},"description":"infobus@uol.com.br","url":"https:\/\/revistaautobus.com.br\/?author=2"}]}},"jetpack_featured_media_url":"https:\/\/revistaautobus.com.br\/wp-content\/uploads\/2024\/07\/fetpesp-jjun24iblasfotografia-0017-scaled-1.jpg","jetpack_sharing_enabled":true,"_links":{"self":[{"href":"https:\/\/revistaautobus.com.br\/index.php?rest_route=\/wp\/v2\/posts\/12446","targetHints":{"allow":["GET"]}}],"collection":[{"href":"https:\/\/revistaautobus.com.br\/index.php?rest_route=\/wp\/v2\/posts"}],"about":[{"href":"https:\/\/revistaautobus.com.br\/index.php?rest_route=\/wp\/v2\/types\/post"}],"author":[{"embeddable":true,"href":"https:\/\/revistaautobus.com.br\/index.php?rest_route=\/wp\/v2\/users\/2"}],"replies":[{"embeddable":true,"href":"https:\/\/revistaautobus.com.br\/index.php?rest_route=%2Fwp%2Fv2%2Fcomments&post=12446"}],"version-history":[{"count":3,"href":"https:\/\/revistaautobus.com.br\/index.php?rest_route=\/wp\/v2\/posts\/12446\/revisions"}],"predecessor-version":[{"id":12450,"href":"https:\/\/revistaautobus.com.br\/index.php?rest_route=\/wp\/v2\/posts\/12446\/revisions\/12450"}],"wp:featuredmedia":[{"embeddable":true,"href":"https:\/\/revistaautobus.com.br\/index.php?rest_route=\/wp\/v2\/media\/12447"}],"wp:attachment":[{"href":"https:\/\/revistaautobus.com.br\/index.php?rest_route=%2Fwp%2Fv2%2Fmedia&parent=12446"}],"wp:term":[{"taxonomy":"category","embeddable":true,"href":"https:\/\/revistaautobus.com.br\/index.php?rest_route=%2Fwp%2Fv2%2Fcategories&post=12446"},{"taxonomy":"post_tag","embeddable":true,"href":"https:\/\/revistaautobus.com.br\/index.php?rest_route=%2Fwp%2Fv2%2Ftags&post=12446"}],"curies":[{"name":"wp","href":"https:\/\/api.w.org\/{rel}","templated":true}]}}