{"id":12459,"date":"2024-07-08T10:10:53","date_gmt":"2024-07-08T13:10:53","guid":{"rendered":"https:\/\/revistaautobus.com.br\/?p=12459"},"modified":"2024-07-08T10:12:04","modified_gmt":"2024-07-08T13:12:04","slug":"as-licoes-que-ficaram-das-enchentes-no-rio-grande-do-sul-e-os-85-anos-da-ouro-e-prata","status":"publish","type":"post","link":"https:\/\/revistaautobus.com.br\/?p=12459","title":{"rendered":"As li\u00e7\u00f5es que ficaram das enchentes no Rio Grande do Sul e os 85 anos da Ouro e Prata"},"content":{"rendered":"<p>Tudo come\u00e7ou no long\u00ednquo ano de 1939, quando Willy Fleck e Raimundo Fleck fundaram a empresa Crissiumal para o transporte de carga e de passageiros, a g\u00eanese da empresa que conhecemos, hoje, como Via\u00e7\u00e3o Ouro e Prata (nome adotado em 1948). Nas terras ga\u00fachas, a operadora teve uma significativa participa\u00e7\u00e3o no desenvolvimento do sistema de transporte de passageiros por terra, se tornando uma refer\u00eancia quando o assunto \u00e9 \u00f4nibus rodovi\u00e1rio.<\/p>\n<p>Prestes a celebrar seus 85 anos de hist\u00f3ria, a Ouro e Prata, ao longo de sua trajet\u00f3ria, assumiu o compromisso de investir nas pessoas, como o mote de valor operacional, na inova\u00e7\u00e3o e em tecnologias para a otimiza\u00e7\u00e3o de suas atividades, se consolidando no mercado.<\/p>\n<p>Contudo, o desastre clim\u00e1tico que atingiu o estado do Rio Grande do Sul n\u00e3o poupou a vida da transportadora, causando-lhe um preju\u00edzo, ainda incont\u00e1vel, afetando toda a rotina de suas opera\u00e7\u00f5es, prejudicando a mobilidade das pessoas e o trabalho de seus colaboradores.<\/p>\n<p>Mesmo com todos os infort\u00fanios vividos por ela, a palavra des\u00e2nimo foi descartada de seu vocabul\u00e1rio. Dessa maneira, outro termo pode ser utilizado para reestabelecer sua confian\u00e7a no futuro \u2013 resili\u00eancia. Com toda a dedica\u00e7\u00e3o revelada pelos envolvidos com a empresa, o que se v\u00ea \u00e9 a for\u00e7a de vontade para se reerguer frente aos problemas e continuar atuando para dispor do melhor servi\u00e7o aos seus clientes.<\/p>\n<div id=\"attachment_12461\" style=\"width: 1034px\" class=\"wp-caption alignnone\"><img loading=\"lazy\" decoding=\"async\" aria-describedby=\"caption-attachment-12461\" class=\"wp-image-12461 size-large\" src=\"https:\/\/revistaautobus.com.br\/wp-content\/uploads\/2024\/07\/IMG-20240701-WA0059-1024x657.jpg\" alt=\"\" width=\"1024\" height=\"657\" srcset=\"https:\/\/revistaautobus.com.br\/wp-content\/uploads\/2024\/07\/IMG-20240701-WA0059-1024x657.jpg 1024w, https:\/\/revistaautobus.com.br\/wp-content\/uploads\/2024\/07\/IMG-20240701-WA0059-300x193.jpg 300w, https:\/\/revistaautobus.com.br\/wp-content\/uploads\/2024\/07\/IMG-20240701-WA0059-768x493.jpg 768w, https:\/\/revistaautobus.com.br\/wp-content\/uploads\/2024\/07\/IMG-20240701-WA0059-1536x986.jpg 1536w, https:\/\/revistaautobus.com.br\/wp-content\/uploads\/2024\/07\/IMG-20240701-WA0059-1080x693.jpg 1080w, https:\/\/revistaautobus.com.br\/wp-content\/uploads\/2024\/07\/IMG-20240701-WA0059.jpg 1600w\" sizes=\"(max-width: 1024px) 100vw, 1024px\" \/><p id=\"caption-attachment-12461\" class=\"wp-caption-text\"><span style=\"color: #800000;\"><em><strong>Os fundadores da Ouro e Prata, l\u00e1 na d\u00e9cada de 1980<\/strong><\/em><\/span><\/p><\/div>\n<p>Acompanhe abaixo, nas palavras de Luana Fleck, diretora da operadora ga\u00facha, como a empresa enfrentou esse momento conturbado e o seu olhar para o amanh\u00e3, determinada a continuar crescendo, sempre com o esp\u00edrito da inova\u00e7\u00e3o e dos valores humanos.<\/p>\n<p><span style=\"color: #800000;\"><em>Celebrar 85 anos de hist\u00f3ria \u00e9 um marco significativo para qualquer empresa. Para a Ouro e Prata, essa celebra\u00e7\u00e3o ocorre em um momento de grande desafio para o povo ga\u00facho. A palavra que define essa trajet\u00f3ria \u00e9 resili\u00eancia. Apesar das dificuldades, a empresa reafirma seu compromisso com a comunidade ga\u00facha, demonstrando a sua capacidade de se adaptar e de seguir em frente com determina\u00e7\u00e3o, solidariedade e empatia.<\/em><\/span><\/p>\n<p><span style=\"color: #800000;\"><em>Recentemente, a Ouro e Prata enfrentou um per\u00edodo dif\u00edcil devido \u00e0s enchentes no Rio Grande do Sul, que causaram danos na sua infraestrutura, afetando a garagem, equipamentos e parte da sua frota. A resposta foi imediata e coordenada: a empresa empenhou-se na limpeza e reorganiza\u00e7\u00e3o da garagem, al\u00e9m de realocar os times nos espa\u00e7os que n\u00e3o foram atingidos. Em parceria com a Marcopolo, a empresa est\u00e1 trabalhando na revitaliza\u00e7\u00e3o dos ve\u00edculos atingidos, na restaura\u00e7\u00e3o dos pisos e interiores dos \u00f4nibus, al\u00e9m da troca das poltronas, com a expectativa de que estejam operacionais em breve. Al\u00e9m disso, a chegada de uma nova frota ainda neste m\u00eas de junho contribuir\u00e1 para suprir a demanda e manter a opera\u00e7\u00e3o em pleno funcionamento em todo o Brasil.<\/em><\/span><\/p>\n<p><span style=\"color: #800000;\"><em>\u00c9 importante ressaltar que as enchentes trouxeram in\u00fameros danos e muitos colaboradores da empresa perderam tudo. Por\u00e9m, diante desta situa\u00e7\u00e3o, a equipe de Recursos Humanos da Ouro e Prata sempre esteve ao lado dos colaboradores, prestando assist\u00eancia, dando apoio e ajudando no que fosse preciso. Al\u00e9m disso, a empresa ofereceu suporte financeiro e abriu um espa\u00e7o solid\u00e1rio com itens como roupas, cal\u00e7ados, materiais escolares, alimentos, produtos de higiene, entre outros, para as fam\u00edlias que precisavam. A empresa tamb\u00e9m estendeu sua ajuda \u00e0 comunidade ga\u00facha, promovendo a\u00e7\u00f5es sociais importantes. Utilizamos nossa capacidade t\u00e9cnica e log\u00edstica para transportar mantimentos essenciais, transformando nossas ag\u00eancias em pontos de coleta de doa\u00e7\u00f5es. Al\u00e9m disso, realizamos resgates com barcos de apoio, doamos coletes salva-vidas e fornecemos combust\u00edvel para as equipes de resgate. E, para facilitar a mobilidade durante a recupera\u00e7\u00e3o, estamos oferecendo atualmente 50% de desconto nas passagens intermunicipais no RS, contribuindo para a retomada das atividades no estado.<\/em><\/span><\/p>\n<p><img loading=\"lazy\" decoding=\"async\" class=\"wp-image-11759 size-large aligncenter\" src=\"https:\/\/revistaautobus.com.br\/wp-content\/uploads\/2024\/04\/Luana-2-683x1024.jpg\" alt=\"\" width=\"683\" height=\"1024\" srcset=\"https:\/\/revistaautobus.com.br\/wp-content\/uploads\/2024\/04\/Luana-2-683x1024.jpg 683w, https:\/\/revistaautobus.com.br\/wp-content\/uploads\/2024\/04\/Luana-2-200x300.jpg 200w, https:\/\/revistaautobus.com.br\/wp-content\/uploads\/2024\/04\/Luana-2-768x1152.jpg 768w, https:\/\/revistaautobus.com.br\/wp-content\/uploads\/2024\/04\/Luana-2-1024x1536.jpg 1024w, https:\/\/revistaautobus.com.br\/wp-content\/uploads\/2024\/04\/Luana-2-1365x2048.jpg 1365w, https:\/\/revistaautobus.com.br\/wp-content\/uploads\/2024\/04\/Luana-2-1080x1620.jpg 1080w, https:\/\/revistaautobus.com.br\/wp-content\/uploads\/2024\/04\/Luana-2-scaled.jpg 1706w\" sizes=\"(max-width: 683px) 100vw, 683px\" \/><\/p>\n<p><span style=\"color: #800000;\"><em>Ainda estamos calculando os preju\u00edzos financeiros, mas a experi\u00eancia trouxe li\u00e7\u00f5es valiosas. A adapta\u00e7\u00e3o \u00e0 era digital, com sistemas na nuvem, permitiu que as \u00e1reas administrativas continuassem funcionando remotamente. Esse foi um diferencial crucial durante a crise. Al\u00e9m disso, a uni\u00e3o e o compromisso dos colaboradores t\u00eam sido fundamentais para que a empresa continue operando e atendendo seus clientes.<\/em><\/span><\/p>\n<p><span style=\"color: #800000;\"><em>A trag\u00e9dia trouxe a necessidade de um novo olhar para o futuro. A Ouro e Prata se mostra preparada para continuar inovando e se adaptando \u00e0s adversidades, sempre com um foco na solidariedade e no compromisso com a comunidade ga\u00facha. Com determina\u00e7\u00e3o e esp\u00edrito coletivo, a empresa n\u00e3o apenas supera a crise, mas emerge mais forte, pronta para celebrar muitos outros anos de sucesso e servi\u00e7o ao seu p\u00fablico.<\/em><\/span><\/p>\n<p>Imagens &#8211; Divulga\u00e7\u00e3o<\/p>\n","protected":false},"excerpt":{"rendered":"<p>Ao longo de oito d\u00e9cadas e meia, uma sucess\u00e3o de fatos que levaram a Via\u00e7\u00e3o Ouro e Prata pela estrada do desafio, da calamidade e da gl\u00f3ria<\/p>\n","protected":false},"author":2,"featured_media":12460,"comment_status":"open","ping_status":"open","sticky":false,"template":"","format":"standard","meta":{"_et_pb_use_builder":"","_et_pb_old_content":"","_et_gb_content_width":"","_jetpack_memberships_contains_paid_content":false,"footnotes":""},"categories":[41,80],"tags":[317],"class_list":["post-12459","post","type-post","status-publish","format-standard","has-post-thumbnail","hentry","category-ponto-de-vista","category-transporte-rodoviario","tag-viacao-ouro-e-prata","et-has-post-format-content","et_post_format-et-post-format-standard"],"yoast_head":"<!-- This site is optimized with the Yoast SEO plugin v27.2 - https:\/\/yoast.com\/product\/yoast-seo-wordpress\/ -->\n<title>As li\u00e7\u00f5es que ficaram das enchentes no Rio Grande do Sul e os 85 anos da Ouro e Prata - Revista AutoBus<\/title>\n<meta name=\"robots\" content=\"index, follow, max-snippet:-1, max-image-preview:large, max-video-preview:-1\" \/>\n<link rel=\"canonical\" href=\"https:\/\/revistaautobus.com.br\/?p=12459\" \/>\n<meta property=\"og:locale\" content=\"pt_BR\" \/>\n<meta property=\"og:type\" content=\"article\" \/>\n<meta property=\"og:title\" content=\"As li\u00e7\u00f5es que ficaram das enchentes no Rio Grande do Sul e os 85 anos da Ouro e Prata - Revista AutoBus\" \/>\n<meta property=\"og:description\" content=\"Ao longo de oito d\u00e9cadas e meia, uma sucess\u00e3o de fatos que levaram a Via\u00e7\u00e3o Ouro e Prata pela estrada do desafio, da calamidade e da gl\u00f3ria\" \/>\n<meta property=\"og:url\" content=\"https:\/\/revistaautobus.com.br\/?p=12459\" \/>\n<meta property=\"og:site_name\" content=\"Revista AutoBus\" \/>\n<meta property=\"article:publisher\" content=\"https:\/\/www.facebook.com\/antonio.ferro.3150\" \/>\n<meta property=\"article:published_time\" content=\"2024-07-08T13:10:53+00:00\" \/>\n<meta property=\"article:modified_time\" content=\"2024-07-08T13:12:04+00:00\" \/>\n<meta property=\"og:image\" content=\"https:\/\/revistaautobus.com.br\/wp-content\/uploads\/2024\/07\/OP.jpg\" \/>\n\t<meta property=\"og:image:width\" content=\"819\" \/>\n\t<meta property=\"og:image:height\" content=\"1087\" \/>\n\t<meta property=\"og:image:type\" content=\"image\/jpeg\" \/>\n<meta name=\"author\" content=\"Antonio Ferro\" \/>\n<meta name=\"twitter:card\" content=\"summary_large_image\" \/>\n<meta name=\"twitter:label1\" content=\"Escrito por\" \/>\n\t<meta name=\"twitter:data1\" content=\"Antonio Ferro\" \/>\n\t<meta name=\"twitter:label2\" content=\"Est. tempo de leitura\" \/>\n\t<meta name=\"twitter:data2\" content=\"4 minutos\" \/>\n<script type=\"application\/ld+json\" class=\"yoast-schema-graph\">{\"@context\":\"https:\/\/schema.org\",\"@graph\":[{\"@type\":\"Article\",\"@id\":\"https:\/\/revistaautobus.com.br\/?p=12459#article\",\"isPartOf\":{\"@id\":\"https:\/\/revistaautobus.com.br\/?p=12459\"},\"author\":{\"name\":\"Antonio Ferro\",\"@id\":\"https:\/\/revistaautobus.com.br\/#\/schema\/person\/54af7c3eb83a310e42ef686ef6d16f50\"},\"headline\":\"As li\u00e7\u00f5es que ficaram das enchentes no Rio Grande do Sul e os 85 anos da Ouro e Prata\",\"datePublished\":\"2024-07-08T13:10:53+00:00\",\"dateModified\":\"2024-07-08T13:12:04+00:00\",\"mainEntityOfPage\":{\"@id\":\"https:\/\/revistaautobus.com.br\/?p=12459\"},\"wordCount\":843,\"commentCount\":2,\"publisher\":{\"@id\":\"https:\/\/revistaautobus.com.br\/#organization\"},\"image\":{\"@id\":\"https:\/\/revistaautobus.com.br\/?p=12459#primaryimage\"},\"thumbnailUrl\":\"https:\/\/revistaautobus.com.br\/wp-content\/uploads\/2024\/07\/OP.jpg\",\"keywords\":[\"Via\u00e7\u00e3o Ouro e Prata\"],\"articleSection\":[\"Ponto de Vista\",\"Transporte rodovi\u00e1rio\"],\"inLanguage\":\"pt-BR\",\"potentialAction\":[{\"@type\":\"CommentAction\",\"name\":\"Comment\",\"target\":[\"https:\/\/revistaautobus.com.br\/?p=12459#respond\"]}]},{\"@type\":\"WebPage\",\"@id\":\"https:\/\/revistaautobus.com.br\/?p=12459\",\"url\":\"https:\/\/revistaautobus.com.br\/?p=12459\",\"name\":\"As li\u00e7\u00f5es que ficaram das enchentes no Rio Grande do Sul e os 85 anos da Ouro e Prata - Revista AutoBus\",\"isPartOf\":{\"@id\":\"https:\/\/revistaautobus.com.br\/#website\"},\"primaryImageOfPage\":{\"@id\":\"https:\/\/revistaautobus.com.br\/?p=12459#primaryimage\"},\"image\":{\"@id\":\"https:\/\/revistaautobus.com.br\/?p=12459#primaryimage\"},\"thumbnailUrl\":\"https:\/\/revistaautobus.com.br\/wp-content\/uploads\/2024\/07\/OP.jpg\",\"datePublished\":\"2024-07-08T13:10:53+00:00\",\"dateModified\":\"2024-07-08T13:12:04+00:00\",\"breadcrumb\":{\"@id\":\"https:\/\/revistaautobus.com.br\/?p=12459#breadcrumb\"},\"inLanguage\":\"pt-BR\",\"potentialAction\":[{\"@type\":\"ReadAction\",\"target\":[\"https:\/\/revistaautobus.com.br\/?p=12459\"]}]},{\"@type\":\"ImageObject\",\"inLanguage\":\"pt-BR\",\"@id\":\"https:\/\/revistaautobus.com.br\/?p=12459#primaryimage\",\"url\":\"https:\/\/revistaautobus.com.br\/wp-content\/uploads\/2024\/07\/OP.jpg\",\"contentUrl\":\"https:\/\/revistaautobus.com.br\/wp-content\/uploads\/2024\/07\/OP.jpg\",\"width\":819,\"height\":1087},{\"@type\":\"BreadcrumbList\",\"@id\":\"https:\/\/revistaautobus.com.br\/?p=12459#breadcrumb\",\"itemListElement\":[{\"@type\":\"ListItem\",\"position\":1,\"name\":\"In\u00edcio\",\"item\":\"https:\/\/revistaautobus.com.br\/\"},{\"@type\":\"ListItem\",\"position\":2,\"name\":\"As li\u00e7\u00f5es que ficaram das enchentes no Rio Grande do Sul e os 85 anos da Ouro e Prata\"}]},{\"@type\":\"WebSite\",\"@id\":\"https:\/\/revistaautobus.com.br\/#website\",\"url\":\"https:\/\/revistaautobus.com.br\/\",\"name\":\"Revista AutoBus\",\"description\":\"\",\"publisher\":{\"@id\":\"https:\/\/revistaautobus.com.br\/#organization\"},\"potentialAction\":[{\"@type\":\"SearchAction\",\"target\":{\"@type\":\"EntryPoint\",\"urlTemplate\":\"https:\/\/revistaautobus.com.br\/?s={search_term_string}\"},\"query-input\":{\"@type\":\"PropertyValueSpecification\",\"valueRequired\":true,\"valueName\":\"search_term_string\"}}],\"inLanguage\":\"pt-BR\"},{\"@type\":\"Organization\",\"@id\":\"https:\/\/revistaautobus.com.br\/#organization\",\"name\":\"Revista AutoBus\",\"url\":\"https:\/\/revistaautobus.com.br\/\",\"logo\":{\"@type\":\"ImageObject\",\"inLanguage\":\"pt-BR\",\"@id\":\"https:\/\/revistaautobus.com.br\/#\/schema\/logo\/image\/\",\"url\":\"https:\/\/revistaautobus.com.br\/wp-content\/uploads\/2024\/11\/logo_revista_autobus_fb.png\",\"contentUrl\":\"https:\/\/revistaautobus.com.br\/wp-content\/uploads\/2024\/11\/logo_revista_autobus_fb.png\",\"width\":836,\"height\":227,\"caption\":\"Revista AutoBus\"},\"image\":{\"@id\":\"https:\/\/revistaautobus.com.br\/#\/schema\/logo\/image\/\"},\"sameAs\":[\"https:\/\/www.facebook.com\/antonio.ferro.3150\",\"https:\/\/www.instagram.com\/revistaautobus\/\"]},{\"@type\":\"Person\",\"@id\":\"https:\/\/revistaautobus.com.br\/#\/schema\/person\/54af7c3eb83a310e42ef686ef6d16f50\",\"name\":\"Antonio Ferro\",\"image\":{\"@type\":\"ImageObject\",\"inLanguage\":\"pt-BR\",\"@id\":\"https:\/\/revistaautobus.com.br\/wp-content\/uploads\/2025\/12\/editor_antonio_ferro-150x150.jpg\",\"url\":\"https:\/\/revistaautobus.com.br\/wp-content\/uploads\/2025\/12\/editor_antonio_ferro-150x150.jpg\",\"contentUrl\":\"https:\/\/revistaautobus.com.br\/wp-content\/uploads\/2025\/12\/editor_antonio_ferro-150x150.jpg\",\"caption\":\"Antonio Ferro\"},\"description\":\"infobus@uol.com.br\",\"url\":\"https:\/\/revistaautobus.com.br\/?author=2\"}]}<\/script>\n<!-- \/ Yoast SEO plugin. -->","yoast_head_json":{"title":"As li\u00e7\u00f5es que ficaram das enchentes no Rio Grande do Sul e os 85 anos da Ouro e Prata - Revista AutoBus","robots":{"index":"index","follow":"follow","max-snippet":"max-snippet:-1","max-image-preview":"max-image-preview:large","max-video-preview":"max-video-preview:-1"},"canonical":"https:\/\/revistaautobus.com.br\/?p=12459","og_locale":"pt_BR","og_type":"article","og_title":"As li\u00e7\u00f5es que ficaram das enchentes no Rio Grande do Sul e os 85 anos da Ouro e Prata - Revista AutoBus","og_description":"Ao longo de oito d\u00e9cadas e meia, uma sucess\u00e3o de fatos que levaram a Via\u00e7\u00e3o Ouro e Prata pela estrada do desafio, da calamidade e da gl\u00f3ria","og_url":"https:\/\/revistaautobus.com.br\/?p=12459","og_site_name":"Revista AutoBus","article_publisher":"https:\/\/www.facebook.com\/antonio.ferro.3150","article_published_time":"2024-07-08T13:10:53+00:00","article_modified_time":"2024-07-08T13:12:04+00:00","og_image":[{"width":819,"height":1087,"url":"https:\/\/revistaautobus.com.br\/wp-content\/uploads\/2024\/07\/OP.jpg","type":"image\/jpeg"}],"author":"Antonio Ferro","twitter_card":"summary_large_image","twitter_misc":{"Escrito por":"Antonio Ferro","Est. tempo de leitura":"4 minutos"},"schema":{"@context":"https:\/\/schema.org","@graph":[{"@type":"Article","@id":"https:\/\/revistaautobus.com.br\/?p=12459#article","isPartOf":{"@id":"https:\/\/revistaautobus.com.br\/?p=12459"},"author":{"name":"Antonio Ferro","@id":"https:\/\/revistaautobus.com.br\/#\/schema\/person\/54af7c3eb83a310e42ef686ef6d16f50"},"headline":"As li\u00e7\u00f5es que ficaram das enchentes no Rio Grande do Sul e os 85 anos da Ouro e Prata","datePublished":"2024-07-08T13:10:53+00:00","dateModified":"2024-07-08T13:12:04+00:00","mainEntityOfPage":{"@id":"https:\/\/revistaautobus.com.br\/?p=12459"},"wordCount":843,"commentCount":2,"publisher":{"@id":"https:\/\/revistaautobus.com.br\/#organization"},"image":{"@id":"https:\/\/revistaautobus.com.br\/?p=12459#primaryimage"},"thumbnailUrl":"https:\/\/revistaautobus.com.br\/wp-content\/uploads\/2024\/07\/OP.jpg","keywords":["Via\u00e7\u00e3o Ouro e Prata"],"articleSection":["Ponto de Vista","Transporte rodovi\u00e1rio"],"inLanguage":"pt-BR","potentialAction":[{"@type":"CommentAction","name":"Comment","target":["https:\/\/revistaautobus.com.br\/?p=12459#respond"]}]},{"@type":"WebPage","@id":"https:\/\/revistaautobus.com.br\/?p=12459","url":"https:\/\/revistaautobus.com.br\/?p=12459","name":"As li\u00e7\u00f5es que ficaram das enchentes no Rio Grande do Sul e os 85 anos da Ouro e Prata - Revista AutoBus","isPartOf":{"@id":"https:\/\/revistaautobus.com.br\/#website"},"primaryImageOfPage":{"@id":"https:\/\/revistaautobus.com.br\/?p=12459#primaryimage"},"image":{"@id":"https:\/\/revistaautobus.com.br\/?p=12459#primaryimage"},"thumbnailUrl":"https:\/\/revistaautobus.com.br\/wp-content\/uploads\/2024\/07\/OP.jpg","datePublished":"2024-07-08T13:10:53+00:00","dateModified":"2024-07-08T13:12:04+00:00","breadcrumb":{"@id":"https:\/\/revistaautobus.com.br\/?p=12459#breadcrumb"},"inLanguage":"pt-BR","potentialAction":[{"@type":"ReadAction","target":["https:\/\/revistaautobus.com.br\/?p=12459"]}]},{"@type":"ImageObject","inLanguage":"pt-BR","@id":"https:\/\/revistaautobus.com.br\/?p=12459#primaryimage","url":"https:\/\/revistaautobus.com.br\/wp-content\/uploads\/2024\/07\/OP.jpg","contentUrl":"https:\/\/revistaautobus.com.br\/wp-content\/uploads\/2024\/07\/OP.jpg","width":819,"height":1087},{"@type":"BreadcrumbList","@id":"https:\/\/revistaautobus.com.br\/?p=12459#breadcrumb","itemListElement":[{"@type":"ListItem","position":1,"name":"In\u00edcio","item":"https:\/\/revistaautobus.com.br\/"},{"@type":"ListItem","position":2,"name":"As li\u00e7\u00f5es que ficaram das enchentes no Rio Grande do Sul e os 85 anos da Ouro e Prata"}]},{"@type":"WebSite","@id":"https:\/\/revistaautobus.com.br\/#website","url":"https:\/\/revistaautobus.com.br\/","name":"Revista AutoBus","description":"","publisher":{"@id":"https:\/\/revistaautobus.com.br\/#organization"},"potentialAction":[{"@type":"SearchAction","target":{"@type":"EntryPoint","urlTemplate":"https:\/\/revistaautobus.com.br\/?s={search_term_string}"},"query-input":{"@type":"PropertyValueSpecification","valueRequired":true,"valueName":"search_term_string"}}],"inLanguage":"pt-BR"},{"@type":"Organization","@id":"https:\/\/revistaautobus.com.br\/#organization","name":"Revista AutoBus","url":"https:\/\/revistaautobus.com.br\/","logo":{"@type":"ImageObject","inLanguage":"pt-BR","@id":"https:\/\/revistaautobus.com.br\/#\/schema\/logo\/image\/","url":"https:\/\/revistaautobus.com.br\/wp-content\/uploads\/2024\/11\/logo_revista_autobus_fb.png","contentUrl":"https:\/\/revistaautobus.com.br\/wp-content\/uploads\/2024\/11\/logo_revista_autobus_fb.png","width":836,"height":227,"caption":"Revista AutoBus"},"image":{"@id":"https:\/\/revistaautobus.com.br\/#\/schema\/logo\/image\/"},"sameAs":["https:\/\/www.facebook.com\/antonio.ferro.3150","https:\/\/www.instagram.com\/revistaautobus\/"]},{"@type":"Person","@id":"https:\/\/revistaautobus.com.br\/#\/schema\/person\/54af7c3eb83a310e42ef686ef6d16f50","name":"Antonio Ferro","image":{"@type":"ImageObject","inLanguage":"pt-BR","@id":"https:\/\/revistaautobus.com.br\/wp-content\/uploads\/2025\/12\/editor_antonio_ferro-150x150.jpg","url":"https:\/\/revistaautobus.com.br\/wp-content\/uploads\/2025\/12\/editor_antonio_ferro-150x150.jpg","contentUrl":"https:\/\/revistaautobus.com.br\/wp-content\/uploads\/2025\/12\/editor_antonio_ferro-150x150.jpg","caption":"Antonio Ferro"},"description":"infobus@uol.com.br","url":"https:\/\/revistaautobus.com.br\/?author=2"}]}},"jetpack_featured_media_url":"https:\/\/revistaautobus.com.br\/wp-content\/uploads\/2024\/07\/OP.jpg","jetpack_sharing_enabled":true,"_links":{"self":[{"href":"https:\/\/revistaautobus.com.br\/index.php?rest_route=\/wp\/v2\/posts\/12459","targetHints":{"allow":["GET"]}}],"collection":[{"href":"https:\/\/revistaautobus.com.br\/index.php?rest_route=\/wp\/v2\/posts"}],"about":[{"href":"https:\/\/revistaautobus.com.br\/index.php?rest_route=\/wp\/v2\/types\/post"}],"author":[{"embeddable":true,"href":"https:\/\/revistaautobus.com.br\/index.php?rest_route=\/wp\/v2\/users\/2"}],"replies":[{"embeddable":true,"href":"https:\/\/revistaautobus.com.br\/index.php?rest_route=%2Fwp%2Fv2%2Fcomments&post=12459"}],"version-history":[{"count":4,"href":"https:\/\/revistaautobus.com.br\/index.php?rest_route=\/wp\/v2\/posts\/12459\/revisions"}],"predecessor-version":[{"id":12465,"href":"https:\/\/revistaautobus.com.br\/index.php?rest_route=\/wp\/v2\/posts\/12459\/revisions\/12465"}],"wp:featuredmedia":[{"embeddable":true,"href":"https:\/\/revistaautobus.com.br\/index.php?rest_route=\/wp\/v2\/media\/12460"}],"wp:attachment":[{"href":"https:\/\/revistaautobus.com.br\/index.php?rest_route=%2Fwp%2Fv2%2Fmedia&parent=12459"}],"wp:term":[{"taxonomy":"category","embeddable":true,"href":"https:\/\/revistaautobus.com.br\/index.php?rest_route=%2Fwp%2Fv2%2Fcategories&post=12459"},{"taxonomy":"post_tag","embeddable":true,"href":"https:\/\/revistaautobus.com.br\/index.php?rest_route=%2Fwp%2Fv2%2Ftags&post=12459"}],"curies":[{"name":"wp","href":"https:\/\/api.w.org\/{rel}","templated":true}]}}