{"id":12467,"date":"2024-07-08T15:55:52","date_gmt":"2024-07-08T18:55:52","guid":{"rendered":"https:\/\/revistaautobus.com.br\/?p=12467"},"modified":"2024-07-09T15:59:20","modified_gmt":"2024-07-09T18:59:20","slug":"princesa-dos-campos-comemora-90-anos-e-reforca-sua-parceria-com-a-busscar","status":"publish","type":"post","link":"https:\/\/revistaautobus.com.br\/?p=12467","title":{"rendered":"Princesa dos Campos comemora 90 anos e refor\u00e7a sua parceria com a Busscar"},"content":{"rendered":"<p>Historicamente, a segunda metade da d\u00e9cada de 1960 pode ser considerada o ponto de partida da rela\u00e7\u00e3o comercial entre a, ent\u00e3o, fabricante catarinense de carro\u00e7arias para \u00f4nibus, Nielson, e a empresa de transporte de passageiros do Paran\u00e1, Expresso Princesa dos Campos, de Ponta Grossa. E j\u00e1 s\u00e3o quase seis d\u00e9cadas de parceria, reafirmada, recentemente, pela aquisi\u00e7\u00e3o de novos \u00f4nibus.<\/p>\n<p>S\u00e3o 12 unidades que chegam para renovar a frota da operadora dos Campos Gerais, todas com carro\u00e7arias Vissta Buss 360, hoje produzidas pela Busscar, sucessora do nome Nielson na d\u00e9cada de 1990.<\/p>\n<p>A transportadora comemora, em 2024, os seus 90 anos, marca que poucas empresas alcan\u00e7am, mantendo-se como refer\u00eancia no mercado. Para celebrar isso, um dos novos \u00f4nibus conta com uma pintura retr\u00f4, utilizada durante os anos de 1980 e 1990.<\/p>\n<p>Al\u00e9m de serem equipadas com o chassi Volvo B380R, as carro\u00e7arias t\u00eam 44 poltronas Class Superpullman, com tomadas USB individuais, al\u00e9m de porta copos, sanit\u00e1rio e geladeira. Outros componentes, como monitores LED de 15 polegadas, c\u00e2meras de monitoramento, ar-condicionado e aquecimento por meio de calefa\u00e7\u00e3o, est\u00e3o presentes.<\/p>\n<p>Tamb\u00e9m, foram adquiridas duas unidades da carro\u00e7aria Vissta Buss 400, para a Via\u00e7\u00e3o Cantelle, sobre chassi Volvo B460R, com 44 poltronas Class Leito Turismo no sal\u00e3o de passageiros. Elas s\u00e3o equipadas com sanit\u00e1rio, ar-condicionado, geladeira, c\u00e2meras de monitoramento, tomadas USB, c\u00e2mera de r\u00e9 e sensor de estacionamento.<\/p>\n<p><img loading=\"lazy\" decoding=\"async\" class=\"alignnone wp-image-12469 size-large\" src=\"https:\/\/revistaautobus.com.br\/wp-content\/uploads\/2024\/07\/DSC_0126-1024x682.jpg\" alt=\"\" width=\"1024\" height=\"682\" srcset=\"https:\/\/revistaautobus.com.br\/wp-content\/uploads\/2024\/07\/DSC_0126-1024x682.jpg 1024w, https:\/\/revistaautobus.com.br\/wp-content\/uploads\/2024\/07\/DSC_0126-300x200.jpg 300w, https:\/\/revistaautobus.com.br\/wp-content\/uploads\/2024\/07\/DSC_0126-768x512.jpg 768w, https:\/\/revistaautobus.com.br\/wp-content\/uploads\/2024\/07\/DSC_0126-1536x1024.jpg 1536w, https:\/\/revistaautobus.com.br\/wp-content\/uploads\/2024\/07\/DSC_0126-1080x720.jpg 1080w, https:\/\/revistaautobus.com.br\/wp-content\/uploads\/2024\/07\/DSC_0126.jpg 2000w\" sizes=\"(max-width: 1024px) 100vw, 1024px\" \/><\/p>\n<p>Segundo Paulo Corso, diretor-comercial da Busscar, a empresa \u00e9 refer\u00eancia na presta\u00e7\u00e3o de servi\u00e7o no Sul do Brasil. \u201cSabemos da qualidade da frota e do servi\u00e7o prestado pela Princesa dos Campos. Ficamos honrados em fazer parte desses 90 anos de hist\u00f3ria e desejamos que essa parceria se renove a cada ano\u201d, disse o executivo.<\/p>\n<p>O gosto pelo neg\u00f3cio cresceu e logo o empreendedor j\u00e1 contava com autom\u00f3veis para o transporte de seus passageiros. Outras cidades, como Curitiba, Laranjeiras do Sul e Foz do Igua\u00e7u passaram a estar na rota operacional da empresa, que realizava os seus servi\u00e7os com muita garra e sacrif\u00edcio, pois a infraestrutura vi\u00e1ria n\u00e3o privilegiava as viagens.<\/p>\n<p><span style=\"color: #008000;\"><em><strong>90 anos<\/strong><\/em><\/span><\/p>\n<p>Tudo come\u00e7ou com um caminh\u00e3o, que n\u00e3o transportava cargas, mas sim pessoas em sua carro\u00e7aria, toda aberta, composta por bancos de t\u00e1bua e que, ainda, levava malas postais. O ano era 1934, num Brasil que come\u00e7ava a explorar o seu interior a fim de ocup\u00e1-lo com as atividades agr\u00edcolas. \u00c9 dessa maneira que come\u00e7a a hist\u00f3ria do Expresso Princesa dos Campos, pelas m\u00e3os de Pedro Mezzomo, na linha que ligava Guarapuava e Ponto Grossa, na regi\u00e3o dos Campos Gerais.<\/p>\n<p>Somente em 1957 \u00e9 que o nome Expresso Princesa dos Campos foi adotado pelo fundador da empresa. A partir de 1962, duas fam\u00edlias assumem o controle acion\u00e1rio da transportadora \u2013 Baron e Gulin -, esta \u00faltima a atual administradora da operadora paranaense.<\/p>\n<p>Com isso, ficou pequeno o seu campo de atua\u00e7\u00e3o e o jeito foi aumentar sua atua\u00e7\u00e3o em v\u00e1rios setores da regi\u00e3o oeste do Paran\u00e1 ao longo das d\u00e9cadas de 1960 e 1970. A capital paulista passou a fazer parte de seu itiner\u00e1rio em 1990, al\u00e9m de uma inusitada rota entre as cidades de Cruz Alta (RS) e Barreiras (BA), por interm\u00e9dio de sua empresa coligada Cantelletur.<\/p>\n<p><img loading=\"lazy\" decoding=\"async\" class=\"wp-image-12470 size-full aligncenter\" src=\"https:\/\/revistaautobus.com.br\/wp-content\/uploads\/2024\/07\/Geracoes-PDC.jpg\" alt=\"\" width=\"624\" height=\"1664\" srcset=\"https:\/\/revistaautobus.com.br\/wp-content\/uploads\/2024\/07\/Geracoes-PDC.jpg 624w, https:\/\/revistaautobus.com.br\/wp-content\/uploads\/2024\/07\/Geracoes-PDC-113x300.jpg 113w, https:\/\/revistaautobus.com.br\/wp-content\/uploads\/2024\/07\/Geracoes-PDC-384x1024.jpg 384w, https:\/\/revistaautobus.com.br\/wp-content\/uploads\/2024\/07\/Geracoes-PDC-576x1536.jpg 576w\" sizes=\"(max-width: 624px) 100vw, 624px\" \/><\/p>\n<p>Hoje, com uma gest\u00e3o empresarial aperfei\u00e7oada e com o foco na satisfa\u00e7\u00e3o do cliente e na qualidade operacional, o Expresso Princesa dos Campos, ainda, conta com o conselho de administra\u00e7\u00e3o (presidido por Sueli Gulin), de car\u00e1ter consultivo e deliberativo, com a miss\u00e3o principal de representar a vontade dos acionistas, estabelecendo metas e pol\u00edticas de m\u00e9dio e longo prazo para a empresa, e fiscalizando o cumprimento deste planejamento.<\/p>\n<p>De acordo com a transportadora, o planejamento estrat\u00e9gico e a governan\u00e7a corporativa, dentro do contexto de empresa familiar, faz dela um dos exemplos de administra\u00e7\u00e3o que continua dando certo, sempre com o diferencial de absorver o novo, sem perder nunca o seu DNA, desde a sua funda\u00e7\u00e3o, acompanhando e superando os mais diversos cen\u00e1rios pol\u00edticos e econ\u00f4micos do Pa\u00eds e do mundo.<\/p>\n<p>E, para a empresa, um dos maiores patrim\u00f4nios que ela acumulou ao longo destes 90 anos \u00e9 a experi\u00eancia no segmento de transporte e a solidez de um nome que inspira confian\u00e7a e fidelidade dos clientes, que sabem poder contar com uma empresa preocupada com seu conforto e sua seguran\u00e7a. Nove d\u00e9cadas de uma hist\u00f3ria de sucesso.<\/p>\n<p><img loading=\"lazy\" decoding=\"async\" class=\"wp-image-12474 size-full aligncenter\" src=\"https:\/\/revistaautobus.com.br\/wp-content\/uploads\/2024\/07\/90-Anos1.jpg\" alt=\"\" width=\"704\" height=\"702\" srcset=\"https:\/\/revistaautobus.com.br\/wp-content\/uploads\/2024\/07\/90-Anos1.jpg 704w, https:\/\/revistaautobus.com.br\/wp-content\/uploads\/2024\/07\/90-Anos1-300x300.jpg 300w, https:\/\/revistaautobus.com.br\/wp-content\/uploads\/2024\/07\/90-Anos1-150x150.jpg 150w, https:\/\/revistaautobus.com.br\/wp-content\/uploads\/2024\/07\/90-Anos1-440x440.jpg 440w\" sizes=\"(max-width: 704px) 100vw, 704px\" \/><\/p>\n<p>Imagens &#8211; Divulga\u00e7\u00e3o e Acervo Revista AutoBus<\/p>\n","protected":false},"excerpt":{"rendered":"<p>Vem de longe a liga\u00e7\u00e3o comercial entre duas empresas que contribuiu com o fortalecimento do sistema paranaense de transporte de passageiros sobre rodovias<\/p>\n","protected":false},"author":2,"featured_media":12468,"comment_status":"open","ping_status":"open","sticky":false,"template":"","format":"standard","meta":{"_et_pb_use_builder":"","_et_pb_old_content":"","_et_gb_content_width":"","_jetpack_memberships_contains_paid_content":false,"footnotes":""},"categories":[55,80],"tags":[56,795,179],"class_list":["post-12467","post","type-post","status-publish","format-standard","has-post-thumbnail","hentry","category-encarrocadora","category-transporte-rodoviario","tag-busscar","tag-expresso-princesa-dos-campos","tag-volvo","et-has-post-format-content","et_post_format-et-post-format-standard"],"yoast_head":"<!-- This site is optimized with the Yoast SEO plugin v27.2 - https:\/\/yoast.com\/product\/yoast-seo-wordpress\/ -->\n<title>Princesa dos Campos comemora 90 anos e refor\u00e7a sua parceria com a Busscar - Revista AutoBus<\/title>\n<meta name=\"robots\" content=\"index, follow, max-snippet:-1, max-image-preview:large, max-video-preview:-1\" \/>\n<link rel=\"canonical\" href=\"https:\/\/revistaautobus.com.br\/?p=12467\" \/>\n<meta property=\"og:locale\" content=\"pt_BR\" \/>\n<meta property=\"og:type\" content=\"article\" \/>\n<meta property=\"og:title\" content=\"Princesa dos Campos comemora 90 anos e refor\u00e7a sua parceria com a Busscar - Revista AutoBus\" \/>\n<meta property=\"og:description\" content=\"Vem de longe a liga\u00e7\u00e3o comercial entre duas empresas que contribuiu com o fortalecimento do sistema paranaense de transporte de passageiros sobre rodovias\" \/>\n<meta property=\"og:url\" content=\"https:\/\/revistaautobus.com.br\/?p=12467\" \/>\n<meta property=\"og:site_name\" content=\"Revista AutoBus\" \/>\n<meta property=\"article:publisher\" content=\"https:\/\/www.facebook.com\/antonio.ferro.3150\" \/>\n<meta property=\"article:published_time\" content=\"2024-07-08T18:55:52+00:00\" \/>\n<meta property=\"article:modified_time\" content=\"2024-07-09T18:59:20+00:00\" \/>\n<meta property=\"og:image\" content=\"https:\/\/revistaautobus.com.br\/wp-content\/uploads\/2024\/07\/DSC_0289.jpg\" \/>\n\t<meta property=\"og:image:width\" content=\"1024\" \/>\n\t<meta property=\"og:image:height\" content=\"682\" \/>\n\t<meta property=\"og:image:type\" content=\"image\/jpeg\" \/>\n<meta name=\"author\" content=\"Antonio Ferro\" \/>\n<meta name=\"twitter:card\" content=\"summary_large_image\" \/>\n<meta name=\"twitter:label1\" content=\"Escrito por\" \/>\n\t<meta name=\"twitter:data1\" content=\"Antonio Ferro\" \/>\n\t<meta name=\"twitter:label2\" content=\"Est. tempo de leitura\" \/>\n\t<meta name=\"twitter:data2\" content=\"4 minutos\" \/>\n<script type=\"application\/ld+json\" class=\"yoast-schema-graph\">{\"@context\":\"https:\/\/schema.org\",\"@graph\":[{\"@type\":\"Article\",\"@id\":\"https:\/\/revistaautobus.com.br\/?p=12467#article\",\"isPartOf\":{\"@id\":\"https:\/\/revistaautobus.com.br\/?p=12467\"},\"author\":{\"name\":\"Antonio Ferro\",\"@id\":\"https:\/\/revistaautobus.com.br\/#\/schema\/person\/54af7c3eb83a310e42ef686ef6d16f50\"},\"headline\":\"Princesa dos Campos comemora 90 anos e refor\u00e7a sua parceria com a Busscar\",\"datePublished\":\"2024-07-08T18:55:52+00:00\",\"dateModified\":\"2024-07-09T18:59:20+00:00\",\"mainEntityOfPage\":{\"@id\":\"https:\/\/revistaautobus.com.br\/?p=12467\"},\"wordCount\":790,\"commentCount\":0,\"publisher\":{\"@id\":\"https:\/\/revistaautobus.com.br\/#organization\"},\"image\":{\"@id\":\"https:\/\/revistaautobus.com.br\/?p=12467#primaryimage\"},\"thumbnailUrl\":\"https:\/\/revistaautobus.com.br\/wp-content\/uploads\/2024\/07\/DSC_0289.jpg\",\"keywords\":[\"Busscar\",\"Expresso Princesa dos Campos\",\"Volvo\"],\"articleSection\":[\"Encarro\u00e7adora\",\"Transporte rodovi\u00e1rio\"],\"inLanguage\":\"pt-BR\",\"potentialAction\":[{\"@type\":\"CommentAction\",\"name\":\"Comment\",\"target\":[\"https:\/\/revistaautobus.com.br\/?p=12467#respond\"]}]},{\"@type\":\"WebPage\",\"@id\":\"https:\/\/revistaautobus.com.br\/?p=12467\",\"url\":\"https:\/\/revistaautobus.com.br\/?p=12467\",\"name\":\"Princesa dos Campos comemora 90 anos e refor\u00e7a sua parceria com a Busscar - Revista AutoBus\",\"isPartOf\":{\"@id\":\"https:\/\/revistaautobus.com.br\/#website\"},\"primaryImageOfPage\":{\"@id\":\"https:\/\/revistaautobus.com.br\/?p=12467#primaryimage\"},\"image\":{\"@id\":\"https:\/\/revistaautobus.com.br\/?p=12467#primaryimage\"},\"thumbnailUrl\":\"https:\/\/revistaautobus.com.br\/wp-content\/uploads\/2024\/07\/DSC_0289.jpg\",\"datePublished\":\"2024-07-08T18:55:52+00:00\",\"dateModified\":\"2024-07-09T18:59:20+00:00\",\"breadcrumb\":{\"@id\":\"https:\/\/revistaautobus.com.br\/?p=12467#breadcrumb\"},\"inLanguage\":\"pt-BR\",\"potentialAction\":[{\"@type\":\"ReadAction\",\"target\":[\"https:\/\/revistaautobus.com.br\/?p=12467\"]}]},{\"@type\":\"ImageObject\",\"inLanguage\":\"pt-BR\",\"@id\":\"https:\/\/revistaautobus.com.br\/?p=12467#primaryimage\",\"url\":\"https:\/\/revistaautobus.com.br\/wp-content\/uploads\/2024\/07\/DSC_0289.jpg\",\"contentUrl\":\"https:\/\/revistaautobus.com.br\/wp-content\/uploads\/2024\/07\/DSC_0289.jpg\",\"width\":1024,\"height\":682},{\"@type\":\"BreadcrumbList\",\"@id\":\"https:\/\/revistaautobus.com.br\/?p=12467#breadcrumb\",\"itemListElement\":[{\"@type\":\"ListItem\",\"position\":1,\"name\":\"In\u00edcio\",\"item\":\"https:\/\/revistaautobus.com.br\/\"},{\"@type\":\"ListItem\",\"position\":2,\"name\":\"Princesa dos Campos comemora 90 anos e refor\u00e7a sua parceria com a Busscar\"}]},{\"@type\":\"WebSite\",\"@id\":\"https:\/\/revistaautobus.com.br\/#website\",\"url\":\"https:\/\/revistaautobus.com.br\/\",\"name\":\"Revista AutoBus\",\"description\":\"\",\"publisher\":{\"@id\":\"https:\/\/revistaautobus.com.br\/#organization\"},\"potentialAction\":[{\"@type\":\"SearchAction\",\"target\":{\"@type\":\"EntryPoint\",\"urlTemplate\":\"https:\/\/revistaautobus.com.br\/?s={search_term_string}\"},\"query-input\":{\"@type\":\"PropertyValueSpecification\",\"valueRequired\":true,\"valueName\":\"search_term_string\"}}],\"inLanguage\":\"pt-BR\"},{\"@type\":\"Organization\",\"@id\":\"https:\/\/revistaautobus.com.br\/#organization\",\"name\":\"Revista AutoBus\",\"url\":\"https:\/\/revistaautobus.com.br\/\",\"logo\":{\"@type\":\"ImageObject\",\"inLanguage\":\"pt-BR\",\"@id\":\"https:\/\/revistaautobus.com.br\/#\/schema\/logo\/image\/\",\"url\":\"https:\/\/revistaautobus.com.br\/wp-content\/uploads\/2024\/11\/logo_revista_autobus_fb.png\",\"contentUrl\":\"https:\/\/revistaautobus.com.br\/wp-content\/uploads\/2024\/11\/logo_revista_autobus_fb.png\",\"width\":836,\"height\":227,\"caption\":\"Revista AutoBus\"},\"image\":{\"@id\":\"https:\/\/revistaautobus.com.br\/#\/schema\/logo\/image\/\"},\"sameAs\":[\"https:\/\/www.facebook.com\/antonio.ferro.3150\",\"https:\/\/www.instagram.com\/revistaautobus\/\"]},{\"@type\":\"Person\",\"@id\":\"https:\/\/revistaautobus.com.br\/#\/schema\/person\/54af7c3eb83a310e42ef686ef6d16f50\",\"name\":\"Antonio Ferro\",\"image\":{\"@type\":\"ImageObject\",\"inLanguage\":\"pt-BR\",\"@id\":\"https:\/\/revistaautobus.com.br\/wp-content\/uploads\/2025\/12\/editor_antonio_ferro-150x150.jpg\",\"url\":\"https:\/\/revistaautobus.com.br\/wp-content\/uploads\/2025\/12\/editor_antonio_ferro-150x150.jpg\",\"contentUrl\":\"https:\/\/revistaautobus.com.br\/wp-content\/uploads\/2025\/12\/editor_antonio_ferro-150x150.jpg\",\"caption\":\"Antonio Ferro\"},\"description\":\"infobus@uol.com.br\",\"url\":\"https:\/\/revistaautobus.com.br\/?author=2\"}]}<\/script>\n<!-- \/ Yoast SEO plugin. -->","yoast_head_json":{"title":"Princesa dos Campos comemora 90 anos e refor\u00e7a sua parceria com a Busscar - Revista AutoBus","robots":{"index":"index","follow":"follow","max-snippet":"max-snippet:-1","max-image-preview":"max-image-preview:large","max-video-preview":"max-video-preview:-1"},"canonical":"https:\/\/revistaautobus.com.br\/?p=12467","og_locale":"pt_BR","og_type":"article","og_title":"Princesa dos Campos comemora 90 anos e refor\u00e7a sua parceria com a Busscar - Revista AutoBus","og_description":"Vem de longe a liga\u00e7\u00e3o comercial entre duas empresas que contribuiu com o fortalecimento do sistema paranaense de transporte de passageiros sobre rodovias","og_url":"https:\/\/revistaautobus.com.br\/?p=12467","og_site_name":"Revista AutoBus","article_publisher":"https:\/\/www.facebook.com\/antonio.ferro.3150","article_published_time":"2024-07-08T18:55:52+00:00","article_modified_time":"2024-07-09T18:59:20+00:00","og_image":[{"width":1024,"height":682,"url":"https:\/\/revistaautobus.com.br\/wp-content\/uploads\/2024\/07\/DSC_0289.jpg","type":"image\/jpeg"}],"author":"Antonio Ferro","twitter_card":"summary_large_image","twitter_misc":{"Escrito por":"Antonio Ferro","Est. tempo de leitura":"4 minutos"},"schema":{"@context":"https:\/\/schema.org","@graph":[{"@type":"Article","@id":"https:\/\/revistaautobus.com.br\/?p=12467#article","isPartOf":{"@id":"https:\/\/revistaautobus.com.br\/?p=12467"},"author":{"name":"Antonio Ferro","@id":"https:\/\/revistaautobus.com.br\/#\/schema\/person\/54af7c3eb83a310e42ef686ef6d16f50"},"headline":"Princesa dos Campos comemora 90 anos e refor\u00e7a sua parceria com a Busscar","datePublished":"2024-07-08T18:55:52+00:00","dateModified":"2024-07-09T18:59:20+00:00","mainEntityOfPage":{"@id":"https:\/\/revistaautobus.com.br\/?p=12467"},"wordCount":790,"commentCount":0,"publisher":{"@id":"https:\/\/revistaautobus.com.br\/#organization"},"image":{"@id":"https:\/\/revistaautobus.com.br\/?p=12467#primaryimage"},"thumbnailUrl":"https:\/\/revistaautobus.com.br\/wp-content\/uploads\/2024\/07\/DSC_0289.jpg","keywords":["Busscar","Expresso Princesa dos Campos","Volvo"],"articleSection":["Encarro\u00e7adora","Transporte rodovi\u00e1rio"],"inLanguage":"pt-BR","potentialAction":[{"@type":"CommentAction","name":"Comment","target":["https:\/\/revistaautobus.com.br\/?p=12467#respond"]}]},{"@type":"WebPage","@id":"https:\/\/revistaautobus.com.br\/?p=12467","url":"https:\/\/revistaautobus.com.br\/?p=12467","name":"Princesa dos Campos comemora 90 anos e refor\u00e7a sua parceria com a Busscar - Revista AutoBus","isPartOf":{"@id":"https:\/\/revistaautobus.com.br\/#website"},"primaryImageOfPage":{"@id":"https:\/\/revistaautobus.com.br\/?p=12467#primaryimage"},"image":{"@id":"https:\/\/revistaautobus.com.br\/?p=12467#primaryimage"},"thumbnailUrl":"https:\/\/revistaautobus.com.br\/wp-content\/uploads\/2024\/07\/DSC_0289.jpg","datePublished":"2024-07-08T18:55:52+00:00","dateModified":"2024-07-09T18:59:20+00:00","breadcrumb":{"@id":"https:\/\/revistaautobus.com.br\/?p=12467#breadcrumb"},"inLanguage":"pt-BR","potentialAction":[{"@type":"ReadAction","target":["https:\/\/revistaautobus.com.br\/?p=12467"]}]},{"@type":"ImageObject","inLanguage":"pt-BR","@id":"https:\/\/revistaautobus.com.br\/?p=12467#primaryimage","url":"https:\/\/revistaautobus.com.br\/wp-content\/uploads\/2024\/07\/DSC_0289.jpg","contentUrl":"https:\/\/revistaautobus.com.br\/wp-content\/uploads\/2024\/07\/DSC_0289.jpg","width":1024,"height":682},{"@type":"BreadcrumbList","@id":"https:\/\/revistaautobus.com.br\/?p=12467#breadcrumb","itemListElement":[{"@type":"ListItem","position":1,"name":"In\u00edcio","item":"https:\/\/revistaautobus.com.br\/"},{"@type":"ListItem","position":2,"name":"Princesa dos Campos comemora 90 anos e refor\u00e7a sua parceria com a Busscar"}]},{"@type":"WebSite","@id":"https:\/\/revistaautobus.com.br\/#website","url":"https:\/\/revistaautobus.com.br\/","name":"Revista AutoBus","description":"","publisher":{"@id":"https:\/\/revistaautobus.com.br\/#organization"},"potentialAction":[{"@type":"SearchAction","target":{"@type":"EntryPoint","urlTemplate":"https:\/\/revistaautobus.com.br\/?s={search_term_string}"},"query-input":{"@type":"PropertyValueSpecification","valueRequired":true,"valueName":"search_term_string"}}],"inLanguage":"pt-BR"},{"@type":"Organization","@id":"https:\/\/revistaautobus.com.br\/#organization","name":"Revista AutoBus","url":"https:\/\/revistaautobus.com.br\/","logo":{"@type":"ImageObject","inLanguage":"pt-BR","@id":"https:\/\/revistaautobus.com.br\/#\/schema\/logo\/image\/","url":"https:\/\/revistaautobus.com.br\/wp-content\/uploads\/2024\/11\/logo_revista_autobus_fb.png","contentUrl":"https:\/\/revistaautobus.com.br\/wp-content\/uploads\/2024\/11\/logo_revista_autobus_fb.png","width":836,"height":227,"caption":"Revista AutoBus"},"image":{"@id":"https:\/\/revistaautobus.com.br\/#\/schema\/logo\/image\/"},"sameAs":["https:\/\/www.facebook.com\/antonio.ferro.3150","https:\/\/www.instagram.com\/revistaautobus\/"]},{"@type":"Person","@id":"https:\/\/revistaautobus.com.br\/#\/schema\/person\/54af7c3eb83a310e42ef686ef6d16f50","name":"Antonio Ferro","image":{"@type":"ImageObject","inLanguage":"pt-BR","@id":"https:\/\/revistaautobus.com.br\/wp-content\/uploads\/2025\/12\/editor_antonio_ferro-150x150.jpg","url":"https:\/\/revistaautobus.com.br\/wp-content\/uploads\/2025\/12\/editor_antonio_ferro-150x150.jpg","contentUrl":"https:\/\/revistaautobus.com.br\/wp-content\/uploads\/2025\/12\/editor_antonio_ferro-150x150.jpg","caption":"Antonio Ferro"},"description":"infobus@uol.com.br","url":"https:\/\/revistaautobus.com.br\/?author=2"}]}},"jetpack_featured_media_url":"https:\/\/revistaautobus.com.br\/wp-content\/uploads\/2024\/07\/DSC_0289.jpg","jetpack_sharing_enabled":true,"_links":{"self":[{"href":"https:\/\/revistaautobus.com.br\/index.php?rest_route=\/wp\/v2\/posts\/12467","targetHints":{"allow":["GET"]}}],"collection":[{"href":"https:\/\/revistaautobus.com.br\/index.php?rest_route=\/wp\/v2\/posts"}],"about":[{"href":"https:\/\/revistaautobus.com.br\/index.php?rest_route=\/wp\/v2\/types\/post"}],"author":[{"embeddable":true,"href":"https:\/\/revistaautobus.com.br\/index.php?rest_route=\/wp\/v2\/users\/2"}],"replies":[{"embeddable":true,"href":"https:\/\/revistaautobus.com.br\/index.php?rest_route=%2Fwp%2Fv2%2Fcomments&post=12467"}],"version-history":[{"count":4,"href":"https:\/\/revistaautobus.com.br\/index.php?rest_route=\/wp\/v2\/posts\/12467\/revisions"}],"predecessor-version":[{"id":12475,"href":"https:\/\/revistaautobus.com.br\/index.php?rest_route=\/wp\/v2\/posts\/12467\/revisions\/12475"}],"wp:featuredmedia":[{"embeddable":true,"href":"https:\/\/revistaautobus.com.br\/index.php?rest_route=\/wp\/v2\/media\/12468"}],"wp:attachment":[{"href":"https:\/\/revistaautobus.com.br\/index.php?rest_route=%2Fwp%2Fv2%2Fmedia&parent=12467"}],"wp:term":[{"taxonomy":"category","embeddable":true,"href":"https:\/\/revistaautobus.com.br\/index.php?rest_route=%2Fwp%2Fv2%2Fcategories&post=12467"},{"taxonomy":"post_tag","embeddable":true,"href":"https:\/\/revistaautobus.com.br\/index.php?rest_route=%2Fwp%2Fv2%2Ftags&post=12467"}],"curies":[{"name":"wp","href":"https:\/\/api.w.org\/{rel}","templated":true}]}}