{"id":12489,"date":"2024-07-15T08:23:45","date_gmt":"2024-07-15T11:23:45","guid":{"rendered":"https:\/\/revistaautobus.com.br\/?p=12489"},"modified":"2024-07-15T08:29:34","modified_gmt":"2024-07-15T11:29:34","slug":"transmilenio-se-prepara-para-uma-nova-era","status":"publish","type":"post","link":"https:\/\/revistaautobus.com.br\/?p=12489","title":{"rendered":"Transmilenio se prepara para uma nova era"},"content":{"rendered":"<p>A etapa I da Fase VI do Sistema Integrado de Transporte P\u00fablico de Bogot\u00e1 ter\u00e1 in\u00edcio com a chegada de 296 novos \u00f4nibus articulados e biarticulados, que dever\u00e3o entrar em opera\u00e7\u00e3o at\u00e9 o final de 2025 nos novos corredores troncos que est\u00e3o sendo constru\u00eddos (Avenida Carrera 68, la Avenida Ciudad de Cali, la extensi\u00f3n a Soacha, la Carrera 7 y la Calle 13), totalizando mais 34,5 km de vias exclusivas (at\u00e9 2028) e confirmando a import\u00e2ncia do sistema de BRT (Tr\u00e2nsito R\u00e1pido de \u00d4nibus) utilizado na capital colombiana, considerado refer\u00eancia mundial na modalidade.<\/p>\n<p>O processo seletivo para que os interessados no fornecimento da tecnologia rodante conhe\u00e7am os requisitos determinados na sele\u00e7\u00e3o dos ve\u00edculos e no fornecimento das esta\u00e7\u00f5es de recargas el\u00e9tricas ser\u00e1 aberto em meados de setembro com a publica\u00e7\u00e3o do caderno de encargos. &#8220;Com este passo queremos avan\u00e7ar na consolida\u00e7\u00e3o de um sistema de transporte p\u00fablico sustent\u00e1vel, inovador e de qualidade, bem como numa melhor integra\u00e7\u00e3o com a regi\u00e3o a ser atendida. Al\u00e9m disso, em prol do melhor projeto para a cidade, estamos publicando hoje um <em>Term Sheet<\/em> do primeiro edital da Fase VI do Sistema que nos permite iniciar uma conversa com o mercado para garantir transpar\u00eancia e gerar maior participa\u00e7\u00e3o, transpar\u00eancia e concorr\u00eancia&#8221;, disse Mar\u00eda Fernanda Ortiz, gerente-geral da Transmilenio S.A.<\/p>\n<p>A composi\u00e7\u00e3o da nova e futura frota ter\u00e1 unidades com tra\u00e7\u00e3o el\u00e9trica (156 \u00f4nibus articulados, que, em opera\u00e7\u00e3o, ser\u00e1 a maior desse tipo em opera\u00e7\u00e3o no mundo) e outros 140 ve\u00edculos biarticulados, com requisito m\u00ednimo de emiss\u00e3o Euro VI, podendo ser g\u00e1s natural\/biometano, diesel ou mesmo el\u00e9tricos, dependendo da fornecedora que apresentar o melhor modelo.<\/p>\n<div id=\"attachment_12491\" style=\"width: 1010px\" class=\"wp-caption aligncenter\"><img loading=\"lazy\" decoding=\"async\" aria-describedby=\"caption-attachment-12491\" class=\"wp-image-12491 size-full\" src=\"https:\/\/revistaautobus.com.br\/wp-content\/uploads\/2024\/07\/P1140408.jpg\" alt=\"\" width=\"1000\" height=\"750\" srcset=\"https:\/\/revistaautobus.com.br\/wp-content\/uploads\/2024\/07\/P1140408.jpg 1000w, https:\/\/revistaautobus.com.br\/wp-content\/uploads\/2024\/07\/P1140408-300x225.jpg 300w, https:\/\/revistaautobus.com.br\/wp-content\/uploads\/2024\/07\/P1140408-768x576.jpg 768w\" sizes=\"(max-width: 1000px) 100vw, 1000px\" \/><p id=\"caption-attachment-12491\" class=\"wp-caption-text\"><span style=\"color: #008000;\"><em><strong>Os futuros novos biarticulados poder\u00e3o ter tra\u00e7\u00e3o com motores diesel Euro VI ou g\u00e1s natural\/biometano<\/strong><\/em><\/span><\/p><\/div>\n<p>Esses \u00f4nibus estar\u00e3o \u00e0 disposi\u00e7\u00e3o a partir do P\u00e1tio &#8220;El Vinculo&#8221;, localizado no munic\u00edpio de Soacha, e no P\u00e1tio &#8220;La Sexta&#8221;, localizado em Bogot\u00e1, promovendo um projeto de infraestrutura sustent\u00e1vel e inovador, para uma presta\u00e7\u00e3o eficiente do servi\u00e7o de transporte p\u00fablico, em benef\u00edcio dos usu\u00e1rios do transporte p\u00fablico da regi\u00e3o.<\/p>\n<p>Atualmente, o sistema Transmilenio conta com 117,7 km de vias troncais (11 corredores em opera\u00e7\u00e3o), 138 esta\u00e7\u00f5es, 9 portais e 53 p\u00e1tios de garagem, al\u00e9m de 2.364 \u00f4nibus. J\u00e1 o sistema zonal tem 7.048 \u00f4nibus, 2.400 quil\u00f4metros de cobertura, 38 p\u00e1tios de oficinas e outros 655 \u00f4nibus el\u00e9tricos.<\/p>\n<p>Imagens &#8211; Revista AutoBus e divulga\u00e7\u00e3o<\/p>\n","protected":false},"excerpt":{"rendered":"<p>Sistema de transporte coletivo de Bogot\u00e1, Col\u00f4mbia, ir\u00e1 investir em novos \u00f4nibus articulados e biarticulados para as suas vias troncais, fato que beneficiar\u00e1 mais de 2 milh\u00f5es de usu\u00e1rios di\u00e1rios e reduzir\u00e1 em pelo menos 33.300 toneladas de CO2 emitidos pelos servi\u00e7os<\/p>\n","protected":false},"author":2,"featured_media":12490,"comment_status":"open","ping_status":"open","sticky":false,"template":"","format":"standard","meta":{"_et_pb_use_builder":"","_et_pb_old_content":"","_et_gb_content_width":"","_jetpack_memberships_contains_paid_content":false,"footnotes":""},"categories":[562,53,7,10],"tags":[139],"class_list":["post-12489","post","type-post","status-publish","format-standard","has-post-thumbnail","hentry","category-eletrificacao","category-internacional","category-mobilidade-urbana","category-montadoras","tag-transmilenio","et-has-post-format-content","et_post_format-et-post-format-standard"],"yoast_head":"<!-- This site is optimized with the Yoast SEO plugin v27.2 - https:\/\/yoast.com\/product\/yoast-seo-wordpress\/ -->\n<title>Transmilenio se prepara para uma nova era - Revista AutoBus<\/title>\n<meta name=\"robots\" content=\"index, follow, max-snippet:-1, max-image-preview:large, max-video-preview:-1\" \/>\n<link rel=\"canonical\" href=\"https:\/\/revistaautobus.com.br\/?p=12489\" \/>\n<meta property=\"og:locale\" content=\"pt_BR\" \/>\n<meta property=\"og:type\" content=\"article\" \/>\n<meta property=\"og:title\" content=\"Transmilenio se prepara para uma nova era - Revista AutoBus\" \/>\n<meta property=\"og:description\" content=\"Sistema de transporte coletivo de Bogot\u00e1, Col\u00f4mbia, ir\u00e1 investir em novos \u00f4nibus articulados e biarticulados para as suas vias troncais, fato que beneficiar\u00e1 mais de 2 milh\u00f5es de usu\u00e1rios di\u00e1rios e reduzir\u00e1 em pelo menos 33.300 toneladas de CO2 emitidos pelos servi\u00e7os\" \/>\n<meta property=\"og:url\" content=\"https:\/\/revistaautobus.com.br\/?p=12489\" \/>\n<meta property=\"og:site_name\" content=\"Revista AutoBus\" \/>\n<meta property=\"article:publisher\" content=\"https:\/\/www.facebook.com\/antonio.ferro.3150\" \/>\n<meta property=\"article:published_time\" content=\"2024-07-15T11:23:45+00:00\" \/>\n<meta property=\"article:modified_time\" content=\"2024-07-15T11:29:34+00:00\" \/>\n<meta property=\"og:image\" content=\"https:\/\/revistaautobus.com.br\/wp-content\/uploads\/2024\/07\/IMG_20190625_092716817.jpg\" \/>\n\t<meta property=\"og:image:width\" content=\"1000\" \/>\n\t<meta property=\"og:image:height\" content=\"750\" \/>\n\t<meta property=\"og:image:type\" content=\"image\/jpeg\" \/>\n<meta name=\"author\" content=\"Antonio Ferro\" \/>\n<meta name=\"twitter:card\" content=\"summary_large_image\" \/>\n<meta name=\"twitter:label1\" content=\"Escrito por\" \/>\n\t<meta name=\"twitter:data1\" content=\"Antonio Ferro\" \/>\n\t<meta name=\"twitter:label2\" content=\"Est. tempo de leitura\" \/>\n\t<meta name=\"twitter:data2\" content=\"2 minutos\" \/>\n<script type=\"application\/ld+json\" class=\"yoast-schema-graph\">{\"@context\":\"https:\/\/schema.org\",\"@graph\":[{\"@type\":\"Article\",\"@id\":\"https:\/\/revistaautobus.com.br\/?p=12489#article\",\"isPartOf\":{\"@id\":\"https:\/\/revistaautobus.com.br\/?p=12489\"},\"author\":{\"name\":\"Antonio Ferro\",\"@id\":\"https:\/\/revistaautobus.com.br\/#\/schema\/person\/54af7c3eb83a310e42ef686ef6d16f50\"},\"headline\":\"Transmilenio se prepara para uma nova era\",\"datePublished\":\"2024-07-15T11:23:45+00:00\",\"dateModified\":\"2024-07-15T11:29:34+00:00\",\"mainEntityOfPage\":{\"@id\":\"https:\/\/revistaautobus.com.br\/?p=12489\"},\"wordCount\":448,\"commentCount\":0,\"publisher\":{\"@id\":\"https:\/\/revistaautobus.com.br\/#organization\"},\"image\":{\"@id\":\"https:\/\/revistaautobus.com.br\/?p=12489#primaryimage\"},\"thumbnailUrl\":\"https:\/\/revistaautobus.com.br\/wp-content\/uploads\/2024\/07\/IMG_20190625_092716817.jpg\",\"keywords\":[\"TransMilenio\"],\"articleSection\":[\"Eletrifica\u00e7\u00e3o\",\"Internacional\",\"Mobilidade Urbana\",\"Montadoras\"],\"inLanguage\":\"pt-BR\",\"potentialAction\":[{\"@type\":\"CommentAction\",\"name\":\"Comment\",\"target\":[\"https:\/\/revistaautobus.com.br\/?p=12489#respond\"]}]},{\"@type\":\"WebPage\",\"@id\":\"https:\/\/revistaautobus.com.br\/?p=12489\",\"url\":\"https:\/\/revistaautobus.com.br\/?p=12489\",\"name\":\"Transmilenio se prepara para uma nova era - Revista AutoBus\",\"isPartOf\":{\"@id\":\"https:\/\/revistaautobus.com.br\/#website\"},\"primaryImageOfPage\":{\"@id\":\"https:\/\/revistaautobus.com.br\/?p=12489#primaryimage\"},\"image\":{\"@id\":\"https:\/\/revistaautobus.com.br\/?p=12489#primaryimage\"},\"thumbnailUrl\":\"https:\/\/revistaautobus.com.br\/wp-content\/uploads\/2024\/07\/IMG_20190625_092716817.jpg\",\"datePublished\":\"2024-07-15T11:23:45+00:00\",\"dateModified\":\"2024-07-15T11:29:34+00:00\",\"breadcrumb\":{\"@id\":\"https:\/\/revistaautobus.com.br\/?p=12489#breadcrumb\"},\"inLanguage\":\"pt-BR\",\"potentialAction\":[{\"@type\":\"ReadAction\",\"target\":[\"https:\/\/revistaautobus.com.br\/?p=12489\"]}]},{\"@type\":\"ImageObject\",\"inLanguage\":\"pt-BR\",\"@id\":\"https:\/\/revistaautobus.com.br\/?p=12489#primaryimage\",\"url\":\"https:\/\/revistaautobus.com.br\/wp-content\/uploads\/2024\/07\/IMG_20190625_092716817.jpg\",\"contentUrl\":\"https:\/\/revistaautobus.com.br\/wp-content\/uploads\/2024\/07\/IMG_20190625_092716817.jpg\",\"width\":1000,\"height\":750},{\"@type\":\"BreadcrumbList\",\"@id\":\"https:\/\/revistaautobus.com.br\/?p=12489#breadcrumb\",\"itemListElement\":[{\"@type\":\"ListItem\",\"position\":1,\"name\":\"In\u00edcio\",\"item\":\"https:\/\/revistaautobus.com.br\/\"},{\"@type\":\"ListItem\",\"position\":2,\"name\":\"Transmilenio se prepara para uma nova era\"}]},{\"@type\":\"WebSite\",\"@id\":\"https:\/\/revistaautobus.com.br\/#website\",\"url\":\"https:\/\/revistaautobus.com.br\/\",\"name\":\"Revista AutoBus\",\"description\":\"\",\"publisher\":{\"@id\":\"https:\/\/revistaautobus.com.br\/#organization\"},\"potentialAction\":[{\"@type\":\"SearchAction\",\"target\":{\"@type\":\"EntryPoint\",\"urlTemplate\":\"https:\/\/revistaautobus.com.br\/?s={search_term_string}\"},\"query-input\":{\"@type\":\"PropertyValueSpecification\",\"valueRequired\":true,\"valueName\":\"search_term_string\"}}],\"inLanguage\":\"pt-BR\"},{\"@type\":\"Organization\",\"@id\":\"https:\/\/revistaautobus.com.br\/#organization\",\"name\":\"Revista AutoBus\",\"url\":\"https:\/\/revistaautobus.com.br\/\",\"logo\":{\"@type\":\"ImageObject\",\"inLanguage\":\"pt-BR\",\"@id\":\"https:\/\/revistaautobus.com.br\/#\/schema\/logo\/image\/\",\"url\":\"https:\/\/revistaautobus.com.br\/wp-content\/uploads\/2024\/11\/logo_revista_autobus_fb.png\",\"contentUrl\":\"https:\/\/revistaautobus.com.br\/wp-content\/uploads\/2024\/11\/logo_revista_autobus_fb.png\",\"width\":836,\"height\":227,\"caption\":\"Revista AutoBus\"},\"image\":{\"@id\":\"https:\/\/revistaautobus.com.br\/#\/schema\/logo\/image\/\"},\"sameAs\":[\"https:\/\/www.facebook.com\/antonio.ferro.3150\",\"https:\/\/www.instagram.com\/revistaautobus\/\"]},{\"@type\":\"Person\",\"@id\":\"https:\/\/revistaautobus.com.br\/#\/schema\/person\/54af7c3eb83a310e42ef686ef6d16f50\",\"name\":\"Antonio Ferro\",\"image\":{\"@type\":\"ImageObject\",\"inLanguage\":\"pt-BR\",\"@id\":\"https:\/\/revistaautobus.com.br\/wp-content\/uploads\/2025\/12\/editor_antonio_ferro-150x150.jpg\",\"url\":\"https:\/\/revistaautobus.com.br\/wp-content\/uploads\/2025\/12\/editor_antonio_ferro-150x150.jpg\",\"contentUrl\":\"https:\/\/revistaautobus.com.br\/wp-content\/uploads\/2025\/12\/editor_antonio_ferro-150x150.jpg\",\"caption\":\"Antonio Ferro\"},\"description\":\"infobus@uol.com.br\",\"url\":\"https:\/\/revistaautobus.com.br\/?author=2\"}]}<\/script>\n<!-- \/ Yoast SEO plugin. -->","yoast_head_json":{"title":"Transmilenio se prepara para uma nova era - Revista AutoBus","robots":{"index":"index","follow":"follow","max-snippet":"max-snippet:-1","max-image-preview":"max-image-preview:large","max-video-preview":"max-video-preview:-1"},"canonical":"https:\/\/revistaautobus.com.br\/?p=12489","og_locale":"pt_BR","og_type":"article","og_title":"Transmilenio se prepara para uma nova era - Revista AutoBus","og_description":"Sistema de transporte coletivo de Bogot\u00e1, Col\u00f4mbia, ir\u00e1 investir em novos \u00f4nibus articulados e biarticulados para as suas vias troncais, fato que beneficiar\u00e1 mais de 2 milh\u00f5es de usu\u00e1rios di\u00e1rios e reduzir\u00e1 em pelo menos 33.300 toneladas de CO2 emitidos pelos servi\u00e7os","og_url":"https:\/\/revistaautobus.com.br\/?p=12489","og_site_name":"Revista AutoBus","article_publisher":"https:\/\/www.facebook.com\/antonio.ferro.3150","article_published_time":"2024-07-15T11:23:45+00:00","article_modified_time":"2024-07-15T11:29:34+00:00","og_image":[{"width":1000,"height":750,"url":"https:\/\/revistaautobus.com.br\/wp-content\/uploads\/2024\/07\/IMG_20190625_092716817.jpg","type":"image\/jpeg"}],"author":"Antonio Ferro","twitter_card":"summary_large_image","twitter_misc":{"Escrito por":"Antonio Ferro","Est. tempo de leitura":"2 minutos"},"schema":{"@context":"https:\/\/schema.org","@graph":[{"@type":"Article","@id":"https:\/\/revistaautobus.com.br\/?p=12489#article","isPartOf":{"@id":"https:\/\/revistaautobus.com.br\/?p=12489"},"author":{"name":"Antonio Ferro","@id":"https:\/\/revistaautobus.com.br\/#\/schema\/person\/54af7c3eb83a310e42ef686ef6d16f50"},"headline":"Transmilenio se prepara para uma nova era","datePublished":"2024-07-15T11:23:45+00:00","dateModified":"2024-07-15T11:29:34+00:00","mainEntityOfPage":{"@id":"https:\/\/revistaautobus.com.br\/?p=12489"},"wordCount":448,"commentCount":0,"publisher":{"@id":"https:\/\/revistaautobus.com.br\/#organization"},"image":{"@id":"https:\/\/revistaautobus.com.br\/?p=12489#primaryimage"},"thumbnailUrl":"https:\/\/revistaautobus.com.br\/wp-content\/uploads\/2024\/07\/IMG_20190625_092716817.jpg","keywords":["TransMilenio"],"articleSection":["Eletrifica\u00e7\u00e3o","Internacional","Mobilidade Urbana","Montadoras"],"inLanguage":"pt-BR","potentialAction":[{"@type":"CommentAction","name":"Comment","target":["https:\/\/revistaautobus.com.br\/?p=12489#respond"]}]},{"@type":"WebPage","@id":"https:\/\/revistaautobus.com.br\/?p=12489","url":"https:\/\/revistaautobus.com.br\/?p=12489","name":"Transmilenio se prepara para uma nova era - Revista AutoBus","isPartOf":{"@id":"https:\/\/revistaautobus.com.br\/#website"},"primaryImageOfPage":{"@id":"https:\/\/revistaautobus.com.br\/?p=12489#primaryimage"},"image":{"@id":"https:\/\/revistaautobus.com.br\/?p=12489#primaryimage"},"thumbnailUrl":"https:\/\/revistaautobus.com.br\/wp-content\/uploads\/2024\/07\/IMG_20190625_092716817.jpg","datePublished":"2024-07-15T11:23:45+00:00","dateModified":"2024-07-15T11:29:34+00:00","breadcrumb":{"@id":"https:\/\/revistaautobus.com.br\/?p=12489#breadcrumb"},"inLanguage":"pt-BR","potentialAction":[{"@type":"ReadAction","target":["https:\/\/revistaautobus.com.br\/?p=12489"]}]},{"@type":"ImageObject","inLanguage":"pt-BR","@id":"https:\/\/revistaautobus.com.br\/?p=12489#primaryimage","url":"https:\/\/revistaautobus.com.br\/wp-content\/uploads\/2024\/07\/IMG_20190625_092716817.jpg","contentUrl":"https:\/\/revistaautobus.com.br\/wp-content\/uploads\/2024\/07\/IMG_20190625_092716817.jpg","width":1000,"height":750},{"@type":"BreadcrumbList","@id":"https:\/\/revistaautobus.com.br\/?p=12489#breadcrumb","itemListElement":[{"@type":"ListItem","position":1,"name":"In\u00edcio","item":"https:\/\/revistaautobus.com.br\/"},{"@type":"ListItem","position":2,"name":"Transmilenio se prepara para uma nova era"}]},{"@type":"WebSite","@id":"https:\/\/revistaautobus.com.br\/#website","url":"https:\/\/revistaautobus.com.br\/","name":"Revista AutoBus","description":"","publisher":{"@id":"https:\/\/revistaautobus.com.br\/#organization"},"potentialAction":[{"@type":"SearchAction","target":{"@type":"EntryPoint","urlTemplate":"https:\/\/revistaautobus.com.br\/?s={search_term_string}"},"query-input":{"@type":"PropertyValueSpecification","valueRequired":true,"valueName":"search_term_string"}}],"inLanguage":"pt-BR"},{"@type":"Organization","@id":"https:\/\/revistaautobus.com.br\/#organization","name":"Revista AutoBus","url":"https:\/\/revistaautobus.com.br\/","logo":{"@type":"ImageObject","inLanguage":"pt-BR","@id":"https:\/\/revistaautobus.com.br\/#\/schema\/logo\/image\/","url":"https:\/\/revistaautobus.com.br\/wp-content\/uploads\/2024\/11\/logo_revista_autobus_fb.png","contentUrl":"https:\/\/revistaautobus.com.br\/wp-content\/uploads\/2024\/11\/logo_revista_autobus_fb.png","width":836,"height":227,"caption":"Revista AutoBus"},"image":{"@id":"https:\/\/revistaautobus.com.br\/#\/schema\/logo\/image\/"},"sameAs":["https:\/\/www.facebook.com\/antonio.ferro.3150","https:\/\/www.instagram.com\/revistaautobus\/"]},{"@type":"Person","@id":"https:\/\/revistaautobus.com.br\/#\/schema\/person\/54af7c3eb83a310e42ef686ef6d16f50","name":"Antonio Ferro","image":{"@type":"ImageObject","inLanguage":"pt-BR","@id":"https:\/\/revistaautobus.com.br\/wp-content\/uploads\/2025\/12\/editor_antonio_ferro-150x150.jpg","url":"https:\/\/revistaautobus.com.br\/wp-content\/uploads\/2025\/12\/editor_antonio_ferro-150x150.jpg","contentUrl":"https:\/\/revistaautobus.com.br\/wp-content\/uploads\/2025\/12\/editor_antonio_ferro-150x150.jpg","caption":"Antonio Ferro"},"description":"infobus@uol.com.br","url":"https:\/\/revistaautobus.com.br\/?author=2"}]}},"jetpack_featured_media_url":"https:\/\/revistaautobus.com.br\/wp-content\/uploads\/2024\/07\/IMG_20190625_092716817.jpg","jetpack_sharing_enabled":true,"_links":{"self":[{"href":"https:\/\/revistaautobus.com.br\/index.php?rest_route=\/wp\/v2\/posts\/12489","targetHints":{"allow":["GET"]}}],"collection":[{"href":"https:\/\/revistaautobus.com.br\/index.php?rest_route=\/wp\/v2\/posts"}],"about":[{"href":"https:\/\/revistaautobus.com.br\/index.php?rest_route=\/wp\/v2\/types\/post"}],"author":[{"embeddable":true,"href":"https:\/\/revistaautobus.com.br\/index.php?rest_route=\/wp\/v2\/users\/2"}],"replies":[{"embeddable":true,"href":"https:\/\/revistaautobus.com.br\/index.php?rest_route=%2Fwp%2Fv2%2Fcomments&post=12489"}],"version-history":[{"count":2,"href":"https:\/\/revistaautobus.com.br\/index.php?rest_route=\/wp\/v2\/posts\/12489\/revisions"}],"predecessor-version":[{"id":12500,"href":"https:\/\/revistaautobus.com.br\/index.php?rest_route=\/wp\/v2\/posts\/12489\/revisions\/12500"}],"wp:featuredmedia":[{"embeddable":true,"href":"https:\/\/revistaautobus.com.br\/index.php?rest_route=\/wp\/v2\/media\/12490"}],"wp:attachment":[{"href":"https:\/\/revistaautobus.com.br\/index.php?rest_route=%2Fwp%2Fv2%2Fmedia&parent=12489"}],"wp:term":[{"taxonomy":"category","embeddable":true,"href":"https:\/\/revistaautobus.com.br\/index.php?rest_route=%2Fwp%2Fv2%2Fcategories&post=12489"},{"taxonomy":"post_tag","embeddable":true,"href":"https:\/\/revistaautobus.com.br\/index.php?rest_route=%2Fwp%2Fv2%2Ftags&post=12489"}],"curies":[{"name":"wp","href":"https:\/\/api.w.org\/{rel}","templated":true}]}}