{"id":12506,"date":"2024-07-15T08:50:02","date_gmt":"2024-07-15T11:50:02","guid":{"rendered":"https:\/\/revistaautobus.com.br\/?p=12506"},"modified":"2024-07-15T08:50:02","modified_gmt":"2024-07-15T11:50:02","slug":"vitoria-aposta-nos-onibus-euro-vi","status":"publish","type":"post","link":"https:\/\/revistaautobus.com.br\/?p=12506","title":{"rendered":"Vit\u00f3ria aposta nos \u00f4nibus Euro VI"},"content":{"rendered":"<p>O transporte coletivo da capital capixaba, Vit\u00f3ria, ter\u00e1 uma renova\u00e7\u00e3o e tanto at\u00e9 o final deste ano. Ao todo, 270 novos \u00f4nibus equipados com a motoriza\u00e7\u00e3o Euro VI entrar\u00e3o em opera\u00e7\u00e3o, garantindo um ambiente urbano menos polu\u00eddo, afinal, a tecnologia dos motores atuais reduz, em muito, as emiss\u00f5es poluentes.<\/p>\n<p>De acordo com o GVBus, entidade que re\u00fane as empresas prestadoras do transporte coletivo da Grande Vit\u00f3ria, a tecnologia Euro VI \u00e9 capaz de reduzir em 80% a emiss\u00e3o de gases poluentes na atmosfera e em junho passado, 66 novos \u00f4nibus foram entregues as empresas do Sistema Transcol. Todos os ve\u00edculos tamb\u00e9m contam com ar-condicionado e conex\u00e3o de internet via Wi-Fi. Al\u00e9m disso, h\u00e1 c\u00e2meras de videomonitoramento e o sistema In Bus, que permite visualizar a lota\u00e7\u00e3o do \u00f4nibus.<\/p>\n<p>E, para o GVBus, com a moderniza\u00e7\u00e3o da frota e a introdu\u00e7\u00e3o de \u00f4nibus mais ecol\u00f3gicos, o sistema Transcol est\u00e1 contribuindo para melhorar o ar da regi\u00e3o em quest\u00e3o. Assim, desde 2019, quando as empresas operadoras, em parceria com o governo do Estado, passaram a investir na amplia\u00e7\u00e3o e renova\u00e7\u00e3o da frota, com \u00f4nibus mais modernos e menos poluentes, \u00e9 poss\u00edvel reduzir a polui\u00e7\u00e3o, promover menos estresse aos passageiros, mais movimento e mais conex\u00e3o. Segundo a entidade representativa, \u00e9 isso que o transporte p\u00fablico coletivo proporciona \u00e0s pessoas, bastando ver os benef\u00edcios que o \u00f4nibus traz, se comparado aos demais ve\u00edculos.<\/p>\n<p>Visando melhorar os servi\u00e7os, os passageiros do sistema podem contar com o Bilhete \u00danico Metropolitano, com o aplicativo \u00d4nibus GV para consultar em tempo real a localiza\u00e7\u00e3o do coletivo, a recarga feita via aplicativos e <em>on-line<\/em>, pagamento da tarifa por meio de Qr Code dentro dos coletivos, com a amplia\u00e7\u00e3o dos pontos de venda e recarga do Cart\u00e3oGV, al\u00e9m do sistema de conex\u00f5es entre as linhas.<\/p>\n<p>Imagem &#8211; Divulga\u00e7\u00e3o<\/p>\n","protected":false},"excerpt":{"rendered":"<p>Pol\u00edticas de investimentos objetivam a melhor mobilidade coletiva na regi\u00e3o metropolitana da cidade capixaba<\/p>\n","protected":false},"author":2,"featured_media":12507,"comment_status":"open","ping_status":"open","sticky":false,"template":"","format":"standard","meta":{"_et_pb_use_builder":"","_et_pb_old_content":"","_et_gb_content_width":"","_jetpack_memberships_contains_paid_content":false,"footnotes":""},"categories":[7,90],"tags":[537,799],"class_list":["post-12506","post","type-post","status-publish","format-standard","has-post-thumbnail","hentry","category-mobilidade-urbana","category-noticias","tag-gvbus","tag-transporte-na-grande-vitoria","et-has-post-format-content","et_post_format-et-post-format-standard"],"yoast_head":"<!-- This site is optimized with the Yoast SEO plugin v27.2 - https:\/\/yoast.com\/product\/yoast-seo-wordpress\/ -->\n<title>Vit\u00f3ria aposta nos \u00f4nibus Euro VI - Revista AutoBus<\/title>\n<meta name=\"robots\" content=\"index, follow, max-snippet:-1, max-image-preview:large, max-video-preview:-1\" \/>\n<link rel=\"canonical\" href=\"https:\/\/revistaautobus.com.br\/?p=12506\" \/>\n<meta property=\"og:locale\" content=\"pt_BR\" \/>\n<meta property=\"og:type\" content=\"article\" \/>\n<meta property=\"og:title\" content=\"Vit\u00f3ria aposta nos \u00f4nibus Euro VI - Revista AutoBus\" \/>\n<meta property=\"og:description\" content=\"Pol\u00edticas de investimentos objetivam a melhor mobilidade coletiva na regi\u00e3o metropolitana da cidade capixaba\" \/>\n<meta property=\"og:url\" content=\"https:\/\/revistaautobus.com.br\/?p=12506\" \/>\n<meta property=\"og:site_name\" content=\"Revista AutoBus\" \/>\n<meta property=\"article:publisher\" content=\"https:\/\/www.facebook.com\/antonio.ferro.3150\" \/>\n<meta property=\"article:published_time\" content=\"2024-07-15T11:50:02+00:00\" \/>\n<meta property=\"og:image\" content=\"https:\/\/revistaautobus.com.br\/wp-content\/uploads\/2024\/07\/Foto-novos-onibus.jpeg\" \/>\n\t<meta property=\"og:image:width\" content=\"960\" \/>\n\t<meta property=\"og:image:height\" content=\"720\" \/>\n\t<meta property=\"og:image:type\" content=\"image\/jpeg\" \/>\n<meta name=\"author\" content=\"Antonio Ferro\" \/>\n<meta name=\"twitter:card\" content=\"summary_large_image\" \/>\n<meta name=\"twitter:label1\" content=\"Escrito por\" \/>\n\t<meta name=\"twitter:data1\" content=\"Antonio Ferro\" \/>\n\t<meta name=\"twitter:label2\" content=\"Est. tempo de leitura\" \/>\n\t<meta name=\"twitter:data2\" content=\"2 minutos\" \/>\n<script type=\"application\/ld+json\" class=\"yoast-schema-graph\">{\"@context\":\"https:\/\/schema.org\",\"@graph\":[{\"@type\":\"Article\",\"@id\":\"https:\/\/revistaautobus.com.br\/?p=12506#article\",\"isPartOf\":{\"@id\":\"https:\/\/revistaautobus.com.br\/?p=12506\"},\"author\":{\"name\":\"Antonio Ferro\",\"@id\":\"https:\/\/revistaautobus.com.br\/#\/schema\/person\/54af7c3eb83a310e42ef686ef6d16f50\"},\"headline\":\"Vit\u00f3ria aposta nos \u00f4nibus Euro VI\",\"datePublished\":\"2024-07-15T11:50:02+00:00\",\"mainEntityOfPage\":{\"@id\":\"https:\/\/revistaautobus.com.br\/?p=12506\"},\"wordCount\":334,\"commentCount\":0,\"publisher\":{\"@id\":\"https:\/\/revistaautobus.com.br\/#organization\"},\"image\":{\"@id\":\"https:\/\/revistaautobus.com.br\/?p=12506#primaryimage\"},\"thumbnailUrl\":\"https:\/\/revistaautobus.com.br\/wp-content\/uploads\/2024\/07\/Foto-novos-onibus.jpeg\",\"keywords\":[\"GVBus\",\"Transporte na Grande Vit\u00f3ria\"],\"articleSection\":[\"Mobilidade Urbana\",\"Not\u00edcias\"],\"inLanguage\":\"pt-BR\",\"potentialAction\":[{\"@type\":\"CommentAction\",\"name\":\"Comment\",\"target\":[\"https:\/\/revistaautobus.com.br\/?p=12506#respond\"]}]},{\"@type\":\"WebPage\",\"@id\":\"https:\/\/revistaautobus.com.br\/?p=12506\",\"url\":\"https:\/\/revistaautobus.com.br\/?p=12506\",\"name\":\"Vit\u00f3ria aposta nos \u00f4nibus Euro VI - Revista AutoBus\",\"isPartOf\":{\"@id\":\"https:\/\/revistaautobus.com.br\/#website\"},\"primaryImageOfPage\":{\"@id\":\"https:\/\/revistaautobus.com.br\/?p=12506#primaryimage\"},\"image\":{\"@id\":\"https:\/\/revistaautobus.com.br\/?p=12506#primaryimage\"},\"thumbnailUrl\":\"https:\/\/revistaautobus.com.br\/wp-content\/uploads\/2024\/07\/Foto-novos-onibus.jpeg\",\"datePublished\":\"2024-07-15T11:50:02+00:00\",\"breadcrumb\":{\"@id\":\"https:\/\/revistaautobus.com.br\/?p=12506#breadcrumb\"},\"inLanguage\":\"pt-BR\",\"potentialAction\":[{\"@type\":\"ReadAction\",\"target\":[\"https:\/\/revistaautobus.com.br\/?p=12506\"]}]},{\"@type\":\"ImageObject\",\"inLanguage\":\"pt-BR\",\"@id\":\"https:\/\/revistaautobus.com.br\/?p=12506#primaryimage\",\"url\":\"https:\/\/revistaautobus.com.br\/wp-content\/uploads\/2024\/07\/Foto-novos-onibus.jpeg\",\"contentUrl\":\"https:\/\/revistaautobus.com.br\/wp-content\/uploads\/2024\/07\/Foto-novos-onibus.jpeg\",\"width\":960,\"height\":720},{\"@type\":\"BreadcrumbList\",\"@id\":\"https:\/\/revistaautobus.com.br\/?p=12506#breadcrumb\",\"itemListElement\":[{\"@type\":\"ListItem\",\"position\":1,\"name\":\"In\u00edcio\",\"item\":\"https:\/\/revistaautobus.com.br\/\"},{\"@type\":\"ListItem\",\"position\":2,\"name\":\"Vit\u00f3ria aposta nos \u00f4nibus Euro VI\"}]},{\"@type\":\"WebSite\",\"@id\":\"https:\/\/revistaautobus.com.br\/#website\",\"url\":\"https:\/\/revistaautobus.com.br\/\",\"name\":\"Revista AutoBus\",\"description\":\"\",\"publisher\":{\"@id\":\"https:\/\/revistaautobus.com.br\/#organization\"},\"potentialAction\":[{\"@type\":\"SearchAction\",\"target\":{\"@type\":\"EntryPoint\",\"urlTemplate\":\"https:\/\/revistaautobus.com.br\/?s={search_term_string}\"},\"query-input\":{\"@type\":\"PropertyValueSpecification\",\"valueRequired\":true,\"valueName\":\"search_term_string\"}}],\"inLanguage\":\"pt-BR\"},{\"@type\":\"Organization\",\"@id\":\"https:\/\/revistaautobus.com.br\/#organization\",\"name\":\"Revista AutoBus\",\"url\":\"https:\/\/revistaautobus.com.br\/\",\"logo\":{\"@type\":\"ImageObject\",\"inLanguage\":\"pt-BR\",\"@id\":\"https:\/\/revistaautobus.com.br\/#\/schema\/logo\/image\/\",\"url\":\"https:\/\/revistaautobus.com.br\/wp-content\/uploads\/2024\/11\/logo_revista_autobus_fb.png\",\"contentUrl\":\"https:\/\/revistaautobus.com.br\/wp-content\/uploads\/2024\/11\/logo_revista_autobus_fb.png\",\"width\":836,\"height\":227,\"caption\":\"Revista AutoBus\"},\"image\":{\"@id\":\"https:\/\/revistaautobus.com.br\/#\/schema\/logo\/image\/\"},\"sameAs\":[\"https:\/\/www.facebook.com\/antonio.ferro.3150\",\"https:\/\/www.instagram.com\/revistaautobus\/\"]},{\"@type\":\"Person\",\"@id\":\"https:\/\/revistaautobus.com.br\/#\/schema\/person\/54af7c3eb83a310e42ef686ef6d16f50\",\"name\":\"Antonio Ferro\",\"image\":{\"@type\":\"ImageObject\",\"inLanguage\":\"pt-BR\",\"@id\":\"https:\/\/revistaautobus.com.br\/wp-content\/uploads\/2025\/12\/editor_antonio_ferro-150x150.jpg\",\"url\":\"https:\/\/revistaautobus.com.br\/wp-content\/uploads\/2025\/12\/editor_antonio_ferro-150x150.jpg\",\"contentUrl\":\"https:\/\/revistaautobus.com.br\/wp-content\/uploads\/2025\/12\/editor_antonio_ferro-150x150.jpg\",\"caption\":\"Antonio Ferro\"},\"description\":\"infobus@uol.com.br\",\"url\":\"https:\/\/revistaautobus.com.br\/?author=2\"}]}<\/script>\n<!-- \/ Yoast SEO plugin. -->","yoast_head_json":{"title":"Vit\u00f3ria aposta nos \u00f4nibus Euro VI - Revista AutoBus","robots":{"index":"index","follow":"follow","max-snippet":"max-snippet:-1","max-image-preview":"max-image-preview:large","max-video-preview":"max-video-preview:-1"},"canonical":"https:\/\/revistaautobus.com.br\/?p=12506","og_locale":"pt_BR","og_type":"article","og_title":"Vit\u00f3ria aposta nos \u00f4nibus Euro VI - Revista AutoBus","og_description":"Pol\u00edticas de investimentos objetivam a melhor mobilidade coletiva na regi\u00e3o metropolitana da cidade capixaba","og_url":"https:\/\/revistaautobus.com.br\/?p=12506","og_site_name":"Revista AutoBus","article_publisher":"https:\/\/www.facebook.com\/antonio.ferro.3150","article_published_time":"2024-07-15T11:50:02+00:00","og_image":[{"width":960,"height":720,"url":"https:\/\/revistaautobus.com.br\/wp-content\/uploads\/2024\/07\/Foto-novos-onibus.jpeg","type":"image\/jpeg"}],"author":"Antonio Ferro","twitter_card":"summary_large_image","twitter_misc":{"Escrito por":"Antonio Ferro","Est. tempo de leitura":"2 minutos"},"schema":{"@context":"https:\/\/schema.org","@graph":[{"@type":"Article","@id":"https:\/\/revistaautobus.com.br\/?p=12506#article","isPartOf":{"@id":"https:\/\/revistaautobus.com.br\/?p=12506"},"author":{"name":"Antonio Ferro","@id":"https:\/\/revistaautobus.com.br\/#\/schema\/person\/54af7c3eb83a310e42ef686ef6d16f50"},"headline":"Vit\u00f3ria aposta nos \u00f4nibus Euro VI","datePublished":"2024-07-15T11:50:02+00:00","mainEntityOfPage":{"@id":"https:\/\/revistaautobus.com.br\/?p=12506"},"wordCount":334,"commentCount":0,"publisher":{"@id":"https:\/\/revistaautobus.com.br\/#organization"},"image":{"@id":"https:\/\/revistaautobus.com.br\/?p=12506#primaryimage"},"thumbnailUrl":"https:\/\/revistaautobus.com.br\/wp-content\/uploads\/2024\/07\/Foto-novos-onibus.jpeg","keywords":["GVBus","Transporte na Grande Vit\u00f3ria"],"articleSection":["Mobilidade Urbana","Not\u00edcias"],"inLanguage":"pt-BR","potentialAction":[{"@type":"CommentAction","name":"Comment","target":["https:\/\/revistaautobus.com.br\/?p=12506#respond"]}]},{"@type":"WebPage","@id":"https:\/\/revistaautobus.com.br\/?p=12506","url":"https:\/\/revistaautobus.com.br\/?p=12506","name":"Vit\u00f3ria aposta nos \u00f4nibus Euro VI - Revista AutoBus","isPartOf":{"@id":"https:\/\/revistaautobus.com.br\/#website"},"primaryImageOfPage":{"@id":"https:\/\/revistaautobus.com.br\/?p=12506#primaryimage"},"image":{"@id":"https:\/\/revistaautobus.com.br\/?p=12506#primaryimage"},"thumbnailUrl":"https:\/\/revistaautobus.com.br\/wp-content\/uploads\/2024\/07\/Foto-novos-onibus.jpeg","datePublished":"2024-07-15T11:50:02+00:00","breadcrumb":{"@id":"https:\/\/revistaautobus.com.br\/?p=12506#breadcrumb"},"inLanguage":"pt-BR","potentialAction":[{"@type":"ReadAction","target":["https:\/\/revistaautobus.com.br\/?p=12506"]}]},{"@type":"ImageObject","inLanguage":"pt-BR","@id":"https:\/\/revistaautobus.com.br\/?p=12506#primaryimage","url":"https:\/\/revistaautobus.com.br\/wp-content\/uploads\/2024\/07\/Foto-novos-onibus.jpeg","contentUrl":"https:\/\/revistaautobus.com.br\/wp-content\/uploads\/2024\/07\/Foto-novos-onibus.jpeg","width":960,"height":720},{"@type":"BreadcrumbList","@id":"https:\/\/revistaautobus.com.br\/?p=12506#breadcrumb","itemListElement":[{"@type":"ListItem","position":1,"name":"In\u00edcio","item":"https:\/\/revistaautobus.com.br\/"},{"@type":"ListItem","position":2,"name":"Vit\u00f3ria aposta nos \u00f4nibus Euro VI"}]},{"@type":"WebSite","@id":"https:\/\/revistaautobus.com.br\/#website","url":"https:\/\/revistaautobus.com.br\/","name":"Revista AutoBus","description":"","publisher":{"@id":"https:\/\/revistaautobus.com.br\/#organization"},"potentialAction":[{"@type":"SearchAction","target":{"@type":"EntryPoint","urlTemplate":"https:\/\/revistaautobus.com.br\/?s={search_term_string}"},"query-input":{"@type":"PropertyValueSpecification","valueRequired":true,"valueName":"search_term_string"}}],"inLanguage":"pt-BR"},{"@type":"Organization","@id":"https:\/\/revistaautobus.com.br\/#organization","name":"Revista AutoBus","url":"https:\/\/revistaautobus.com.br\/","logo":{"@type":"ImageObject","inLanguage":"pt-BR","@id":"https:\/\/revistaautobus.com.br\/#\/schema\/logo\/image\/","url":"https:\/\/revistaautobus.com.br\/wp-content\/uploads\/2024\/11\/logo_revista_autobus_fb.png","contentUrl":"https:\/\/revistaautobus.com.br\/wp-content\/uploads\/2024\/11\/logo_revista_autobus_fb.png","width":836,"height":227,"caption":"Revista AutoBus"},"image":{"@id":"https:\/\/revistaautobus.com.br\/#\/schema\/logo\/image\/"},"sameAs":["https:\/\/www.facebook.com\/antonio.ferro.3150","https:\/\/www.instagram.com\/revistaautobus\/"]},{"@type":"Person","@id":"https:\/\/revistaautobus.com.br\/#\/schema\/person\/54af7c3eb83a310e42ef686ef6d16f50","name":"Antonio Ferro","image":{"@type":"ImageObject","inLanguage":"pt-BR","@id":"https:\/\/revistaautobus.com.br\/wp-content\/uploads\/2025\/12\/editor_antonio_ferro-150x150.jpg","url":"https:\/\/revistaautobus.com.br\/wp-content\/uploads\/2025\/12\/editor_antonio_ferro-150x150.jpg","contentUrl":"https:\/\/revistaautobus.com.br\/wp-content\/uploads\/2025\/12\/editor_antonio_ferro-150x150.jpg","caption":"Antonio Ferro"},"description":"infobus@uol.com.br","url":"https:\/\/revistaautobus.com.br\/?author=2"}]}},"jetpack_featured_media_url":"https:\/\/revistaautobus.com.br\/wp-content\/uploads\/2024\/07\/Foto-novos-onibus.jpeg","jetpack_sharing_enabled":true,"_links":{"self":[{"href":"https:\/\/revistaautobus.com.br\/index.php?rest_route=\/wp\/v2\/posts\/12506","targetHints":{"allow":["GET"]}}],"collection":[{"href":"https:\/\/revistaautobus.com.br\/index.php?rest_route=\/wp\/v2\/posts"}],"about":[{"href":"https:\/\/revistaautobus.com.br\/index.php?rest_route=\/wp\/v2\/types\/post"}],"author":[{"embeddable":true,"href":"https:\/\/revistaautobus.com.br\/index.php?rest_route=\/wp\/v2\/users\/2"}],"replies":[{"embeddable":true,"href":"https:\/\/revistaautobus.com.br\/index.php?rest_route=%2Fwp%2Fv2%2Fcomments&post=12506"}],"version-history":[{"count":2,"href":"https:\/\/revistaautobus.com.br\/index.php?rest_route=\/wp\/v2\/posts\/12506\/revisions"}],"predecessor-version":[{"id":12509,"href":"https:\/\/revistaautobus.com.br\/index.php?rest_route=\/wp\/v2\/posts\/12506\/revisions\/12509"}],"wp:featuredmedia":[{"embeddable":true,"href":"https:\/\/revistaautobus.com.br\/index.php?rest_route=\/wp\/v2\/media\/12507"}],"wp:attachment":[{"href":"https:\/\/revistaautobus.com.br\/index.php?rest_route=%2Fwp%2Fv2%2Fmedia&parent=12506"}],"wp:term":[{"taxonomy":"category","embeddable":true,"href":"https:\/\/revistaautobus.com.br\/index.php?rest_route=%2Fwp%2Fv2%2Fcategories&post=12506"},{"taxonomy":"post_tag","embeddable":true,"href":"https:\/\/revistaautobus.com.br\/index.php?rest_route=%2Fwp%2Fv2%2Ftags&post=12506"}],"curies":[{"name":"wp","href":"https:\/\/api.w.org\/{rel}","templated":true}]}}