{"id":12510,"date":"2024-07-15T08:53:01","date_gmt":"2024-07-15T11:53:01","guid":{"rendered":"https:\/\/revistaautobus.com.br\/?p=12510"},"modified":"2024-07-15T08:53:01","modified_gmt":"2024-07-15T11:53:01","slug":"distancia-de-seguranca","status":"publish","type":"post","link":"https:\/\/revistaautobus.com.br\/?p=12510","title":{"rendered":"DIST\u00c2NCIA DE SEGURAN\u00c7A"},"content":{"rendered":"<p>Por <span style=\"color: #993300;\"><em><strong>Thyrso Guilarducci<\/strong><\/em><\/span>, consultor de Seguran\u00e7a no Tr\u00e2nsito<\/p>\n<p>Todo motorista profissional que conduz \u00f4nibus, al\u00e9m da CNH da categoria D ou E, deve acumular ainda o Curso Especializado para Condutores de Ve\u00edculos de Transporte Coletivo de Passageiros. Nesse curso, com dura\u00e7\u00e3o de 50 horas, o aluno aprende ou revisa muitas quest\u00f5es ligadas com a seguran\u00e7a e boas pr\u00e1ticas no contato com passageiros e o meio onde circula.<\/p>\n<p>Um dos elementos amplamente discutidos em sala de aula pelos instrutores \u00e9 a quest\u00e3o da dist\u00e2ncia segura no seguimento, ou seja, nunca dirigir \u201ccolado\u201d ao ve\u00edculo \u00e0 frente, pois numa parada s\u00fabita do fluxo com pouco espa\u00e7o para reduzir ou parar poder\u00e1 ocorrer uma colis\u00e3o traseira. As consequ\u00eancias de uma colis\u00e3o traseira normalmente s\u00e3o graves e n\u00e3o raramente provocam les\u00f5es graves e fatais.<\/p>\n<p>Mesmo cientes desse risco, muitos motoristas n\u00e3o mant\u00e9m uma dist\u00e2ncia segura para uma parada repentina e isso pode ocorrer a qualquer momento. Acrescente-se ainda alguns segundos por distra\u00e7\u00f5es, a colis\u00e3o ser\u00e1 inevit\u00e1vel ou na melhor das hip\u00f3teses uma freada violenta abalando os passageiros em um \u00f4nibus.<\/p>\n<p>Prevenir esse tipo de sinistro de tr\u00e2nsito requer muita aten\u00e7\u00e3o e concentra\u00e7\u00e3o na viagem, nas rodovias ou em trechos urbanos. Prevenir esse tipo de sinistro de tr\u00e2nsito requer muita aten\u00e7\u00e3o e concentra\u00e7\u00e3o na viagem, nas rodovias ou em trechos urbanos.<\/p>\n<p>A t\u00e9cnica dos segundos nesses casos \u00e9 muito \u00fatil e se o motorista pratic\u00e1-la sempre com o tempo assimilar\u00e1 a din\u00e2mica sem precisar fazer cronometria mental<\/p>\n<p><strong>Como utilizar o mecanismo dos segundos com efic\u00e1cia?<\/strong><\/p>\n<p>Aprendemos na maioria dos cursos de Dire\u00e7\u00e3o Defensiva e\/ou Preventiva que se deve manter a regra dos dois segundos entre os ve\u00edculos. Na realidade essa regra \u00e9 apenas parcialmente adequada, por\u00e9m pode ser aplicada apenas para autom\u00f3veis em pista seca e sem contamina\u00e7\u00f5es, retas, de dia, seca sem aclives ou declives. Al\u00e9m disso o motorista deve estar rigorosamente atento \u00e0 frente sem nenhuma distra\u00e7\u00e3o.<\/p>\n<p>Logo entende-se que n\u00e3o \u00e9 suficiente para os ve\u00edculos pesados, tais como caminh\u00f5es, carretas e \u00f4nibus.<\/p>\n<p>A massa (peso) desses ve\u00edculos quando em movimento demandam mais tempo para atingir determinada velocidade assim como necessitam de mais espa\u00e7o para uma parada total. As for\u00e7as f\u00edsicas atuando nesses cen\u00e1rios devem ser respeitadas.<\/p>\n<p><strong>Qual seria ent\u00e3o a medi\u00e7\u00e3o correta?<\/strong><\/p>\n<p>De acordo com as principais academias de ensino para motoristas comerciais (profissionais) e de dire\u00e7\u00e3o preventiva nos Estados Unidos<\/p>\n<p>A regra de dist\u00e2ncia em segundos \u00e9 vari\u00e1vel, por\u00e9m para qualquer ve\u00edculo pesado s\u00e3o 7 segundos.<\/p>\n<p>Para calcular a dist\u00e2ncia ideal \u00e9 necess\u00e1rio observar as componentes adicionais em segundos. Assim, conforme alguns dos itens serem considerados, o tempo em segundos aumenta para assegurar espa\u00e7o suficiente para uma parada ou emerg\u00eancia.<\/p>\n<p>Um \u00f4nibus trafegando numa rodovia a 90 km\/h de dia com chuva forte deve considerar os 7 segundos padr\u00e3o + 1 segundo pela chuva e + 1 segundo pela tra\u00e7\u00e3o comprometida pelo volume de \u00e1gua na pista. Assim, totalizam 9 segundos.<\/p>\n<p>Para caminh\u00f5es e carretas h\u00e1 ainda outros fatores a considerar, mas o foco aqui s\u00e3o os \u00f4nibus. No Brasil \u00e9 um desafio intenso manter uma separa\u00e7\u00e3o segura em seguimento. Sempre haver\u00e1 aquele \u201capressadinho\u201d que colocar\u00e1 seu ve\u00edculo no espa\u00e7o de seguran\u00e7a deixado pelo motorista cuidadoso.<\/p>\n<p>Por isso o exerc\u00edcio de paci\u00eancia deve ser aplicado a n\u00e3o se permitir que a atitude indevida contamine o bom senso em nome da seguran\u00e7a.<\/p>\n<p>Veja no v\u00eddeo abaixo como se comporta de forma exemplar um motorista da Greyhound Canada numa rodovia entre Kitchner e Toronto na Prov\u00edncia de Ontario, Canada.<\/p>\n<p><iframe loading=\"lazy\" title=\"Greyhound bus through rain from Kitchener to Toronto Canada - May 2019\" width=\"1080\" height=\"608\" src=\"https:\/\/www.youtube.com\/embed\/dnnmULDihLo?feature=oembed\" frameborder=\"0\" allow=\"accelerometer; autoplay; clipboard-write; encrypted-media; gyroscope; picture-in-picture; web-share\" referrerpolicy=\"strict-origin-when-cross-origin\" allowfullscreen><\/iframe><\/p>\n<p>Na velocidade de 90 km\/h, 9 segundos significam 225 metros. Algo como dois quarteir\u00f5es. \u00c9 nesse espa\u00e7o numa pista molhada que haver\u00e1 uma parada sem estresse e os passageiros confortavelmente nem percebem a condu\u00e7\u00e3o.<\/p>\n<p>Se 9 segundos s\u00e3o demasiados, imagine uma carreta 9 eixos de 25 metros com condi\u00e7\u00f5es adversas como carga perigosa, tra\u00e7\u00e3o, \u00e0 noite, com chuva a 70 km\/h precisar\u00e1 de 13 segundos (259 metros) de separa\u00e7\u00e3o.<\/p>\n<p>Neste Artigo foi abordado apenas a quest\u00e3o da dist\u00e2ncia de seguran\u00e7a no seguimento. A bem da verdade h\u00e1 ainda muitas quest\u00f5es a serem abordadas e isso ser\u00e3o temas futuros.<\/p>\n<p><strong>PAZ NO TR\u00c2NSITO COME\u00c7A POR VOC\u00ca<\/strong><\/p>\n<p>Imagem &#8211; Reprodu\u00e7\u00e3o<\/p>\n<p>&nbsp;<\/p>\n","protected":false},"excerpt":{"rendered":"<p>Dirigindo colado pode ser a \u00faltima viagem (em vida)<\/p>\n","protected":false},"author":2,"featured_media":12511,"comment_status":"open","ping_status":"open","sticky":false,"template":"","format":"standard","meta":{"_et_pb_use_builder":"","_et_pb_old_content":"","_et_gb_content_width":"","_jetpack_memberships_contains_paid_content":false,"footnotes":""},"categories":[41],"tags":[801,800],"class_list":["post-12510","post","type-post","status-publish","format-standard","has-post-thumbnail","hentry","category-ponto-de-vista","tag-direcao-defensiva","tag-seguranca-no-transito","et-has-post-format-content","et_post_format-et-post-format-standard"],"yoast_head":"<!-- This site is optimized with the Yoast SEO plugin v27.2 - https:\/\/yoast.com\/product\/yoast-seo-wordpress\/ -->\n<title>DIST\u00c2NCIA DE SEGURAN\u00c7A - Revista AutoBus<\/title>\n<meta name=\"robots\" content=\"index, follow, max-snippet:-1, max-image-preview:large, max-video-preview:-1\" \/>\n<link rel=\"canonical\" href=\"https:\/\/revistaautobus.com.br\/?p=12510\" \/>\n<meta property=\"og:locale\" content=\"pt_BR\" \/>\n<meta property=\"og:type\" content=\"article\" \/>\n<meta property=\"og:title\" content=\"DIST\u00c2NCIA DE SEGURAN\u00c7A - Revista AutoBus\" \/>\n<meta property=\"og:description\" content=\"Dirigindo colado pode ser a \u00faltima viagem (em vida)\" \/>\n<meta property=\"og:url\" content=\"https:\/\/revistaautobus.com.br\/?p=12510\" \/>\n<meta property=\"og:site_name\" content=\"Revista AutoBus\" \/>\n<meta property=\"article:publisher\" content=\"https:\/\/www.facebook.com\/antonio.ferro.3150\" \/>\n<meta property=\"article:published_time\" content=\"2024-07-15T11:53:01+00:00\" \/>\n<meta property=\"og:image\" content=\"https:\/\/revistaautobus.com.br\/wp-content\/uploads\/2024\/07\/Imagem2.png\" \/>\n\t<meta property=\"og:image:width\" content=\"592\" \/>\n\t<meta property=\"og:image:height\" content=\"442\" \/>\n\t<meta property=\"og:image:type\" content=\"image\/png\" \/>\n<meta name=\"author\" content=\"Antonio Ferro\" \/>\n<meta name=\"twitter:card\" content=\"summary_large_image\" \/>\n<meta name=\"twitter:label1\" content=\"Escrito por\" \/>\n\t<meta name=\"twitter:data1\" content=\"Antonio Ferro\" \/>\n\t<meta name=\"twitter:label2\" content=\"Est. tempo de leitura\" \/>\n\t<meta name=\"twitter:data2\" content=\"4 minutos\" \/>\n<script type=\"application\/ld+json\" class=\"yoast-schema-graph\">{\"@context\":\"https:\/\/schema.org\",\"@graph\":[{\"@type\":\"Article\",\"@id\":\"https:\/\/revistaautobus.com.br\/?p=12510#article\",\"isPartOf\":{\"@id\":\"https:\/\/revistaautobus.com.br\/?p=12510\"},\"author\":{\"name\":\"Antonio Ferro\",\"@id\":\"https:\/\/revistaautobus.com.br\/#\/schema\/person\/54af7c3eb83a310e42ef686ef6d16f50\"},\"headline\":\"DIST\u00c2NCIA DE SEGURAN\u00c7A\",\"datePublished\":\"2024-07-15T11:53:01+00:00\",\"mainEntityOfPage\":{\"@id\":\"https:\/\/revistaautobus.com.br\/?p=12510\"},\"wordCount\":766,\"commentCount\":0,\"publisher\":{\"@id\":\"https:\/\/revistaautobus.com.br\/#organization\"},\"image\":{\"@id\":\"https:\/\/revistaautobus.com.br\/?p=12510#primaryimage\"},\"thumbnailUrl\":\"https:\/\/revistaautobus.com.br\/wp-content\/uploads\/2024\/07\/Imagem2.png\",\"keywords\":[\"Dire\u00e7\u00e3o defensiva\",\"Seguran\u00e7a no tr\u00e2nsito\"],\"articleSection\":[\"Ponto de Vista\"],\"inLanguage\":\"pt-BR\",\"potentialAction\":[{\"@type\":\"CommentAction\",\"name\":\"Comment\",\"target\":[\"https:\/\/revistaautobus.com.br\/?p=12510#respond\"]}]},{\"@type\":\"WebPage\",\"@id\":\"https:\/\/revistaautobus.com.br\/?p=12510\",\"url\":\"https:\/\/revistaautobus.com.br\/?p=12510\",\"name\":\"DIST\u00c2NCIA DE SEGURAN\u00c7A - Revista AutoBus\",\"isPartOf\":{\"@id\":\"https:\/\/revistaautobus.com.br\/#website\"},\"primaryImageOfPage\":{\"@id\":\"https:\/\/revistaautobus.com.br\/?p=12510#primaryimage\"},\"image\":{\"@id\":\"https:\/\/revistaautobus.com.br\/?p=12510#primaryimage\"},\"thumbnailUrl\":\"https:\/\/revistaautobus.com.br\/wp-content\/uploads\/2024\/07\/Imagem2.png\",\"datePublished\":\"2024-07-15T11:53:01+00:00\",\"breadcrumb\":{\"@id\":\"https:\/\/revistaautobus.com.br\/?p=12510#breadcrumb\"},\"inLanguage\":\"pt-BR\",\"potentialAction\":[{\"@type\":\"ReadAction\",\"target\":[\"https:\/\/revistaautobus.com.br\/?p=12510\"]}]},{\"@type\":\"ImageObject\",\"inLanguage\":\"pt-BR\",\"@id\":\"https:\/\/revistaautobus.com.br\/?p=12510#primaryimage\",\"url\":\"https:\/\/revistaautobus.com.br\/wp-content\/uploads\/2024\/07\/Imagem2.png\",\"contentUrl\":\"https:\/\/revistaautobus.com.br\/wp-content\/uploads\/2024\/07\/Imagem2.png\",\"width\":592,\"height\":442},{\"@type\":\"BreadcrumbList\",\"@id\":\"https:\/\/revistaautobus.com.br\/?p=12510#breadcrumb\",\"itemListElement\":[{\"@type\":\"ListItem\",\"position\":1,\"name\":\"In\u00edcio\",\"item\":\"https:\/\/revistaautobus.com.br\/\"},{\"@type\":\"ListItem\",\"position\":2,\"name\":\"DIST\u00c2NCIA DE SEGURAN\u00c7A\"}]},{\"@type\":\"WebSite\",\"@id\":\"https:\/\/revistaautobus.com.br\/#website\",\"url\":\"https:\/\/revistaautobus.com.br\/\",\"name\":\"Revista AutoBus\",\"description\":\"\",\"publisher\":{\"@id\":\"https:\/\/revistaautobus.com.br\/#organization\"},\"potentialAction\":[{\"@type\":\"SearchAction\",\"target\":{\"@type\":\"EntryPoint\",\"urlTemplate\":\"https:\/\/revistaautobus.com.br\/?s={search_term_string}\"},\"query-input\":{\"@type\":\"PropertyValueSpecification\",\"valueRequired\":true,\"valueName\":\"search_term_string\"}}],\"inLanguage\":\"pt-BR\"},{\"@type\":\"Organization\",\"@id\":\"https:\/\/revistaautobus.com.br\/#organization\",\"name\":\"Revista AutoBus\",\"url\":\"https:\/\/revistaautobus.com.br\/\",\"logo\":{\"@type\":\"ImageObject\",\"inLanguage\":\"pt-BR\",\"@id\":\"https:\/\/revistaautobus.com.br\/#\/schema\/logo\/image\/\",\"url\":\"https:\/\/revistaautobus.com.br\/wp-content\/uploads\/2024\/11\/logo_revista_autobus_fb.png\",\"contentUrl\":\"https:\/\/revistaautobus.com.br\/wp-content\/uploads\/2024\/11\/logo_revista_autobus_fb.png\",\"width\":836,\"height\":227,\"caption\":\"Revista AutoBus\"},\"image\":{\"@id\":\"https:\/\/revistaautobus.com.br\/#\/schema\/logo\/image\/\"},\"sameAs\":[\"https:\/\/www.facebook.com\/antonio.ferro.3150\",\"https:\/\/www.instagram.com\/revistaautobus\/\"]},{\"@type\":\"Person\",\"@id\":\"https:\/\/revistaautobus.com.br\/#\/schema\/person\/54af7c3eb83a310e42ef686ef6d16f50\",\"name\":\"Antonio Ferro\",\"image\":{\"@type\":\"ImageObject\",\"inLanguage\":\"pt-BR\",\"@id\":\"https:\/\/revistaautobus.com.br\/wp-content\/uploads\/2025\/12\/editor_antonio_ferro-150x150.jpg\",\"url\":\"https:\/\/revistaautobus.com.br\/wp-content\/uploads\/2025\/12\/editor_antonio_ferro-150x150.jpg\",\"contentUrl\":\"https:\/\/revistaautobus.com.br\/wp-content\/uploads\/2025\/12\/editor_antonio_ferro-150x150.jpg\",\"caption\":\"Antonio Ferro\"},\"description\":\"infobus@uol.com.br\",\"url\":\"https:\/\/revistaautobus.com.br\/?author=2\"}]}<\/script>\n<!-- \/ Yoast SEO plugin. -->","yoast_head_json":{"title":"DIST\u00c2NCIA DE SEGURAN\u00c7A - Revista AutoBus","robots":{"index":"index","follow":"follow","max-snippet":"max-snippet:-1","max-image-preview":"max-image-preview:large","max-video-preview":"max-video-preview:-1"},"canonical":"https:\/\/revistaautobus.com.br\/?p=12510","og_locale":"pt_BR","og_type":"article","og_title":"DIST\u00c2NCIA DE SEGURAN\u00c7A - Revista AutoBus","og_description":"Dirigindo colado pode ser a \u00faltima viagem (em vida)","og_url":"https:\/\/revistaautobus.com.br\/?p=12510","og_site_name":"Revista AutoBus","article_publisher":"https:\/\/www.facebook.com\/antonio.ferro.3150","article_published_time":"2024-07-15T11:53:01+00:00","og_image":[{"width":592,"height":442,"url":"https:\/\/revistaautobus.com.br\/wp-content\/uploads\/2024\/07\/Imagem2.png","type":"image\/png"}],"author":"Antonio Ferro","twitter_card":"summary_large_image","twitter_misc":{"Escrito por":"Antonio Ferro","Est. tempo de leitura":"4 minutos"},"schema":{"@context":"https:\/\/schema.org","@graph":[{"@type":"Article","@id":"https:\/\/revistaautobus.com.br\/?p=12510#article","isPartOf":{"@id":"https:\/\/revistaautobus.com.br\/?p=12510"},"author":{"name":"Antonio Ferro","@id":"https:\/\/revistaautobus.com.br\/#\/schema\/person\/54af7c3eb83a310e42ef686ef6d16f50"},"headline":"DIST\u00c2NCIA DE SEGURAN\u00c7A","datePublished":"2024-07-15T11:53:01+00:00","mainEntityOfPage":{"@id":"https:\/\/revistaautobus.com.br\/?p=12510"},"wordCount":766,"commentCount":0,"publisher":{"@id":"https:\/\/revistaautobus.com.br\/#organization"},"image":{"@id":"https:\/\/revistaautobus.com.br\/?p=12510#primaryimage"},"thumbnailUrl":"https:\/\/revistaautobus.com.br\/wp-content\/uploads\/2024\/07\/Imagem2.png","keywords":["Dire\u00e7\u00e3o defensiva","Seguran\u00e7a no tr\u00e2nsito"],"articleSection":["Ponto de Vista"],"inLanguage":"pt-BR","potentialAction":[{"@type":"CommentAction","name":"Comment","target":["https:\/\/revistaautobus.com.br\/?p=12510#respond"]}]},{"@type":"WebPage","@id":"https:\/\/revistaautobus.com.br\/?p=12510","url":"https:\/\/revistaautobus.com.br\/?p=12510","name":"DIST\u00c2NCIA DE SEGURAN\u00c7A - Revista AutoBus","isPartOf":{"@id":"https:\/\/revistaautobus.com.br\/#website"},"primaryImageOfPage":{"@id":"https:\/\/revistaautobus.com.br\/?p=12510#primaryimage"},"image":{"@id":"https:\/\/revistaautobus.com.br\/?p=12510#primaryimage"},"thumbnailUrl":"https:\/\/revistaautobus.com.br\/wp-content\/uploads\/2024\/07\/Imagem2.png","datePublished":"2024-07-15T11:53:01+00:00","breadcrumb":{"@id":"https:\/\/revistaautobus.com.br\/?p=12510#breadcrumb"},"inLanguage":"pt-BR","potentialAction":[{"@type":"ReadAction","target":["https:\/\/revistaautobus.com.br\/?p=12510"]}]},{"@type":"ImageObject","inLanguage":"pt-BR","@id":"https:\/\/revistaautobus.com.br\/?p=12510#primaryimage","url":"https:\/\/revistaautobus.com.br\/wp-content\/uploads\/2024\/07\/Imagem2.png","contentUrl":"https:\/\/revistaautobus.com.br\/wp-content\/uploads\/2024\/07\/Imagem2.png","width":592,"height":442},{"@type":"BreadcrumbList","@id":"https:\/\/revistaautobus.com.br\/?p=12510#breadcrumb","itemListElement":[{"@type":"ListItem","position":1,"name":"In\u00edcio","item":"https:\/\/revistaautobus.com.br\/"},{"@type":"ListItem","position":2,"name":"DIST\u00c2NCIA DE SEGURAN\u00c7A"}]},{"@type":"WebSite","@id":"https:\/\/revistaautobus.com.br\/#website","url":"https:\/\/revistaautobus.com.br\/","name":"Revista AutoBus","description":"","publisher":{"@id":"https:\/\/revistaautobus.com.br\/#organization"},"potentialAction":[{"@type":"SearchAction","target":{"@type":"EntryPoint","urlTemplate":"https:\/\/revistaautobus.com.br\/?s={search_term_string}"},"query-input":{"@type":"PropertyValueSpecification","valueRequired":true,"valueName":"search_term_string"}}],"inLanguage":"pt-BR"},{"@type":"Organization","@id":"https:\/\/revistaautobus.com.br\/#organization","name":"Revista AutoBus","url":"https:\/\/revistaautobus.com.br\/","logo":{"@type":"ImageObject","inLanguage":"pt-BR","@id":"https:\/\/revistaautobus.com.br\/#\/schema\/logo\/image\/","url":"https:\/\/revistaautobus.com.br\/wp-content\/uploads\/2024\/11\/logo_revista_autobus_fb.png","contentUrl":"https:\/\/revistaautobus.com.br\/wp-content\/uploads\/2024\/11\/logo_revista_autobus_fb.png","width":836,"height":227,"caption":"Revista AutoBus"},"image":{"@id":"https:\/\/revistaautobus.com.br\/#\/schema\/logo\/image\/"},"sameAs":["https:\/\/www.facebook.com\/antonio.ferro.3150","https:\/\/www.instagram.com\/revistaautobus\/"]},{"@type":"Person","@id":"https:\/\/revistaautobus.com.br\/#\/schema\/person\/54af7c3eb83a310e42ef686ef6d16f50","name":"Antonio Ferro","image":{"@type":"ImageObject","inLanguage":"pt-BR","@id":"https:\/\/revistaautobus.com.br\/wp-content\/uploads\/2025\/12\/editor_antonio_ferro-150x150.jpg","url":"https:\/\/revistaautobus.com.br\/wp-content\/uploads\/2025\/12\/editor_antonio_ferro-150x150.jpg","contentUrl":"https:\/\/revistaautobus.com.br\/wp-content\/uploads\/2025\/12\/editor_antonio_ferro-150x150.jpg","caption":"Antonio Ferro"},"description":"infobus@uol.com.br","url":"https:\/\/revistaautobus.com.br\/?author=2"}]}},"jetpack_featured_media_url":"https:\/\/revistaautobus.com.br\/wp-content\/uploads\/2024\/07\/Imagem2.png","jetpack_sharing_enabled":true,"_links":{"self":[{"href":"https:\/\/revistaautobus.com.br\/index.php?rest_route=\/wp\/v2\/posts\/12510","targetHints":{"allow":["GET"]}}],"collection":[{"href":"https:\/\/revistaautobus.com.br\/index.php?rest_route=\/wp\/v2\/posts"}],"about":[{"href":"https:\/\/revistaautobus.com.br\/index.php?rest_route=\/wp\/v2\/types\/post"}],"author":[{"embeddable":true,"href":"https:\/\/revistaautobus.com.br\/index.php?rest_route=\/wp\/v2\/users\/2"}],"replies":[{"embeddable":true,"href":"https:\/\/revistaautobus.com.br\/index.php?rest_route=%2Fwp%2Fv2%2Fcomments&post=12510"}],"version-history":[{"count":3,"href":"https:\/\/revistaautobus.com.br\/index.php?rest_route=\/wp\/v2\/posts\/12510\/revisions"}],"predecessor-version":[{"id":12515,"href":"https:\/\/revistaautobus.com.br\/index.php?rest_route=\/wp\/v2\/posts\/12510\/revisions\/12515"}],"wp:featuredmedia":[{"embeddable":true,"href":"https:\/\/revistaautobus.com.br\/index.php?rest_route=\/wp\/v2\/media\/12511"}],"wp:attachment":[{"href":"https:\/\/revistaautobus.com.br\/index.php?rest_route=%2Fwp%2Fv2%2Fmedia&parent=12510"}],"wp:term":[{"taxonomy":"category","embeddable":true,"href":"https:\/\/revistaautobus.com.br\/index.php?rest_route=%2Fwp%2Fv2%2Fcategories&post=12510"},{"taxonomy":"post_tag","embeddable":true,"href":"https:\/\/revistaautobus.com.br\/index.php?rest_route=%2Fwp%2Fv2%2Ftags&post=12510"}],"curies":[{"name":"wp","href":"https:\/\/api.w.org\/{rel}","templated":true}]}}