{"id":12516,"date":"2024-07-15T09:04:05","date_gmt":"2024-07-15T12:04:05","guid":{"rendered":"https:\/\/revistaautobus.com.br\/?p=12516"},"modified":"2024-07-15T09:04:05","modified_gmt":"2024-07-15T12:04:05","slug":"clientes-nao-podem-ficar-sem-pecas","status":"publish","type":"post","link":"https:\/\/revistaautobus.com.br\/?p=12516","title":{"rendered":"Clientes n\u00e3o podem ficar sem pe\u00e7as"},"content":{"rendered":"<p>Com o objetivo de atender bem e r\u00e1pido o mercado de reposi\u00e7\u00e3o de pe\u00e7as, a Mercedes-Benz, a partir de agora, passa a ter um galp\u00e3o do condom\u00ednio log\u00edstico da HGLG, na cidade paulista de Itupeva, com a sua nova Central de Distribui\u00e7\u00e3o e Log\u00edstica de Pe\u00e7as.<\/p>\n<p>Segundo a empresa, seu novo espa\u00e7o recebeu duas certifica\u00e7\u00f5es muito importantes: \u201cEmpreendimento Classe AAA\u201d, que indica n\u00edvel m\u00e1ximo de qualidade, padr\u00e3o de constru\u00e7\u00e3o e tecnologia de sistemas prediais, e \u201cLEED\u201d (Leadership in Energy and Environmental Design), reconhecimento ambiental global de edifica\u00e7\u00f5es sustent\u00e1veis e eficientes. Silvio Renan Souza, diretor de Pe\u00e7as e Servi\u00e7os ao Cliente da Mercedes-Benz do Brasil, ressaltou que a mudan\u00e7a para o novo endere\u00e7o e a parceira com a Penske representam mais um grande passo para a moderniza\u00e7\u00e3o operacional da log\u00edstica de pe\u00e7as da marca, com ganhos imediatos de performance e efici\u00eancia, al\u00e9m de potenciais benef\u00edcios futuros. \u201cEsta \u00e9 uma das maiores centrais de pe\u00e7as da Daimler Truck fora da Alemanha e uma refer\u00eancia do segmento de ve\u00edculos comerciais no Pa\u00eds. Nossa unidade abriga cerca de 45.000 itens do portf\u00f3lio de pe\u00e7as de caminh\u00f5es, \u00f4nibus e agregados. S\u00e3o aproximadamente 8.000.000 de pe\u00e7as em estoque e 1,5 milh\u00e3o de pe\u00e7as distribu\u00eddas por m\u00eas para o mercado interno, por meio de 380 pontos de atendimento da Rede de Concession\u00e1rios, e para mais de 50 pa\u00edses\u201d, disse.<\/p>\n<p>A nova Central tem p\u00e9 direito de 12 metros, com verticaliza\u00e7\u00e3o do estoque e \u00e9 equipado com as novas empilhadeiras apropriadas para esse conceito de armaz\u00e9m, permitindo a otimiza\u00e7\u00e3o da opera\u00e7\u00e3o\u201d, afirma Silvio Renan Souza. \u201cEvolu\u00edmos tamb\u00e9m em processos internos e em <em>softwares<\/em>. Como exemplo, utilizamos o WMS (Warehouse Management System), sistema <em>on-line<\/em> de gest\u00e3o dos processos de recebimento, armazenagem e expedi\u00e7\u00e3o. E j\u00e1 estamos preparando o <em>voice picking<\/em> para implanta\u00e7\u00e3o ainda este ano\u201d, comentou Silvio.<\/p>\n<p><img loading=\"lazy\" decoding=\"async\" class=\"alignnone wp-image-12518 size-full\" src=\"https:\/\/revistaautobus.com.br\/wp-content\/uploads\/2024\/07\/20240710_40fad6dd3dd64e7ba78ae0212b402d13_mb-itupeva-93.jpg\" alt=\"\" width=\"1000\" height=\"750\" srcset=\"https:\/\/revistaautobus.com.br\/wp-content\/uploads\/2024\/07\/20240710_40fad6dd3dd64e7ba78ae0212b402d13_mb-itupeva-93.jpg 1000w, https:\/\/revistaautobus.com.br\/wp-content\/uploads\/2024\/07\/20240710_40fad6dd3dd64e7ba78ae0212b402d13_mb-itupeva-93-300x225.jpg 300w, https:\/\/revistaautobus.com.br\/wp-content\/uploads\/2024\/07\/20240710_40fad6dd3dd64e7ba78ae0212b402d13_mb-itupeva-93-768x576.jpg 768w\" sizes=\"(max-width: 1000px) 100vw, 1000px\" \/><\/p>\n<p>Em linhas gerais, a \u00e1rea \u00fatil da Central de Distribui\u00e7\u00e3o e Log\u00edstica de Pe\u00e7as da Mercedes-Benz do Brasil \u00e9 de aproximadamente 45.000 metros quadrados e a \u00e1rea total do condom\u00ednio da HGLG \u00e9 de mais de 234.000 metros quadrados, contando com um total de cerca de 90.000 metros quadrados loc\u00e1veis de galp\u00f5es, o que permite futuras expans\u00f5es.<\/p>\n<p>A opera\u00e7\u00e3o da nova Central passa a ser feita em parceria com a Penske Logistics, l\u00edder no fornecimento de solu\u00e7\u00f5es da cadeia de suprimentos, armazenagem e log\u00edstica para o setor automotivo no Brasil e, tamb\u00e9m, na Am\u00e9rica do Norte. A Mercedes-Benz destaca que a seguran\u00e7a do armaz\u00e9m e das pessoas \u00e9 preservada por um sistema completo de combate a inc\u00eandios, com hidrantes e <em>sprinklers <\/em>em toda a \u00e1rea de armazenagem.<\/p>\n<p>Imagens &#8211; Divulga\u00e7\u00e3o<\/p>\n","protected":false},"excerpt":{"rendered":"<p>Ao apresentar nova \u00e1rea de seu centro log\u00edstico, a Mercedes-Benz tem a disposi\u00e7\u00e3o cerca de 8.000.000 de pe\u00e7as em estoque e 1,5 milh\u00e3o de pe\u00e7as que s\u00e3o distribu\u00eddas por m\u00eas para o mercado interno e para mais de 50 pa\u00edses<\/p>\n","protected":false},"author":2,"featured_media":12517,"comment_status":"open","ping_status":"open","sticky":false,"template":"","format":"standard","meta":{"_et_pb_use_builder":"","_et_pb_old_content":"","_et_gb_content_width":"","_jetpack_memberships_contains_paid_content":false,"footnotes":""},"categories":[10],"tags":[17],"class_list":["post-12516","post","type-post","status-publish","format-standard","has-post-thumbnail","hentry","category-montadoras","tag-mercedes-benz","et-has-post-format-content","et_post_format-et-post-format-standard"],"yoast_head":"<!-- This site is optimized with the Yoast SEO plugin v27.2 - https:\/\/yoast.com\/product\/yoast-seo-wordpress\/ -->\n<title>Clientes n\u00e3o podem ficar sem pe\u00e7as - Revista AutoBus<\/title>\n<meta name=\"robots\" content=\"index, follow, max-snippet:-1, max-image-preview:large, max-video-preview:-1\" \/>\n<link rel=\"canonical\" href=\"https:\/\/revistaautobus.com.br\/?p=12516\" \/>\n<meta property=\"og:locale\" content=\"pt_BR\" \/>\n<meta property=\"og:type\" content=\"article\" \/>\n<meta property=\"og:title\" content=\"Clientes n\u00e3o podem ficar sem pe\u00e7as - Revista AutoBus\" \/>\n<meta property=\"og:description\" content=\"Ao apresentar nova \u00e1rea de seu centro log\u00edstico, a Mercedes-Benz tem a disposi\u00e7\u00e3o cerca de 8.000.000 de pe\u00e7as em estoque e 1,5 milh\u00e3o de pe\u00e7as que s\u00e3o distribu\u00eddas por m\u00eas para o mercado interno e para mais de 50 pa\u00edses\" \/>\n<meta property=\"og:url\" content=\"https:\/\/revistaautobus.com.br\/?p=12516\" \/>\n<meta property=\"og:site_name\" content=\"Revista AutoBus\" \/>\n<meta property=\"article:publisher\" content=\"https:\/\/www.facebook.com\/antonio.ferro.3150\" \/>\n<meta property=\"article:published_time\" content=\"2024-07-15T12:04:05+00:00\" \/>\n<meta property=\"og:image\" content=\"https:\/\/revistaautobus.com.br\/wp-content\/uploads\/2024\/07\/20240710_a275cfd4e0144aa7841eb9fd26698034_mb-itupeva-105.jpg\" \/>\n\t<meta property=\"og:image:width\" content=\"1000\" \/>\n\t<meta property=\"og:image:height\" content=\"750\" \/>\n\t<meta property=\"og:image:type\" content=\"image\/jpeg\" \/>\n<meta name=\"author\" content=\"Antonio Ferro\" \/>\n<meta name=\"twitter:card\" content=\"summary_large_image\" \/>\n<meta name=\"twitter:label1\" content=\"Escrito por\" \/>\n\t<meta name=\"twitter:data1\" content=\"Antonio Ferro\" \/>\n\t<meta name=\"twitter:label2\" content=\"Est. tempo de leitura\" \/>\n\t<meta name=\"twitter:data2\" content=\"2 minutos\" \/>\n<script type=\"application\/ld+json\" class=\"yoast-schema-graph\">{\"@context\":\"https:\/\/schema.org\",\"@graph\":[{\"@type\":\"Article\",\"@id\":\"https:\/\/revistaautobus.com.br\/?p=12516#article\",\"isPartOf\":{\"@id\":\"https:\/\/revistaautobus.com.br\/?p=12516\"},\"author\":{\"name\":\"Antonio Ferro\",\"@id\":\"https:\/\/revistaautobus.com.br\/#\/schema\/person\/54af7c3eb83a310e42ef686ef6d16f50\"},\"headline\":\"Clientes n\u00e3o podem ficar sem pe\u00e7as\",\"datePublished\":\"2024-07-15T12:04:05+00:00\",\"mainEntityOfPage\":{\"@id\":\"https:\/\/revistaautobus.com.br\/?p=12516\"},\"wordCount\":490,\"commentCount\":0,\"publisher\":{\"@id\":\"https:\/\/revistaautobus.com.br\/#organization\"},\"image\":{\"@id\":\"https:\/\/revistaautobus.com.br\/?p=12516#primaryimage\"},\"thumbnailUrl\":\"https:\/\/revistaautobus.com.br\/wp-content\/uploads\/2024\/07\/20240710_a275cfd4e0144aa7841eb9fd26698034_mb-itupeva-105.jpg\",\"keywords\":[\"mercedes-benz\"],\"articleSection\":[\"Montadoras\"],\"inLanguage\":\"pt-BR\",\"potentialAction\":[{\"@type\":\"CommentAction\",\"name\":\"Comment\",\"target\":[\"https:\/\/revistaautobus.com.br\/?p=12516#respond\"]}]},{\"@type\":\"WebPage\",\"@id\":\"https:\/\/revistaautobus.com.br\/?p=12516\",\"url\":\"https:\/\/revistaautobus.com.br\/?p=12516\",\"name\":\"Clientes n\u00e3o podem ficar sem pe\u00e7as - Revista AutoBus\",\"isPartOf\":{\"@id\":\"https:\/\/revistaautobus.com.br\/#website\"},\"primaryImageOfPage\":{\"@id\":\"https:\/\/revistaautobus.com.br\/?p=12516#primaryimage\"},\"image\":{\"@id\":\"https:\/\/revistaautobus.com.br\/?p=12516#primaryimage\"},\"thumbnailUrl\":\"https:\/\/revistaautobus.com.br\/wp-content\/uploads\/2024\/07\/20240710_a275cfd4e0144aa7841eb9fd26698034_mb-itupeva-105.jpg\",\"datePublished\":\"2024-07-15T12:04:05+00:00\",\"breadcrumb\":{\"@id\":\"https:\/\/revistaautobus.com.br\/?p=12516#breadcrumb\"},\"inLanguage\":\"pt-BR\",\"potentialAction\":[{\"@type\":\"ReadAction\",\"target\":[\"https:\/\/revistaautobus.com.br\/?p=12516\"]}]},{\"@type\":\"ImageObject\",\"inLanguage\":\"pt-BR\",\"@id\":\"https:\/\/revistaautobus.com.br\/?p=12516#primaryimage\",\"url\":\"https:\/\/revistaautobus.com.br\/wp-content\/uploads\/2024\/07\/20240710_a275cfd4e0144aa7841eb9fd26698034_mb-itupeva-105.jpg\",\"contentUrl\":\"https:\/\/revistaautobus.com.br\/wp-content\/uploads\/2024\/07\/20240710_a275cfd4e0144aa7841eb9fd26698034_mb-itupeva-105.jpg\",\"width\":1000,\"height\":750,\"caption\":\"DCIM100MEDIADJI_0117.JPG\"},{\"@type\":\"BreadcrumbList\",\"@id\":\"https:\/\/revistaautobus.com.br\/?p=12516#breadcrumb\",\"itemListElement\":[{\"@type\":\"ListItem\",\"position\":1,\"name\":\"In\u00edcio\",\"item\":\"https:\/\/revistaautobus.com.br\/\"},{\"@type\":\"ListItem\",\"position\":2,\"name\":\"Clientes n\u00e3o podem ficar sem pe\u00e7as\"}]},{\"@type\":\"WebSite\",\"@id\":\"https:\/\/revistaautobus.com.br\/#website\",\"url\":\"https:\/\/revistaautobus.com.br\/\",\"name\":\"Revista AutoBus\",\"description\":\"\",\"publisher\":{\"@id\":\"https:\/\/revistaautobus.com.br\/#organization\"},\"potentialAction\":[{\"@type\":\"SearchAction\",\"target\":{\"@type\":\"EntryPoint\",\"urlTemplate\":\"https:\/\/revistaautobus.com.br\/?s={search_term_string}\"},\"query-input\":{\"@type\":\"PropertyValueSpecification\",\"valueRequired\":true,\"valueName\":\"search_term_string\"}}],\"inLanguage\":\"pt-BR\"},{\"@type\":\"Organization\",\"@id\":\"https:\/\/revistaautobus.com.br\/#organization\",\"name\":\"Revista AutoBus\",\"url\":\"https:\/\/revistaautobus.com.br\/\",\"logo\":{\"@type\":\"ImageObject\",\"inLanguage\":\"pt-BR\",\"@id\":\"https:\/\/revistaautobus.com.br\/#\/schema\/logo\/image\/\",\"url\":\"https:\/\/revistaautobus.com.br\/wp-content\/uploads\/2024\/11\/logo_revista_autobus_fb.png\",\"contentUrl\":\"https:\/\/revistaautobus.com.br\/wp-content\/uploads\/2024\/11\/logo_revista_autobus_fb.png\",\"width\":836,\"height\":227,\"caption\":\"Revista AutoBus\"},\"image\":{\"@id\":\"https:\/\/revistaautobus.com.br\/#\/schema\/logo\/image\/\"},\"sameAs\":[\"https:\/\/www.facebook.com\/antonio.ferro.3150\",\"https:\/\/www.instagram.com\/revistaautobus\/\"]},{\"@type\":\"Person\",\"@id\":\"https:\/\/revistaautobus.com.br\/#\/schema\/person\/54af7c3eb83a310e42ef686ef6d16f50\",\"name\":\"Antonio Ferro\",\"image\":{\"@type\":\"ImageObject\",\"inLanguage\":\"pt-BR\",\"@id\":\"https:\/\/revistaautobus.com.br\/wp-content\/uploads\/2025\/12\/editor_antonio_ferro-150x150.jpg\",\"url\":\"https:\/\/revistaautobus.com.br\/wp-content\/uploads\/2025\/12\/editor_antonio_ferro-150x150.jpg\",\"contentUrl\":\"https:\/\/revistaautobus.com.br\/wp-content\/uploads\/2025\/12\/editor_antonio_ferro-150x150.jpg\",\"caption\":\"Antonio Ferro\"},\"description\":\"infobus@uol.com.br\",\"url\":\"https:\/\/revistaautobus.com.br\/?author=2\"}]}<\/script>\n<!-- \/ Yoast SEO plugin. -->","yoast_head_json":{"title":"Clientes n\u00e3o podem ficar sem pe\u00e7as - Revista AutoBus","robots":{"index":"index","follow":"follow","max-snippet":"max-snippet:-1","max-image-preview":"max-image-preview:large","max-video-preview":"max-video-preview:-1"},"canonical":"https:\/\/revistaautobus.com.br\/?p=12516","og_locale":"pt_BR","og_type":"article","og_title":"Clientes n\u00e3o podem ficar sem pe\u00e7as - Revista AutoBus","og_description":"Ao apresentar nova \u00e1rea de seu centro log\u00edstico, a Mercedes-Benz tem a disposi\u00e7\u00e3o cerca de 8.000.000 de pe\u00e7as em estoque e 1,5 milh\u00e3o de pe\u00e7as que s\u00e3o distribu\u00eddas por m\u00eas para o mercado interno e para mais de 50 pa\u00edses","og_url":"https:\/\/revistaautobus.com.br\/?p=12516","og_site_name":"Revista AutoBus","article_publisher":"https:\/\/www.facebook.com\/antonio.ferro.3150","article_published_time":"2024-07-15T12:04:05+00:00","og_image":[{"width":1000,"height":750,"url":"https:\/\/revistaautobus.com.br\/wp-content\/uploads\/2024\/07\/20240710_a275cfd4e0144aa7841eb9fd26698034_mb-itupeva-105.jpg","type":"image\/jpeg"}],"author":"Antonio Ferro","twitter_card":"summary_large_image","twitter_misc":{"Escrito por":"Antonio Ferro","Est. tempo de leitura":"2 minutos"},"schema":{"@context":"https:\/\/schema.org","@graph":[{"@type":"Article","@id":"https:\/\/revistaautobus.com.br\/?p=12516#article","isPartOf":{"@id":"https:\/\/revistaautobus.com.br\/?p=12516"},"author":{"name":"Antonio Ferro","@id":"https:\/\/revistaautobus.com.br\/#\/schema\/person\/54af7c3eb83a310e42ef686ef6d16f50"},"headline":"Clientes n\u00e3o podem ficar sem pe\u00e7as","datePublished":"2024-07-15T12:04:05+00:00","mainEntityOfPage":{"@id":"https:\/\/revistaautobus.com.br\/?p=12516"},"wordCount":490,"commentCount":0,"publisher":{"@id":"https:\/\/revistaautobus.com.br\/#organization"},"image":{"@id":"https:\/\/revistaautobus.com.br\/?p=12516#primaryimage"},"thumbnailUrl":"https:\/\/revistaautobus.com.br\/wp-content\/uploads\/2024\/07\/20240710_a275cfd4e0144aa7841eb9fd26698034_mb-itupeva-105.jpg","keywords":["mercedes-benz"],"articleSection":["Montadoras"],"inLanguage":"pt-BR","potentialAction":[{"@type":"CommentAction","name":"Comment","target":["https:\/\/revistaautobus.com.br\/?p=12516#respond"]}]},{"@type":"WebPage","@id":"https:\/\/revistaautobus.com.br\/?p=12516","url":"https:\/\/revistaautobus.com.br\/?p=12516","name":"Clientes n\u00e3o podem ficar sem pe\u00e7as - Revista AutoBus","isPartOf":{"@id":"https:\/\/revistaautobus.com.br\/#website"},"primaryImageOfPage":{"@id":"https:\/\/revistaautobus.com.br\/?p=12516#primaryimage"},"image":{"@id":"https:\/\/revistaautobus.com.br\/?p=12516#primaryimage"},"thumbnailUrl":"https:\/\/revistaautobus.com.br\/wp-content\/uploads\/2024\/07\/20240710_a275cfd4e0144aa7841eb9fd26698034_mb-itupeva-105.jpg","datePublished":"2024-07-15T12:04:05+00:00","breadcrumb":{"@id":"https:\/\/revistaautobus.com.br\/?p=12516#breadcrumb"},"inLanguage":"pt-BR","potentialAction":[{"@type":"ReadAction","target":["https:\/\/revistaautobus.com.br\/?p=12516"]}]},{"@type":"ImageObject","inLanguage":"pt-BR","@id":"https:\/\/revistaautobus.com.br\/?p=12516#primaryimage","url":"https:\/\/revistaautobus.com.br\/wp-content\/uploads\/2024\/07\/20240710_a275cfd4e0144aa7841eb9fd26698034_mb-itupeva-105.jpg","contentUrl":"https:\/\/revistaautobus.com.br\/wp-content\/uploads\/2024\/07\/20240710_a275cfd4e0144aa7841eb9fd26698034_mb-itupeva-105.jpg","width":1000,"height":750,"caption":"DCIM100MEDIADJI_0117.JPG"},{"@type":"BreadcrumbList","@id":"https:\/\/revistaautobus.com.br\/?p=12516#breadcrumb","itemListElement":[{"@type":"ListItem","position":1,"name":"In\u00edcio","item":"https:\/\/revistaautobus.com.br\/"},{"@type":"ListItem","position":2,"name":"Clientes n\u00e3o podem ficar sem pe\u00e7as"}]},{"@type":"WebSite","@id":"https:\/\/revistaautobus.com.br\/#website","url":"https:\/\/revistaautobus.com.br\/","name":"Revista AutoBus","description":"","publisher":{"@id":"https:\/\/revistaautobus.com.br\/#organization"},"potentialAction":[{"@type":"SearchAction","target":{"@type":"EntryPoint","urlTemplate":"https:\/\/revistaautobus.com.br\/?s={search_term_string}"},"query-input":{"@type":"PropertyValueSpecification","valueRequired":true,"valueName":"search_term_string"}}],"inLanguage":"pt-BR"},{"@type":"Organization","@id":"https:\/\/revistaautobus.com.br\/#organization","name":"Revista AutoBus","url":"https:\/\/revistaautobus.com.br\/","logo":{"@type":"ImageObject","inLanguage":"pt-BR","@id":"https:\/\/revistaautobus.com.br\/#\/schema\/logo\/image\/","url":"https:\/\/revistaautobus.com.br\/wp-content\/uploads\/2024\/11\/logo_revista_autobus_fb.png","contentUrl":"https:\/\/revistaautobus.com.br\/wp-content\/uploads\/2024\/11\/logo_revista_autobus_fb.png","width":836,"height":227,"caption":"Revista AutoBus"},"image":{"@id":"https:\/\/revistaautobus.com.br\/#\/schema\/logo\/image\/"},"sameAs":["https:\/\/www.facebook.com\/antonio.ferro.3150","https:\/\/www.instagram.com\/revistaautobus\/"]},{"@type":"Person","@id":"https:\/\/revistaautobus.com.br\/#\/schema\/person\/54af7c3eb83a310e42ef686ef6d16f50","name":"Antonio Ferro","image":{"@type":"ImageObject","inLanguage":"pt-BR","@id":"https:\/\/revistaautobus.com.br\/wp-content\/uploads\/2025\/12\/editor_antonio_ferro-150x150.jpg","url":"https:\/\/revistaautobus.com.br\/wp-content\/uploads\/2025\/12\/editor_antonio_ferro-150x150.jpg","contentUrl":"https:\/\/revistaautobus.com.br\/wp-content\/uploads\/2025\/12\/editor_antonio_ferro-150x150.jpg","caption":"Antonio Ferro"},"description":"infobus@uol.com.br","url":"https:\/\/revistaautobus.com.br\/?author=2"}]}},"jetpack_featured_media_url":"https:\/\/revistaautobus.com.br\/wp-content\/uploads\/2024\/07\/20240710_a275cfd4e0144aa7841eb9fd26698034_mb-itupeva-105.jpg","jetpack_sharing_enabled":true,"_links":{"self":[{"href":"https:\/\/revistaautobus.com.br\/index.php?rest_route=\/wp\/v2\/posts\/12516","targetHints":{"allow":["GET"]}}],"collection":[{"href":"https:\/\/revistaautobus.com.br\/index.php?rest_route=\/wp\/v2\/posts"}],"about":[{"href":"https:\/\/revistaautobus.com.br\/index.php?rest_route=\/wp\/v2\/types\/post"}],"author":[{"embeddable":true,"href":"https:\/\/revistaautobus.com.br\/index.php?rest_route=\/wp\/v2\/users\/2"}],"replies":[{"embeddable":true,"href":"https:\/\/revistaautobus.com.br\/index.php?rest_route=%2Fwp%2Fv2%2Fcomments&post=12516"}],"version-history":[{"count":2,"href":"https:\/\/revistaautobus.com.br\/index.php?rest_route=\/wp\/v2\/posts\/12516\/revisions"}],"predecessor-version":[{"id":12520,"href":"https:\/\/revistaautobus.com.br\/index.php?rest_route=\/wp\/v2\/posts\/12516\/revisions\/12520"}],"wp:featuredmedia":[{"embeddable":true,"href":"https:\/\/revistaautobus.com.br\/index.php?rest_route=\/wp\/v2\/media\/12517"}],"wp:attachment":[{"href":"https:\/\/revistaautobus.com.br\/index.php?rest_route=%2Fwp%2Fv2%2Fmedia&parent=12516"}],"wp:term":[{"taxonomy":"category","embeddable":true,"href":"https:\/\/revistaautobus.com.br\/index.php?rest_route=%2Fwp%2Fv2%2Fcategories&post=12516"},{"taxonomy":"post_tag","embeddable":true,"href":"https:\/\/revistaautobus.com.br\/index.php?rest_route=%2Fwp%2Fv2%2Ftags&post=12516"}],"curies":[{"name":"wp","href":"https:\/\/api.w.org\/{rel}","templated":true}]}}