{"id":12523,"date":"2024-07-15T10:16:34","date_gmt":"2024-07-15T13:16:34","guid":{"rendered":"https:\/\/revistaautobus.com.br\/?p=12523"},"modified":"2024-07-15T10:16:34","modified_gmt":"2024-07-15T13:16:34","slug":"rapido-brasil-e-ultra-com-novos-onibus-busscar","status":"publish","type":"post","link":"https:\/\/revistaautobus.com.br\/?p=12523","title":{"rendered":"R\u00e1pido Brasil e Ultra com novos \u00f4nibus Busscar"},"content":{"rendered":"<p>Desde h\u00e1 muitos anos operando no transporte de passageiros entre a cidade de S\u00e3o Paulo e a regi\u00e3o da Baixada Santista, as empresas R\u00e1pido Brasil e Ultra est\u00e3o renovando suas respectivas frotas com a chegada de novos \u00f4nibus rodovi\u00e1rios com carro\u00e7arias Vissta Buss 3.45 e 3.65, da fabricante catarinense, Busscar, ambos os modelos da fam\u00edlia NB1.<\/p>\n<p>Os ve\u00edculos, todos com chassis Mercedes-Benz O500 R e O500 RS (com transmiss\u00e3o automatizada), t\u00eam 46 poltronas Class Superpullman revestidas em viscoel\u00e1stico (equipadas com tomadas USB), al\u00e9m de sanit\u00e1rio e ar-condicionado, no caso dos \u00f4nibus da R\u00e1pido Brasil (13,20 metros de comprimento), e 46 poltronas Class Leito Turismo revestidas em viscoel\u00e1stico instaladas nas carro\u00e7arias da Ultra (14 metros de comprimento).<\/p>\n<p>Um detalhe nos novos \u00f4nibus da R\u00e1pido Brasil refere-se \u00e0 sua nova pintura, adotada j\u00e1 com os ve\u00edculos que est\u00e3o chegando. A ideia lan\u00e7ada levou em considera\u00e7\u00e3o uma atualiza\u00e7\u00e3o em conceitos, numa pintura que estava desatualizada, pois tinha 58 anos de hist\u00f3ria, e que necessitava passar por sua moderniza\u00e7\u00e3o, mantendo-se as cores usuais que acompanham os seus \u00f4nibus h\u00e1 muito tempo. (cria\u00e7\u00e3o do designer Jorge Andrade)<\/p>\n<p>M\u00e1rio Albuquerque, diretor de ambas as empresas, destacou que a nova identidade visual foi uma proposta sua, nestes quatro anos dedicados na gest\u00e3o das transportadoras, citando-a como uma homenagem marcante nesse per\u00edodo em tempos de evolu\u00e7\u00e3o do conceito e da pr\u00f3pria administra\u00e7\u00e3o. Ali\u00e1s, o executivo, tamb\u00e9m, participou do desenvolvimento do novo <em>design<\/em> da Ultra e UltraTour.<\/p>\n<p>A Busscar destaca sua nova linha de modelos rodovi\u00e1rios, lan\u00e7ada em maio de 2023, com o melhor em tecnologia, seguran\u00e7a e qualidade, alinhados com um desenho \u00fanico, que envolve um <em>design<\/em> aerodin\u00e2mico e linhas harm\u00f4nicas, dando a sensa\u00e7\u00e3o de que o carro est\u00e1 sempre em movimento.<\/p>\n<p><img loading=\"lazy\" decoding=\"async\" class=\"alignnone wp-image-12525 \" src=\"https:\/\/revistaautobus.com.br\/wp-content\/uploads\/2024\/07\/DSC_0153-1024x682.jpg\" alt=\"\" width=\"1024\" height=\"682\" srcset=\"https:\/\/revistaautobus.com.br\/wp-content\/uploads\/2024\/07\/DSC_0153-1024x682.jpg 1024w, https:\/\/revistaautobus.com.br\/wp-content\/uploads\/2024\/07\/DSC_0153-300x200.jpg 300w, https:\/\/revistaautobus.com.br\/wp-content\/uploads\/2024\/07\/DSC_0153-768x512.jpg 768w, https:\/\/revistaautobus.com.br\/wp-content\/uploads\/2024\/07\/DSC_0153-1536x1024.jpg 1536w, https:\/\/revistaautobus.com.br\/wp-content\/uploads\/2024\/07\/DSC_0153-1080x720.jpg 1080w, https:\/\/revistaautobus.com.br\/wp-content\/uploads\/2024\/07\/DSC_0153.jpg 2000w\" sizes=\"(max-width: 1024px) 100vw, 1024px\" \/><\/p>\n<p><img loading=\"lazy\" decoding=\"async\" class=\"alignnone wp-image-12526 size-large\" src=\"https:\/\/revistaautobus.com.br\/wp-content\/uploads\/2024\/07\/DSC_0173-1024x682.jpg\" alt=\"\" width=\"1024\" height=\"682\" srcset=\"https:\/\/revistaautobus.com.br\/wp-content\/uploads\/2024\/07\/DSC_0173-1024x682.jpg 1024w, https:\/\/revistaautobus.com.br\/wp-content\/uploads\/2024\/07\/DSC_0173-300x200.jpg 300w, https:\/\/revistaautobus.com.br\/wp-content\/uploads\/2024\/07\/DSC_0173-768x512.jpg 768w, https:\/\/revistaautobus.com.br\/wp-content\/uploads\/2024\/07\/DSC_0173-1536x1024.jpg 1536w, https:\/\/revistaautobus.com.br\/wp-content\/uploads\/2024\/07\/DSC_0173-1080x720.jpg 1080w, https:\/\/revistaautobus.com.br\/wp-content\/uploads\/2024\/07\/DSC_0173.jpg 2000w\" sizes=\"(max-width: 1024px) 100vw, 1024px\" \/><\/p>\n<p>A fabricante de Joinville, SC, tamb\u00e9m, ressalta os diferenciais dos ve\u00edculos, como o conjunto \u00f3ptico de ilumina\u00e7\u00e3o dianteira e far\u00f3is em Full LED, a ilumina\u00e7\u00e3o lateral e o retrovisor com desenho aerodin\u00e2mico e de maior visibilidade.<\/p>\n<p>Segundo a marca, a fam\u00edlia NB1 pode promover um excelente custo-benef\u00edcio por conta do bagageiro mais amplo e do conjunto \u00f3ptico de ilumina\u00e7\u00e3o modular individualizadas, que facilita a manuten\u00e7\u00e3o e reposi\u00e7\u00e3o, sem necessidade de trocar o conjunto todo. Al\u00e9m disso, ela apresenta um CX de 0,38, podendo chegar a 0,36, dependendo dos opcionais da carro\u00e7aria, e for\u00e7a de arrasto de 4,2%, que pode representar uma economia significativa no consumo de combust\u00edvel, pneus e componentes de opera\u00e7\u00e3o.<\/p>\n<p>Imagens &#8211; Divulga\u00e7\u00e3o<\/p>\n","protected":false},"excerpt":{"rendered":"<p>Ao todo s\u00e3o sete ve\u00edculos para a moderniza\u00e7\u00e3o dos servi\u00e7os prestados entre a capital paulista e o litoral santista<\/p>\n","protected":false},"author":2,"featured_media":12524,"comment_status":"open","ping_status":"open","sticky":false,"template":"","format":"standard","meta":{"_et_pb_use_builder":"","_et_pb_old_content":"","_et_gb_content_width":"","_jetpack_memberships_contains_paid_content":false,"footnotes":""},"categories":[55,80],"tags":[56,444,445],"class_list":["post-12523","post","type-post","status-publish","format-standard","has-post-thumbnail","hentry","category-encarrocadora","category-transporte-rodoviario","tag-busscar","tag-rapido-brasil","tag-ultra","et-has-post-format-content","et_post_format-et-post-format-standard"],"yoast_head":"<!-- This site is optimized with the Yoast SEO plugin v27.2 - https:\/\/yoast.com\/product\/yoast-seo-wordpress\/ -->\n<title>R\u00e1pido Brasil e Ultra com novos \u00f4nibus Busscar - Revista AutoBus<\/title>\n<meta name=\"robots\" content=\"index, follow, max-snippet:-1, max-image-preview:large, max-video-preview:-1\" \/>\n<link rel=\"canonical\" href=\"https:\/\/revistaautobus.com.br\/?p=12523\" \/>\n<meta property=\"og:locale\" content=\"pt_BR\" \/>\n<meta property=\"og:type\" content=\"article\" \/>\n<meta property=\"og:title\" content=\"R\u00e1pido Brasil e Ultra com novos \u00f4nibus Busscar - Revista AutoBus\" \/>\n<meta property=\"og:description\" content=\"Ao todo s\u00e3o sete ve\u00edculos para a moderniza\u00e7\u00e3o dos servi\u00e7os prestados entre a capital paulista e o litoral santista\" \/>\n<meta property=\"og:url\" content=\"https:\/\/revistaautobus.com.br\/?p=12523\" \/>\n<meta property=\"og:site_name\" content=\"Revista AutoBus\" \/>\n<meta property=\"article:publisher\" content=\"https:\/\/www.facebook.com\/antonio.ferro.3150\" \/>\n<meta property=\"article:published_time\" content=\"2024-07-15T13:16:34+00:00\" \/>\n<meta property=\"og:image\" content=\"https:\/\/revistaautobus.com.br\/wp-content\/uploads\/2024\/07\/DSC_0168.jpg\" \/>\n\t<meta property=\"og:image:width\" content=\"2000\" \/>\n\t<meta property=\"og:image:height\" content=\"1333\" \/>\n\t<meta property=\"og:image:type\" content=\"image\/jpeg\" \/>\n<meta name=\"author\" content=\"Antonio Ferro\" \/>\n<meta name=\"twitter:card\" content=\"summary_large_image\" \/>\n<meta name=\"twitter:label1\" content=\"Escrito por\" \/>\n\t<meta name=\"twitter:data1\" content=\"Antonio Ferro\" \/>\n\t<meta name=\"twitter:label2\" content=\"Est. tempo de leitura\" \/>\n\t<meta name=\"twitter:data2\" content=\"2 minutos\" \/>\n<script type=\"application\/ld+json\" class=\"yoast-schema-graph\">{\"@context\":\"https:\/\/schema.org\",\"@graph\":[{\"@type\":\"Article\",\"@id\":\"https:\/\/revistaautobus.com.br\/?p=12523#article\",\"isPartOf\":{\"@id\":\"https:\/\/revistaautobus.com.br\/?p=12523\"},\"author\":{\"name\":\"Antonio Ferro\",\"@id\":\"https:\/\/revistaautobus.com.br\/#\/schema\/person\/54af7c3eb83a310e42ef686ef6d16f50\"},\"headline\":\"R\u00e1pido Brasil e Ultra com novos \u00f4nibus Busscar\",\"datePublished\":\"2024-07-15T13:16:34+00:00\",\"mainEntityOfPage\":{\"@id\":\"https:\/\/revistaautobus.com.br\/?p=12523\"},\"wordCount\":452,\"commentCount\":0,\"publisher\":{\"@id\":\"https:\/\/revistaautobus.com.br\/#organization\"},\"image\":{\"@id\":\"https:\/\/revistaautobus.com.br\/?p=12523#primaryimage\"},\"thumbnailUrl\":\"https:\/\/revistaautobus.com.br\/wp-content\/uploads\/2024\/07\/DSC_0168.jpg\",\"keywords\":[\"Busscar\",\"R\u00e1pido Brasil\",\"Ultra\"],\"articleSection\":[\"Encarro\u00e7adora\",\"Transporte rodovi\u00e1rio\"],\"inLanguage\":\"pt-BR\",\"potentialAction\":[{\"@type\":\"CommentAction\",\"name\":\"Comment\",\"target\":[\"https:\/\/revistaautobus.com.br\/?p=12523#respond\"]}]},{\"@type\":\"WebPage\",\"@id\":\"https:\/\/revistaautobus.com.br\/?p=12523\",\"url\":\"https:\/\/revistaautobus.com.br\/?p=12523\",\"name\":\"R\u00e1pido Brasil e Ultra com novos \u00f4nibus Busscar - Revista AutoBus\",\"isPartOf\":{\"@id\":\"https:\/\/revistaautobus.com.br\/#website\"},\"primaryImageOfPage\":{\"@id\":\"https:\/\/revistaautobus.com.br\/?p=12523#primaryimage\"},\"image\":{\"@id\":\"https:\/\/revistaautobus.com.br\/?p=12523#primaryimage\"},\"thumbnailUrl\":\"https:\/\/revistaautobus.com.br\/wp-content\/uploads\/2024\/07\/DSC_0168.jpg\",\"datePublished\":\"2024-07-15T13:16:34+00:00\",\"breadcrumb\":{\"@id\":\"https:\/\/revistaautobus.com.br\/?p=12523#breadcrumb\"},\"inLanguage\":\"pt-BR\",\"potentialAction\":[{\"@type\":\"ReadAction\",\"target\":[\"https:\/\/revistaautobus.com.br\/?p=12523\"]}]},{\"@type\":\"ImageObject\",\"inLanguage\":\"pt-BR\",\"@id\":\"https:\/\/revistaautobus.com.br\/?p=12523#primaryimage\",\"url\":\"https:\/\/revistaautobus.com.br\/wp-content\/uploads\/2024\/07\/DSC_0168.jpg\",\"contentUrl\":\"https:\/\/revistaautobus.com.br\/wp-content\/uploads\/2024\/07\/DSC_0168.jpg\",\"width\":2000,\"height\":1333},{\"@type\":\"BreadcrumbList\",\"@id\":\"https:\/\/revistaautobus.com.br\/?p=12523#breadcrumb\",\"itemListElement\":[{\"@type\":\"ListItem\",\"position\":1,\"name\":\"In\u00edcio\",\"item\":\"https:\/\/revistaautobus.com.br\/\"},{\"@type\":\"ListItem\",\"position\":2,\"name\":\"R\u00e1pido Brasil e Ultra com novos \u00f4nibus Busscar\"}]},{\"@type\":\"WebSite\",\"@id\":\"https:\/\/revistaautobus.com.br\/#website\",\"url\":\"https:\/\/revistaautobus.com.br\/\",\"name\":\"Revista AutoBus\",\"description\":\"\",\"publisher\":{\"@id\":\"https:\/\/revistaautobus.com.br\/#organization\"},\"potentialAction\":[{\"@type\":\"SearchAction\",\"target\":{\"@type\":\"EntryPoint\",\"urlTemplate\":\"https:\/\/revistaautobus.com.br\/?s={search_term_string}\"},\"query-input\":{\"@type\":\"PropertyValueSpecification\",\"valueRequired\":true,\"valueName\":\"search_term_string\"}}],\"inLanguage\":\"pt-BR\"},{\"@type\":\"Organization\",\"@id\":\"https:\/\/revistaautobus.com.br\/#organization\",\"name\":\"Revista AutoBus\",\"url\":\"https:\/\/revistaautobus.com.br\/\",\"logo\":{\"@type\":\"ImageObject\",\"inLanguage\":\"pt-BR\",\"@id\":\"https:\/\/revistaautobus.com.br\/#\/schema\/logo\/image\/\",\"url\":\"https:\/\/revistaautobus.com.br\/wp-content\/uploads\/2024\/11\/logo_revista_autobus_fb.png\",\"contentUrl\":\"https:\/\/revistaautobus.com.br\/wp-content\/uploads\/2024\/11\/logo_revista_autobus_fb.png\",\"width\":836,\"height\":227,\"caption\":\"Revista AutoBus\"},\"image\":{\"@id\":\"https:\/\/revistaautobus.com.br\/#\/schema\/logo\/image\/\"},\"sameAs\":[\"https:\/\/www.facebook.com\/antonio.ferro.3150\",\"https:\/\/www.instagram.com\/revistaautobus\/\"]},{\"@type\":\"Person\",\"@id\":\"https:\/\/revistaautobus.com.br\/#\/schema\/person\/54af7c3eb83a310e42ef686ef6d16f50\",\"name\":\"Antonio Ferro\",\"image\":{\"@type\":\"ImageObject\",\"inLanguage\":\"pt-BR\",\"@id\":\"https:\/\/revistaautobus.com.br\/wp-content\/uploads\/2025\/12\/editor_antonio_ferro-150x150.jpg\",\"url\":\"https:\/\/revistaautobus.com.br\/wp-content\/uploads\/2025\/12\/editor_antonio_ferro-150x150.jpg\",\"contentUrl\":\"https:\/\/revistaautobus.com.br\/wp-content\/uploads\/2025\/12\/editor_antonio_ferro-150x150.jpg\",\"caption\":\"Antonio Ferro\"},\"description\":\"infobus@uol.com.br\",\"url\":\"https:\/\/revistaautobus.com.br\/?author=2\"}]}<\/script>\n<!-- \/ Yoast SEO plugin. -->","yoast_head_json":{"title":"R\u00e1pido Brasil e Ultra com novos \u00f4nibus Busscar - Revista AutoBus","robots":{"index":"index","follow":"follow","max-snippet":"max-snippet:-1","max-image-preview":"max-image-preview:large","max-video-preview":"max-video-preview:-1"},"canonical":"https:\/\/revistaautobus.com.br\/?p=12523","og_locale":"pt_BR","og_type":"article","og_title":"R\u00e1pido Brasil e Ultra com novos \u00f4nibus Busscar - Revista AutoBus","og_description":"Ao todo s\u00e3o sete ve\u00edculos para a moderniza\u00e7\u00e3o dos servi\u00e7os prestados entre a capital paulista e o litoral santista","og_url":"https:\/\/revistaautobus.com.br\/?p=12523","og_site_name":"Revista AutoBus","article_publisher":"https:\/\/www.facebook.com\/antonio.ferro.3150","article_published_time":"2024-07-15T13:16:34+00:00","og_image":[{"width":2000,"height":1333,"url":"https:\/\/revistaautobus.com.br\/wp-content\/uploads\/2024\/07\/DSC_0168.jpg","type":"image\/jpeg"}],"author":"Antonio Ferro","twitter_card":"summary_large_image","twitter_misc":{"Escrito por":"Antonio Ferro","Est. tempo de leitura":"2 minutos"},"schema":{"@context":"https:\/\/schema.org","@graph":[{"@type":"Article","@id":"https:\/\/revistaautobus.com.br\/?p=12523#article","isPartOf":{"@id":"https:\/\/revistaautobus.com.br\/?p=12523"},"author":{"name":"Antonio Ferro","@id":"https:\/\/revistaautobus.com.br\/#\/schema\/person\/54af7c3eb83a310e42ef686ef6d16f50"},"headline":"R\u00e1pido Brasil e Ultra com novos \u00f4nibus Busscar","datePublished":"2024-07-15T13:16:34+00:00","mainEntityOfPage":{"@id":"https:\/\/revistaautobus.com.br\/?p=12523"},"wordCount":452,"commentCount":0,"publisher":{"@id":"https:\/\/revistaautobus.com.br\/#organization"},"image":{"@id":"https:\/\/revistaautobus.com.br\/?p=12523#primaryimage"},"thumbnailUrl":"https:\/\/revistaautobus.com.br\/wp-content\/uploads\/2024\/07\/DSC_0168.jpg","keywords":["Busscar","R\u00e1pido Brasil","Ultra"],"articleSection":["Encarro\u00e7adora","Transporte rodovi\u00e1rio"],"inLanguage":"pt-BR","potentialAction":[{"@type":"CommentAction","name":"Comment","target":["https:\/\/revistaautobus.com.br\/?p=12523#respond"]}]},{"@type":"WebPage","@id":"https:\/\/revistaautobus.com.br\/?p=12523","url":"https:\/\/revistaautobus.com.br\/?p=12523","name":"R\u00e1pido Brasil e Ultra com novos \u00f4nibus Busscar - Revista AutoBus","isPartOf":{"@id":"https:\/\/revistaautobus.com.br\/#website"},"primaryImageOfPage":{"@id":"https:\/\/revistaautobus.com.br\/?p=12523#primaryimage"},"image":{"@id":"https:\/\/revistaautobus.com.br\/?p=12523#primaryimage"},"thumbnailUrl":"https:\/\/revistaautobus.com.br\/wp-content\/uploads\/2024\/07\/DSC_0168.jpg","datePublished":"2024-07-15T13:16:34+00:00","breadcrumb":{"@id":"https:\/\/revistaautobus.com.br\/?p=12523#breadcrumb"},"inLanguage":"pt-BR","potentialAction":[{"@type":"ReadAction","target":["https:\/\/revistaautobus.com.br\/?p=12523"]}]},{"@type":"ImageObject","inLanguage":"pt-BR","@id":"https:\/\/revistaautobus.com.br\/?p=12523#primaryimage","url":"https:\/\/revistaautobus.com.br\/wp-content\/uploads\/2024\/07\/DSC_0168.jpg","contentUrl":"https:\/\/revistaautobus.com.br\/wp-content\/uploads\/2024\/07\/DSC_0168.jpg","width":2000,"height":1333},{"@type":"BreadcrumbList","@id":"https:\/\/revistaautobus.com.br\/?p=12523#breadcrumb","itemListElement":[{"@type":"ListItem","position":1,"name":"In\u00edcio","item":"https:\/\/revistaautobus.com.br\/"},{"@type":"ListItem","position":2,"name":"R\u00e1pido Brasil e Ultra com novos \u00f4nibus Busscar"}]},{"@type":"WebSite","@id":"https:\/\/revistaautobus.com.br\/#website","url":"https:\/\/revistaautobus.com.br\/","name":"Revista AutoBus","description":"","publisher":{"@id":"https:\/\/revistaautobus.com.br\/#organization"},"potentialAction":[{"@type":"SearchAction","target":{"@type":"EntryPoint","urlTemplate":"https:\/\/revistaautobus.com.br\/?s={search_term_string}"},"query-input":{"@type":"PropertyValueSpecification","valueRequired":true,"valueName":"search_term_string"}}],"inLanguage":"pt-BR"},{"@type":"Organization","@id":"https:\/\/revistaautobus.com.br\/#organization","name":"Revista AutoBus","url":"https:\/\/revistaautobus.com.br\/","logo":{"@type":"ImageObject","inLanguage":"pt-BR","@id":"https:\/\/revistaautobus.com.br\/#\/schema\/logo\/image\/","url":"https:\/\/revistaautobus.com.br\/wp-content\/uploads\/2024\/11\/logo_revista_autobus_fb.png","contentUrl":"https:\/\/revistaautobus.com.br\/wp-content\/uploads\/2024\/11\/logo_revista_autobus_fb.png","width":836,"height":227,"caption":"Revista AutoBus"},"image":{"@id":"https:\/\/revistaautobus.com.br\/#\/schema\/logo\/image\/"},"sameAs":["https:\/\/www.facebook.com\/antonio.ferro.3150","https:\/\/www.instagram.com\/revistaautobus\/"]},{"@type":"Person","@id":"https:\/\/revistaautobus.com.br\/#\/schema\/person\/54af7c3eb83a310e42ef686ef6d16f50","name":"Antonio Ferro","image":{"@type":"ImageObject","inLanguage":"pt-BR","@id":"https:\/\/revistaautobus.com.br\/wp-content\/uploads\/2025\/12\/editor_antonio_ferro-150x150.jpg","url":"https:\/\/revistaautobus.com.br\/wp-content\/uploads\/2025\/12\/editor_antonio_ferro-150x150.jpg","contentUrl":"https:\/\/revistaautobus.com.br\/wp-content\/uploads\/2025\/12\/editor_antonio_ferro-150x150.jpg","caption":"Antonio Ferro"},"description":"infobus@uol.com.br","url":"https:\/\/revistaautobus.com.br\/?author=2"}]}},"jetpack_featured_media_url":"https:\/\/revistaautobus.com.br\/wp-content\/uploads\/2024\/07\/DSC_0168.jpg","jetpack_sharing_enabled":true,"_links":{"self":[{"href":"https:\/\/revistaautobus.com.br\/index.php?rest_route=\/wp\/v2\/posts\/12523","targetHints":{"allow":["GET"]}}],"collection":[{"href":"https:\/\/revistaautobus.com.br\/index.php?rest_route=\/wp\/v2\/posts"}],"about":[{"href":"https:\/\/revistaautobus.com.br\/index.php?rest_route=\/wp\/v2\/types\/post"}],"author":[{"embeddable":true,"href":"https:\/\/revistaautobus.com.br\/index.php?rest_route=\/wp\/v2\/users\/2"}],"replies":[{"embeddable":true,"href":"https:\/\/revistaautobus.com.br\/index.php?rest_route=%2Fwp%2Fv2%2Fcomments&post=12523"}],"version-history":[{"count":3,"href":"https:\/\/revistaautobus.com.br\/index.php?rest_route=\/wp\/v2\/posts\/12523\/revisions"}],"predecessor-version":[{"id":12529,"href":"https:\/\/revistaautobus.com.br\/index.php?rest_route=\/wp\/v2\/posts\/12523\/revisions\/12529"}],"wp:featuredmedia":[{"embeddable":true,"href":"https:\/\/revistaautobus.com.br\/index.php?rest_route=\/wp\/v2\/media\/12524"}],"wp:attachment":[{"href":"https:\/\/revistaautobus.com.br\/index.php?rest_route=%2Fwp%2Fv2%2Fmedia&parent=12523"}],"wp:term":[{"taxonomy":"category","embeddable":true,"href":"https:\/\/revistaautobus.com.br\/index.php?rest_route=%2Fwp%2Fv2%2Fcategories&post=12523"},{"taxonomy":"post_tag","embeddable":true,"href":"https:\/\/revistaautobus.com.br\/index.php?rest_route=%2Fwp%2Fv2%2Ftags&post=12523"}],"curies":[{"name":"wp","href":"https:\/\/api.w.org\/{rel}","templated":true}]}}